{"id":24545,"date":"2024-10-29T10:22:17","date_gmt":"2024-10-29T15:22:17","guid":{"rendered":"https:\/\/ciudadyregion.com.co\/?p=24545"},"modified":"2024-10-29T10:22:17","modified_gmt":"2024-10-29T15:22:17","slug":"el-tolima-fortalece-la-gestion-de-incendios-forestales-con-primer-seminario-internacional-en-ibague","status":"publish","type":"post","link":"https:\/\/ciudadyregion.com.co\/index.php\/el-tolima-fortalece-la-gestion-de-incendios-forestales-con-primer-seminario-internacional-en-ibague\/regional\/","title":{"rendered":"El Tolima fortalece la gesti\u00f3n de incendios forestales con primer Seminario Internacional en Ibagu\u00e9"},"content":{"rendered":"<p>Ibagu\u00e9 se convierte en el epicentro de una importante capacitaci\u00f3n en la gesti\u00f3n de incendios forestales, donde expertos de Colombia, M\u00e9xico, Ecuador, Espa\u00f1a y Bolivia compartir\u00e1n sus conocimientos y experiencias para mejorar la prevenci\u00f3n y la respuesta ante estos eventos en el pa\u00eds y en Latinoam\u00e9rica.<\/p>\n<p>La Secretar\u00eda de Ambiente y Gesti\u00f3n del Riesgo del Tolima, organiza este Primer Seminario Internacional de Gesti\u00f3n de Grandes Incendios Forestales junto con la Unidad Nacional para la Gesti\u00f3n del Riesgo de Desastres (UNGRD), la Direcci\u00f3n Nacional de Bomberos de Colombia (DNBC) y Amazon\u00eda+.<\/p>\n<p>Andrea Mayorqu\u00edn, directora de Gesti\u00f3n del Riesgo del Tolima, se\u00f1al\u00f3 que el seminario responde a la necesidad de mejorar la administraci\u00f3n de los incendios forestales, en especial luego de enfrentar picos altos de incendios en el departamento en los meses de agosto y septiembre.<\/p>\n<blockquote><p>\u201cVimos que tenemos acciones por mejorar en la parte de administrar el incendio forestal. Sabemos apagar incendios, pero debemos de fortalecernos m\u00e1s en el tema de c\u00f3mo se debe hacer y c\u00f3mo yo desde mi Puesto de Mando Unificado puedo coordinar a todos los que est\u00e1n apagando el incendio forestal, y eso es lo que nosotros queremos que, como tolimenses, los bomberos espec\u00edficamente tengan ese fortalecimiento muy importante y es en la administraci\u00f3n de controlar un incendio forestal\u201d, explic\u00f3 Mayorqu\u00edn.<\/p><\/blockquote>\n<p>Durante el seminario, m\u00e1s de 47 comandantes de bomberos, tanto oficiales como voluntarios del Tolima, junto con coordinadores de gesti\u00f3n del riesgo y representantes del Sistema Nacional de Gesti\u00f3n del Riesgo de Desastres, participan en charlas magistrales, talleres pr\u00e1cticos y simulaciones.<\/p>\n<p>Este intercambio permite el aprendizaje directo con panelistas de Espa\u00f1a, M\u00e9xico y Ecuador, quienes brindan estrategias adaptadas a sus realidades para la prevenci\u00f3n, control y recuperaci\u00f3n de \u00e1reas afectadas por incendios.<\/p>\n<blockquote><p>\u201cNos acompa\u00f1an comandantes de ciudades capitales de otras ciudades del pa\u00eds, coordinadores de gesti\u00f3n del riesgo del pa\u00eds y tambi\u00e9n el Sistema Nacional de Gesti\u00f3n del Riesgo y Departamental. Es decir, presencia de organismos de socorro aqu\u00ed aprendiendo de expertos nacionales e internacionales\u201d, a\u00f1adi\u00f3 Mayorqu\u00edn.<\/p><\/blockquote>\n<p>Laura Patricia Ponce Calder\u00f3n, representante del Colegio de la Frontera Sur de M\u00e9xico, destac\u00f3 la importancia de la biodiversidad de Colombia en este contexto, mencionando que \u201chay que proteger esa riqueza biocultural, pero a la vez tambi\u00e9n echar mano de todos esos recursos que enriquecen, que dan esta heterogeneidad al pueblo de Colombia\u201d.<\/p>\n<p>El seminario tambi\u00e9n se enfoca en adaptar estrategias a cada territorio, como explic\u00f3 Helena Hern\u00e1ndez, jefa de servicio contra incendios forestales del Gobierno de Espa\u00f1a, quien resalt\u00f3 la necesidad de adecuar las campa\u00f1as de concienciaci\u00f3n a los contextos espec\u00edficos de cada regi\u00f3n.<\/p>\n<blockquote><p>\u201cHay que adaptar las campa\u00f1as de concienciaci\u00f3n y sensibilizaci\u00f3n de incendios forestales a la realidad de cada territorio y al contexto actual y futuro que nos vamos a encontrar. Tenemos que enfocarnos, por un lado, en la poblaci\u00f3n escolar, por otro lado, en la poblaci\u00f3n rural y, por otro lado, en el p\u00fablico en general. Y, efectivamente, si las causas y el origen detr\u00e1s de las igniciones que tenemos en nuestro territorio est\u00e1n relacionadas con negligencias, como es dejar vidrios en el entorno rural o accidentes o incluso por incendios intencionados con una motivaci\u00f3n detr\u00e1s, debemos estudiar la realidad de cada territorio y adaptar los mensajes para que se enfoquen en las necesidades espec\u00edficas de cada p\u00fablico. Este estudio detallado permitir\u00e1 generar conciencia y actuar de forma efectiva en la prevenci\u00f3n de incendios\u201d, indic\u00f3 Hern\u00e1ndez.<\/p><\/blockquote>\n<p>Por su parte, el capit\u00e1n Henry Murillo, del municipio de El L\u00edbano, subray\u00f3 el valor de entender y trabajar con las costumbres locales, se\u00f1alando que \u201cen muchas regiones del pa\u00eds, el campesino tiene ya por costumbre hacer las famosas quemas controladas. Esto implica que hay que conocer primero en cada regi\u00f3n cu\u00e1les son las costumbres y generar capacitaci\u00f3n\u201d.<\/p>\n","protected":false},"excerpt":{"rendered":"<p>Ibagu\u00e9 se convierte en el epicentro de una importante capacitaci\u00f3n en la gesti\u00f3n de incendios forestales, donde expertos de Colombia, M\u00e9xico, Ecuador, Espa\u00f1a y Bolivia compartir\u00e1n sus conocimientos y experiencias para mejorar la prevenci\u00f3n y la respuesta ante estos eventos en el pa\u00eds y en Latinoam\u00e9rica. La Secretar\u00eda de Ambiente<span class=\"more-link\"><a href=\"https:\/\/ciudadyregion.com.co\/index.php\/el-tolima-fortalece-la-gestion-de-incendios-forestales-con-primer-seminario-internacional-en-ibague\/regional\/\">Continuar Leyendo<\/a><\/span><\/p>\n","protected":false},"author":2,"featured_media":24546,"comment_status":"open","ping_status":"open","sticky":false,"template":"","format":"standard","meta":{"_uf_show_specific_survey":0,"_uf_disable_surveys":false,"_jetpack_memberships_contains_paid_content":false,"footnotes":"","jetpack_publicize_message":"","jetpack_publicize_feature_enabled":true,"jetpack_social_post_already_shared":true,"jetpack_social_options":{"image_generator_settings":{"template":"highway","enabled":false},"version":2}},"categories":[13],"tags":[],"class_list":["entry","author-diegoaguirre","post-24545","post","type-post","status-publish","format-standard","has-post-thumbnail","category-regional"],"jetpack_publicize_connections":[],"yoast_head":"<!-- This site is optimized with the Yoast SEO plugin v24.3 - https:\/\/yoast.com\/wordpress\/plugins\/seo\/ -->\n<title>El Tolima fortalece la gesti\u00f3n de incendios forestales con primer Seminario Internacional en Ibagu\u00e9 - Ciudad y Region<\/title>\n<meta name=\"robots\" content=\"index, follow, max-snippet:-1, max-image-preview:large, max-video-preview:-1\" \/>\n<link rel=\"canonical\" href=\"https:\/\/ciudadyregion.com.co\/index.php\/el-tolima-fortalece-la-gestion-de-incendios-forestales-con-primer-seminario-internacional-en-ibague\/regional\/\" \/>\n<meta property=\"og:locale\" content=\"es_ES\" \/>\n<meta property=\"og:type\" content=\"article\" \/>\n<meta property=\"og:title\" content=\"El Tolima fortalece la gesti\u00f3n de incendios forestales con primer Seminario Internacional en Ibagu\u00e9 - Ciudad y Region\" \/>\n<meta property=\"og:description\" content=\"Ibagu\u00e9 se convierte en el epicentro de una importante capacitaci\u00f3n en la gesti\u00f3n de incendios forestales, donde expertos de Colombia, M\u00e9xico, Ecuador, Espa\u00f1a y Bolivia compartir\u00e1n sus conocimientos y experiencias para mejorar la prevenci\u00f3n y la respuesta ante estos eventos en el pa\u00eds y en Latinoam\u00e9rica. La Secretar\u00eda de AmbienteContinuar Leyendo\" \/>\n<meta property=\"og:url\" content=\"https:\/\/ciudadyregion.com.co\/index.php\/el-tolima-fortalece-la-gestion-de-incendios-forestales-con-primer-seminario-internacional-en-ibague\/regional\/\" \/>\n<meta property=\"og:site_name\" content=\"Ciudad y Region\" \/>\n<meta property=\"article:published_time\" content=\"2024-10-29T15:22:17+00:00\" \/>\n<meta property=\"og:image\" content=\"https:\/\/ciudadyregion.com.co\/wp-content\/uploads\/2024\/10\/2-54.jpg\" \/>\n\t<meta property=\"og:image:width\" content=\"800\" \/>\n\t<meta property=\"og:image:height\" content=\"445\" \/>\n\t<meta property=\"og:image:type\" content=\"image\/jpeg\" \/>\n<meta name=\"author\" content=\"David Andr\u00e9s Aguirre\" \/>\n<meta name=\"twitter:card\" content=\"summary_large_image\" \/>\n<meta name=\"twitter:label1\" content=\"Escrito por\" \/>\n\t<meta name=\"twitter:data1\" content=\"David Andr\u00e9s Aguirre\" \/>\n\t<meta name=\"twitter:label2\" content=\"Tiempo de lectura\" \/>\n\t<meta name=\"twitter:data2\" content=\"2 minutos\" \/>\n<script type=\"application\/ld+json\" class=\"yoast-schema-graph\">{\"@context\":\"https:\/\/schema.org\",\"@graph\":[{\"@type\":\"WebPage\",\"@id\":\"https:\/\/ciudadyregion.com.co\/index.php\/el-tolima-fortalece-la-gestion-de-incendios-forestales-con-primer-seminario-internacional-en-ibague\/regional\/\",\"url\":\"https:\/\/ciudadyregion.com.co\/index.php\/el-tolima-fortalece-la-gestion-de-incendios-forestales-con-primer-seminario-internacional-en-ibague\/regional\/\",\"name\":\"El Tolima fortalece la gesti\u00f3n de incendios forestales con primer Seminario Internacional en Ibagu\u00e9 - Ciudad y Region\",\"isPartOf\":{\"@id\":\"https:\/\/ciudadyregion.com.co\/#website\"},\"primaryImageOfPage\":{\"@id\":\"https:\/\/ciudadyregion.com.co\/index.php\/el-tolima-fortalece-la-gestion-de-incendios-forestales-con-primer-seminario-internacional-en-ibague\/regional\/#primaryimage\"},\"image\":{\"@id\":\"https:\/\/ciudadyregion.com.co\/index.php\/el-tolima-fortalece-la-gestion-de-incendios-forestales-con-primer-seminario-internacional-en-ibague\/regional\/#primaryimage\"},\"thumbnailUrl\":\"https:\/\/i0.wp.com\/ciudadyregion.com.co\/wp-content\/uploads\/2024\/10\/2-54.jpg?fit=800%2C445&ssl=1\",\"datePublished\":\"2024-10-29T15:22:17+00:00\",\"dateModified\":\"2024-10-29T15:22:17+00:00\",\"author\":{\"@id\":\"https:\/\/ciudadyregion.com.co\/#\/schema\/person\/04a4954373ebc4051f46e8c65ff78622\"},\"breadcrumb\":{\"@id\":\"https:\/\/ciudadyregion.com.co\/index.php\/el-tolima-fortalece-la-gestion-de-incendios-forestales-con-primer-seminario-internacional-en-ibague\/regional\/#breadcrumb\"},\"inLanguage\":\"es\",\"potentialAction\":[{\"@type\":\"ReadAction\",\"target\":[\"https:\/\/ciudadyregion.com.co\/index.php\/el-tolima-fortalece-la-gestion-de-incendios-forestales-con-primer-seminario-internacional-en-ibague\/regional\/\"]}]},{\"@type\":\"ImageObject\",\"inLanguage\":\"es\",\"@id\":\"https:\/\/ciudadyregion.com.co\/index.php\/el-tolima-fortalece-la-gestion-de-incendios-forestales-con-primer-seminario-internacional-en-ibague\/regional\/#primaryimage\",\"url\":\"https:\/\/i0.wp.com\/ciudadyregion.com.co\/wp-content\/uploads\/2024\/10\/2-54.jpg?fit=800%2C445&ssl=1\",\"contentUrl\":\"https:\/\/i0.wp.com\/ciudadyregion.com.co\/wp-content\/uploads\/2024\/10\/2-54.jpg?fit=800%2C445&ssl=1\",\"width\":800,\"height\":445},{\"@type\":\"BreadcrumbList\",\"@id\":\"https:\/\/ciudadyregion.com.co\/index.php\/el-tolima-fortalece-la-gestion-de-incendios-forestales-con-primer-seminario-internacional-en-ibague\/regional\/#breadcrumb\",\"itemListElement\":[{\"@type\":\"ListItem\",\"position\":1,\"name\":\"Portada\",\"item\":\"https:\/\/ciudadyregion.com.co\/\"},{\"@type\":\"ListItem\",\"position\":2,\"name\":\"El Tolima fortalece la gesti\u00f3n de incendios forestales con primer Seminario Internacional en Ibagu\u00e9\"}]},{\"@type\":\"WebSite\",\"@id\":\"https:\/\/ciudadyregion.com.co\/#website\",\"url\":\"https:\/\/ciudadyregion.com.co\/\",\"name\":\"Ciudad y Region\",\"description\":\"\",\"potentialAction\":[{\"@type\":\"SearchAction\",\"target\":{\"@type\":\"EntryPoint\",\"urlTemplate\":\"https:\/\/ciudadyregion.com.co\/?s={search_term_string}\"},\"query-input\":{\"@type\":\"PropertyValueSpecification\",\"valueRequired\":true,\"valueName\":\"search_term_string\"}}],\"inLanguage\":\"es\"},{\"@type\":\"Person\",\"@id\":\"https:\/\/ciudadyregion.com.co\/#\/schema\/person\/04a4954373ebc4051f46e8c65ff78622\",\"name\":\"David Andr\u00e9s Aguirre\",\"image\":{\"@type\":\"ImageObject\",\"inLanguage\":\"es\",\"@id\":\"https:\/\/ciudadyregion.com.co\/#\/schema\/person\/image\/\",\"url\":\"https:\/\/secure.gravatar.com\/avatar\/bc3c655860202182ee6d1b5edd042dbe?s=96&d=mm&r=g\",\"contentUrl\":\"https:\/\/secure.gravatar.com\/avatar\/bc3c655860202182ee6d1b5edd042dbe?s=96&d=mm&r=g\",\"caption\":\"David Andr\u00e9s Aguirre\"},\"url\":\"https:\/\/ciudadyregion.com.co\/index.php\/author\/diegoaguirre\/\"}]}<\/script>\n<!-- \/ Yoast SEO plugin. -->","yoast_head_json":{"title":"El Tolima fortalece la gesti\u00f3n de incendios forestales con primer Seminario Internacional en Ibagu\u00e9 - Ciudad y Region","robots":{"index":"index","follow":"follow","max-snippet":"max-snippet:-1","max-image-preview":"max-image-preview:large","max-video-preview":"max-video-preview:-1"},"canonical":"https:\/\/ciudadyregion.com.co\/index.php\/el-tolima-fortalece-la-gestion-de-incendios-forestales-con-primer-seminario-internacional-en-ibague\/regional\/","og_locale":"es_ES","og_type":"article","og_title":"El Tolima fortalece la gesti\u00f3n de incendios forestales con primer Seminario Internacional en Ibagu\u00e9 - Ciudad y Region","og_description":"Ibagu\u00e9 se convierte en el epicentro de una importante capacitaci\u00f3n en la gesti\u00f3n de incendios forestales, donde expertos de Colombia, M\u00e9xico, Ecuador, Espa\u00f1a y Bolivia compartir\u00e1n sus conocimientos y experiencias para mejorar la prevenci\u00f3n y la respuesta ante estos eventos en el pa\u00eds y en Latinoam\u00e9rica. La Secretar\u00eda de AmbienteContinuar Leyendo","og_url":"https:\/\/ciudadyregion.com.co\/index.php\/el-tolima-fortalece-la-gestion-de-incendios-forestales-con-primer-seminario-internacional-en-ibague\/regional\/","og_site_name":"Ciudad y Region","article_published_time":"2024-10-29T15:22:17+00:00","og_image":[{"width":800,"height":445,"url":"https:\/\/ciudadyregion.com.co\/wp-content\/uploads\/2024\/10\/2-54.jpg","type":"image\/jpeg"}],"author":"David Andr\u00e9s Aguirre","twitter_card":"summary_large_image","twitter_misc":{"Escrito por":"David Andr\u00e9s Aguirre","Tiempo de lectura":"2 minutos"},"schema":{"@context":"https:\/\/schema.org","@graph":[{"@type":"WebPage","@id":"https:\/\/ciudadyregion.com.co\/index.php\/el-tolima-fortalece-la-gestion-de-incendios-forestales-con-primer-seminario-internacional-en-ibague\/regional\/","url":"https:\/\/ciudadyregion.com.co\/index.php\/el-tolima-fortalece-la-gestion-de-incendios-forestales-con-primer-seminario-internacional-en-ibague\/regional\/","name":"El Tolima fortalece la gesti\u00f3n de incendios forestales con primer Seminario Internacional en Ibagu\u00e9 - Ciudad y Region","isPartOf":{"@id":"https:\/\/ciudadyregion.com.co\/#website"},"primaryImageOfPage":{"@id":"https:\/\/ciudadyregion.com.co\/index.php\/el-tolima-fortalece-la-gestion-de-incendios-forestales-con-primer-seminario-internacional-en-ibague\/regional\/#primaryimage"},"image":{"@id":"https:\/\/ciudadyregion.com.co\/index.php\/el-tolima-fortalece-la-gestion-de-incendios-forestales-con-primer-seminario-internacional-en-ibague\/regional\/#primaryimage"},"thumbnailUrl":"https:\/\/i0.wp.com\/ciudadyregion.com.co\/wp-content\/uploads\/2024\/10\/2-54.jpg?fit=800%2C445&ssl=1","datePublished":"2024-10-29T15:22:17+00:00","dateModified":"2024-10-29T15:22:17+00:00","author":{"@id":"https:\/\/ciudadyregion.com.co\/#\/schema\/person\/04a4954373ebc4051f46e8c65ff78622"},"breadcrumb":{"@id":"https:\/\/ciudadyregion.com.co\/index.php\/el-tolima-fortalece-la-gestion-de-incendios-forestales-con-primer-seminario-internacional-en-ibague\/regional\/#breadcrumb"},"inLanguage":"es","potentialAction":[{"@type":"ReadAction","target":["https:\/\/ciudadyregion.com.co\/index.php\/el-tolima-fortalece-la-gestion-de-incendios-forestales-con-primer-seminario-internacional-en-ibague\/regional\/"]}]},{"@type":"ImageObject","inLanguage":"es","@id":"https:\/\/ciudadyregion.com.co\/index.php\/el-tolima-fortalece-la-gestion-de-incendios-forestales-con-primer-seminario-internacional-en-ibague\/regional\/#primaryimage","url":"https:\/\/i0.wp.com\/ciudadyregion.com.co\/wp-content\/uploads\/2024\/10\/2-54.jpg?fit=800%2C445&ssl=1","contentUrl":"https:\/\/i0.wp.com\/ciudadyregion.com.co\/wp-content\/uploads\/2024\/10\/2-54.jpg?fit=800%2C445&ssl=1","width":800,"height":445},{"@type":"BreadcrumbList","@id":"https:\/\/ciudadyregion.com.co\/index.php\/el-tolima-fortalece-la-gestion-de-incendios-forestales-con-primer-seminario-internacional-en-ibague\/regional\/#breadcrumb","itemListElement":[{"@type":"ListItem","position":1,"name":"Portada","item":"https:\/\/ciudadyregion.com.co\/"},{"@type":"ListItem","position":2,"name":"El Tolima fortalece la gesti\u00f3n de incendios forestales con primer Seminario Internacional en Ibagu\u00e9"}]},{"@type":"WebSite","@id":"https:\/\/ciudadyregion.com.co\/#website","url":"https:\/\/ciudadyregion.com.co\/","name":"Ciudad y Region","description":"","potentialAction":[{"@type":"SearchAction","target":{"@type":"EntryPoint","urlTemplate":"https:\/\/ciudadyregion.com.co\/?s={search_term_string}"},"query-input":{"@type":"PropertyValueSpecification","valueRequired":true,"valueName":"search_term_string"}}],"inLanguage":"es"},{"@type":"Person","@id":"https:\/\/ciudadyregion.com.co\/#\/schema\/person\/04a4954373ebc4051f46e8c65ff78622","name":"David Andr\u00e9s Aguirre","image":{"@type":"ImageObject","inLanguage":"es","@id":"https:\/\/ciudadyregion.com.co\/#\/schema\/person\/image\/","url":"https:\/\/secure.gravatar.com\/avatar\/bc3c655860202182ee6d1b5edd042dbe?s=96&d=mm&r=g","contentUrl":"https:\/\/secure.gravatar.com\/avatar\/bc3c655860202182ee6d1b5edd042dbe?s=96&d=mm&r=g","caption":"David Andr\u00e9s Aguirre"},"url":"https:\/\/ciudadyregion.com.co\/index.php\/author\/diegoaguirre\/"}]}},"jetpack_featured_media_url":"https:\/\/i0.wp.com\/ciudadyregion.com.co\/wp-content\/uploads\/2024\/10\/2-54.jpg?fit=800%2C445&ssl=1","jetpack_sharing_enabled":true,"jetpack_shortlink":"https:\/\/wp.me\/pbS7hh-6nT","jetpack-related-posts":[],"_links":{"self":[{"href":"https:\/\/ciudadyregion.com.co\/index.php\/wp-json\/wp\/v2\/posts\/24545"}],"collection":[{"href":"https:\/\/ciudadyregion.com.co\/index.php\/wp-json\/wp\/v2\/posts"}],"about":[{"href":"https:\/\/ciudadyregion.com.co\/index.php\/wp-json\/wp\/v2\/types\/post"}],"author":[{"embeddable":true,"href":"https:\/\/ciudadyregion.com.co\/index.php\/wp-json\/wp\/v2\/users\/2"}],"replies":[{"embeddable":true,"href":"https:\/\/ciudadyregion.com.co\/index.php\/wp-json\/wp\/v2\/comments?post=24545"}],"version-history":[{"count":1,"href":"https:\/\/ciudadyregion.com.co\/index.php\/wp-json\/wp\/v2\/posts\/24545\/revisions"}],"predecessor-version":[{"id":24547,"href":"https:\/\/ciudadyregion.com.co\/index.php\/wp-json\/wp\/v2\/posts\/24545\/revisions\/24547"}],"wp:featuredmedia":[{"embeddable":true,"href":"https:\/\/ciudadyregion.com.co\/index.php\/wp-json\/wp\/v2\/media\/24546"}],"wp:attachment":[{"href":"https:\/\/ciudadyregion.com.co\/index.php\/wp-json\/wp\/v2\/media?parent=24545"}],"wp:term":[{"taxonomy":"category","embeddable":true,"href":"https:\/\/ciudadyregion.com.co\/index.php\/wp-json\/wp\/v2\/categories?post=24545"},{"taxonomy":"post_tag","embeddable":true,"href":"https:\/\/ciudadyregion.com.co\/index.php\/wp-json\/wp\/v2\/tags?post=24545"}],"curies":[{"name":"wp","href":"https:\/\/api.w.org\/{rel}","templated":true}]}}