{"id":2339,"date":"2023-11-22T08:58:09","date_gmt":"2023-11-22T13:58:09","guid":{"rendered":"https:\/\/ciudadyregion.com.co\/?p=2339"},"modified":"2023-11-22T08:58:09","modified_gmt":"2023-11-22T13:58:09","slug":"este-hombre-fue-capturado-en-girardot-cundinamarca-por-el-delito-de-porte-de-estupefacientes","status":"publish","type":"post","link":"https:\/\/ciudadyregion.com.co\/index.php\/este-hombre-fue-capturado-en-girardot-cundinamarca-por-el-delito-de-porte-de-estupefacientes\/judicial\/","title":{"rendered":"Este hombre fue capturado en Girardot, Cundinamarca por el delito de porte de estupefacientes"},"content":{"rendered":"<p>El suceso tuvo lugar en el sector del barrio Gait\u00e1n, espec\u00edficamente en la carrera 16 con calle 14, \u00e1rea que ha sido foco reciente para intensificar la presencia policial.<\/p>\n<p>Cuadrantes ejecutaron un despliegue operativo dise\u00f1ado para confrontar la venta y distribuci\u00f3n a peque\u00f1a escala de estupefacientes.<\/p>\n<p>En el marco de esta campa\u00f1a, los oficiales lograron identificar y realizar la captura de un sujeto que pretend\u00eda comercializar 50 dosis de marihuana.<\/p>\n<p>El detenido fue judicializado y puesto a disposici\u00f3n de la justicia para que responda por el delito de fabricaci\u00f3n, tr\u00e1fico y porte de estupefacientes.<\/p>\n<p>&nbsp;<\/p>\n<p>&nbsp;<\/p>\n<p>&nbsp;<\/p>\n<p>&nbsp;<\/p>\n<p>Autora: Danna Londo\u00f1o<\/p>\n","protected":false},"excerpt":{"rendered":"<p>El suceso tuvo lugar en el sector del barrio Gait\u00e1n, espec\u00edficamente en la carrera 16 con calle 14, \u00e1rea que ha sido foco reciente para intensificar la presencia policial. Cuadrantes ejecutaron un despliegue operativo dise\u00f1ado para confrontar la venta y distribuci\u00f3n a peque\u00f1a escala de estupefacientes. En el marco de<span class=\"more-link\"><a href=\"https:\/\/ciudadyregion.com.co\/index.php\/este-hombre-fue-capturado-en-girardot-cundinamarca-por-el-delito-de-porte-de-estupefacientes\/judicial\/\">Continuar Leyendo<\/a><\/span><\/p>\n","protected":false},"author":2,"featured_media":2341,"comment_status":"open","ping_status":"open","sticky":false,"template":"","format":"standard","meta":{"_uf_show_specific_survey":0,"_uf_disable_surveys":false,"_jetpack_memberships_contains_paid_content":false,"footnotes":"","jetpack_publicize_message":"","jetpack_publicize_feature_enabled":true,"jetpack_social_post_already_shared":true,"jetpack_social_options":{"image_generator_settings":{"template":"highway","enabled":false},"version":2}},"categories":[18],"tags":[],"class_list":["entry","author-diegoaguirre","post-2339","post","type-post","status-publish","format-standard","has-post-thumbnail","category-judicial"],"jetpack_publicize_connections":[],"yoast_head":"<!-- This site is optimized with the Yoast SEO plugin v24.3 - https:\/\/yoast.com\/wordpress\/plugins\/seo\/ -->\n<title>Este hombre fue capturado en Girardot, Cundinamarca por el delito de porte de estupefacientes - Ciudad y Region<\/title>\n<meta name=\"robots\" content=\"index, follow, max-snippet:-1, max-image-preview:large, max-video-preview:-1\" \/>\n<link rel=\"canonical\" href=\"https:\/\/ciudadyregion.com.co\/index.php\/este-hombre-fue-capturado-en-girardot-cundinamarca-por-el-delito-de-porte-de-estupefacientes\/judicial\/\" \/>\n<meta property=\"og:locale\" content=\"es_ES\" \/>\n<meta property=\"og:type\" content=\"article\" \/>\n<meta property=\"og:title\" content=\"Este hombre fue capturado en Girardot, Cundinamarca por el delito de porte de estupefacientes - Ciudad y Region\" \/>\n<meta property=\"og:description\" content=\"El suceso tuvo lugar en el sector del barrio Gait\u00e1n, espec\u00edficamente en la carrera 16 con calle 14, \u00e1rea que ha sido foco reciente para intensificar la presencia policial. Cuadrantes ejecutaron un despliegue operativo dise\u00f1ado para confrontar la venta y distribuci\u00f3n a peque\u00f1a escala de estupefacientes. En el marco deContinuar Leyendo\" \/>\n<meta property=\"og:url\" content=\"https:\/\/ciudadyregion.com.co\/index.php\/este-hombre-fue-capturado-en-girardot-cundinamarca-por-el-delito-de-porte-de-estupefacientes\/judicial\/\" \/>\n<meta property=\"og:site_name\" content=\"Ciudad y Region\" \/>\n<meta property=\"article:published_time\" content=\"2023-11-22T13:58:09+00:00\" \/>\n<meta property=\"og:image\" content=\"https:\/\/ciudadyregion.com.co\/wp-content\/uploads\/2023\/11\/10-5.jpg\" \/>\n\t<meta property=\"og:image:width\" content=\"800\" \/>\n\t<meta property=\"og:image:height\" content=\"445\" \/>\n\t<meta property=\"og:image:type\" content=\"image\/jpeg\" \/>\n<meta name=\"author\" content=\"David Andr\u00e9s Aguirre\" \/>\n<meta name=\"twitter:card\" content=\"summary_large_image\" \/>\n<meta name=\"twitter:label1\" content=\"Escrito por\" \/>\n\t<meta name=\"twitter:data1\" content=\"David Andr\u00e9s Aguirre\" \/>\n\t<meta name=\"twitter:label2\" content=\"Tiempo de lectura\" \/>\n\t<meta name=\"twitter:data2\" content=\"1 minuto\" \/>\n<script type=\"application\/ld+json\" class=\"yoast-schema-graph\">{\"@context\":\"https:\/\/schema.org\",\"@graph\":[{\"@type\":\"WebPage\",\"@id\":\"https:\/\/ciudadyregion.com.co\/index.php\/este-hombre-fue-capturado-en-girardot-cundinamarca-por-el-delito-de-porte-de-estupefacientes\/judicial\/\",\"url\":\"https:\/\/ciudadyregion.com.co\/index.php\/este-hombre-fue-capturado-en-girardot-cundinamarca-por-el-delito-de-porte-de-estupefacientes\/judicial\/\",\"name\":\"Este hombre fue capturado en Girardot, Cundinamarca por el delito de porte de estupefacientes - Ciudad y Region\",\"isPartOf\":{\"@id\":\"https:\/\/ciudadyregion.com.co\/#website\"},\"primaryImageOfPage\":{\"@id\":\"https:\/\/ciudadyregion.com.co\/index.php\/este-hombre-fue-capturado-en-girardot-cundinamarca-por-el-delito-de-porte-de-estupefacientes\/judicial\/#primaryimage\"},\"image\":{\"@id\":\"https:\/\/ciudadyregion.com.co\/index.php\/este-hombre-fue-capturado-en-girardot-cundinamarca-por-el-delito-de-porte-de-estupefacientes\/judicial\/#primaryimage\"},\"thumbnailUrl\":\"https:\/\/i0.wp.com\/ciudadyregion.com.co\/wp-content\/uploads\/2023\/11\/10-5.jpg?fit=800%2C445&ssl=1\",\"datePublished\":\"2023-11-22T13:58:09+00:00\",\"dateModified\":\"2023-11-22T13:58:09+00:00\",\"author\":{\"@id\":\"https:\/\/ciudadyregion.com.co\/#\/schema\/person\/04a4954373ebc4051f46e8c65ff78622\"},\"breadcrumb\":{\"@id\":\"https:\/\/ciudadyregion.com.co\/index.php\/este-hombre-fue-capturado-en-girardot-cundinamarca-por-el-delito-de-porte-de-estupefacientes\/judicial\/#breadcrumb\"},\"inLanguage\":\"es\",\"potentialAction\":[{\"@type\":\"ReadAction\",\"target\":[\"https:\/\/ciudadyregion.com.co\/index.php\/este-hombre-fue-capturado-en-girardot-cundinamarca-por-el-delito-de-porte-de-estupefacientes\/judicial\/\"]}]},{\"@type\":\"ImageObject\",\"inLanguage\":\"es\",\"@id\":\"https:\/\/ciudadyregion.com.co\/index.php\/este-hombre-fue-capturado-en-girardot-cundinamarca-por-el-delito-de-porte-de-estupefacientes\/judicial\/#primaryimage\",\"url\":\"https:\/\/i0.wp.com\/ciudadyregion.com.co\/wp-content\/uploads\/2023\/11\/10-5.jpg?fit=800%2C445&ssl=1\",\"contentUrl\":\"https:\/\/i0.wp.com\/ciudadyregion.com.co\/wp-content\/uploads\/2023\/11\/10-5.jpg?fit=800%2C445&ssl=1\",\"width\":800,\"height\":445},{\"@type\":\"BreadcrumbList\",\"@id\":\"https:\/\/ciudadyregion.com.co\/index.php\/este-hombre-fue-capturado-en-girardot-cundinamarca-por-el-delito-de-porte-de-estupefacientes\/judicial\/#breadcrumb\",\"itemListElement\":[{\"@type\":\"ListItem\",\"position\":1,\"name\":\"Portada\",\"item\":\"https:\/\/ciudadyregion.com.co\/\"},{\"@type\":\"ListItem\",\"position\":2,\"name\":\"Este hombre fue capturado en Girardot, Cundinamarca por el delito de porte de estupefacientes\"}]},{\"@type\":\"WebSite\",\"@id\":\"https:\/\/ciudadyregion.com.co\/#website\",\"url\":\"https:\/\/ciudadyregion.com.co\/\",\"name\":\"Ciudad y Region\",\"description\":\"\",\"potentialAction\":[{\"@type\":\"SearchAction\",\"target\":{\"@type\":\"EntryPoint\",\"urlTemplate\":\"https:\/\/ciudadyregion.com.co\/?s={search_term_string}\"},\"query-input\":{\"@type\":\"PropertyValueSpecification\",\"valueRequired\":true,\"valueName\":\"search_term_string\"}}],\"inLanguage\":\"es\"},{\"@type\":\"Person\",\"@id\":\"https:\/\/ciudadyregion.com.co\/#\/schema\/person\/04a4954373ebc4051f46e8c65ff78622\",\"name\":\"David Andr\u00e9s Aguirre\",\"image\":{\"@type\":\"ImageObject\",\"inLanguage\":\"es\",\"@id\":\"https:\/\/ciudadyregion.com.co\/#\/schema\/person\/image\/\",\"url\":\"https:\/\/secure.gravatar.com\/avatar\/bc3c655860202182ee6d1b5edd042dbe?s=96&d=mm&r=g\",\"contentUrl\":\"https:\/\/secure.gravatar.com\/avatar\/bc3c655860202182ee6d1b5edd042dbe?s=96&d=mm&r=g\",\"caption\":\"David Andr\u00e9s Aguirre\"},\"url\":\"https:\/\/ciudadyregion.com.co\/index.php\/author\/diegoaguirre\/\"}]}<\/script>\n<!-- \/ Yoast SEO plugin. -->","yoast_head_json":{"title":"Este hombre fue capturado en Girardot, Cundinamarca por el delito de porte de estupefacientes - Ciudad y Region","robots":{"index":"index","follow":"follow","max-snippet":"max-snippet:-1","max-image-preview":"max-image-preview:large","max-video-preview":"max-video-preview:-1"},"canonical":"https:\/\/ciudadyregion.com.co\/index.php\/este-hombre-fue-capturado-en-girardot-cundinamarca-por-el-delito-de-porte-de-estupefacientes\/judicial\/","og_locale":"es_ES","og_type":"article","og_title":"Este hombre fue capturado en Girardot, Cundinamarca por el delito de porte de estupefacientes - Ciudad y Region","og_description":"El suceso tuvo lugar en el sector del barrio Gait\u00e1n, espec\u00edficamente en la carrera 16 con calle 14, \u00e1rea que ha sido foco reciente para intensificar la presencia policial. Cuadrantes ejecutaron un despliegue operativo dise\u00f1ado para confrontar la venta y distribuci\u00f3n a peque\u00f1a escala de estupefacientes. En el marco deContinuar Leyendo","og_url":"https:\/\/ciudadyregion.com.co\/index.php\/este-hombre-fue-capturado-en-girardot-cundinamarca-por-el-delito-de-porte-de-estupefacientes\/judicial\/","og_site_name":"Ciudad y Region","article_published_time":"2023-11-22T13:58:09+00:00","og_image":[{"width":800,"height":445,"url":"https:\/\/ciudadyregion.com.co\/wp-content\/uploads\/2023\/11\/10-5.jpg","type":"image\/jpeg"}],"author":"David Andr\u00e9s Aguirre","twitter_card":"summary_large_image","twitter_misc":{"Escrito por":"David Andr\u00e9s Aguirre","Tiempo de lectura":"1 minuto"},"schema":{"@context":"https:\/\/schema.org","@graph":[{"@type":"WebPage","@id":"https:\/\/ciudadyregion.com.co\/index.php\/este-hombre-fue-capturado-en-girardot-cundinamarca-por-el-delito-de-porte-de-estupefacientes\/judicial\/","url":"https:\/\/ciudadyregion.com.co\/index.php\/este-hombre-fue-capturado-en-girardot-cundinamarca-por-el-delito-de-porte-de-estupefacientes\/judicial\/","name":"Este hombre fue capturado en Girardot, Cundinamarca por el delito de porte de estupefacientes - Ciudad y Region","isPartOf":{"@id":"https:\/\/ciudadyregion.com.co\/#website"},"primaryImageOfPage":{"@id":"https:\/\/ciudadyregion.com.co\/index.php\/este-hombre-fue-capturado-en-girardot-cundinamarca-por-el-delito-de-porte-de-estupefacientes\/judicial\/#primaryimage"},"image":{"@id":"https:\/\/ciudadyregion.com.co\/index.php\/este-hombre-fue-capturado-en-girardot-cundinamarca-por-el-delito-de-porte-de-estupefacientes\/judicial\/#primaryimage"},"thumbnailUrl":"https:\/\/i0.wp.com\/ciudadyregion.com.co\/wp-content\/uploads\/2023\/11\/10-5.jpg?fit=800%2C445&ssl=1","datePublished":"2023-11-22T13:58:09+00:00","dateModified":"2023-11-22T13:58:09+00:00","author":{"@id":"https:\/\/ciudadyregion.com.co\/#\/schema\/person\/04a4954373ebc4051f46e8c65ff78622"},"breadcrumb":{"@id":"https:\/\/ciudadyregion.com.co\/index.php\/este-hombre-fue-capturado-en-girardot-cundinamarca-por-el-delito-de-porte-de-estupefacientes\/judicial\/#breadcrumb"},"inLanguage":"es","potentialAction":[{"@type":"ReadAction","target":["https:\/\/ciudadyregion.com.co\/index.php\/este-hombre-fue-capturado-en-girardot-cundinamarca-por-el-delito-de-porte-de-estupefacientes\/judicial\/"]}]},{"@type":"ImageObject","inLanguage":"es","@id":"https:\/\/ciudadyregion.com.co\/index.php\/este-hombre-fue-capturado-en-girardot-cundinamarca-por-el-delito-de-porte-de-estupefacientes\/judicial\/#primaryimage","url":"https:\/\/i0.wp.com\/ciudadyregion.com.co\/wp-content\/uploads\/2023\/11\/10-5.jpg?fit=800%2C445&ssl=1","contentUrl":"https:\/\/i0.wp.com\/ciudadyregion.com.co\/wp-content\/uploads\/2023\/11\/10-5.jpg?fit=800%2C445&ssl=1","width":800,"height":445},{"@type":"BreadcrumbList","@id":"https:\/\/ciudadyregion.com.co\/index.php\/este-hombre-fue-capturado-en-girardot-cundinamarca-por-el-delito-de-porte-de-estupefacientes\/judicial\/#breadcrumb","itemListElement":[{"@type":"ListItem","position":1,"name":"Portada","item":"https:\/\/ciudadyregion.com.co\/"},{"@type":"ListItem","position":2,"name":"Este hombre fue capturado en Girardot, Cundinamarca por el delito de porte de estupefacientes"}]},{"@type":"WebSite","@id":"https:\/\/ciudadyregion.com.co\/#website","url":"https:\/\/ciudadyregion.com.co\/","name":"Ciudad y Region","description":"","potentialAction":[{"@type":"SearchAction","target":{"@type":"EntryPoint","urlTemplate":"https:\/\/ciudadyregion.com.co\/?s={search_term_string}"},"query-input":{"@type":"PropertyValueSpecification","valueRequired":true,"valueName":"search_term_string"}}],"inLanguage":"es"},{"@type":"Person","@id":"https:\/\/ciudadyregion.com.co\/#\/schema\/person\/04a4954373ebc4051f46e8c65ff78622","name":"David Andr\u00e9s Aguirre","image":{"@type":"ImageObject","inLanguage":"es","@id":"https:\/\/ciudadyregion.com.co\/#\/schema\/person\/image\/","url":"https:\/\/secure.gravatar.com\/avatar\/bc3c655860202182ee6d1b5edd042dbe?s=96&d=mm&r=g","contentUrl":"https:\/\/secure.gravatar.com\/avatar\/bc3c655860202182ee6d1b5edd042dbe?s=96&d=mm&r=g","caption":"David Andr\u00e9s Aguirre"},"url":"https:\/\/ciudadyregion.com.co\/index.php\/author\/diegoaguirre\/"}]}},"jetpack_featured_media_url":"https:\/\/i0.wp.com\/ciudadyregion.com.co\/wp-content\/uploads\/2023\/11\/10-5.jpg?fit=800%2C445&ssl=1","jetpack_sharing_enabled":true,"jetpack_shortlink":"https:\/\/wp.me\/pbS7hh-BJ","jetpack-related-posts":[],"_links":{"self":[{"href":"https:\/\/ciudadyregion.com.co\/index.php\/wp-json\/wp\/v2\/posts\/2339"}],"collection":[{"href":"https:\/\/ciudadyregion.com.co\/index.php\/wp-json\/wp\/v2\/posts"}],"about":[{"href":"https:\/\/ciudadyregion.com.co\/index.php\/wp-json\/wp\/v2\/types\/post"}],"author":[{"embeddable":true,"href":"https:\/\/ciudadyregion.com.co\/index.php\/wp-json\/wp\/v2\/users\/2"}],"replies":[{"embeddable":true,"href":"https:\/\/ciudadyregion.com.co\/index.php\/wp-json\/wp\/v2\/comments?post=2339"}],"version-history":[{"count":2,"href":"https:\/\/ciudadyregion.com.co\/index.php\/wp-json\/wp\/v2\/posts\/2339\/revisions"}],"predecessor-version":[{"id":2343,"href":"https:\/\/ciudadyregion.com.co\/index.php\/wp-json\/wp\/v2\/posts\/2339\/revisions\/2343"}],"wp:featuredmedia":[{"embeddable":true,"href":"https:\/\/ciudadyregion.com.co\/index.php\/wp-json\/wp\/v2\/media\/2341"}],"wp:attachment":[{"href":"https:\/\/ciudadyregion.com.co\/index.php\/wp-json\/wp\/v2\/media?parent=2339"}],"wp:term":[{"taxonomy":"category","embeddable":true,"href":"https:\/\/ciudadyregion.com.co\/index.php\/wp-json\/wp\/v2\/categories?post=2339"},{"taxonomy":"post_tag","embeddable":true,"href":"https:\/\/ciudadyregion.com.co\/index.php\/wp-json\/wp\/v2\/tags?post=2339"}],"curies":[{"name":"wp","href":"https:\/\/api.w.org\/{rel}","templated":true}]}}