{"id":22635,"date":"2024-10-02T04:23:49","date_gmt":"2024-10-02T09:23:49","guid":{"rendered":"https:\/\/ciudadyregion.com.co\/?p=22635"},"modified":"2024-10-01T23:24:19","modified_gmt":"2024-10-02T04:24:19","slug":"paranoico-presidente-gustavo-petro-alerta-sobre-golpes-blandos-en-america-latina","status":"publish","type":"post","link":"https:\/\/ciudadyregion.com.co\/index.php\/paranoico-presidente-gustavo-petro-alerta-sobre-golpes-blandos-en-america-latina\/politica\/","title":{"rendered":"\u00bfParan\u00f3ico? Presidente Gustavo Petro alerta sobre \u2018golpes blandos\u2019 en Am\u00e9rica Latina"},"content":{"rendered":"<ul>\n<li><strong><em>El mandatario se refiri\u00f3 al proceso parlamentario de destituci\u00f3n que se inici\u00f3 en contra del presidente de Chile, Gabriel Boric.<\/em><\/strong><\/li>\n<\/ul>\n<p>Al t\u00e9rmino de un encuentro con mandatarios latinoamericanos en el Palacio Nacional de M\u00e9xico, el presidente Gustavo Petro denunci\u00f3 la amenaza que existe en Am\u00e9rica Latina de &#8216;golpes blandos&#8217; en contra de jefes de Estado.<\/p>\n<p>En declaraciones a los medios de comunicaci\u00f3n, el mandatario colombiano dijo que se evidencian hechos que le preocupan y cit\u00f3 el caso del presidente de Chile, Gabriel Boric, de quien dijo recibi\u00f3<\/p>\n<blockquote><p>\u201cla noticia de que inician un proceso de destituci\u00f3n parlamentaria de su Presidencia, algo que tiene que ver muy con Colombia ahora, porque si ese proceso se desarrolla en Chile lo que est\u00e1 mostrando es claramente c\u00f3mo las extremas derechas pasan de las dictaduras militares, como sucedi\u00f3 en Chile con Pinochet, a lo que llamamos golpes blandos\u00bb.<\/p><\/blockquote>\n<p>Asegur\u00f3 adem\u00e1s que esos &#8216;golpes blandos&#8217; los hacen<\/p>\n<blockquote><p>\u201ccon t\u00e9cnicas jur\u00eddicas inconstitucionales, pero que burlan igualmente el voto popular, el voto mayoritario de la gente y lo reemplazan por decisiones de poderes f\u00e1cticos que no se aguantan que Am\u00e9rica Latina tenga una diversidad de opini\u00f3n pol\u00edtica, y sobre todo que avance en un camino de democracia plebeya, le llamo yo, porque no puede haber otra cosa en una democracia, que un mundo de poder, en manos de la gente del com\u00fan y no las oligarqu\u00edas que siempre hemos tenido\u00bb.<\/p>\n<p>\u201cEs un hecho que ahora pues tendr\u00e1 que discutirse, no solo Chile sino toda Am\u00e9rica Latina. Ya hemos iniciado la discusi\u00f3n de lo que eso significa para Colombia, pero est\u00e1 en marcha el proceso tambi\u00e9n\u00bb, anot\u00f3.<\/p><\/blockquote>\n","protected":false},"excerpt":{"rendered":"<p>El mandatario se refiri\u00f3 al proceso parlamentario de destituci\u00f3n que se inici\u00f3 en contra del presidente de Chile, Gabriel Boric. Al t\u00e9rmino de un encuentro con mandatarios latinoamericanos en el Palacio Nacional de M\u00e9xico, el presidente Gustavo Petro denunci\u00f3 la amenaza que existe en Am\u00e9rica Latina de &#8216;golpes blandos&#8217; en<span class=\"more-link\"><a href=\"https:\/\/ciudadyregion.com.co\/index.php\/paranoico-presidente-gustavo-petro-alerta-sobre-golpes-blandos-en-america-latina\/politica\/\">Continuar Leyendo<\/a><\/span><\/p>\n","protected":false},"author":2,"featured_media":22636,"comment_status":"open","ping_status":"open","sticky":false,"template":"","format":"standard","meta":{"_uf_show_specific_survey":0,"_uf_disable_surveys":false,"_jetpack_memberships_contains_paid_content":false,"footnotes":"","jetpack_publicize_message":"","jetpack_publicize_feature_enabled":true,"jetpack_social_post_already_shared":true,"jetpack_social_options":{"image_generator_settings":{"template":"highway","enabled":false},"version":2}},"categories":[17],"tags":[],"class_list":["entry","author-diegoaguirre","post-22635","post","type-post","status-publish","format-standard","has-post-thumbnail","category-politica"],"jetpack_publicize_connections":[],"yoast_head":"<!-- This site is optimized with the Yoast SEO plugin v24.3 - https:\/\/yoast.com\/wordpress\/plugins\/seo\/ -->\n<title>\u00bfParan\u00f3ico? Presidente Gustavo Petro alerta sobre \u2018golpes blandos\u2019 en Am\u00e9rica Latina - Ciudad y Region<\/title>\n<meta name=\"robots\" content=\"index, follow, max-snippet:-1, max-image-preview:large, max-video-preview:-1\" \/>\n<link rel=\"canonical\" href=\"https:\/\/ciudadyregion.com.co\/index.php\/paranoico-presidente-gustavo-petro-alerta-sobre-golpes-blandos-en-america-latina\/politica\/\" \/>\n<meta property=\"og:locale\" content=\"es_ES\" \/>\n<meta property=\"og:type\" content=\"article\" \/>\n<meta property=\"og:title\" content=\"\u00bfParan\u00f3ico? Presidente Gustavo Petro alerta sobre \u2018golpes blandos\u2019 en Am\u00e9rica Latina - Ciudad y Region\" \/>\n<meta property=\"og:description\" content=\"El mandatario se refiri\u00f3 al proceso parlamentario de destituci\u00f3n que se inici\u00f3 en contra del presidente de Chile, Gabriel Boric. Al t\u00e9rmino de un encuentro con mandatarios latinoamericanos en el Palacio Nacional de M\u00e9xico, el presidente Gustavo Petro denunci\u00f3 la amenaza que existe en Am\u00e9rica Latina de &#8216;golpes blandos&#8217; enContinuar Leyendo\" \/>\n<meta property=\"og:url\" content=\"https:\/\/ciudadyregion.com.co\/index.php\/paranoico-presidente-gustavo-petro-alerta-sobre-golpes-blandos-en-america-latina\/politica\/\" \/>\n<meta property=\"og:site_name\" content=\"Ciudad y Region\" \/>\n<meta property=\"article:published_time\" content=\"2024-10-02T09:23:49+00:00\" \/>\n<meta property=\"article:modified_time\" content=\"2024-10-02T04:24:19+00:00\" \/>\n<meta property=\"og:image\" content=\"https:\/\/i0.wp.com\/ciudadyregion.com.co\/wp-content\/uploads\/2024\/10\/2-petro.jpg?fit=800%2C445&ssl=1\" \/>\n\t<meta property=\"og:image:width\" content=\"800\" \/>\n\t<meta property=\"og:image:height\" content=\"445\" \/>\n\t<meta property=\"og:image:type\" content=\"image\/jpeg\" \/>\n<meta name=\"author\" content=\"David Andr\u00e9s Aguirre\" \/>\n<meta name=\"twitter:card\" content=\"summary_large_image\" \/>\n<meta name=\"twitter:label1\" content=\"Escrito por\" \/>\n\t<meta name=\"twitter:data1\" content=\"David Andr\u00e9s Aguirre\" \/>\n\t<meta name=\"twitter:label2\" content=\"Tiempo de lectura\" \/>\n\t<meta name=\"twitter:data2\" content=\"1 minuto\" \/>\n<script type=\"application\/ld+json\" class=\"yoast-schema-graph\">{\"@context\":\"https:\/\/schema.org\",\"@graph\":[{\"@type\":\"WebPage\",\"@id\":\"https:\/\/ciudadyregion.com.co\/index.php\/paranoico-presidente-gustavo-petro-alerta-sobre-golpes-blandos-en-america-latina\/politica\/\",\"url\":\"https:\/\/ciudadyregion.com.co\/index.php\/paranoico-presidente-gustavo-petro-alerta-sobre-golpes-blandos-en-america-latina\/politica\/\",\"name\":\"\u00bfParan\u00f3ico? Presidente Gustavo Petro alerta sobre \u2018golpes blandos\u2019 en Am\u00e9rica Latina - Ciudad y Region\",\"isPartOf\":{\"@id\":\"https:\/\/ciudadyregion.com.co\/#website\"},\"primaryImageOfPage\":{\"@id\":\"https:\/\/ciudadyregion.com.co\/index.php\/paranoico-presidente-gustavo-petro-alerta-sobre-golpes-blandos-en-america-latina\/politica\/#primaryimage\"},\"image\":{\"@id\":\"https:\/\/ciudadyregion.com.co\/index.php\/paranoico-presidente-gustavo-petro-alerta-sobre-golpes-blandos-en-america-latina\/politica\/#primaryimage\"},\"thumbnailUrl\":\"https:\/\/i0.wp.com\/ciudadyregion.com.co\/wp-content\/uploads\/2024\/10\/2-petro.jpg?fit=800%2C445&ssl=1\",\"datePublished\":\"2024-10-02T09:23:49+00:00\",\"dateModified\":\"2024-10-02T04:24:19+00:00\",\"author\":{\"@id\":\"https:\/\/ciudadyregion.com.co\/#\/schema\/person\/04a4954373ebc4051f46e8c65ff78622\"},\"breadcrumb\":{\"@id\":\"https:\/\/ciudadyregion.com.co\/index.php\/paranoico-presidente-gustavo-petro-alerta-sobre-golpes-blandos-en-america-latina\/politica\/#breadcrumb\"},\"inLanguage\":\"es\",\"potentialAction\":[{\"@type\":\"ReadAction\",\"target\":[\"https:\/\/ciudadyregion.com.co\/index.php\/paranoico-presidente-gustavo-petro-alerta-sobre-golpes-blandos-en-america-latina\/politica\/\"]}]},{\"@type\":\"ImageObject\",\"inLanguage\":\"es\",\"@id\":\"https:\/\/ciudadyregion.com.co\/index.php\/paranoico-presidente-gustavo-petro-alerta-sobre-golpes-blandos-en-america-latina\/politica\/#primaryimage\",\"url\":\"https:\/\/i0.wp.com\/ciudadyregion.com.co\/wp-content\/uploads\/2024\/10\/2-petro.jpg?fit=800%2C445&ssl=1\",\"contentUrl\":\"https:\/\/i0.wp.com\/ciudadyregion.com.co\/wp-content\/uploads\/2024\/10\/2-petro.jpg?fit=800%2C445&ssl=1\",\"width\":800,\"height\":445},{\"@type\":\"BreadcrumbList\",\"@id\":\"https:\/\/ciudadyregion.com.co\/index.php\/paranoico-presidente-gustavo-petro-alerta-sobre-golpes-blandos-en-america-latina\/politica\/#breadcrumb\",\"itemListElement\":[{\"@type\":\"ListItem\",\"position\":1,\"name\":\"Portada\",\"item\":\"https:\/\/ciudadyregion.com.co\/\"},{\"@type\":\"ListItem\",\"position\":2,\"name\":\"\u00bfParan\u00f3ico? Presidente Gustavo Petro alerta sobre \u2018golpes blandos\u2019 en Am\u00e9rica Latina\"}]},{\"@type\":\"WebSite\",\"@id\":\"https:\/\/ciudadyregion.com.co\/#website\",\"url\":\"https:\/\/ciudadyregion.com.co\/\",\"name\":\"Ciudad y Region\",\"description\":\"\",\"potentialAction\":[{\"@type\":\"SearchAction\",\"target\":{\"@type\":\"EntryPoint\",\"urlTemplate\":\"https:\/\/ciudadyregion.com.co\/?s={search_term_string}\"},\"query-input\":{\"@type\":\"PropertyValueSpecification\",\"valueRequired\":true,\"valueName\":\"search_term_string\"}}],\"inLanguage\":\"es\"},{\"@type\":\"Person\",\"@id\":\"https:\/\/ciudadyregion.com.co\/#\/schema\/person\/04a4954373ebc4051f46e8c65ff78622\",\"name\":\"David Andr\u00e9s Aguirre\",\"image\":{\"@type\":\"ImageObject\",\"inLanguage\":\"es\",\"@id\":\"https:\/\/ciudadyregion.com.co\/#\/schema\/person\/image\/\",\"url\":\"https:\/\/secure.gravatar.com\/avatar\/bc3c655860202182ee6d1b5edd042dbe?s=96&d=mm&r=g\",\"contentUrl\":\"https:\/\/secure.gravatar.com\/avatar\/bc3c655860202182ee6d1b5edd042dbe?s=96&d=mm&r=g\",\"caption\":\"David Andr\u00e9s Aguirre\"},\"url\":\"https:\/\/ciudadyregion.com.co\/index.php\/author\/diegoaguirre\/\"}]}<\/script>\n<!-- \/ Yoast SEO plugin. -->","yoast_head_json":{"title":"\u00bfParan\u00f3ico? Presidente Gustavo Petro alerta sobre \u2018golpes blandos\u2019 en Am\u00e9rica Latina - Ciudad y Region","robots":{"index":"index","follow":"follow","max-snippet":"max-snippet:-1","max-image-preview":"max-image-preview:large","max-video-preview":"max-video-preview:-1"},"canonical":"https:\/\/ciudadyregion.com.co\/index.php\/paranoico-presidente-gustavo-petro-alerta-sobre-golpes-blandos-en-america-latina\/politica\/","og_locale":"es_ES","og_type":"article","og_title":"\u00bfParan\u00f3ico? Presidente Gustavo Petro alerta sobre \u2018golpes blandos\u2019 en Am\u00e9rica Latina - Ciudad y Region","og_description":"El mandatario se refiri\u00f3 al proceso parlamentario de destituci\u00f3n que se inici\u00f3 en contra del presidente de Chile, Gabriel Boric. Al t\u00e9rmino de un encuentro con mandatarios latinoamericanos en el Palacio Nacional de M\u00e9xico, el presidente Gustavo Petro denunci\u00f3 la amenaza que existe en Am\u00e9rica Latina de &#8216;golpes blandos&#8217; enContinuar Leyendo","og_url":"https:\/\/ciudadyregion.com.co\/index.php\/paranoico-presidente-gustavo-petro-alerta-sobre-golpes-blandos-en-america-latina\/politica\/","og_site_name":"Ciudad y Region","article_published_time":"2024-10-02T09:23:49+00:00","article_modified_time":"2024-10-02T04:24:19+00:00","og_image":[{"width":800,"height":445,"url":"https:\/\/i0.wp.com\/ciudadyregion.com.co\/wp-content\/uploads\/2024\/10\/2-petro.jpg?fit=800%2C445&ssl=1","type":"image\/jpeg"}],"author":"David Andr\u00e9s Aguirre","twitter_card":"summary_large_image","twitter_misc":{"Escrito por":"David Andr\u00e9s Aguirre","Tiempo de lectura":"1 minuto"},"schema":{"@context":"https:\/\/schema.org","@graph":[{"@type":"WebPage","@id":"https:\/\/ciudadyregion.com.co\/index.php\/paranoico-presidente-gustavo-petro-alerta-sobre-golpes-blandos-en-america-latina\/politica\/","url":"https:\/\/ciudadyregion.com.co\/index.php\/paranoico-presidente-gustavo-petro-alerta-sobre-golpes-blandos-en-america-latina\/politica\/","name":"\u00bfParan\u00f3ico? Presidente Gustavo Petro alerta sobre \u2018golpes blandos\u2019 en Am\u00e9rica Latina - Ciudad y Region","isPartOf":{"@id":"https:\/\/ciudadyregion.com.co\/#website"},"primaryImageOfPage":{"@id":"https:\/\/ciudadyregion.com.co\/index.php\/paranoico-presidente-gustavo-petro-alerta-sobre-golpes-blandos-en-america-latina\/politica\/#primaryimage"},"image":{"@id":"https:\/\/ciudadyregion.com.co\/index.php\/paranoico-presidente-gustavo-petro-alerta-sobre-golpes-blandos-en-america-latina\/politica\/#primaryimage"},"thumbnailUrl":"https:\/\/i0.wp.com\/ciudadyregion.com.co\/wp-content\/uploads\/2024\/10\/2-petro.jpg?fit=800%2C445&ssl=1","datePublished":"2024-10-02T09:23:49+00:00","dateModified":"2024-10-02T04:24:19+00:00","author":{"@id":"https:\/\/ciudadyregion.com.co\/#\/schema\/person\/04a4954373ebc4051f46e8c65ff78622"},"breadcrumb":{"@id":"https:\/\/ciudadyregion.com.co\/index.php\/paranoico-presidente-gustavo-petro-alerta-sobre-golpes-blandos-en-america-latina\/politica\/#breadcrumb"},"inLanguage":"es","potentialAction":[{"@type":"ReadAction","target":["https:\/\/ciudadyregion.com.co\/index.php\/paranoico-presidente-gustavo-petro-alerta-sobre-golpes-blandos-en-america-latina\/politica\/"]}]},{"@type":"ImageObject","inLanguage":"es","@id":"https:\/\/ciudadyregion.com.co\/index.php\/paranoico-presidente-gustavo-petro-alerta-sobre-golpes-blandos-en-america-latina\/politica\/#primaryimage","url":"https:\/\/i0.wp.com\/ciudadyregion.com.co\/wp-content\/uploads\/2024\/10\/2-petro.jpg?fit=800%2C445&ssl=1","contentUrl":"https:\/\/i0.wp.com\/ciudadyregion.com.co\/wp-content\/uploads\/2024\/10\/2-petro.jpg?fit=800%2C445&ssl=1","width":800,"height":445},{"@type":"BreadcrumbList","@id":"https:\/\/ciudadyregion.com.co\/index.php\/paranoico-presidente-gustavo-petro-alerta-sobre-golpes-blandos-en-america-latina\/politica\/#breadcrumb","itemListElement":[{"@type":"ListItem","position":1,"name":"Portada","item":"https:\/\/ciudadyregion.com.co\/"},{"@type":"ListItem","position":2,"name":"\u00bfParan\u00f3ico? Presidente Gustavo Petro alerta sobre \u2018golpes blandos\u2019 en Am\u00e9rica Latina"}]},{"@type":"WebSite","@id":"https:\/\/ciudadyregion.com.co\/#website","url":"https:\/\/ciudadyregion.com.co\/","name":"Ciudad y Region","description":"","potentialAction":[{"@type":"SearchAction","target":{"@type":"EntryPoint","urlTemplate":"https:\/\/ciudadyregion.com.co\/?s={search_term_string}"},"query-input":{"@type":"PropertyValueSpecification","valueRequired":true,"valueName":"search_term_string"}}],"inLanguage":"es"},{"@type":"Person","@id":"https:\/\/ciudadyregion.com.co\/#\/schema\/person\/04a4954373ebc4051f46e8c65ff78622","name":"David Andr\u00e9s Aguirre","image":{"@type":"ImageObject","inLanguage":"es","@id":"https:\/\/ciudadyregion.com.co\/#\/schema\/person\/image\/","url":"https:\/\/secure.gravatar.com\/avatar\/bc3c655860202182ee6d1b5edd042dbe?s=96&d=mm&r=g","contentUrl":"https:\/\/secure.gravatar.com\/avatar\/bc3c655860202182ee6d1b5edd042dbe?s=96&d=mm&r=g","caption":"David Andr\u00e9s Aguirre"},"url":"https:\/\/ciudadyregion.com.co\/index.php\/author\/diegoaguirre\/"}]}},"jetpack_featured_media_url":"https:\/\/i0.wp.com\/ciudadyregion.com.co\/wp-content\/uploads\/2024\/10\/2-petro.jpg?fit=800%2C445&ssl=1","jetpack_sharing_enabled":true,"jetpack_shortlink":"https:\/\/wp.me\/pbS7hh-5T5","jetpack-related-posts":[],"_links":{"self":[{"href":"https:\/\/ciudadyregion.com.co\/index.php\/wp-json\/wp\/v2\/posts\/22635"}],"collection":[{"href":"https:\/\/ciudadyregion.com.co\/index.php\/wp-json\/wp\/v2\/posts"}],"about":[{"href":"https:\/\/ciudadyregion.com.co\/index.php\/wp-json\/wp\/v2\/types\/post"}],"author":[{"embeddable":true,"href":"https:\/\/ciudadyregion.com.co\/index.php\/wp-json\/wp\/v2\/users\/2"}],"replies":[{"embeddable":true,"href":"https:\/\/ciudadyregion.com.co\/index.php\/wp-json\/wp\/v2\/comments?post=22635"}],"version-history":[{"count":1,"href":"https:\/\/ciudadyregion.com.co\/index.php\/wp-json\/wp\/v2\/posts\/22635\/revisions"}],"predecessor-version":[{"id":22637,"href":"https:\/\/ciudadyregion.com.co\/index.php\/wp-json\/wp\/v2\/posts\/22635\/revisions\/22637"}],"wp:featuredmedia":[{"embeddable":true,"href":"https:\/\/ciudadyregion.com.co\/index.php\/wp-json\/wp\/v2\/media\/22636"}],"wp:attachment":[{"href":"https:\/\/ciudadyregion.com.co\/index.php\/wp-json\/wp\/v2\/media?parent=22635"}],"wp:term":[{"taxonomy":"category","embeddable":true,"href":"https:\/\/ciudadyregion.com.co\/index.php\/wp-json\/wp\/v2\/categories?post=22635"},{"taxonomy":"post_tag","embeddable":true,"href":"https:\/\/ciudadyregion.com.co\/index.php\/wp-json\/wp\/v2\/tags?post=22635"}],"curies":[{"name":"wp","href":"https:\/\/api.w.org\/{rel}","templated":true}]}}