{"id":2179,"date":"2023-11-21T07:10:44","date_gmt":"2023-11-21T12:10:44","guid":{"rendered":"https:\/\/ciudadyregion.com.co\/?p=2179"},"modified":"2023-11-21T07:10:44","modified_gmt":"2023-11-21T12:10:44","slug":"la-gobernacion-del-tolima-sigue-atento-a-situacion-en-cercanias-al-nevado-del-tolima","status":"publish","type":"post","link":"https:\/\/ciudadyregion.com.co\/index.php\/la-gobernacion-del-tolima-sigue-atento-a-situacion-en-cercanias-al-nevado-del-tolima\/regional\/","title":{"rendered":"La Gobernaci\u00f3n del Tolima sigue atento a situaci\u00f3n en cercan\u00edas al nevado del Tolima"},"content":{"rendered":"<ul>\n<li>Autoridades hacen un llamado a la calma y a estar informados solo por fuentes y canales oficiales.<\/li>\n<\/ul>\n<p>Luego de que la secretar\u00eda del Ambiente y Gesti\u00f3n del Riesgo del Tolima recibiera el reporte por parte del Servicio Geol\u00f3gico Colombiano sobre un desprendimiento de material cerca al nevado del Tolima, Andr\u00e9s Felipe Barrag\u00e1n Garz\u00f3n, secretario de la mencionada cartera departamental, activ\u00f3 el consejo departamental y a su vez dio aviso a la Alcald\u00eda de Ibagu\u00e9 con el fin de iniciar las debidas acciones de monitoreo en el sector y r\u00edo Combeima.<\/p>\n<p>Ante la situaci\u00f3n, Barrag\u00e1n Garz\u00f3n hace un llamado a todos los habitantes que residen en el ca\u00f1\u00f3n del Combeima, \u00aby aclararles e invitarlos a la calma, ya que lo que se present\u00f3 fue un llamado por parte del Servicio Geol\u00f3gico Colombiano indicando un desprendimiento de roca, pero que no tiene nada que ver con una actividad presentada por el nevado del Tolima\u00bb, afirm\u00f3.<\/p>\n<p><img data-recalc-dims=\"1\" loading=\"lazy\" decoding=\"async\" class=\"alignnone wp-image-2180 size-full\" src=\"https:\/\/i0.wp.com\/ciudadyregion.com.co\/wp-content\/uploads\/2023\/11\/WhatsApp-Image-2023-11-20-at-12.06.36-PM-1.jpeg?resize=1440%2C1310&#038;ssl=1\" alt=\"\" width=\"1440\" height=\"1310\" srcset=\"https:\/\/i0.wp.com\/ciudadyregion.com.co\/wp-content\/uploads\/2023\/11\/WhatsApp-Image-2023-11-20-at-12.06.36-PM-1.jpeg?w=1600&amp;ssl=1 1600w, https:\/\/i0.wp.com\/ciudadyregion.com.co\/wp-content\/uploads\/2023\/11\/WhatsApp-Image-2023-11-20-at-12.06.36-PM-1.jpeg?resize=300%2C273&amp;ssl=1 300w, https:\/\/i0.wp.com\/ciudadyregion.com.co\/wp-content\/uploads\/2023\/11\/WhatsApp-Image-2023-11-20-at-12.06.36-PM-1.jpeg?resize=1024%2C931&amp;ssl=1 1024w, https:\/\/i0.wp.com\/ciudadyregion.com.co\/wp-content\/uploads\/2023\/11\/WhatsApp-Image-2023-11-20-at-12.06.36-PM-1.jpeg?resize=768%2C698&amp;ssl=1 768w, https:\/\/i0.wp.com\/ciudadyregion.com.co\/wp-content\/uploads\/2023\/11\/WhatsApp-Image-2023-11-20-at-12.06.36-PM-1.jpeg?resize=1536%2C1397&amp;ssl=1 1536w, https:\/\/i0.wp.com\/ciudadyregion.com.co\/wp-content\/uploads\/2023\/11\/WhatsApp-Image-2023-11-20-at-12.06.36-PM-1.jpeg?resize=465%2C423&amp;ssl=1 465w, https:\/\/i0.wp.com\/ciudadyregion.com.co\/wp-content\/uploads\/2023\/11\/WhatsApp-Image-2023-11-20-at-12.06.36-PM-1.jpeg?resize=550%2C500&amp;ssl=1 550w\" sizes=\"(max-width: 1440px) 100vw, 1440px\" \/><\/p>\n<p>La Secretar\u00eda del Ambiente y Gesti\u00f3n del Riesgo del Tolima se encuentra atenta a prestar el apoyo necesario. Es as\u00ed como en consejo departamental extraordinario realizado en las \u00faltimas horas, se adelant\u00f3 un monitoreo al r\u00edo Combeima, el cual se encuentra en estado normal pero debido a las lluvias que se vienen registrando en la capital tolimense, el secretario del Ambiente y Gesti\u00f3n del Riesgo indic\u00f3 que es importante, \u00abno bajar la guardia con estas fuertes lluvias que se vienen presentando en estos d\u00edas, y estar atentos a cualquier cambio del r\u00edo\u00bb, enfatiz\u00f3.<\/p>\n<p>As\u00ed mismo, se hace el llamado a las personas para que hagan caso omiso a cadenas con informaci\u00f3n falsa que circula por redes sociales, y que por el contrario, est\u00e9n atentos a informaci\u00f3n suministrada por fuentes oficiales de la Gobernaci\u00f3n del Tolima y la Alcald\u00eda de Ibagu\u00e9.<\/p>\n<p>&nbsp;<\/p>\n<p>&nbsp;<\/p>\n<p>&nbsp;<\/p>\n<p>&nbsp;<\/p>\n<p>&nbsp;<\/p>\n<p>&nbsp;<\/p>\n<p>&nbsp;<\/p>\n<p>Cr\u00e9ditos: Gobernaci\u00f3n del Tolima<\/p>\n","protected":false},"excerpt":{"rendered":"<p>Autoridades hacen un llamado a la calma y a estar informados solo por fuentes y canales oficiales. Luego de que la secretar\u00eda del Ambiente y Gesti\u00f3n del Riesgo del Tolima recibiera el reporte por parte del Servicio Geol\u00f3gico Colombiano sobre un desprendimiento de material cerca al nevado del Tolima, Andr\u00e9s<span class=\"more-link\"><a href=\"https:\/\/ciudadyregion.com.co\/index.php\/la-gobernacion-del-tolima-sigue-atento-a-situacion-en-cercanias-al-nevado-del-tolima\/regional\/\">Continuar Leyendo<\/a><\/span><\/p>\n","protected":false},"author":2,"featured_media":2126,"comment_status":"open","ping_status":"open","sticky":false,"template":"","format":"standard","meta":{"_uf_show_specific_survey":0,"_uf_disable_surveys":false,"_jetpack_memberships_contains_paid_content":false,"footnotes":"","jetpack_publicize_message":"","jetpack_publicize_feature_enabled":true,"jetpack_social_post_already_shared":true,"jetpack_social_options":{"image_generator_settings":{"template":"highway","enabled":false},"version":2}},"categories":[13],"tags":[],"class_list":["entry","author-diegoaguirre","post-2179","post","type-post","status-publish","format-standard","has-post-thumbnail","category-regional"],"jetpack_publicize_connections":[],"yoast_head":"<!-- This site is optimized with the Yoast SEO plugin v24.3 - https:\/\/yoast.com\/wordpress\/plugins\/seo\/ -->\n<title>La Gobernaci\u00f3n del Tolima sigue atento a situaci\u00f3n en cercan\u00edas al nevado del Tolima - Ciudad y Region<\/title>\n<meta name=\"robots\" content=\"index, follow, max-snippet:-1, max-image-preview:large, max-video-preview:-1\" \/>\n<link rel=\"canonical\" href=\"https:\/\/ciudadyregion.com.co\/index.php\/la-gobernacion-del-tolima-sigue-atento-a-situacion-en-cercanias-al-nevado-del-tolima\/regional\/\" \/>\n<meta property=\"og:locale\" content=\"es_ES\" \/>\n<meta property=\"og:type\" content=\"article\" \/>\n<meta property=\"og:title\" content=\"La Gobernaci\u00f3n del Tolima sigue atento a situaci\u00f3n en cercan\u00edas al nevado del Tolima - Ciudad y Region\" \/>\n<meta property=\"og:description\" content=\"Autoridades hacen un llamado a la calma y a estar informados solo por fuentes y canales oficiales. Luego de que la secretar\u00eda del Ambiente y Gesti\u00f3n del Riesgo del Tolima recibiera el reporte por parte del Servicio Geol\u00f3gico Colombiano sobre un desprendimiento de material cerca al nevado del Tolima, Andr\u00e9sContinuar Leyendo\" \/>\n<meta property=\"og:url\" content=\"https:\/\/ciudadyregion.com.co\/index.php\/la-gobernacion-del-tolima-sigue-atento-a-situacion-en-cercanias-al-nevado-del-tolima\/regional\/\" \/>\n<meta property=\"og:site_name\" content=\"Ciudad y Region\" \/>\n<meta property=\"article:published_time\" content=\"2023-11-21T12:10:44+00:00\" \/>\n<meta property=\"og:image\" content=\"https:\/\/ciudadyregion.com.co\/wp-content\/uploads\/2023\/11\/Nevado-del-tolima.jpg\" \/>\n\t<meta property=\"og:image:width\" content=\"800\" \/>\n\t<meta property=\"og:image:height\" content=\"445\" \/>\n\t<meta property=\"og:image:type\" content=\"image\/jpeg\" \/>\n<meta name=\"author\" content=\"David Andr\u00e9s Aguirre\" \/>\n<meta name=\"twitter:card\" content=\"summary_large_image\" \/>\n<meta name=\"twitter:label1\" content=\"Escrito por\" \/>\n\t<meta name=\"twitter:data1\" content=\"David Andr\u00e9s Aguirre\" \/>\n\t<meta name=\"twitter:label2\" content=\"Tiempo de lectura\" \/>\n\t<meta name=\"twitter:data2\" content=\"2 minutos\" \/>\n<script type=\"application\/ld+json\" class=\"yoast-schema-graph\">{\"@context\":\"https:\/\/schema.org\",\"@graph\":[{\"@type\":\"WebPage\",\"@id\":\"https:\/\/ciudadyregion.com.co\/index.php\/la-gobernacion-del-tolima-sigue-atento-a-situacion-en-cercanias-al-nevado-del-tolima\/regional\/\",\"url\":\"https:\/\/ciudadyregion.com.co\/index.php\/la-gobernacion-del-tolima-sigue-atento-a-situacion-en-cercanias-al-nevado-del-tolima\/regional\/\",\"name\":\"La Gobernaci\u00f3n del Tolima sigue atento a situaci\u00f3n en cercan\u00edas al nevado del Tolima - Ciudad y Region\",\"isPartOf\":{\"@id\":\"https:\/\/ciudadyregion.com.co\/#website\"},\"primaryImageOfPage\":{\"@id\":\"https:\/\/ciudadyregion.com.co\/index.php\/la-gobernacion-del-tolima-sigue-atento-a-situacion-en-cercanias-al-nevado-del-tolima\/regional\/#primaryimage\"},\"image\":{\"@id\":\"https:\/\/ciudadyregion.com.co\/index.php\/la-gobernacion-del-tolima-sigue-atento-a-situacion-en-cercanias-al-nevado-del-tolima\/regional\/#primaryimage\"},\"thumbnailUrl\":\"https:\/\/i0.wp.com\/ciudadyregion.com.co\/wp-content\/uploads\/2023\/11\/Nevado-del-tolima.jpg?fit=800%2C445&ssl=1\",\"datePublished\":\"2023-11-21T12:10:44+00:00\",\"dateModified\":\"2023-11-21T12:10:44+00:00\",\"author\":{\"@id\":\"https:\/\/ciudadyregion.com.co\/#\/schema\/person\/04a4954373ebc4051f46e8c65ff78622\"},\"breadcrumb\":{\"@id\":\"https:\/\/ciudadyregion.com.co\/index.php\/la-gobernacion-del-tolima-sigue-atento-a-situacion-en-cercanias-al-nevado-del-tolima\/regional\/#breadcrumb\"},\"inLanguage\":\"es\",\"potentialAction\":[{\"@type\":\"ReadAction\",\"target\":[\"https:\/\/ciudadyregion.com.co\/index.php\/la-gobernacion-del-tolima-sigue-atento-a-situacion-en-cercanias-al-nevado-del-tolima\/regional\/\"]}]},{\"@type\":\"ImageObject\",\"inLanguage\":\"es\",\"@id\":\"https:\/\/ciudadyregion.com.co\/index.php\/la-gobernacion-del-tolima-sigue-atento-a-situacion-en-cercanias-al-nevado-del-tolima\/regional\/#primaryimage\",\"url\":\"https:\/\/i0.wp.com\/ciudadyregion.com.co\/wp-content\/uploads\/2023\/11\/Nevado-del-tolima.jpg?fit=800%2C445&ssl=1\",\"contentUrl\":\"https:\/\/i0.wp.com\/ciudadyregion.com.co\/wp-content\/uploads\/2023\/11\/Nevado-del-tolima.jpg?fit=800%2C445&ssl=1\",\"width\":800,\"height\":445},{\"@type\":\"BreadcrumbList\",\"@id\":\"https:\/\/ciudadyregion.com.co\/index.php\/la-gobernacion-del-tolima-sigue-atento-a-situacion-en-cercanias-al-nevado-del-tolima\/regional\/#breadcrumb\",\"itemListElement\":[{\"@type\":\"ListItem\",\"position\":1,\"name\":\"Portada\",\"item\":\"https:\/\/ciudadyregion.com.co\/\"},{\"@type\":\"ListItem\",\"position\":2,\"name\":\"La Gobernaci\u00f3n del Tolima sigue atento a situaci\u00f3n en cercan\u00edas al nevado del Tolima\"}]},{\"@type\":\"WebSite\",\"@id\":\"https:\/\/ciudadyregion.com.co\/#website\",\"url\":\"https:\/\/ciudadyregion.com.co\/\",\"name\":\"Ciudad y Region\",\"description\":\"\",\"potentialAction\":[{\"@type\":\"SearchAction\",\"target\":{\"@type\":\"EntryPoint\",\"urlTemplate\":\"https:\/\/ciudadyregion.com.co\/?s={search_term_string}\"},\"query-input\":{\"@type\":\"PropertyValueSpecification\",\"valueRequired\":true,\"valueName\":\"search_term_string\"}}],\"inLanguage\":\"es\"},{\"@type\":\"Person\",\"@id\":\"https:\/\/ciudadyregion.com.co\/#\/schema\/person\/04a4954373ebc4051f46e8c65ff78622\",\"name\":\"David Andr\u00e9s Aguirre\",\"image\":{\"@type\":\"ImageObject\",\"inLanguage\":\"es\",\"@id\":\"https:\/\/ciudadyregion.com.co\/#\/schema\/person\/image\/\",\"url\":\"https:\/\/secure.gravatar.com\/avatar\/bc3c655860202182ee6d1b5edd042dbe?s=96&d=mm&r=g\",\"contentUrl\":\"https:\/\/secure.gravatar.com\/avatar\/bc3c655860202182ee6d1b5edd042dbe?s=96&d=mm&r=g\",\"caption\":\"David Andr\u00e9s Aguirre\"},\"url\":\"https:\/\/ciudadyregion.com.co\/index.php\/author\/diegoaguirre\/\"}]}<\/script>\n<!-- \/ Yoast SEO plugin. -->","yoast_head_json":{"title":"La Gobernaci\u00f3n del Tolima sigue atento a situaci\u00f3n en cercan\u00edas al nevado del Tolima - Ciudad y Region","robots":{"index":"index","follow":"follow","max-snippet":"max-snippet:-1","max-image-preview":"max-image-preview:large","max-video-preview":"max-video-preview:-1"},"canonical":"https:\/\/ciudadyregion.com.co\/index.php\/la-gobernacion-del-tolima-sigue-atento-a-situacion-en-cercanias-al-nevado-del-tolima\/regional\/","og_locale":"es_ES","og_type":"article","og_title":"La Gobernaci\u00f3n del Tolima sigue atento a situaci\u00f3n en cercan\u00edas al nevado del Tolima - Ciudad y Region","og_description":"Autoridades hacen un llamado a la calma y a estar informados solo por fuentes y canales oficiales. Luego de que la secretar\u00eda del Ambiente y Gesti\u00f3n del Riesgo del Tolima recibiera el reporte por parte del Servicio Geol\u00f3gico Colombiano sobre un desprendimiento de material cerca al nevado del Tolima, Andr\u00e9sContinuar Leyendo","og_url":"https:\/\/ciudadyregion.com.co\/index.php\/la-gobernacion-del-tolima-sigue-atento-a-situacion-en-cercanias-al-nevado-del-tolima\/regional\/","og_site_name":"Ciudad y Region","article_published_time":"2023-11-21T12:10:44+00:00","og_image":[{"width":800,"height":445,"url":"https:\/\/ciudadyregion.com.co\/wp-content\/uploads\/2023\/11\/Nevado-del-tolima.jpg","type":"image\/jpeg"}],"author":"David Andr\u00e9s Aguirre","twitter_card":"summary_large_image","twitter_misc":{"Escrito por":"David Andr\u00e9s Aguirre","Tiempo de lectura":"2 minutos"},"schema":{"@context":"https:\/\/schema.org","@graph":[{"@type":"WebPage","@id":"https:\/\/ciudadyregion.com.co\/index.php\/la-gobernacion-del-tolima-sigue-atento-a-situacion-en-cercanias-al-nevado-del-tolima\/regional\/","url":"https:\/\/ciudadyregion.com.co\/index.php\/la-gobernacion-del-tolima-sigue-atento-a-situacion-en-cercanias-al-nevado-del-tolima\/regional\/","name":"La Gobernaci\u00f3n del Tolima sigue atento a situaci\u00f3n en cercan\u00edas al nevado del Tolima - Ciudad y Region","isPartOf":{"@id":"https:\/\/ciudadyregion.com.co\/#website"},"primaryImageOfPage":{"@id":"https:\/\/ciudadyregion.com.co\/index.php\/la-gobernacion-del-tolima-sigue-atento-a-situacion-en-cercanias-al-nevado-del-tolima\/regional\/#primaryimage"},"image":{"@id":"https:\/\/ciudadyregion.com.co\/index.php\/la-gobernacion-del-tolima-sigue-atento-a-situacion-en-cercanias-al-nevado-del-tolima\/regional\/#primaryimage"},"thumbnailUrl":"https:\/\/i0.wp.com\/ciudadyregion.com.co\/wp-content\/uploads\/2023\/11\/Nevado-del-tolima.jpg?fit=800%2C445&ssl=1","datePublished":"2023-11-21T12:10:44+00:00","dateModified":"2023-11-21T12:10:44+00:00","author":{"@id":"https:\/\/ciudadyregion.com.co\/#\/schema\/person\/04a4954373ebc4051f46e8c65ff78622"},"breadcrumb":{"@id":"https:\/\/ciudadyregion.com.co\/index.php\/la-gobernacion-del-tolima-sigue-atento-a-situacion-en-cercanias-al-nevado-del-tolima\/regional\/#breadcrumb"},"inLanguage":"es","potentialAction":[{"@type":"ReadAction","target":["https:\/\/ciudadyregion.com.co\/index.php\/la-gobernacion-del-tolima-sigue-atento-a-situacion-en-cercanias-al-nevado-del-tolima\/regional\/"]}]},{"@type":"ImageObject","inLanguage":"es","@id":"https:\/\/ciudadyregion.com.co\/index.php\/la-gobernacion-del-tolima-sigue-atento-a-situacion-en-cercanias-al-nevado-del-tolima\/regional\/#primaryimage","url":"https:\/\/i0.wp.com\/ciudadyregion.com.co\/wp-content\/uploads\/2023\/11\/Nevado-del-tolima.jpg?fit=800%2C445&ssl=1","contentUrl":"https:\/\/i0.wp.com\/ciudadyregion.com.co\/wp-content\/uploads\/2023\/11\/Nevado-del-tolima.jpg?fit=800%2C445&ssl=1","width":800,"height":445},{"@type":"BreadcrumbList","@id":"https:\/\/ciudadyregion.com.co\/index.php\/la-gobernacion-del-tolima-sigue-atento-a-situacion-en-cercanias-al-nevado-del-tolima\/regional\/#breadcrumb","itemListElement":[{"@type":"ListItem","position":1,"name":"Portada","item":"https:\/\/ciudadyregion.com.co\/"},{"@type":"ListItem","position":2,"name":"La Gobernaci\u00f3n del Tolima sigue atento a situaci\u00f3n en cercan\u00edas al nevado del Tolima"}]},{"@type":"WebSite","@id":"https:\/\/ciudadyregion.com.co\/#website","url":"https:\/\/ciudadyregion.com.co\/","name":"Ciudad y Region","description":"","potentialAction":[{"@type":"SearchAction","target":{"@type":"EntryPoint","urlTemplate":"https:\/\/ciudadyregion.com.co\/?s={search_term_string}"},"query-input":{"@type":"PropertyValueSpecification","valueRequired":true,"valueName":"search_term_string"}}],"inLanguage":"es"},{"@type":"Person","@id":"https:\/\/ciudadyregion.com.co\/#\/schema\/person\/04a4954373ebc4051f46e8c65ff78622","name":"David Andr\u00e9s Aguirre","image":{"@type":"ImageObject","inLanguage":"es","@id":"https:\/\/ciudadyregion.com.co\/#\/schema\/person\/image\/","url":"https:\/\/secure.gravatar.com\/avatar\/bc3c655860202182ee6d1b5edd042dbe?s=96&d=mm&r=g","contentUrl":"https:\/\/secure.gravatar.com\/avatar\/bc3c655860202182ee6d1b5edd042dbe?s=96&d=mm&r=g","caption":"David Andr\u00e9s Aguirre"},"url":"https:\/\/ciudadyregion.com.co\/index.php\/author\/diegoaguirre\/"}]}},"jetpack_featured_media_url":"https:\/\/i0.wp.com\/ciudadyregion.com.co\/wp-content\/uploads\/2023\/11\/Nevado-del-tolima.jpg?fit=800%2C445&ssl=1","jetpack_sharing_enabled":true,"jetpack_shortlink":"https:\/\/wp.me\/pbS7hh-z9","jetpack-related-posts":[],"_links":{"self":[{"href":"https:\/\/ciudadyregion.com.co\/index.php\/wp-json\/wp\/v2\/posts\/2179"}],"collection":[{"href":"https:\/\/ciudadyregion.com.co\/index.php\/wp-json\/wp\/v2\/posts"}],"about":[{"href":"https:\/\/ciudadyregion.com.co\/index.php\/wp-json\/wp\/v2\/types\/post"}],"author":[{"embeddable":true,"href":"https:\/\/ciudadyregion.com.co\/index.php\/wp-json\/wp\/v2\/users\/2"}],"replies":[{"embeddable":true,"href":"https:\/\/ciudadyregion.com.co\/index.php\/wp-json\/wp\/v2\/comments?post=2179"}],"version-history":[{"count":1,"href":"https:\/\/ciudadyregion.com.co\/index.php\/wp-json\/wp\/v2\/posts\/2179\/revisions"}],"predecessor-version":[{"id":2181,"href":"https:\/\/ciudadyregion.com.co\/index.php\/wp-json\/wp\/v2\/posts\/2179\/revisions\/2181"}],"wp:featuredmedia":[{"embeddable":true,"href":"https:\/\/ciudadyregion.com.co\/index.php\/wp-json\/wp\/v2\/media\/2126"}],"wp:attachment":[{"href":"https:\/\/ciudadyregion.com.co\/index.php\/wp-json\/wp\/v2\/media?parent=2179"}],"wp:term":[{"taxonomy":"category","embeddable":true,"href":"https:\/\/ciudadyregion.com.co\/index.php\/wp-json\/wp\/v2\/categories?post=2179"},{"taxonomy":"post_tag","embeddable":true,"href":"https:\/\/ciudadyregion.com.co\/index.php\/wp-json\/wp\/v2\/tags?post=2179"}],"curies":[{"name":"wp","href":"https:\/\/api.w.org\/{rel}","templated":true}]}}