{"id":2156,"date":"2023-11-20T11:37:14","date_gmt":"2023-11-20T16:37:14","guid":{"rendered":"https:\/\/ciudadyregion.com.co\/?p=2156"},"modified":"2023-11-20T11:37:14","modified_gmt":"2023-11-20T16:37:14","slug":"me-llamo-el-ministro-de-salud-y-me-dijo-que-hay-20-mil-millones-para-hospital-de-buenaventura-francia-marquez","status":"publish","type":"post","link":"https:\/\/ciudadyregion.com.co\/index.php\/me-llamo-el-ministro-de-salud-y-me-dijo-que-hay-20-mil-millones-para-hospital-de-buenaventura-francia-marquez\/nacional\/","title":{"rendered":"\u201cMe llam\u00f3 el ministro de Salud y me dijo que hay 20 mil millones para hospital de Buenaventura\u201d: Francia M\u00e1rquez"},"content":{"rendered":"<ul>\n<li>La vicepresidenta y ministra de Igualdad y Equidad declar\u00f3, en Entre-Vistas con Alma de Pa\u00eds, que \u201cesto es cambio\u00bb y \u201ces respuesta de u\u200bn gobierno que est\u00e1 entendiendo que primero es la gente m\u00e1s vulnerable de este pa\u00eds, y que lo primero es el territorio.<\/li>\n<\/ul>\n<p>Hay avances concretos para el desarrollo econ\u00f3mico y social de la Regi\u00f3n Pac\u00edfica colombiana: est\u00e1n aprobados los presupuestos para los hospitales de Buenaventura, Quibd\u00f3 y Tumaco, declar\u00f3 la ministra de Igualdad y Equidad, y vicepresidenta Francia M\u00e1rquez Mina.<\/p>\n<p>La ministra de la Igualdad y Equidad y vicepresidenta es la invitada este fin de semana de \u201cEntre-Vistas con Alma de Pa\u00eds\u00bb, de la Secretar\u00eda para las Comunicaciones y Prensa de la Presidencia de la Rep\u00fablica de Colombia, programa que se retransmite por el Canal Institucional.<\/p>\n<p>Coment\u00f3 que recibi\u00f3 una llamada del ministro de Salud, Guillermo Alfonso Jaramillo, para darle la buena noticia de que est\u00e1n asegurados los recursos.<\/p>\n<blockquote><p>\u201cAyer el ministro de Salud me dijo: vicepresidenta, le estoy informando que ya tengo unos recursos: 20 mil millones de pesos para el Hospital Luis Ablanque de la Plata, en Buenaventura; ya tengo 12 mil millones de pesos para el San Francisco de As\u00eds, en el Choc\u00f3; y ya tengo unos recursos \u201317 mil millones\u2013 para el hospital en Tumaco\u00bb, precis\u00f3.<\/p><\/blockquote>\n<p>Subray\u00f3 que \u201cesto es cambio, estamos avanzando. Es respuesta de un gobierno que est\u00e1 entendiendo que primero es la gente, y la gente m\u00e1s vulnerable de este pa\u00eds, y que lo primero es el territorio\u00bb.<\/p>\n<p>La ministra y vicepresidenta de la Rep\u00fablica se\u00f1al\u00f3 que el Plan Todos Somos Pac\u00edfico registra importantes logros, sobre todo en agua potable.<\/p>\n<p>Destac\u00f3 que, pese a las trabas legales, \u201cse ha logrado, por ejemplo, desbloquear las obras del Acueducto de Timbiqu\u00ed (Cauca)\u00bb.<\/p>\n<blockquote><p>\u201cYo creo que el a\u00f1o entrante Buenaventura va a ver obras y en educaci\u00f3n, infraestructura y mejoramiento de escuelas, hospital, la renovaci\u00f3n del estadio Marino Klinger, la sede del SENA\u00bb, sostuvo.<\/p><\/blockquote>\n<p><strong>\u200bPrimero la inversi\u00f3n social<\/strong><\/p>\n<p>M\u00e1rquez se refiri\u00f3 a la paz y el orden p\u00fablico y manifest\u00f3 que primero debe haber inversi\u00f3n.<\/p>\n<blockquote><p>\u201cEstamos convencidos de que hay que avanzar en resolver el conflicto armado en este pa\u00eds\u00bb, dijo.<\/p>\n<p>\u201cTenemos que avanzar en la inversi\u00f3n social, por un lado, llegar con inversi\u00f3n social a estos territorios y, por otro lado, hacer todos los esfuerzos por la seguridad\u00bb, agreg\u00f3.<\/p><\/blockquote>\n<p><strong>El lado humano<\/strong><\/p>\n<p>\u200bEn la entrevista, la vicepresidenta y ministra habla de su infancia, su familia y su comunidad.<\/p>\n<p>Recuerda a sus abuelos, Valeriano M\u00e1rquez y Andr\u00e9s Mina Viveros \u2013con quienes creci\u00f3\u2013 y los define como unos sabios, y habla de la tierra donde todos eran sus padres y madres y hermanos.<\/p>\n<blockquote><p>\u201cExtra\u00f1o eso. Extra\u00f1o sembrar, porque me gusta sembrar \u2013mi abuela nos ense\u00f1\u00f3 desde peque\u00f1itos\u2013, extra\u00f1o ir al r\u00edo. Eso es lo que a m\u00ed me hace sentir feliz\u00bb, afirma.<\/p><\/blockquote>\n<p>La &#8216;vice&#8217; reitera que \u201ca veces la gente no se explica que nosotros hablemos del &#8216;vivir sabroso&#8217; y cree que son vanidades y lujos, pero no. Para m\u00ed y para mi comunidad es poder compartir y ayudarse en comunidad\u00bb.<\/p>\n<p><strong>\u200bEl pre\u200bsidente Petro<\/strong><\/p>\n<p>La vicepresidenta Francia M\u00e1rquez se refiere tambi\u00e9n a su relaci\u00f3n con el presidente Gustavo Petro.<\/p>\n<p>Asegura que \u201ces una relaci\u00f3n de respeto, de reconocimiento, de admiraci\u00f3n tambi\u00e9n, de decirle lo que no me gusta. El presidente Gustavo Petro creo que me respeta tambi\u00e9n, me valora, tenemos una empat\u00eda\u00bb.<\/p>\n<blockquote><p>\u201cAqu\u00ed los dos tenemos una visi\u00f3n de justicia social, las mismas apuestas\u00bb, concluye.<\/p><\/blockquote>\n<p>Para ver la entrevista completa de la vicepresidenta y ministra Francia M\u00e1rquez, sintonice el programa \u201cEntre-Vistas con Alma de Pa\u00eds\u00bb en el Canal Institucional, este s\u00e1bado 18 de noviembre, a las 9:30 p.m.<\/p>\n<blockquote><p>\u201cEntre-Vistas con Alma de Pa\u00eds\u00bb se retransmite por el Canal Institucional los d\u00edas lunes, jueves, viernes, s\u00e1bado y domingo a las 9:30 de la noche, y por las redes sociales y las plataformas de comunicaci\u00f3n de la Presidencia de la Rep\u00fablica, de lunes a viernes, a las 9:00 de la ma\u00f1ana.<\/p><\/blockquote>\n","protected":false},"excerpt":{"rendered":"<p>La vicepresidenta y ministra de Igualdad y Equidad declar\u00f3, en Entre-Vistas con Alma de Pa\u00eds, que \u201cesto es cambio\u00bb y \u201ces respuesta de u\u200bn gobierno que est\u00e1 entendiendo que primero es la gente m\u00e1s vulnerable de este pa\u00eds, y que lo primero es el territorio. Hay avances concretos para el<span class=\"more-link\"><a href=\"https:\/\/ciudadyregion.com.co\/index.php\/me-llamo-el-ministro-de-salud-y-me-dijo-que-hay-20-mil-millones-para-hospital-de-buenaventura-francia-marquez\/nacional\/\">Continuar Leyendo<\/a><\/span><\/p>\n","protected":false},"author":2,"featured_media":2157,"comment_status":"open","ping_status":"open","sticky":false,"template":"","format":"standard","meta":{"_uf_show_specific_survey":0,"_uf_disable_surveys":false,"_jetpack_memberships_contains_paid_content":false,"footnotes":"","jetpack_publicize_message":"","jetpack_publicize_feature_enabled":true,"jetpack_social_post_already_shared":true,"jetpack_social_options":{"image_generator_settings":{"template":"highway","enabled":false},"version":2}},"categories":[23],"tags":[],"class_list":["entry","author-diegoaguirre","post-2156","post","type-post","status-publish","format-standard","has-post-thumbnail","category-nacional"],"jetpack_publicize_connections":[],"yoast_head":"<!-- This site is optimized with the Yoast SEO plugin v24.3 - https:\/\/yoast.com\/wordpress\/plugins\/seo\/ -->\n<title>\u201cMe llam\u00f3 el ministro de Salud y me dijo que hay 20 mil millones para hospital de Buenaventura\u201d: Francia M\u00e1rquez - Ciudad y Region<\/title>\n<meta name=\"robots\" content=\"index, follow, max-snippet:-1, max-image-preview:large, max-video-preview:-1\" \/>\n<link rel=\"canonical\" href=\"https:\/\/ciudadyregion.com.co\/index.php\/me-llamo-el-ministro-de-salud-y-me-dijo-que-hay-20-mil-millones-para-hospital-de-buenaventura-francia-marquez\/nacional\/\" \/>\n<meta property=\"og:locale\" content=\"es_ES\" \/>\n<meta property=\"og:type\" content=\"article\" \/>\n<meta property=\"og:title\" content=\"\u201cMe llam\u00f3 el ministro de Salud y me dijo que hay 20 mil millones para hospital de Buenaventura\u201d: Francia M\u00e1rquez - Ciudad y Region\" \/>\n<meta property=\"og:description\" content=\"La vicepresidenta y ministra de Igualdad y Equidad declar\u00f3, en Entre-Vistas con Alma de Pa\u00eds, que \u201cesto es cambio\u00bb y \u201ces respuesta de u\u200bn gobierno que est\u00e1 entendiendo que primero es la gente m\u00e1s vulnerable de este pa\u00eds, y que lo primero es el territorio. Hay avances concretos para elContinuar Leyendo\" \/>\n<meta property=\"og:url\" content=\"https:\/\/ciudadyregion.com.co\/index.php\/me-llamo-el-ministro-de-salud-y-me-dijo-que-hay-20-mil-millones-para-hospital-de-buenaventura-francia-marquez\/nacional\/\" \/>\n<meta property=\"og:site_name\" content=\"Ciudad y Region\" \/>\n<meta property=\"article:published_time\" content=\"2023-11-20T16:37:14+00:00\" \/>\n<meta property=\"og:image\" content=\"https:\/\/ciudadyregion.com.co\/wp-content\/uploads\/2023\/11\/Francia-Marquez.jpg\" \/>\n\t<meta property=\"og:image:width\" content=\"800\" \/>\n\t<meta property=\"og:image:height\" content=\"445\" \/>\n\t<meta property=\"og:image:type\" content=\"image\/jpeg\" \/>\n<meta name=\"author\" content=\"David Andr\u00e9s Aguirre\" \/>\n<meta name=\"twitter:card\" content=\"summary_large_image\" \/>\n<meta name=\"twitter:label1\" content=\"Escrito por\" \/>\n\t<meta name=\"twitter:data1\" content=\"David Andr\u00e9s Aguirre\" \/>\n\t<meta name=\"twitter:label2\" content=\"Tiempo de lectura\" \/>\n\t<meta name=\"twitter:data2\" content=\"2 minutos\" \/>\n<script type=\"application\/ld+json\" class=\"yoast-schema-graph\">{\"@context\":\"https:\/\/schema.org\",\"@graph\":[{\"@type\":\"WebPage\",\"@id\":\"https:\/\/ciudadyregion.com.co\/index.php\/me-llamo-el-ministro-de-salud-y-me-dijo-que-hay-20-mil-millones-para-hospital-de-buenaventura-francia-marquez\/nacional\/\",\"url\":\"https:\/\/ciudadyregion.com.co\/index.php\/me-llamo-el-ministro-de-salud-y-me-dijo-que-hay-20-mil-millones-para-hospital-de-buenaventura-francia-marquez\/nacional\/\",\"name\":\"\u201cMe llam\u00f3 el ministro de Salud y me dijo que hay 20 mil millones para hospital de Buenaventura\u201d: Francia M\u00e1rquez - Ciudad y Region\",\"isPartOf\":{\"@id\":\"https:\/\/ciudadyregion.com.co\/#website\"},\"primaryImageOfPage\":{\"@id\":\"https:\/\/ciudadyregion.com.co\/index.php\/me-llamo-el-ministro-de-salud-y-me-dijo-que-hay-20-mil-millones-para-hospital-de-buenaventura-francia-marquez\/nacional\/#primaryimage\"},\"image\":{\"@id\":\"https:\/\/ciudadyregion.com.co\/index.php\/me-llamo-el-ministro-de-salud-y-me-dijo-que-hay-20-mil-millones-para-hospital-de-buenaventura-francia-marquez\/nacional\/#primaryimage\"},\"thumbnailUrl\":\"https:\/\/i0.wp.com\/ciudadyregion.com.co\/wp-content\/uploads\/2023\/11\/Francia-Marquez.jpg?fit=800%2C445&ssl=1\",\"datePublished\":\"2023-11-20T16:37:14+00:00\",\"dateModified\":\"2023-11-20T16:37:14+00:00\",\"author\":{\"@id\":\"https:\/\/ciudadyregion.com.co\/#\/schema\/person\/04a4954373ebc4051f46e8c65ff78622\"},\"breadcrumb\":{\"@id\":\"https:\/\/ciudadyregion.com.co\/index.php\/me-llamo-el-ministro-de-salud-y-me-dijo-que-hay-20-mil-millones-para-hospital-de-buenaventura-francia-marquez\/nacional\/#breadcrumb\"},\"inLanguage\":\"es\",\"potentialAction\":[{\"@type\":\"ReadAction\",\"target\":[\"https:\/\/ciudadyregion.com.co\/index.php\/me-llamo-el-ministro-de-salud-y-me-dijo-que-hay-20-mil-millones-para-hospital-de-buenaventura-francia-marquez\/nacional\/\"]}]},{\"@type\":\"ImageObject\",\"inLanguage\":\"es\",\"@id\":\"https:\/\/ciudadyregion.com.co\/index.php\/me-llamo-el-ministro-de-salud-y-me-dijo-que-hay-20-mil-millones-para-hospital-de-buenaventura-francia-marquez\/nacional\/#primaryimage\",\"url\":\"https:\/\/i0.wp.com\/ciudadyregion.com.co\/wp-content\/uploads\/2023\/11\/Francia-Marquez.jpg?fit=800%2C445&ssl=1\",\"contentUrl\":\"https:\/\/i0.wp.com\/ciudadyregion.com.co\/wp-content\/uploads\/2023\/11\/Francia-Marquez.jpg?fit=800%2C445&ssl=1\",\"width\":800,\"height\":445},{\"@type\":\"BreadcrumbList\",\"@id\":\"https:\/\/ciudadyregion.com.co\/index.php\/me-llamo-el-ministro-de-salud-y-me-dijo-que-hay-20-mil-millones-para-hospital-de-buenaventura-francia-marquez\/nacional\/#breadcrumb\",\"itemListElement\":[{\"@type\":\"ListItem\",\"position\":1,\"name\":\"Portada\",\"item\":\"https:\/\/ciudadyregion.com.co\/\"},{\"@type\":\"ListItem\",\"position\":2,\"name\":\"\u201cMe llam\u00f3 el ministro de Salud y me dijo que hay 20 mil millones para hospital de Buenaventura\u201d: Francia M\u00e1rquez\"}]},{\"@type\":\"WebSite\",\"@id\":\"https:\/\/ciudadyregion.com.co\/#website\",\"url\":\"https:\/\/ciudadyregion.com.co\/\",\"name\":\"Ciudad y Region\",\"description\":\"\",\"potentialAction\":[{\"@type\":\"SearchAction\",\"target\":{\"@type\":\"EntryPoint\",\"urlTemplate\":\"https:\/\/ciudadyregion.com.co\/?s={search_term_string}\"},\"query-input\":{\"@type\":\"PropertyValueSpecification\",\"valueRequired\":true,\"valueName\":\"search_term_string\"}}],\"inLanguage\":\"es\"},{\"@type\":\"Person\",\"@id\":\"https:\/\/ciudadyregion.com.co\/#\/schema\/person\/04a4954373ebc4051f46e8c65ff78622\",\"name\":\"David Andr\u00e9s Aguirre\",\"image\":{\"@type\":\"ImageObject\",\"inLanguage\":\"es\",\"@id\":\"https:\/\/ciudadyregion.com.co\/#\/schema\/person\/image\/\",\"url\":\"https:\/\/secure.gravatar.com\/avatar\/bc3c655860202182ee6d1b5edd042dbe?s=96&d=mm&r=g\",\"contentUrl\":\"https:\/\/secure.gravatar.com\/avatar\/bc3c655860202182ee6d1b5edd042dbe?s=96&d=mm&r=g\",\"caption\":\"David Andr\u00e9s Aguirre\"},\"url\":\"https:\/\/ciudadyregion.com.co\/index.php\/author\/diegoaguirre\/\"}]}<\/script>\n<!-- \/ Yoast SEO plugin. -->","yoast_head_json":{"title":"\u201cMe llam\u00f3 el ministro de Salud y me dijo que hay 20 mil millones para hospital de Buenaventura\u201d: Francia M\u00e1rquez - Ciudad y Region","robots":{"index":"index","follow":"follow","max-snippet":"max-snippet:-1","max-image-preview":"max-image-preview:large","max-video-preview":"max-video-preview:-1"},"canonical":"https:\/\/ciudadyregion.com.co\/index.php\/me-llamo-el-ministro-de-salud-y-me-dijo-que-hay-20-mil-millones-para-hospital-de-buenaventura-francia-marquez\/nacional\/","og_locale":"es_ES","og_type":"article","og_title":"\u201cMe llam\u00f3 el ministro de Salud y me dijo que hay 20 mil millones para hospital de Buenaventura\u201d: Francia M\u00e1rquez - Ciudad y Region","og_description":"La vicepresidenta y ministra de Igualdad y Equidad declar\u00f3, en Entre-Vistas con Alma de Pa\u00eds, que \u201cesto es cambio\u00bb y \u201ces respuesta de u\u200bn gobierno que est\u00e1 entendiendo que primero es la gente m\u00e1s vulnerable de este pa\u00eds, y que lo primero es el territorio. Hay avances concretos para elContinuar Leyendo","og_url":"https:\/\/ciudadyregion.com.co\/index.php\/me-llamo-el-ministro-de-salud-y-me-dijo-que-hay-20-mil-millones-para-hospital-de-buenaventura-francia-marquez\/nacional\/","og_site_name":"Ciudad y Region","article_published_time":"2023-11-20T16:37:14+00:00","og_image":[{"width":800,"height":445,"url":"https:\/\/ciudadyregion.com.co\/wp-content\/uploads\/2023\/11\/Francia-Marquez.jpg","type":"image\/jpeg"}],"author":"David Andr\u00e9s Aguirre","twitter_card":"summary_large_image","twitter_misc":{"Escrito por":"David Andr\u00e9s Aguirre","Tiempo de lectura":"2 minutos"},"schema":{"@context":"https:\/\/schema.org","@graph":[{"@type":"WebPage","@id":"https:\/\/ciudadyregion.com.co\/index.php\/me-llamo-el-ministro-de-salud-y-me-dijo-que-hay-20-mil-millones-para-hospital-de-buenaventura-francia-marquez\/nacional\/","url":"https:\/\/ciudadyregion.com.co\/index.php\/me-llamo-el-ministro-de-salud-y-me-dijo-que-hay-20-mil-millones-para-hospital-de-buenaventura-francia-marquez\/nacional\/","name":"\u201cMe llam\u00f3 el ministro de Salud y me dijo que hay 20 mil millones para hospital de Buenaventura\u201d: Francia M\u00e1rquez - Ciudad y Region","isPartOf":{"@id":"https:\/\/ciudadyregion.com.co\/#website"},"primaryImageOfPage":{"@id":"https:\/\/ciudadyregion.com.co\/index.php\/me-llamo-el-ministro-de-salud-y-me-dijo-que-hay-20-mil-millones-para-hospital-de-buenaventura-francia-marquez\/nacional\/#primaryimage"},"image":{"@id":"https:\/\/ciudadyregion.com.co\/index.php\/me-llamo-el-ministro-de-salud-y-me-dijo-que-hay-20-mil-millones-para-hospital-de-buenaventura-francia-marquez\/nacional\/#primaryimage"},"thumbnailUrl":"https:\/\/i0.wp.com\/ciudadyregion.com.co\/wp-content\/uploads\/2023\/11\/Francia-Marquez.jpg?fit=800%2C445&ssl=1","datePublished":"2023-11-20T16:37:14+00:00","dateModified":"2023-11-20T16:37:14+00:00","author":{"@id":"https:\/\/ciudadyregion.com.co\/#\/schema\/person\/04a4954373ebc4051f46e8c65ff78622"},"breadcrumb":{"@id":"https:\/\/ciudadyregion.com.co\/index.php\/me-llamo-el-ministro-de-salud-y-me-dijo-que-hay-20-mil-millones-para-hospital-de-buenaventura-francia-marquez\/nacional\/#breadcrumb"},"inLanguage":"es","potentialAction":[{"@type":"ReadAction","target":["https:\/\/ciudadyregion.com.co\/index.php\/me-llamo-el-ministro-de-salud-y-me-dijo-que-hay-20-mil-millones-para-hospital-de-buenaventura-francia-marquez\/nacional\/"]}]},{"@type":"ImageObject","inLanguage":"es","@id":"https:\/\/ciudadyregion.com.co\/index.php\/me-llamo-el-ministro-de-salud-y-me-dijo-que-hay-20-mil-millones-para-hospital-de-buenaventura-francia-marquez\/nacional\/#primaryimage","url":"https:\/\/i0.wp.com\/ciudadyregion.com.co\/wp-content\/uploads\/2023\/11\/Francia-Marquez.jpg?fit=800%2C445&ssl=1","contentUrl":"https:\/\/i0.wp.com\/ciudadyregion.com.co\/wp-content\/uploads\/2023\/11\/Francia-Marquez.jpg?fit=800%2C445&ssl=1","width":800,"height":445},{"@type":"BreadcrumbList","@id":"https:\/\/ciudadyregion.com.co\/index.php\/me-llamo-el-ministro-de-salud-y-me-dijo-que-hay-20-mil-millones-para-hospital-de-buenaventura-francia-marquez\/nacional\/#breadcrumb","itemListElement":[{"@type":"ListItem","position":1,"name":"Portada","item":"https:\/\/ciudadyregion.com.co\/"},{"@type":"ListItem","position":2,"name":"\u201cMe llam\u00f3 el ministro de Salud y me dijo que hay 20 mil millones para hospital de Buenaventura\u201d: Francia M\u00e1rquez"}]},{"@type":"WebSite","@id":"https:\/\/ciudadyregion.com.co\/#website","url":"https:\/\/ciudadyregion.com.co\/","name":"Ciudad y Region","description":"","potentialAction":[{"@type":"SearchAction","target":{"@type":"EntryPoint","urlTemplate":"https:\/\/ciudadyregion.com.co\/?s={search_term_string}"},"query-input":{"@type":"PropertyValueSpecification","valueRequired":true,"valueName":"search_term_string"}}],"inLanguage":"es"},{"@type":"Person","@id":"https:\/\/ciudadyregion.com.co\/#\/schema\/person\/04a4954373ebc4051f46e8c65ff78622","name":"David Andr\u00e9s Aguirre","image":{"@type":"ImageObject","inLanguage":"es","@id":"https:\/\/ciudadyregion.com.co\/#\/schema\/person\/image\/","url":"https:\/\/secure.gravatar.com\/avatar\/bc3c655860202182ee6d1b5edd042dbe?s=96&d=mm&r=g","contentUrl":"https:\/\/secure.gravatar.com\/avatar\/bc3c655860202182ee6d1b5edd042dbe?s=96&d=mm&r=g","caption":"David Andr\u00e9s Aguirre"},"url":"https:\/\/ciudadyregion.com.co\/index.php\/author\/diegoaguirre\/"}]}},"jetpack_featured_media_url":"https:\/\/i0.wp.com\/ciudadyregion.com.co\/wp-content\/uploads\/2023\/11\/Francia-Marquez.jpg?fit=800%2C445&ssl=1","jetpack_sharing_enabled":true,"jetpack_shortlink":"https:\/\/wp.me\/pbS7hh-yM","jetpack-related-posts":[],"_links":{"self":[{"href":"https:\/\/ciudadyregion.com.co\/index.php\/wp-json\/wp\/v2\/posts\/2156"}],"collection":[{"href":"https:\/\/ciudadyregion.com.co\/index.php\/wp-json\/wp\/v2\/posts"}],"about":[{"href":"https:\/\/ciudadyregion.com.co\/index.php\/wp-json\/wp\/v2\/types\/post"}],"author":[{"embeddable":true,"href":"https:\/\/ciudadyregion.com.co\/index.php\/wp-json\/wp\/v2\/users\/2"}],"replies":[{"embeddable":true,"href":"https:\/\/ciudadyregion.com.co\/index.php\/wp-json\/wp\/v2\/comments?post=2156"}],"version-history":[{"count":1,"href":"https:\/\/ciudadyregion.com.co\/index.php\/wp-json\/wp\/v2\/posts\/2156\/revisions"}],"predecessor-version":[{"id":2158,"href":"https:\/\/ciudadyregion.com.co\/index.php\/wp-json\/wp\/v2\/posts\/2156\/revisions\/2158"}],"wp:featuredmedia":[{"embeddable":true,"href":"https:\/\/ciudadyregion.com.co\/index.php\/wp-json\/wp\/v2\/media\/2157"}],"wp:attachment":[{"href":"https:\/\/ciudadyregion.com.co\/index.php\/wp-json\/wp\/v2\/media?parent=2156"}],"wp:term":[{"taxonomy":"category","embeddable":true,"href":"https:\/\/ciudadyregion.com.co\/index.php\/wp-json\/wp\/v2\/categories?post=2156"},{"taxonomy":"post_tag","embeddable":true,"href":"https:\/\/ciudadyregion.com.co\/index.php\/wp-json\/wp\/v2\/tags?post=2156"}],"curies":[{"name":"wp","href":"https:\/\/api.w.org\/{rel}","templated":true}]}}