{"id":21215,"date":"2024-09-06T04:01:11","date_gmt":"2024-09-06T09:01:11","guid":{"rendered":"https:\/\/ciudadyregion.com.co\/?p=21215"},"modified":"2024-09-05T22:02:21","modified_gmt":"2024-09-06T03:02:21","slug":"gobierno-nacional-entrego-edificio-incautado-por-la-sae-donde-funcionaran-residencias-universitarias-en-quindio","status":"publish","type":"post","link":"https:\/\/ciudadyregion.com.co\/index.php\/gobierno-nacional-entrego-edificio-incautado-por-la-sae-donde-funcionaran-residencias-universitarias-en-quindio\/nacional\/","title":{"rendered":"Gobierno Nacional entreg\u00f3 edificio incautado por la SAE donde funcionar\u00e1n residencias universitarias en Quind\u00edo"},"content":{"rendered":"<div id=\"Boletines2023\" class=\"pre23-boletines__Content container\">\n<div class=\"row \">\n<div class=\"col-12 text-center boletinPiedeFoto\">\n<div id=\"ctl00_PlaceHolderMain_ctl05__ControlWrapper_RichHtmlField\" class=\"ms-rtestate-field\" aria-labelledby=\"ctl00_PlaceHolderMain_ctl05_label\">\n<ul>\n<li><em><strong>\u200b\u200bEn total, 339 estudiantes se beneficiar\u00e1n con las nuevas residencias estudiantiles entregadas por MinEducaci\u00f3n y la SAE a la Universidad del Quind\u00edo.<\/strong><\/em><\/li>\n<\/ul>\n<\/div>\n<\/div>\n<\/div>\n<\/div>\n<div id=\"ZonaNoticia\" class=\"container boletinContenido\">\n<div class=\"row\">\n<div class=\"col-12\">\n<div class=\"contenidoPagina\">\n<div id=\"ctl00_PlaceHolderMain_ctl06__ControlWrapper_RichHtmlField\" class=\"ms-rtestate-field\" aria-labelledby=\"ctl00_PlaceHolderMain_ctl06_label\">\n<ul>\n<li><em><strong>La SAE entreg\u00f3, adem\u00e1s, cuatro predios destinados al desarrollo agr\u00edcola en el departamento.<\/strong><\/em><\/li>\n<\/ul>\n<p>El Gobierno del Cambio hizo entrega este jueves, en cabeza del ministro de Educaci\u00f3n y presidente encargado de la Sociedad de Activos Especiales (SAE), Daniel Rojas Medell\u00edn, del edificio Asturias, un bien incautado a estructuras mafiosas que ahora ser\u00e1 destinado a residencias estudiantiles de la Universidad del Quind\u00edo.<\/p>\n<p>Esta entrega forma parte de una iniciativa integral que busca garantizar una educaci\u00f3n superior de calidad y condiciones de vida dignas para los estudiantes.<\/p>\n<p>El inmueble, que consta de 31 unidades habitacionales entre apartamentos y apartaestudios, brindar\u00e1 a los estudiantes un espacio seguro y adecuado que favorecer\u00e1 su desarrollo acad\u00e9mico y personal.<\/p>\n<p>El edificio Asturias tambi\u00e9n dispone de cuatro locales comerciales y 12 celdas de estacionamiento. En su interior, los 24 apartamentos destinados para uso estudiantil incluyen sala-comedor, zona de ropas, cocina integral, dormitorio y ba\u00f1o.<\/p>\n<blockquote><p>\u00abRecibimos con entusiasmo la entrega del predio para las nuevas residencias universitarias en el departamento de Quind\u00edo, un logro resultado de la hist\u00f3rica lucha de las masas populares por una vida digna\u00bb, indic\u00f3 Laura G\u00f3mez, estudiante.<\/p><\/blockquote>\n<\/div>\n<\/div>\n<\/div>\n<\/div>\n<\/div>\n","protected":false},"excerpt":{"rendered":"<p>\u200b\u200bEn total, 339 estudiantes se beneficiar\u00e1n con las nuevas residencias estudiantiles entregadas por MinEducaci\u00f3n y la SAE a la Universidad del Quind\u00edo. La SAE entreg\u00f3, adem\u00e1s, cuatro predios destinados al desarrollo agr\u00edcola en el departamento. El Gobierno del Cambio hizo entrega este jueves, en cabeza del ministro de Educaci\u00f3n y<span class=\"more-link\"><a href=\"https:\/\/ciudadyregion.com.co\/index.php\/gobierno-nacional-entrego-edificio-incautado-por-la-sae-donde-funcionaran-residencias-universitarias-en-quindio\/nacional\/\">Continuar Leyendo<\/a><\/span><\/p>\n","protected":false},"author":2,"featured_media":21216,"comment_status":"open","ping_status":"open","sticky":false,"template":"","format":"standard","meta":{"_uf_show_specific_survey":0,"_uf_disable_surveys":false,"_jetpack_memberships_contains_paid_content":false,"footnotes":"","jetpack_publicize_message":"","jetpack_publicize_feature_enabled":true,"jetpack_social_post_already_shared":true,"jetpack_social_options":{"image_generator_settings":{"template":"highway","enabled":false},"version":2}},"categories":[23],"tags":[],"class_list":["entry","author-diegoaguirre","post-21215","post","type-post","status-publish","format-standard","has-post-thumbnail","category-nacional"],"jetpack_publicize_connections":[],"yoast_head":"<!-- This site is optimized with the Yoast SEO plugin v24.3 - https:\/\/yoast.com\/wordpress\/plugins\/seo\/ -->\n<title>Gobierno Nacional entreg\u00f3 edificio incautado por la SAE donde funcionar\u00e1n residencias universitarias en Quind\u00edo - Ciudad y Region<\/title>\n<meta name=\"robots\" content=\"index, follow, max-snippet:-1, max-image-preview:large, max-video-preview:-1\" \/>\n<link rel=\"canonical\" href=\"https:\/\/ciudadyregion.com.co\/index.php\/gobierno-nacional-entrego-edificio-incautado-por-la-sae-donde-funcionaran-residencias-universitarias-en-quindio\/nacional\/\" \/>\n<meta property=\"og:locale\" content=\"es_ES\" \/>\n<meta property=\"og:type\" content=\"article\" \/>\n<meta property=\"og:title\" content=\"Gobierno Nacional entreg\u00f3 edificio incautado por la SAE donde funcionar\u00e1n residencias universitarias en Quind\u00edo - Ciudad y Region\" \/>\n<meta property=\"og:description\" content=\"\u200b\u200bEn total, 339 estudiantes se beneficiar\u00e1n con las nuevas residencias estudiantiles entregadas por MinEducaci\u00f3n y la SAE a la Universidad del Quind\u00edo. La SAE entreg\u00f3, adem\u00e1s, cuatro predios destinados al desarrollo agr\u00edcola en el departamento. El Gobierno del Cambio hizo entrega este jueves, en cabeza del ministro de Educaci\u00f3n yContinuar Leyendo\" \/>\n<meta property=\"og:url\" content=\"https:\/\/ciudadyregion.com.co\/index.php\/gobierno-nacional-entrego-edificio-incautado-por-la-sae-donde-funcionaran-residencias-universitarias-en-quindio\/nacional\/\" \/>\n<meta property=\"og:site_name\" content=\"Ciudad y Region\" \/>\n<meta property=\"article:published_time\" content=\"2024-09-06T09:01:11+00:00\" \/>\n<meta property=\"article:modified_time\" content=\"2024-09-06T03:02:21+00:00\" \/>\n<meta property=\"og:image\" content=\"https:\/\/i0.wp.com\/ciudadyregion.com.co\/wp-content\/uploads\/2024\/09\/7.jpg?fit=800%2C445&ssl=1\" \/>\n\t<meta property=\"og:image:width\" content=\"800\" \/>\n\t<meta property=\"og:image:height\" content=\"445\" \/>\n\t<meta property=\"og:image:type\" content=\"image\/jpeg\" \/>\n<meta name=\"author\" content=\"David Andr\u00e9s Aguirre\" \/>\n<meta name=\"twitter:card\" content=\"summary_large_image\" \/>\n<meta name=\"twitter:label1\" content=\"Escrito por\" \/>\n\t<meta name=\"twitter:data1\" content=\"David Andr\u00e9s Aguirre\" \/>\n\t<meta name=\"twitter:label2\" content=\"Tiempo de lectura\" \/>\n\t<meta name=\"twitter:data2\" content=\"1 minuto\" \/>\n<script type=\"application\/ld+json\" class=\"yoast-schema-graph\">{\"@context\":\"https:\/\/schema.org\",\"@graph\":[{\"@type\":\"WebPage\",\"@id\":\"https:\/\/ciudadyregion.com.co\/index.php\/gobierno-nacional-entrego-edificio-incautado-por-la-sae-donde-funcionaran-residencias-universitarias-en-quindio\/nacional\/\",\"url\":\"https:\/\/ciudadyregion.com.co\/index.php\/gobierno-nacional-entrego-edificio-incautado-por-la-sae-donde-funcionaran-residencias-universitarias-en-quindio\/nacional\/\",\"name\":\"Gobierno Nacional entreg\u00f3 edificio incautado por la SAE donde funcionar\u00e1n residencias universitarias en Quind\u00edo - Ciudad y Region\",\"isPartOf\":{\"@id\":\"https:\/\/ciudadyregion.com.co\/#website\"},\"primaryImageOfPage\":{\"@id\":\"https:\/\/ciudadyregion.com.co\/index.php\/gobierno-nacional-entrego-edificio-incautado-por-la-sae-donde-funcionaran-residencias-universitarias-en-quindio\/nacional\/#primaryimage\"},\"image\":{\"@id\":\"https:\/\/ciudadyregion.com.co\/index.php\/gobierno-nacional-entrego-edificio-incautado-por-la-sae-donde-funcionaran-residencias-universitarias-en-quindio\/nacional\/#primaryimage\"},\"thumbnailUrl\":\"https:\/\/i0.wp.com\/ciudadyregion.com.co\/wp-content\/uploads\/2024\/09\/7.jpg?fit=800%2C445&ssl=1\",\"datePublished\":\"2024-09-06T09:01:11+00:00\",\"dateModified\":\"2024-09-06T03:02:21+00:00\",\"author\":{\"@id\":\"https:\/\/ciudadyregion.com.co\/#\/schema\/person\/04a4954373ebc4051f46e8c65ff78622\"},\"breadcrumb\":{\"@id\":\"https:\/\/ciudadyregion.com.co\/index.php\/gobierno-nacional-entrego-edificio-incautado-por-la-sae-donde-funcionaran-residencias-universitarias-en-quindio\/nacional\/#breadcrumb\"},\"inLanguage\":\"es\",\"potentialAction\":[{\"@type\":\"ReadAction\",\"target\":[\"https:\/\/ciudadyregion.com.co\/index.php\/gobierno-nacional-entrego-edificio-incautado-por-la-sae-donde-funcionaran-residencias-universitarias-en-quindio\/nacional\/\"]}]},{\"@type\":\"ImageObject\",\"inLanguage\":\"es\",\"@id\":\"https:\/\/ciudadyregion.com.co\/index.php\/gobierno-nacional-entrego-edificio-incautado-por-la-sae-donde-funcionaran-residencias-universitarias-en-quindio\/nacional\/#primaryimage\",\"url\":\"https:\/\/i0.wp.com\/ciudadyregion.com.co\/wp-content\/uploads\/2024\/09\/7.jpg?fit=800%2C445&ssl=1\",\"contentUrl\":\"https:\/\/i0.wp.com\/ciudadyregion.com.co\/wp-content\/uploads\/2024\/09\/7.jpg?fit=800%2C445&ssl=1\",\"width\":800,\"height\":445},{\"@type\":\"BreadcrumbList\",\"@id\":\"https:\/\/ciudadyregion.com.co\/index.php\/gobierno-nacional-entrego-edificio-incautado-por-la-sae-donde-funcionaran-residencias-universitarias-en-quindio\/nacional\/#breadcrumb\",\"itemListElement\":[{\"@type\":\"ListItem\",\"position\":1,\"name\":\"Portada\",\"item\":\"https:\/\/ciudadyregion.com.co\/\"},{\"@type\":\"ListItem\",\"position\":2,\"name\":\"Gobierno Nacional entreg\u00f3 edificio incautado por la SAE donde funcionar\u00e1n residencias universitarias en Quind\u00edo\"}]},{\"@type\":\"WebSite\",\"@id\":\"https:\/\/ciudadyregion.com.co\/#website\",\"url\":\"https:\/\/ciudadyregion.com.co\/\",\"name\":\"Ciudad y Region\",\"description\":\"\",\"potentialAction\":[{\"@type\":\"SearchAction\",\"target\":{\"@type\":\"EntryPoint\",\"urlTemplate\":\"https:\/\/ciudadyregion.com.co\/?s={search_term_string}\"},\"query-input\":{\"@type\":\"PropertyValueSpecification\",\"valueRequired\":true,\"valueName\":\"search_term_string\"}}],\"inLanguage\":\"es\"},{\"@type\":\"Person\",\"@id\":\"https:\/\/ciudadyregion.com.co\/#\/schema\/person\/04a4954373ebc4051f46e8c65ff78622\",\"name\":\"David Andr\u00e9s Aguirre\",\"image\":{\"@type\":\"ImageObject\",\"inLanguage\":\"es\",\"@id\":\"https:\/\/ciudadyregion.com.co\/#\/schema\/person\/image\/\",\"url\":\"https:\/\/secure.gravatar.com\/avatar\/bc3c655860202182ee6d1b5edd042dbe?s=96&d=mm&r=g\",\"contentUrl\":\"https:\/\/secure.gravatar.com\/avatar\/bc3c655860202182ee6d1b5edd042dbe?s=96&d=mm&r=g\",\"caption\":\"David Andr\u00e9s Aguirre\"},\"url\":\"https:\/\/ciudadyregion.com.co\/index.php\/author\/diegoaguirre\/\"}]}<\/script>\n<!-- \/ Yoast SEO plugin. -->","yoast_head_json":{"title":"Gobierno Nacional entreg\u00f3 edificio incautado por la SAE donde funcionar\u00e1n residencias universitarias en Quind\u00edo - Ciudad y Region","robots":{"index":"index","follow":"follow","max-snippet":"max-snippet:-1","max-image-preview":"max-image-preview:large","max-video-preview":"max-video-preview:-1"},"canonical":"https:\/\/ciudadyregion.com.co\/index.php\/gobierno-nacional-entrego-edificio-incautado-por-la-sae-donde-funcionaran-residencias-universitarias-en-quindio\/nacional\/","og_locale":"es_ES","og_type":"article","og_title":"Gobierno Nacional entreg\u00f3 edificio incautado por la SAE donde funcionar\u00e1n residencias universitarias en Quind\u00edo - Ciudad y Region","og_description":"\u200b\u200bEn total, 339 estudiantes se beneficiar\u00e1n con las nuevas residencias estudiantiles entregadas por MinEducaci\u00f3n y la SAE a la Universidad del Quind\u00edo. La SAE entreg\u00f3, adem\u00e1s, cuatro predios destinados al desarrollo agr\u00edcola en el departamento. El Gobierno del Cambio hizo entrega este jueves, en cabeza del ministro de Educaci\u00f3n yContinuar Leyendo","og_url":"https:\/\/ciudadyregion.com.co\/index.php\/gobierno-nacional-entrego-edificio-incautado-por-la-sae-donde-funcionaran-residencias-universitarias-en-quindio\/nacional\/","og_site_name":"Ciudad y Region","article_published_time":"2024-09-06T09:01:11+00:00","article_modified_time":"2024-09-06T03:02:21+00:00","og_image":[{"width":800,"height":445,"url":"https:\/\/i0.wp.com\/ciudadyregion.com.co\/wp-content\/uploads\/2024\/09\/7.jpg?fit=800%2C445&ssl=1","type":"image\/jpeg"}],"author":"David Andr\u00e9s Aguirre","twitter_card":"summary_large_image","twitter_misc":{"Escrito por":"David Andr\u00e9s Aguirre","Tiempo de lectura":"1 minuto"},"schema":{"@context":"https:\/\/schema.org","@graph":[{"@type":"WebPage","@id":"https:\/\/ciudadyregion.com.co\/index.php\/gobierno-nacional-entrego-edificio-incautado-por-la-sae-donde-funcionaran-residencias-universitarias-en-quindio\/nacional\/","url":"https:\/\/ciudadyregion.com.co\/index.php\/gobierno-nacional-entrego-edificio-incautado-por-la-sae-donde-funcionaran-residencias-universitarias-en-quindio\/nacional\/","name":"Gobierno Nacional entreg\u00f3 edificio incautado por la SAE donde funcionar\u00e1n residencias universitarias en Quind\u00edo - Ciudad y Region","isPartOf":{"@id":"https:\/\/ciudadyregion.com.co\/#website"},"primaryImageOfPage":{"@id":"https:\/\/ciudadyregion.com.co\/index.php\/gobierno-nacional-entrego-edificio-incautado-por-la-sae-donde-funcionaran-residencias-universitarias-en-quindio\/nacional\/#primaryimage"},"image":{"@id":"https:\/\/ciudadyregion.com.co\/index.php\/gobierno-nacional-entrego-edificio-incautado-por-la-sae-donde-funcionaran-residencias-universitarias-en-quindio\/nacional\/#primaryimage"},"thumbnailUrl":"https:\/\/i0.wp.com\/ciudadyregion.com.co\/wp-content\/uploads\/2024\/09\/7.jpg?fit=800%2C445&ssl=1","datePublished":"2024-09-06T09:01:11+00:00","dateModified":"2024-09-06T03:02:21+00:00","author":{"@id":"https:\/\/ciudadyregion.com.co\/#\/schema\/person\/04a4954373ebc4051f46e8c65ff78622"},"breadcrumb":{"@id":"https:\/\/ciudadyregion.com.co\/index.php\/gobierno-nacional-entrego-edificio-incautado-por-la-sae-donde-funcionaran-residencias-universitarias-en-quindio\/nacional\/#breadcrumb"},"inLanguage":"es","potentialAction":[{"@type":"ReadAction","target":["https:\/\/ciudadyregion.com.co\/index.php\/gobierno-nacional-entrego-edificio-incautado-por-la-sae-donde-funcionaran-residencias-universitarias-en-quindio\/nacional\/"]}]},{"@type":"ImageObject","inLanguage":"es","@id":"https:\/\/ciudadyregion.com.co\/index.php\/gobierno-nacional-entrego-edificio-incautado-por-la-sae-donde-funcionaran-residencias-universitarias-en-quindio\/nacional\/#primaryimage","url":"https:\/\/i0.wp.com\/ciudadyregion.com.co\/wp-content\/uploads\/2024\/09\/7.jpg?fit=800%2C445&ssl=1","contentUrl":"https:\/\/i0.wp.com\/ciudadyregion.com.co\/wp-content\/uploads\/2024\/09\/7.jpg?fit=800%2C445&ssl=1","width":800,"height":445},{"@type":"BreadcrumbList","@id":"https:\/\/ciudadyregion.com.co\/index.php\/gobierno-nacional-entrego-edificio-incautado-por-la-sae-donde-funcionaran-residencias-universitarias-en-quindio\/nacional\/#breadcrumb","itemListElement":[{"@type":"ListItem","position":1,"name":"Portada","item":"https:\/\/ciudadyregion.com.co\/"},{"@type":"ListItem","position":2,"name":"Gobierno Nacional entreg\u00f3 edificio incautado por la SAE donde funcionar\u00e1n residencias universitarias en Quind\u00edo"}]},{"@type":"WebSite","@id":"https:\/\/ciudadyregion.com.co\/#website","url":"https:\/\/ciudadyregion.com.co\/","name":"Ciudad y Region","description":"","potentialAction":[{"@type":"SearchAction","target":{"@type":"EntryPoint","urlTemplate":"https:\/\/ciudadyregion.com.co\/?s={search_term_string}"},"query-input":{"@type":"PropertyValueSpecification","valueRequired":true,"valueName":"search_term_string"}}],"inLanguage":"es"},{"@type":"Person","@id":"https:\/\/ciudadyregion.com.co\/#\/schema\/person\/04a4954373ebc4051f46e8c65ff78622","name":"David Andr\u00e9s Aguirre","image":{"@type":"ImageObject","inLanguage":"es","@id":"https:\/\/ciudadyregion.com.co\/#\/schema\/person\/image\/","url":"https:\/\/secure.gravatar.com\/avatar\/bc3c655860202182ee6d1b5edd042dbe?s=96&d=mm&r=g","contentUrl":"https:\/\/secure.gravatar.com\/avatar\/bc3c655860202182ee6d1b5edd042dbe?s=96&d=mm&r=g","caption":"David Andr\u00e9s Aguirre"},"url":"https:\/\/ciudadyregion.com.co\/index.php\/author\/diegoaguirre\/"}]}},"jetpack_featured_media_url":"https:\/\/i0.wp.com\/ciudadyregion.com.co\/wp-content\/uploads\/2024\/09\/7.jpg?fit=800%2C445&ssl=1","jetpack_sharing_enabled":true,"jetpack_shortlink":"https:\/\/wp.me\/pbS7hh-5wb","jetpack-related-posts":[],"_links":{"self":[{"href":"https:\/\/ciudadyregion.com.co\/index.php\/wp-json\/wp\/v2\/posts\/21215"}],"collection":[{"href":"https:\/\/ciudadyregion.com.co\/index.php\/wp-json\/wp\/v2\/posts"}],"about":[{"href":"https:\/\/ciudadyregion.com.co\/index.php\/wp-json\/wp\/v2\/types\/post"}],"author":[{"embeddable":true,"href":"https:\/\/ciudadyregion.com.co\/index.php\/wp-json\/wp\/v2\/users\/2"}],"replies":[{"embeddable":true,"href":"https:\/\/ciudadyregion.com.co\/index.php\/wp-json\/wp\/v2\/comments?post=21215"}],"version-history":[{"count":1,"href":"https:\/\/ciudadyregion.com.co\/index.php\/wp-json\/wp\/v2\/posts\/21215\/revisions"}],"predecessor-version":[{"id":21217,"href":"https:\/\/ciudadyregion.com.co\/index.php\/wp-json\/wp\/v2\/posts\/21215\/revisions\/21217"}],"wp:featuredmedia":[{"embeddable":true,"href":"https:\/\/ciudadyregion.com.co\/index.php\/wp-json\/wp\/v2\/media\/21216"}],"wp:attachment":[{"href":"https:\/\/ciudadyregion.com.co\/index.php\/wp-json\/wp\/v2\/media?parent=21215"}],"wp:term":[{"taxonomy":"category","embeddable":true,"href":"https:\/\/ciudadyregion.com.co\/index.php\/wp-json\/wp\/v2\/categories?post=21215"},{"taxonomy":"post_tag","embeddable":true,"href":"https:\/\/ciudadyregion.com.co\/index.php\/wp-json\/wp\/v2\/tags?post=21215"}],"curies":[{"name":"wp","href":"https:\/\/api.w.org\/{rel}","templated":true}]}}