{"id":21172,"date":"2024-09-05T08:53:16","date_gmt":"2024-09-05T13:53:16","guid":{"rendered":"https:\/\/ciudadyregion.com.co\/?p=21172"},"modified":"2024-09-05T08:53:16","modified_gmt":"2024-09-05T13:53:16","slug":"gobernacion-del-tolima-avanza-proceso-para-la-construccion-del-comando-operativo-de-la-policia-en-el-espinal","status":"publish","type":"post","link":"https:\/\/ciudadyregion.com.co\/index.php\/gobernacion-del-tolima-avanza-proceso-para-la-construccion-del-comando-operativo-de-la-policia-en-el-espinal\/regional\/","title":{"rendered":"Gobernaci\u00f3n del Tolima Avanza proceso para la construcci\u00f3n del Comando Operativo de la Polic\u00eda en El Espinal"},"content":{"rendered":"<p>El proyecto contar\u00e1 con una inversi\u00f3n de m\u00e1s de treinta mil millones de pesos y fue uno de los importantes anuncios realizados en campa\u00f1a por la mandataria de los tolimenses, Adriana Matiz<\/p>\n<p>El Espinal, 4 de septiembre de 2024- Una de las apuestas m\u00e1s grandes en materia de seguridad continua avanzando con la construcci\u00f3n del Comando Operativo de Polic\u00eda en El Espinal, que busca contrarrestar los hechos delincuenciales no s\u00f3lo en la segunda ciudad del Departamento sino en los dem\u00e1s municipios aleda\u00f1os.<\/p>\n<p>Por ello, el equipo de la Secretar\u00eda de Convivencia Ciudadana, Seguridad y Orden P\u00fablico, junto a la Alcald\u00eda Municipal y la Polic\u00eda Nacional, visitaron el predio donde se realizar\u00e1 esta importante obra, la cual espera impactar la seguridad del centro del Tolima.<\/p>\n<blockquote><p>\u00abEste proyecto articulado entre la Gobernaci\u00f3n del Tolima, la Polic\u00eda Nacional y la Alcald\u00eda de El Espinal pretende al finalizar este a\u00f1o tener contratados los estudios y dise\u00f1os e iniciar su construcci\u00f3n para el a\u00f1o 2025\u00bb, afirm\u00f3 Guillermo Alvira, secretario de Convivencia Ciudadana, Seguridad y Orden P\u00fablico del Tolima.<\/p><\/blockquote>\n<p>Por su parte, Juan Felipe Lozano, secretario de Planeaci\u00f3n de El Espinal se\u00f1al\u00f3 que: \u00abHemos avanzado bastante con el Concejo Municipal en aras de ajustar todos los requisitos en los usos de suelo y el proceso tambi\u00e9n de compra para esta obra\u00bb.<\/p>\n<p>Este importante proyecto se constituye como una de las obras m\u00e1s importantes para el fortalecimiento de la seguridad y la convivencia del departamento, y espera contar con los avales de la Polic\u00eda Nacional para poner en firme su puesta en marcha.<\/p>\n","protected":false},"excerpt":{"rendered":"<p>El proyecto contar\u00e1 con una inversi\u00f3n de m\u00e1s de treinta mil millones de pesos y fue uno de los importantes anuncios realizados en campa\u00f1a por la mandataria de los tolimenses, Adriana Matiz El Espinal, 4 de septiembre de 2024- Una de las apuestas m\u00e1s grandes en materia de seguridad continua<span class=\"more-link\"><a href=\"https:\/\/ciudadyregion.com.co\/index.php\/gobernacion-del-tolima-avanza-proceso-para-la-construccion-del-comando-operativo-de-la-policia-en-el-espinal\/regional\/\">Continuar Leyendo<\/a><\/span><\/p>\n","protected":false},"author":2,"featured_media":21173,"comment_status":"open","ping_status":"open","sticky":false,"template":"","format":"standard","meta":{"_uf_show_specific_survey":0,"_uf_disable_surveys":false,"_jetpack_memberships_contains_paid_content":false,"footnotes":"","jetpack_publicize_message":"","jetpack_publicize_feature_enabled":true,"jetpack_social_post_already_shared":true,"jetpack_social_options":{"image_generator_settings":{"template":"highway","enabled":false},"version":2}},"categories":[13],"tags":[],"class_list":["entry","author-diegoaguirre","post-21172","post","type-post","status-publish","format-standard","has-post-thumbnail","category-regional"],"jetpack_publicize_connections":[],"yoast_head":"<!-- This site is optimized with the Yoast SEO plugin v24.3 - https:\/\/yoast.com\/wordpress\/plugins\/seo\/ -->\n<title>Gobernaci\u00f3n del Tolima Avanza proceso para la construcci\u00f3n del Comando Operativo de la Polic\u00eda en El Espinal - Ciudad y Region<\/title>\n<meta name=\"robots\" content=\"index, follow, max-snippet:-1, max-image-preview:large, max-video-preview:-1\" \/>\n<link rel=\"canonical\" href=\"https:\/\/ciudadyregion.com.co\/index.php\/gobernacion-del-tolima-avanza-proceso-para-la-construccion-del-comando-operativo-de-la-policia-en-el-espinal\/regional\/\" \/>\n<meta property=\"og:locale\" content=\"es_ES\" \/>\n<meta property=\"og:type\" content=\"article\" \/>\n<meta property=\"og:title\" content=\"Gobernaci\u00f3n del Tolima Avanza proceso para la construcci\u00f3n del Comando Operativo de la Polic\u00eda en El Espinal - Ciudad y Region\" \/>\n<meta property=\"og:description\" content=\"El proyecto contar\u00e1 con una inversi\u00f3n de m\u00e1s de treinta mil millones de pesos y fue uno de los importantes anuncios realizados en campa\u00f1a por la mandataria de los tolimenses, Adriana Matiz El Espinal, 4 de septiembre de 2024- Una de las apuestas m\u00e1s grandes en materia de seguridad continuaContinuar Leyendo\" \/>\n<meta property=\"og:url\" content=\"https:\/\/ciudadyregion.com.co\/index.php\/gobernacion-del-tolima-avanza-proceso-para-la-construccion-del-comando-operativo-de-la-policia-en-el-espinal\/regional\/\" \/>\n<meta property=\"og:site_name\" content=\"Ciudad y Region\" \/>\n<meta property=\"article:published_time\" content=\"2024-09-05T13:53:16+00:00\" \/>\n<meta property=\"og:image\" content=\"https:\/\/ciudadyregion.com.co\/wp-content\/uploads\/2024\/09\/3-90.jpg\" \/>\n\t<meta property=\"og:image:width\" content=\"800\" \/>\n\t<meta property=\"og:image:height\" content=\"445\" \/>\n\t<meta property=\"og:image:type\" content=\"image\/jpeg\" \/>\n<meta name=\"author\" content=\"David Andr\u00e9s Aguirre\" \/>\n<meta name=\"twitter:card\" content=\"summary_large_image\" \/>\n<meta name=\"twitter:label1\" content=\"Escrito por\" \/>\n\t<meta name=\"twitter:data1\" content=\"David Andr\u00e9s Aguirre\" \/>\n\t<meta name=\"twitter:label2\" content=\"Tiempo de lectura\" \/>\n\t<meta name=\"twitter:data2\" content=\"1 minuto\" \/>\n<script type=\"application\/ld+json\" class=\"yoast-schema-graph\">{\"@context\":\"https:\/\/schema.org\",\"@graph\":[{\"@type\":\"WebPage\",\"@id\":\"https:\/\/ciudadyregion.com.co\/index.php\/gobernacion-del-tolima-avanza-proceso-para-la-construccion-del-comando-operativo-de-la-policia-en-el-espinal\/regional\/\",\"url\":\"https:\/\/ciudadyregion.com.co\/index.php\/gobernacion-del-tolima-avanza-proceso-para-la-construccion-del-comando-operativo-de-la-policia-en-el-espinal\/regional\/\",\"name\":\"Gobernaci\u00f3n del Tolima Avanza proceso para la construcci\u00f3n del Comando Operativo de la Polic\u00eda en El Espinal - Ciudad y Region\",\"isPartOf\":{\"@id\":\"https:\/\/ciudadyregion.com.co\/#website\"},\"primaryImageOfPage\":{\"@id\":\"https:\/\/ciudadyregion.com.co\/index.php\/gobernacion-del-tolima-avanza-proceso-para-la-construccion-del-comando-operativo-de-la-policia-en-el-espinal\/regional\/#primaryimage\"},\"image\":{\"@id\":\"https:\/\/ciudadyregion.com.co\/index.php\/gobernacion-del-tolima-avanza-proceso-para-la-construccion-del-comando-operativo-de-la-policia-en-el-espinal\/regional\/#primaryimage\"},\"thumbnailUrl\":\"https:\/\/i0.wp.com\/ciudadyregion.com.co\/wp-content\/uploads\/2024\/09\/3-90.jpg?fit=800%2C445&ssl=1\",\"datePublished\":\"2024-09-05T13:53:16+00:00\",\"dateModified\":\"2024-09-05T13:53:16+00:00\",\"author\":{\"@id\":\"https:\/\/ciudadyregion.com.co\/#\/schema\/person\/04a4954373ebc4051f46e8c65ff78622\"},\"breadcrumb\":{\"@id\":\"https:\/\/ciudadyregion.com.co\/index.php\/gobernacion-del-tolima-avanza-proceso-para-la-construccion-del-comando-operativo-de-la-policia-en-el-espinal\/regional\/#breadcrumb\"},\"inLanguage\":\"es\",\"potentialAction\":[{\"@type\":\"ReadAction\",\"target\":[\"https:\/\/ciudadyregion.com.co\/index.php\/gobernacion-del-tolima-avanza-proceso-para-la-construccion-del-comando-operativo-de-la-policia-en-el-espinal\/regional\/\"]}]},{\"@type\":\"ImageObject\",\"inLanguage\":\"es\",\"@id\":\"https:\/\/ciudadyregion.com.co\/index.php\/gobernacion-del-tolima-avanza-proceso-para-la-construccion-del-comando-operativo-de-la-policia-en-el-espinal\/regional\/#primaryimage\",\"url\":\"https:\/\/i0.wp.com\/ciudadyregion.com.co\/wp-content\/uploads\/2024\/09\/3-90.jpg?fit=800%2C445&ssl=1\",\"contentUrl\":\"https:\/\/i0.wp.com\/ciudadyregion.com.co\/wp-content\/uploads\/2024\/09\/3-90.jpg?fit=800%2C445&ssl=1\",\"width\":800,\"height\":445},{\"@type\":\"BreadcrumbList\",\"@id\":\"https:\/\/ciudadyregion.com.co\/index.php\/gobernacion-del-tolima-avanza-proceso-para-la-construccion-del-comando-operativo-de-la-policia-en-el-espinal\/regional\/#breadcrumb\",\"itemListElement\":[{\"@type\":\"ListItem\",\"position\":1,\"name\":\"Portada\",\"item\":\"https:\/\/ciudadyregion.com.co\/\"},{\"@type\":\"ListItem\",\"position\":2,\"name\":\"Gobernaci\u00f3n del Tolima Avanza proceso para la construcci\u00f3n del Comando Operativo de la Polic\u00eda en El Espinal\"}]},{\"@type\":\"WebSite\",\"@id\":\"https:\/\/ciudadyregion.com.co\/#website\",\"url\":\"https:\/\/ciudadyregion.com.co\/\",\"name\":\"Ciudad y Region\",\"description\":\"\",\"potentialAction\":[{\"@type\":\"SearchAction\",\"target\":{\"@type\":\"EntryPoint\",\"urlTemplate\":\"https:\/\/ciudadyregion.com.co\/?s={search_term_string}\"},\"query-input\":{\"@type\":\"PropertyValueSpecification\",\"valueRequired\":true,\"valueName\":\"search_term_string\"}}],\"inLanguage\":\"es\"},{\"@type\":\"Person\",\"@id\":\"https:\/\/ciudadyregion.com.co\/#\/schema\/person\/04a4954373ebc4051f46e8c65ff78622\",\"name\":\"David Andr\u00e9s Aguirre\",\"image\":{\"@type\":\"ImageObject\",\"inLanguage\":\"es\",\"@id\":\"https:\/\/ciudadyregion.com.co\/#\/schema\/person\/image\/\",\"url\":\"https:\/\/secure.gravatar.com\/avatar\/bc3c655860202182ee6d1b5edd042dbe?s=96&d=mm&r=g\",\"contentUrl\":\"https:\/\/secure.gravatar.com\/avatar\/bc3c655860202182ee6d1b5edd042dbe?s=96&d=mm&r=g\",\"caption\":\"David Andr\u00e9s Aguirre\"},\"url\":\"https:\/\/ciudadyregion.com.co\/index.php\/author\/diegoaguirre\/\"}]}<\/script>\n<!-- \/ Yoast SEO plugin. -->","yoast_head_json":{"title":"Gobernaci\u00f3n del Tolima Avanza proceso para la construcci\u00f3n del Comando Operativo de la Polic\u00eda en El Espinal - Ciudad y Region","robots":{"index":"index","follow":"follow","max-snippet":"max-snippet:-1","max-image-preview":"max-image-preview:large","max-video-preview":"max-video-preview:-1"},"canonical":"https:\/\/ciudadyregion.com.co\/index.php\/gobernacion-del-tolima-avanza-proceso-para-la-construccion-del-comando-operativo-de-la-policia-en-el-espinal\/regional\/","og_locale":"es_ES","og_type":"article","og_title":"Gobernaci\u00f3n del Tolima Avanza proceso para la construcci\u00f3n del Comando Operativo de la Polic\u00eda en El Espinal - Ciudad y Region","og_description":"El proyecto contar\u00e1 con una inversi\u00f3n de m\u00e1s de treinta mil millones de pesos y fue uno de los importantes anuncios realizados en campa\u00f1a por la mandataria de los tolimenses, Adriana Matiz El Espinal, 4 de septiembre de 2024- Una de las apuestas m\u00e1s grandes en materia de seguridad continuaContinuar Leyendo","og_url":"https:\/\/ciudadyregion.com.co\/index.php\/gobernacion-del-tolima-avanza-proceso-para-la-construccion-del-comando-operativo-de-la-policia-en-el-espinal\/regional\/","og_site_name":"Ciudad y Region","article_published_time":"2024-09-05T13:53:16+00:00","og_image":[{"width":800,"height":445,"url":"https:\/\/ciudadyregion.com.co\/wp-content\/uploads\/2024\/09\/3-90.jpg","type":"image\/jpeg"}],"author":"David Andr\u00e9s Aguirre","twitter_card":"summary_large_image","twitter_misc":{"Escrito por":"David Andr\u00e9s Aguirre","Tiempo de lectura":"1 minuto"},"schema":{"@context":"https:\/\/schema.org","@graph":[{"@type":"WebPage","@id":"https:\/\/ciudadyregion.com.co\/index.php\/gobernacion-del-tolima-avanza-proceso-para-la-construccion-del-comando-operativo-de-la-policia-en-el-espinal\/regional\/","url":"https:\/\/ciudadyregion.com.co\/index.php\/gobernacion-del-tolima-avanza-proceso-para-la-construccion-del-comando-operativo-de-la-policia-en-el-espinal\/regional\/","name":"Gobernaci\u00f3n del Tolima Avanza proceso para la construcci\u00f3n del Comando Operativo de la Polic\u00eda en El Espinal - Ciudad y Region","isPartOf":{"@id":"https:\/\/ciudadyregion.com.co\/#website"},"primaryImageOfPage":{"@id":"https:\/\/ciudadyregion.com.co\/index.php\/gobernacion-del-tolima-avanza-proceso-para-la-construccion-del-comando-operativo-de-la-policia-en-el-espinal\/regional\/#primaryimage"},"image":{"@id":"https:\/\/ciudadyregion.com.co\/index.php\/gobernacion-del-tolima-avanza-proceso-para-la-construccion-del-comando-operativo-de-la-policia-en-el-espinal\/regional\/#primaryimage"},"thumbnailUrl":"https:\/\/i0.wp.com\/ciudadyregion.com.co\/wp-content\/uploads\/2024\/09\/3-90.jpg?fit=800%2C445&ssl=1","datePublished":"2024-09-05T13:53:16+00:00","dateModified":"2024-09-05T13:53:16+00:00","author":{"@id":"https:\/\/ciudadyregion.com.co\/#\/schema\/person\/04a4954373ebc4051f46e8c65ff78622"},"breadcrumb":{"@id":"https:\/\/ciudadyregion.com.co\/index.php\/gobernacion-del-tolima-avanza-proceso-para-la-construccion-del-comando-operativo-de-la-policia-en-el-espinal\/regional\/#breadcrumb"},"inLanguage":"es","potentialAction":[{"@type":"ReadAction","target":["https:\/\/ciudadyregion.com.co\/index.php\/gobernacion-del-tolima-avanza-proceso-para-la-construccion-del-comando-operativo-de-la-policia-en-el-espinal\/regional\/"]}]},{"@type":"ImageObject","inLanguage":"es","@id":"https:\/\/ciudadyregion.com.co\/index.php\/gobernacion-del-tolima-avanza-proceso-para-la-construccion-del-comando-operativo-de-la-policia-en-el-espinal\/regional\/#primaryimage","url":"https:\/\/i0.wp.com\/ciudadyregion.com.co\/wp-content\/uploads\/2024\/09\/3-90.jpg?fit=800%2C445&ssl=1","contentUrl":"https:\/\/i0.wp.com\/ciudadyregion.com.co\/wp-content\/uploads\/2024\/09\/3-90.jpg?fit=800%2C445&ssl=1","width":800,"height":445},{"@type":"BreadcrumbList","@id":"https:\/\/ciudadyregion.com.co\/index.php\/gobernacion-del-tolima-avanza-proceso-para-la-construccion-del-comando-operativo-de-la-policia-en-el-espinal\/regional\/#breadcrumb","itemListElement":[{"@type":"ListItem","position":1,"name":"Portada","item":"https:\/\/ciudadyregion.com.co\/"},{"@type":"ListItem","position":2,"name":"Gobernaci\u00f3n del Tolima Avanza proceso para la construcci\u00f3n del Comando Operativo de la Polic\u00eda en El Espinal"}]},{"@type":"WebSite","@id":"https:\/\/ciudadyregion.com.co\/#website","url":"https:\/\/ciudadyregion.com.co\/","name":"Ciudad y Region","description":"","potentialAction":[{"@type":"SearchAction","target":{"@type":"EntryPoint","urlTemplate":"https:\/\/ciudadyregion.com.co\/?s={search_term_string}"},"query-input":{"@type":"PropertyValueSpecification","valueRequired":true,"valueName":"search_term_string"}}],"inLanguage":"es"},{"@type":"Person","@id":"https:\/\/ciudadyregion.com.co\/#\/schema\/person\/04a4954373ebc4051f46e8c65ff78622","name":"David Andr\u00e9s Aguirre","image":{"@type":"ImageObject","inLanguage":"es","@id":"https:\/\/ciudadyregion.com.co\/#\/schema\/person\/image\/","url":"https:\/\/secure.gravatar.com\/avatar\/bc3c655860202182ee6d1b5edd042dbe?s=96&d=mm&r=g","contentUrl":"https:\/\/secure.gravatar.com\/avatar\/bc3c655860202182ee6d1b5edd042dbe?s=96&d=mm&r=g","caption":"David Andr\u00e9s Aguirre"},"url":"https:\/\/ciudadyregion.com.co\/index.php\/author\/diegoaguirre\/"}]}},"jetpack_featured_media_url":"https:\/\/i0.wp.com\/ciudadyregion.com.co\/wp-content\/uploads\/2024\/09\/3-90.jpg?fit=800%2C445&ssl=1","jetpack_sharing_enabled":true,"jetpack_shortlink":"https:\/\/wp.me\/pbS7hh-5vu","jetpack-related-posts":[],"_links":{"self":[{"href":"https:\/\/ciudadyregion.com.co\/index.php\/wp-json\/wp\/v2\/posts\/21172"}],"collection":[{"href":"https:\/\/ciudadyregion.com.co\/index.php\/wp-json\/wp\/v2\/posts"}],"about":[{"href":"https:\/\/ciudadyregion.com.co\/index.php\/wp-json\/wp\/v2\/types\/post"}],"author":[{"embeddable":true,"href":"https:\/\/ciudadyregion.com.co\/index.php\/wp-json\/wp\/v2\/users\/2"}],"replies":[{"embeddable":true,"href":"https:\/\/ciudadyregion.com.co\/index.php\/wp-json\/wp\/v2\/comments?post=21172"}],"version-history":[{"count":1,"href":"https:\/\/ciudadyregion.com.co\/index.php\/wp-json\/wp\/v2\/posts\/21172\/revisions"}],"predecessor-version":[{"id":21174,"href":"https:\/\/ciudadyregion.com.co\/index.php\/wp-json\/wp\/v2\/posts\/21172\/revisions\/21174"}],"wp:featuredmedia":[{"embeddable":true,"href":"https:\/\/ciudadyregion.com.co\/index.php\/wp-json\/wp\/v2\/media\/21173"}],"wp:attachment":[{"href":"https:\/\/ciudadyregion.com.co\/index.php\/wp-json\/wp\/v2\/media?parent=21172"}],"wp:term":[{"taxonomy":"category","embeddable":true,"href":"https:\/\/ciudadyregion.com.co\/index.php\/wp-json\/wp\/v2\/categories?post=21172"},{"taxonomy":"post_tag","embeddable":true,"href":"https:\/\/ciudadyregion.com.co\/index.php\/wp-json\/wp\/v2\/tags?post=21172"}],"curies":[{"name":"wp","href":"https:\/\/api.w.org\/{rel}","templated":true}]}}