{"id":2096,"date":"2023-11-20T08:40:12","date_gmt":"2023-11-20T13:40:12","guid":{"rendered":"https:\/\/ciudadyregion.com.co\/?p=2096"},"modified":"2023-11-20T08:40:12","modified_gmt":"2023-11-20T13:40:12","slug":"un-trabajador-del-ibal-denuncio-ser-victima-de-acoso-laboral-en-ibague","status":"publish","type":"post","link":"https:\/\/ciudadyregion.com.co\/index.php\/un-trabajador-del-ibal-denuncio-ser-victima-de-acoso-laboral-en-ibague\/ibague\/","title":{"rendered":"Un trabajador del IBAL denunci\u00f3 ser v\u00edctima de acoso laboral en Ibagu\u00e9"},"content":{"rendered":"<p>La Personer\u00eda de Ibagu\u00e9 conoci\u00f3 la denuncia de un empleado de la Empresa Ibaguere\u00f1a de Acueducto y Alcantarillado de Ibagu\u00e9, Ibal por acoso laboral ejercido por uno de sus superiores. Por lo anterior, orden\u00f3 iniciar una investigaci\u00f3n disciplinaria al interior de la entidad.<\/p>\n<p>El Delegado de Vigilancia Administrativa y Gesti\u00f3n P\u00fablica, determin\u00f3 iniciar el proceso \u201cdando tr\u00e1mite a una queja trasladada por la Procuradur\u00eda Provincial de instrucci\u00f3n de Ibagu\u00e9, donde un trabajador de la Empresa Ibaguere\u00f1a de Acueducto y Alcantarillado Ibal, acusa a su superior de ejercer actos que podr\u00edan configurar un posible caso de acoso laboral, la Personer\u00eda de Ibagu\u00e9 a trav\u00e9s de su delegada para la vigilancia administrativa y gesti\u00f3n p\u00fablica orden\u00f3 apertura de investigaci\u00f3n disciplinaria al interior de la empresa\u201d, inform\u00f3 Iv\u00e1n Quesada, Personero Delegado de Vigilancia Administrativa y Gesti\u00f3n P\u00fablica.<\/p>\n<p>A trav\u00e9s de la investigaci\u00f3n por parte del ente de control verificar\u00e1n la ocurrencia de la presunta conducta y determinar si es constitutiva de falta disciplinaria por parte del funcionario se\u00f1alado de ser responsable de acoso laboral.<\/p>\n<p>&nbsp;<\/p>\n<p>&nbsp;<\/p>\n<p>&nbsp;<\/p>\n<p>&nbsp;<\/p>\n<p>&nbsp;<\/p>\n<p>&nbsp;<\/p>\n<p>&nbsp;<\/p>\n<p>Cr\u00e9ditos: Nuevo d\u00eda Ibagu\u00e9<\/p>\n<p>Autora: Danna Londo\u00f1o<\/p>\n","protected":false},"excerpt":{"rendered":"<p>La Personer\u00eda de Ibagu\u00e9 conoci\u00f3 la denuncia de un empleado de la Empresa Ibaguere\u00f1a de Acueducto y Alcantarillado de Ibagu\u00e9, Ibal por acoso laboral ejercido por uno de sus superiores. Por lo anterior, orden\u00f3 iniciar una investigaci\u00f3n disciplinaria al interior de la entidad. El Delegado de Vigilancia Administrativa y Gesti\u00f3n<span class=\"more-link\"><a href=\"https:\/\/ciudadyregion.com.co\/index.php\/un-trabajador-del-ibal-denuncio-ser-victima-de-acoso-laboral-en-ibague\/ibague\/\">Continuar Leyendo<\/a><\/span><\/p>\n","protected":false},"author":2,"featured_media":2097,"comment_status":"open","ping_status":"open","sticky":false,"template":"","format":"standard","meta":{"_uf_show_specific_survey":0,"_uf_disable_surveys":false,"_jetpack_memberships_contains_paid_content":false,"footnotes":"","jetpack_publicize_message":"","jetpack_publicize_feature_enabled":true,"jetpack_social_post_already_shared":true,"jetpack_social_options":{"image_generator_settings":{"template":"highway","enabled":false},"version":2}},"categories":[14],"tags":[],"class_list":["entry","author-diegoaguirre","post-2096","post","type-post","status-publish","format-standard","has-post-thumbnail","category-ibague"],"jetpack_publicize_connections":[],"yoast_head":"<!-- This site is optimized with the Yoast SEO plugin v24.3 - https:\/\/yoast.com\/wordpress\/plugins\/seo\/ -->\n<title>Un trabajador del IBAL denunci\u00f3 ser v\u00edctima de acoso laboral en Ibagu\u00e9 - Ciudad y Region<\/title>\n<meta name=\"robots\" content=\"index, follow, max-snippet:-1, max-image-preview:large, max-video-preview:-1\" \/>\n<link rel=\"canonical\" href=\"https:\/\/ciudadyregion.com.co\/index.php\/un-trabajador-del-ibal-denuncio-ser-victima-de-acoso-laboral-en-ibague\/ibague\/\" \/>\n<meta property=\"og:locale\" content=\"es_ES\" \/>\n<meta property=\"og:type\" content=\"article\" \/>\n<meta property=\"og:title\" content=\"Un trabajador del IBAL denunci\u00f3 ser v\u00edctima de acoso laboral en Ibagu\u00e9 - Ciudad y Region\" \/>\n<meta property=\"og:description\" content=\"La Personer\u00eda de Ibagu\u00e9 conoci\u00f3 la denuncia de un empleado de la Empresa Ibaguere\u00f1a de Acueducto y Alcantarillado de Ibagu\u00e9, Ibal por acoso laboral ejercido por uno de sus superiores. Por lo anterior, orden\u00f3 iniciar una investigaci\u00f3n disciplinaria al interior de la entidad. El Delegado de Vigilancia Administrativa y Gesti\u00f3nContinuar Leyendo\" \/>\n<meta property=\"og:url\" content=\"https:\/\/ciudadyregion.com.co\/index.php\/un-trabajador-del-ibal-denuncio-ser-victima-de-acoso-laboral-en-ibague\/ibague\/\" \/>\n<meta property=\"og:site_name\" content=\"Ciudad y Region\" \/>\n<meta property=\"article:published_time\" content=\"2023-11-20T13:40:12+00:00\" \/>\n<meta property=\"og:image\" content=\"https:\/\/ciudadyregion.com.co\/wp-content\/uploads\/2023\/11\/IBAL.jpg\" \/>\n\t<meta property=\"og:image:width\" content=\"800\" \/>\n\t<meta property=\"og:image:height\" content=\"445\" \/>\n\t<meta property=\"og:image:type\" content=\"image\/jpeg\" \/>\n<meta name=\"author\" content=\"David Andr\u00e9s Aguirre\" \/>\n<meta name=\"twitter:card\" content=\"summary_large_image\" \/>\n<meta name=\"twitter:label1\" content=\"Escrito por\" \/>\n\t<meta name=\"twitter:data1\" content=\"David Andr\u00e9s Aguirre\" \/>\n\t<meta name=\"twitter:label2\" content=\"Tiempo de lectura\" \/>\n\t<meta name=\"twitter:data2\" content=\"1 minuto\" \/>\n<script type=\"application\/ld+json\" class=\"yoast-schema-graph\">{\"@context\":\"https:\/\/schema.org\",\"@graph\":[{\"@type\":\"WebPage\",\"@id\":\"https:\/\/ciudadyregion.com.co\/index.php\/un-trabajador-del-ibal-denuncio-ser-victima-de-acoso-laboral-en-ibague\/ibague\/\",\"url\":\"https:\/\/ciudadyregion.com.co\/index.php\/un-trabajador-del-ibal-denuncio-ser-victima-de-acoso-laboral-en-ibague\/ibague\/\",\"name\":\"Un trabajador del IBAL denunci\u00f3 ser v\u00edctima de acoso laboral en Ibagu\u00e9 - Ciudad y Region\",\"isPartOf\":{\"@id\":\"https:\/\/ciudadyregion.com.co\/#website\"},\"primaryImageOfPage\":{\"@id\":\"https:\/\/ciudadyregion.com.co\/index.php\/un-trabajador-del-ibal-denuncio-ser-victima-de-acoso-laboral-en-ibague\/ibague\/#primaryimage\"},\"image\":{\"@id\":\"https:\/\/ciudadyregion.com.co\/index.php\/un-trabajador-del-ibal-denuncio-ser-victima-de-acoso-laboral-en-ibague\/ibague\/#primaryimage\"},\"thumbnailUrl\":\"https:\/\/i0.wp.com\/ciudadyregion.com.co\/wp-content\/uploads\/2023\/11\/IBAL.jpg?fit=800%2C445&ssl=1\",\"datePublished\":\"2023-11-20T13:40:12+00:00\",\"dateModified\":\"2023-11-20T13:40:12+00:00\",\"author\":{\"@id\":\"https:\/\/ciudadyregion.com.co\/#\/schema\/person\/04a4954373ebc4051f46e8c65ff78622\"},\"breadcrumb\":{\"@id\":\"https:\/\/ciudadyregion.com.co\/index.php\/un-trabajador-del-ibal-denuncio-ser-victima-de-acoso-laboral-en-ibague\/ibague\/#breadcrumb\"},\"inLanguage\":\"es\",\"potentialAction\":[{\"@type\":\"ReadAction\",\"target\":[\"https:\/\/ciudadyregion.com.co\/index.php\/un-trabajador-del-ibal-denuncio-ser-victima-de-acoso-laboral-en-ibague\/ibague\/\"]}]},{\"@type\":\"ImageObject\",\"inLanguage\":\"es\",\"@id\":\"https:\/\/ciudadyregion.com.co\/index.php\/un-trabajador-del-ibal-denuncio-ser-victima-de-acoso-laboral-en-ibague\/ibague\/#primaryimage\",\"url\":\"https:\/\/i0.wp.com\/ciudadyregion.com.co\/wp-content\/uploads\/2023\/11\/IBAL.jpg?fit=800%2C445&ssl=1\",\"contentUrl\":\"https:\/\/i0.wp.com\/ciudadyregion.com.co\/wp-content\/uploads\/2023\/11\/IBAL.jpg?fit=800%2C445&ssl=1\",\"width\":800,\"height\":445},{\"@type\":\"BreadcrumbList\",\"@id\":\"https:\/\/ciudadyregion.com.co\/index.php\/un-trabajador-del-ibal-denuncio-ser-victima-de-acoso-laboral-en-ibague\/ibague\/#breadcrumb\",\"itemListElement\":[{\"@type\":\"ListItem\",\"position\":1,\"name\":\"Portada\",\"item\":\"https:\/\/ciudadyregion.com.co\/\"},{\"@type\":\"ListItem\",\"position\":2,\"name\":\"Un trabajador del IBAL denunci\u00f3 ser v\u00edctima de acoso laboral en Ibagu\u00e9\"}]},{\"@type\":\"WebSite\",\"@id\":\"https:\/\/ciudadyregion.com.co\/#website\",\"url\":\"https:\/\/ciudadyregion.com.co\/\",\"name\":\"Ciudad y Region\",\"description\":\"\",\"potentialAction\":[{\"@type\":\"SearchAction\",\"target\":{\"@type\":\"EntryPoint\",\"urlTemplate\":\"https:\/\/ciudadyregion.com.co\/?s={search_term_string}\"},\"query-input\":{\"@type\":\"PropertyValueSpecification\",\"valueRequired\":true,\"valueName\":\"search_term_string\"}}],\"inLanguage\":\"es\"},{\"@type\":\"Person\",\"@id\":\"https:\/\/ciudadyregion.com.co\/#\/schema\/person\/04a4954373ebc4051f46e8c65ff78622\",\"name\":\"David Andr\u00e9s Aguirre\",\"image\":{\"@type\":\"ImageObject\",\"inLanguage\":\"es\",\"@id\":\"https:\/\/ciudadyregion.com.co\/#\/schema\/person\/image\/\",\"url\":\"https:\/\/secure.gravatar.com\/avatar\/bc3c655860202182ee6d1b5edd042dbe?s=96&d=mm&r=g\",\"contentUrl\":\"https:\/\/secure.gravatar.com\/avatar\/bc3c655860202182ee6d1b5edd042dbe?s=96&d=mm&r=g\",\"caption\":\"David Andr\u00e9s Aguirre\"},\"url\":\"https:\/\/ciudadyregion.com.co\/index.php\/author\/diegoaguirre\/\"}]}<\/script>\n<!-- \/ Yoast SEO plugin. -->","yoast_head_json":{"title":"Un trabajador del IBAL denunci\u00f3 ser v\u00edctima de acoso laboral en Ibagu\u00e9 - Ciudad y Region","robots":{"index":"index","follow":"follow","max-snippet":"max-snippet:-1","max-image-preview":"max-image-preview:large","max-video-preview":"max-video-preview:-1"},"canonical":"https:\/\/ciudadyregion.com.co\/index.php\/un-trabajador-del-ibal-denuncio-ser-victima-de-acoso-laboral-en-ibague\/ibague\/","og_locale":"es_ES","og_type":"article","og_title":"Un trabajador del IBAL denunci\u00f3 ser v\u00edctima de acoso laboral en Ibagu\u00e9 - Ciudad y Region","og_description":"La Personer\u00eda de Ibagu\u00e9 conoci\u00f3 la denuncia de un empleado de la Empresa Ibaguere\u00f1a de Acueducto y Alcantarillado de Ibagu\u00e9, Ibal por acoso laboral ejercido por uno de sus superiores. Por lo anterior, orden\u00f3 iniciar una investigaci\u00f3n disciplinaria al interior de la entidad. El Delegado de Vigilancia Administrativa y Gesti\u00f3nContinuar Leyendo","og_url":"https:\/\/ciudadyregion.com.co\/index.php\/un-trabajador-del-ibal-denuncio-ser-victima-de-acoso-laboral-en-ibague\/ibague\/","og_site_name":"Ciudad y Region","article_published_time":"2023-11-20T13:40:12+00:00","og_image":[{"width":800,"height":445,"url":"https:\/\/ciudadyregion.com.co\/wp-content\/uploads\/2023\/11\/IBAL.jpg","type":"image\/jpeg"}],"author":"David Andr\u00e9s Aguirre","twitter_card":"summary_large_image","twitter_misc":{"Escrito por":"David Andr\u00e9s Aguirre","Tiempo de lectura":"1 minuto"},"schema":{"@context":"https:\/\/schema.org","@graph":[{"@type":"WebPage","@id":"https:\/\/ciudadyregion.com.co\/index.php\/un-trabajador-del-ibal-denuncio-ser-victima-de-acoso-laboral-en-ibague\/ibague\/","url":"https:\/\/ciudadyregion.com.co\/index.php\/un-trabajador-del-ibal-denuncio-ser-victima-de-acoso-laboral-en-ibague\/ibague\/","name":"Un trabajador del IBAL denunci\u00f3 ser v\u00edctima de acoso laboral en Ibagu\u00e9 - Ciudad y Region","isPartOf":{"@id":"https:\/\/ciudadyregion.com.co\/#website"},"primaryImageOfPage":{"@id":"https:\/\/ciudadyregion.com.co\/index.php\/un-trabajador-del-ibal-denuncio-ser-victima-de-acoso-laboral-en-ibague\/ibague\/#primaryimage"},"image":{"@id":"https:\/\/ciudadyregion.com.co\/index.php\/un-trabajador-del-ibal-denuncio-ser-victima-de-acoso-laboral-en-ibague\/ibague\/#primaryimage"},"thumbnailUrl":"https:\/\/i0.wp.com\/ciudadyregion.com.co\/wp-content\/uploads\/2023\/11\/IBAL.jpg?fit=800%2C445&ssl=1","datePublished":"2023-11-20T13:40:12+00:00","dateModified":"2023-11-20T13:40:12+00:00","author":{"@id":"https:\/\/ciudadyregion.com.co\/#\/schema\/person\/04a4954373ebc4051f46e8c65ff78622"},"breadcrumb":{"@id":"https:\/\/ciudadyregion.com.co\/index.php\/un-trabajador-del-ibal-denuncio-ser-victima-de-acoso-laboral-en-ibague\/ibague\/#breadcrumb"},"inLanguage":"es","potentialAction":[{"@type":"ReadAction","target":["https:\/\/ciudadyregion.com.co\/index.php\/un-trabajador-del-ibal-denuncio-ser-victima-de-acoso-laboral-en-ibague\/ibague\/"]}]},{"@type":"ImageObject","inLanguage":"es","@id":"https:\/\/ciudadyregion.com.co\/index.php\/un-trabajador-del-ibal-denuncio-ser-victima-de-acoso-laboral-en-ibague\/ibague\/#primaryimage","url":"https:\/\/i0.wp.com\/ciudadyregion.com.co\/wp-content\/uploads\/2023\/11\/IBAL.jpg?fit=800%2C445&ssl=1","contentUrl":"https:\/\/i0.wp.com\/ciudadyregion.com.co\/wp-content\/uploads\/2023\/11\/IBAL.jpg?fit=800%2C445&ssl=1","width":800,"height":445},{"@type":"BreadcrumbList","@id":"https:\/\/ciudadyregion.com.co\/index.php\/un-trabajador-del-ibal-denuncio-ser-victima-de-acoso-laboral-en-ibague\/ibague\/#breadcrumb","itemListElement":[{"@type":"ListItem","position":1,"name":"Portada","item":"https:\/\/ciudadyregion.com.co\/"},{"@type":"ListItem","position":2,"name":"Un trabajador del IBAL denunci\u00f3 ser v\u00edctima de acoso laboral en Ibagu\u00e9"}]},{"@type":"WebSite","@id":"https:\/\/ciudadyregion.com.co\/#website","url":"https:\/\/ciudadyregion.com.co\/","name":"Ciudad y Region","description":"","potentialAction":[{"@type":"SearchAction","target":{"@type":"EntryPoint","urlTemplate":"https:\/\/ciudadyregion.com.co\/?s={search_term_string}"},"query-input":{"@type":"PropertyValueSpecification","valueRequired":true,"valueName":"search_term_string"}}],"inLanguage":"es"},{"@type":"Person","@id":"https:\/\/ciudadyregion.com.co\/#\/schema\/person\/04a4954373ebc4051f46e8c65ff78622","name":"David Andr\u00e9s Aguirre","image":{"@type":"ImageObject","inLanguage":"es","@id":"https:\/\/ciudadyregion.com.co\/#\/schema\/person\/image\/","url":"https:\/\/secure.gravatar.com\/avatar\/bc3c655860202182ee6d1b5edd042dbe?s=96&d=mm&r=g","contentUrl":"https:\/\/secure.gravatar.com\/avatar\/bc3c655860202182ee6d1b5edd042dbe?s=96&d=mm&r=g","caption":"David Andr\u00e9s Aguirre"},"url":"https:\/\/ciudadyregion.com.co\/index.php\/author\/diegoaguirre\/"}]}},"jetpack_featured_media_url":"https:\/\/i0.wp.com\/ciudadyregion.com.co\/wp-content\/uploads\/2023\/11\/IBAL.jpg?fit=800%2C445&ssl=1","jetpack_sharing_enabled":true,"jetpack_shortlink":"https:\/\/wp.me\/pbS7hh-xO","jetpack-related-posts":[],"_links":{"self":[{"href":"https:\/\/ciudadyregion.com.co\/index.php\/wp-json\/wp\/v2\/posts\/2096"}],"collection":[{"href":"https:\/\/ciudadyregion.com.co\/index.php\/wp-json\/wp\/v2\/posts"}],"about":[{"href":"https:\/\/ciudadyregion.com.co\/index.php\/wp-json\/wp\/v2\/types\/post"}],"author":[{"embeddable":true,"href":"https:\/\/ciudadyregion.com.co\/index.php\/wp-json\/wp\/v2\/users\/2"}],"replies":[{"embeddable":true,"href":"https:\/\/ciudadyregion.com.co\/index.php\/wp-json\/wp\/v2\/comments?post=2096"}],"version-history":[{"count":1,"href":"https:\/\/ciudadyregion.com.co\/index.php\/wp-json\/wp\/v2\/posts\/2096\/revisions"}],"predecessor-version":[{"id":2098,"href":"https:\/\/ciudadyregion.com.co\/index.php\/wp-json\/wp\/v2\/posts\/2096\/revisions\/2098"}],"wp:featuredmedia":[{"embeddable":true,"href":"https:\/\/ciudadyregion.com.co\/index.php\/wp-json\/wp\/v2\/media\/2097"}],"wp:attachment":[{"href":"https:\/\/ciudadyregion.com.co\/index.php\/wp-json\/wp\/v2\/media?parent=2096"}],"wp:term":[{"taxonomy":"category","embeddable":true,"href":"https:\/\/ciudadyregion.com.co\/index.php\/wp-json\/wp\/v2\/categories?post=2096"},{"taxonomy":"post_tag","embeddable":true,"href":"https:\/\/ciudadyregion.com.co\/index.php\/wp-json\/wp\/v2\/tags?post=2096"}],"curies":[{"name":"wp","href":"https:\/\/api.w.org\/{rel}","templated":true}]}}