{"id":2093,"date":"2023-11-20T08:16:37","date_gmt":"2023-11-20T13:16:37","guid":{"rendered":"https:\/\/ciudadyregion.com.co\/?p=2093"},"modified":"2023-11-20T08:16:37","modified_gmt":"2023-11-20T13:16:37","slug":"hombre-que-conducia-un-vehiculo-de-carga-se-volco-y-fallecio-en-guaduas-cundinamarca","status":"publish","type":"post","link":"https:\/\/ciudadyregion.com.co\/index.php\/hombre-que-conducia-un-vehiculo-de-carga-se-volco-y-fallecio-en-guaduas-cundinamarca\/regional\/","title":{"rendered":"Hombre que conduc\u00eda un veh\u00edculo de carga se volc\u00f3 y falleci\u00f3 en Guaduas-Cundinamarca"},"content":{"rendered":"<p>&nbsp;<\/p>\n<p>El conductor de un veh\u00edculo de carga falleci\u00f3 luego que sufriera volcamiento. Viajaba con un cargamento de arroz desde Villavicencio y su destino, por ahora, es desconocido.<\/p>\n<p>Las primeras informaciones sobre el percance se conocieron a trav\u00e9s de mensajes a trav\u00e9s de las redes sociales la madrugada de este domingo 19 de noviembre.<\/p>\n<p>Se\u00f1alan los reportes que el tr\u00e1gico suceso involucra a un veh\u00edculo de carga con matr\u00edcula SWK 731. \u201cUna mulita se volc\u00f3 bajando Guaduas. El hombre (conductor) falleci\u00f3\u201d, se\u00f1ala el mensaje que compa\u00f1a un video conocido a trav\u00e9s de las redes sociales.<\/p>\n<p>Otras informaciones se\u00f1alan que este, parece, era el primer relevo que cumpl\u00eda la v\u00edctima fatal. Sin embargo, de momento, se desconoce la identidad del conductor fallecido.<\/p>\n<p><em>Noticia en desarrollo\u2026<\/em><\/p>\n<p>&nbsp;<\/p>\n<p>&nbsp;<\/p>\n<p>&nbsp;<\/p>\n<p>&nbsp;<\/p>\n<p>&nbsp;<\/p>\n<p>Cr\u00e9ditos: Gobernaci\u00f3n Cundinamarca<\/p>\n<p>Autora: Danna Londo\u00f1o<\/p>\n","protected":false},"excerpt":{"rendered":"<p>&nbsp; El conductor de un veh\u00edculo de carga falleci\u00f3 luego que sufriera volcamiento. Viajaba con un cargamento de arroz desde Villavicencio y su destino, por ahora, es desconocido. Las primeras informaciones sobre el percance se conocieron a trav\u00e9s de mensajes a trav\u00e9s de las redes sociales la madrugada de este<span class=\"more-link\"><a href=\"https:\/\/ciudadyregion.com.co\/index.php\/hombre-que-conducia-un-vehiculo-de-carga-se-volco-y-fallecio-en-guaduas-cundinamarca\/regional\/\">Continuar Leyendo<\/a><\/span><\/p>\n","protected":false},"author":2,"featured_media":2095,"comment_status":"open","ping_status":"open","sticky":false,"template":"","format":"standard","meta":{"_uf_show_specific_survey":0,"_uf_disable_surveys":false,"_jetpack_memberships_contains_paid_content":false,"footnotes":"","jetpack_publicize_message":"","jetpack_publicize_feature_enabled":true,"jetpack_social_post_already_shared":true,"jetpack_social_options":{"image_generator_settings":{"template":"highway","enabled":false},"version":2}},"categories":[13],"tags":[],"class_list":["entry","author-diegoaguirre","post-2093","post","type-post","status-publish","format-standard","has-post-thumbnail","category-regional"],"jetpack_publicize_connections":[],"yoast_head":"<!-- This site is optimized with the Yoast SEO plugin v24.3 - https:\/\/yoast.com\/wordpress\/plugins\/seo\/ -->\n<title>Hombre que conduc\u00eda un veh\u00edculo de carga se volc\u00f3 y falleci\u00f3 en Guaduas-Cundinamarca - Ciudad y Region<\/title>\n<meta name=\"robots\" content=\"index, follow, max-snippet:-1, max-image-preview:large, max-video-preview:-1\" \/>\n<link rel=\"canonical\" href=\"https:\/\/ciudadyregion.com.co\/index.php\/hombre-que-conducia-un-vehiculo-de-carga-se-volco-y-fallecio-en-guaduas-cundinamarca\/regional\/\" \/>\n<meta property=\"og:locale\" content=\"es_ES\" \/>\n<meta property=\"og:type\" content=\"article\" \/>\n<meta property=\"og:title\" content=\"Hombre que conduc\u00eda un veh\u00edculo de carga se volc\u00f3 y falleci\u00f3 en Guaduas-Cundinamarca - Ciudad y Region\" \/>\n<meta property=\"og:description\" content=\"&nbsp; El conductor de un veh\u00edculo de carga falleci\u00f3 luego que sufriera volcamiento. Viajaba con un cargamento de arroz desde Villavicencio y su destino, por ahora, es desconocido. Las primeras informaciones sobre el percance se conocieron a trav\u00e9s de mensajes a trav\u00e9s de las redes sociales la madrugada de esteContinuar Leyendo\" \/>\n<meta property=\"og:url\" content=\"https:\/\/ciudadyregion.com.co\/index.php\/hombre-que-conducia-un-vehiculo-de-carga-se-volco-y-fallecio-en-guaduas-cundinamarca\/regional\/\" \/>\n<meta property=\"og:site_name\" content=\"Ciudad y Region\" \/>\n<meta property=\"article:published_time\" content=\"2023-11-20T13:16:37+00:00\" \/>\n<meta property=\"og:image\" content=\"https:\/\/ciudadyregion.com.co\/wp-content\/uploads\/2023\/11\/44.jpg\" \/>\n\t<meta property=\"og:image:width\" content=\"800\" \/>\n\t<meta property=\"og:image:height\" content=\"445\" \/>\n\t<meta property=\"og:image:type\" content=\"image\/jpeg\" \/>\n<meta name=\"author\" content=\"David Andr\u00e9s Aguirre\" \/>\n<meta name=\"twitter:card\" content=\"summary_large_image\" \/>\n<meta name=\"twitter:label1\" content=\"Escrito por\" \/>\n\t<meta name=\"twitter:data1\" content=\"David Andr\u00e9s Aguirre\" \/>\n\t<meta name=\"twitter:label2\" content=\"Tiempo de lectura\" \/>\n\t<meta name=\"twitter:data2\" content=\"1 minuto\" \/>\n<script type=\"application\/ld+json\" class=\"yoast-schema-graph\">{\"@context\":\"https:\/\/schema.org\",\"@graph\":[{\"@type\":\"WebPage\",\"@id\":\"https:\/\/ciudadyregion.com.co\/index.php\/hombre-que-conducia-un-vehiculo-de-carga-se-volco-y-fallecio-en-guaduas-cundinamarca\/regional\/\",\"url\":\"https:\/\/ciudadyregion.com.co\/index.php\/hombre-que-conducia-un-vehiculo-de-carga-se-volco-y-fallecio-en-guaduas-cundinamarca\/regional\/\",\"name\":\"Hombre que conduc\u00eda un veh\u00edculo de carga se volc\u00f3 y falleci\u00f3 en Guaduas-Cundinamarca - Ciudad y Region\",\"isPartOf\":{\"@id\":\"https:\/\/ciudadyregion.com.co\/#website\"},\"primaryImageOfPage\":{\"@id\":\"https:\/\/ciudadyregion.com.co\/index.php\/hombre-que-conducia-un-vehiculo-de-carga-se-volco-y-fallecio-en-guaduas-cundinamarca\/regional\/#primaryimage\"},\"image\":{\"@id\":\"https:\/\/ciudadyregion.com.co\/index.php\/hombre-que-conducia-un-vehiculo-de-carga-se-volco-y-fallecio-en-guaduas-cundinamarca\/regional\/#primaryimage\"},\"thumbnailUrl\":\"https:\/\/i0.wp.com\/ciudadyregion.com.co\/wp-content\/uploads\/2023\/11\/44.jpg?fit=800%2C445&ssl=1\",\"datePublished\":\"2023-11-20T13:16:37+00:00\",\"dateModified\":\"2023-11-20T13:16:37+00:00\",\"author\":{\"@id\":\"https:\/\/ciudadyregion.com.co\/#\/schema\/person\/04a4954373ebc4051f46e8c65ff78622\"},\"breadcrumb\":{\"@id\":\"https:\/\/ciudadyregion.com.co\/index.php\/hombre-que-conducia-un-vehiculo-de-carga-se-volco-y-fallecio-en-guaduas-cundinamarca\/regional\/#breadcrumb\"},\"inLanguage\":\"es\",\"potentialAction\":[{\"@type\":\"ReadAction\",\"target\":[\"https:\/\/ciudadyregion.com.co\/index.php\/hombre-que-conducia-un-vehiculo-de-carga-se-volco-y-fallecio-en-guaduas-cundinamarca\/regional\/\"]}]},{\"@type\":\"ImageObject\",\"inLanguage\":\"es\",\"@id\":\"https:\/\/ciudadyregion.com.co\/index.php\/hombre-que-conducia-un-vehiculo-de-carga-se-volco-y-fallecio-en-guaduas-cundinamarca\/regional\/#primaryimage\",\"url\":\"https:\/\/i0.wp.com\/ciudadyregion.com.co\/wp-content\/uploads\/2023\/11\/44.jpg?fit=800%2C445&ssl=1\",\"contentUrl\":\"https:\/\/i0.wp.com\/ciudadyregion.com.co\/wp-content\/uploads\/2023\/11\/44.jpg?fit=800%2C445&ssl=1\",\"width\":800,\"height\":445},{\"@type\":\"BreadcrumbList\",\"@id\":\"https:\/\/ciudadyregion.com.co\/index.php\/hombre-que-conducia-un-vehiculo-de-carga-se-volco-y-fallecio-en-guaduas-cundinamarca\/regional\/#breadcrumb\",\"itemListElement\":[{\"@type\":\"ListItem\",\"position\":1,\"name\":\"Portada\",\"item\":\"https:\/\/ciudadyregion.com.co\/\"},{\"@type\":\"ListItem\",\"position\":2,\"name\":\"Hombre que conduc\u00eda un veh\u00edculo de carga se volc\u00f3 y falleci\u00f3 en Guaduas-Cundinamarca\"}]},{\"@type\":\"WebSite\",\"@id\":\"https:\/\/ciudadyregion.com.co\/#website\",\"url\":\"https:\/\/ciudadyregion.com.co\/\",\"name\":\"Ciudad y Region\",\"description\":\"\",\"potentialAction\":[{\"@type\":\"SearchAction\",\"target\":{\"@type\":\"EntryPoint\",\"urlTemplate\":\"https:\/\/ciudadyregion.com.co\/?s={search_term_string}\"},\"query-input\":{\"@type\":\"PropertyValueSpecification\",\"valueRequired\":true,\"valueName\":\"search_term_string\"}}],\"inLanguage\":\"es\"},{\"@type\":\"Person\",\"@id\":\"https:\/\/ciudadyregion.com.co\/#\/schema\/person\/04a4954373ebc4051f46e8c65ff78622\",\"name\":\"David Andr\u00e9s Aguirre\",\"image\":{\"@type\":\"ImageObject\",\"inLanguage\":\"es\",\"@id\":\"https:\/\/ciudadyregion.com.co\/#\/schema\/person\/image\/\",\"url\":\"https:\/\/secure.gravatar.com\/avatar\/bc3c655860202182ee6d1b5edd042dbe?s=96&d=mm&r=g\",\"contentUrl\":\"https:\/\/secure.gravatar.com\/avatar\/bc3c655860202182ee6d1b5edd042dbe?s=96&d=mm&r=g\",\"caption\":\"David Andr\u00e9s Aguirre\"},\"url\":\"https:\/\/ciudadyregion.com.co\/index.php\/author\/diegoaguirre\/\"}]}<\/script>\n<!-- \/ Yoast SEO plugin. -->","yoast_head_json":{"title":"Hombre que conduc\u00eda un veh\u00edculo de carga se volc\u00f3 y falleci\u00f3 en Guaduas-Cundinamarca - Ciudad y Region","robots":{"index":"index","follow":"follow","max-snippet":"max-snippet:-1","max-image-preview":"max-image-preview:large","max-video-preview":"max-video-preview:-1"},"canonical":"https:\/\/ciudadyregion.com.co\/index.php\/hombre-que-conducia-un-vehiculo-de-carga-se-volco-y-fallecio-en-guaduas-cundinamarca\/regional\/","og_locale":"es_ES","og_type":"article","og_title":"Hombre que conduc\u00eda un veh\u00edculo de carga se volc\u00f3 y falleci\u00f3 en Guaduas-Cundinamarca - Ciudad y Region","og_description":"&nbsp; El conductor de un veh\u00edculo de carga falleci\u00f3 luego que sufriera volcamiento. Viajaba con un cargamento de arroz desde Villavicencio y su destino, por ahora, es desconocido. Las primeras informaciones sobre el percance se conocieron a trav\u00e9s de mensajes a trav\u00e9s de las redes sociales la madrugada de esteContinuar Leyendo","og_url":"https:\/\/ciudadyregion.com.co\/index.php\/hombre-que-conducia-un-vehiculo-de-carga-se-volco-y-fallecio-en-guaduas-cundinamarca\/regional\/","og_site_name":"Ciudad y Region","article_published_time":"2023-11-20T13:16:37+00:00","og_image":[{"width":800,"height":445,"url":"https:\/\/ciudadyregion.com.co\/wp-content\/uploads\/2023\/11\/44.jpg","type":"image\/jpeg"}],"author":"David Andr\u00e9s Aguirre","twitter_card":"summary_large_image","twitter_misc":{"Escrito por":"David Andr\u00e9s Aguirre","Tiempo de lectura":"1 minuto"},"schema":{"@context":"https:\/\/schema.org","@graph":[{"@type":"WebPage","@id":"https:\/\/ciudadyregion.com.co\/index.php\/hombre-que-conducia-un-vehiculo-de-carga-se-volco-y-fallecio-en-guaduas-cundinamarca\/regional\/","url":"https:\/\/ciudadyregion.com.co\/index.php\/hombre-que-conducia-un-vehiculo-de-carga-se-volco-y-fallecio-en-guaduas-cundinamarca\/regional\/","name":"Hombre que conduc\u00eda un veh\u00edculo de carga se volc\u00f3 y falleci\u00f3 en Guaduas-Cundinamarca - Ciudad y Region","isPartOf":{"@id":"https:\/\/ciudadyregion.com.co\/#website"},"primaryImageOfPage":{"@id":"https:\/\/ciudadyregion.com.co\/index.php\/hombre-que-conducia-un-vehiculo-de-carga-se-volco-y-fallecio-en-guaduas-cundinamarca\/regional\/#primaryimage"},"image":{"@id":"https:\/\/ciudadyregion.com.co\/index.php\/hombre-que-conducia-un-vehiculo-de-carga-se-volco-y-fallecio-en-guaduas-cundinamarca\/regional\/#primaryimage"},"thumbnailUrl":"https:\/\/i0.wp.com\/ciudadyregion.com.co\/wp-content\/uploads\/2023\/11\/44.jpg?fit=800%2C445&ssl=1","datePublished":"2023-11-20T13:16:37+00:00","dateModified":"2023-11-20T13:16:37+00:00","author":{"@id":"https:\/\/ciudadyregion.com.co\/#\/schema\/person\/04a4954373ebc4051f46e8c65ff78622"},"breadcrumb":{"@id":"https:\/\/ciudadyregion.com.co\/index.php\/hombre-que-conducia-un-vehiculo-de-carga-se-volco-y-fallecio-en-guaduas-cundinamarca\/regional\/#breadcrumb"},"inLanguage":"es","potentialAction":[{"@type":"ReadAction","target":["https:\/\/ciudadyregion.com.co\/index.php\/hombre-que-conducia-un-vehiculo-de-carga-se-volco-y-fallecio-en-guaduas-cundinamarca\/regional\/"]}]},{"@type":"ImageObject","inLanguage":"es","@id":"https:\/\/ciudadyregion.com.co\/index.php\/hombre-que-conducia-un-vehiculo-de-carga-se-volco-y-fallecio-en-guaduas-cundinamarca\/regional\/#primaryimage","url":"https:\/\/i0.wp.com\/ciudadyregion.com.co\/wp-content\/uploads\/2023\/11\/44.jpg?fit=800%2C445&ssl=1","contentUrl":"https:\/\/i0.wp.com\/ciudadyregion.com.co\/wp-content\/uploads\/2023\/11\/44.jpg?fit=800%2C445&ssl=1","width":800,"height":445},{"@type":"BreadcrumbList","@id":"https:\/\/ciudadyregion.com.co\/index.php\/hombre-que-conducia-un-vehiculo-de-carga-se-volco-y-fallecio-en-guaduas-cundinamarca\/regional\/#breadcrumb","itemListElement":[{"@type":"ListItem","position":1,"name":"Portada","item":"https:\/\/ciudadyregion.com.co\/"},{"@type":"ListItem","position":2,"name":"Hombre que conduc\u00eda un veh\u00edculo de carga se volc\u00f3 y falleci\u00f3 en Guaduas-Cundinamarca"}]},{"@type":"WebSite","@id":"https:\/\/ciudadyregion.com.co\/#website","url":"https:\/\/ciudadyregion.com.co\/","name":"Ciudad y Region","description":"","potentialAction":[{"@type":"SearchAction","target":{"@type":"EntryPoint","urlTemplate":"https:\/\/ciudadyregion.com.co\/?s={search_term_string}"},"query-input":{"@type":"PropertyValueSpecification","valueRequired":true,"valueName":"search_term_string"}}],"inLanguage":"es"},{"@type":"Person","@id":"https:\/\/ciudadyregion.com.co\/#\/schema\/person\/04a4954373ebc4051f46e8c65ff78622","name":"David Andr\u00e9s Aguirre","image":{"@type":"ImageObject","inLanguage":"es","@id":"https:\/\/ciudadyregion.com.co\/#\/schema\/person\/image\/","url":"https:\/\/secure.gravatar.com\/avatar\/bc3c655860202182ee6d1b5edd042dbe?s=96&d=mm&r=g","contentUrl":"https:\/\/secure.gravatar.com\/avatar\/bc3c655860202182ee6d1b5edd042dbe?s=96&d=mm&r=g","caption":"David Andr\u00e9s Aguirre"},"url":"https:\/\/ciudadyregion.com.co\/index.php\/author\/diegoaguirre\/"}]}},"jetpack_featured_media_url":"https:\/\/i0.wp.com\/ciudadyregion.com.co\/wp-content\/uploads\/2023\/11\/44.jpg?fit=800%2C445&ssl=1","jetpack_sharing_enabled":true,"jetpack_shortlink":"https:\/\/wp.me\/pbS7hh-xL","jetpack-related-posts":[],"_links":{"self":[{"href":"https:\/\/ciudadyregion.com.co\/index.php\/wp-json\/wp\/v2\/posts\/2093"}],"collection":[{"href":"https:\/\/ciudadyregion.com.co\/index.php\/wp-json\/wp\/v2\/posts"}],"about":[{"href":"https:\/\/ciudadyregion.com.co\/index.php\/wp-json\/wp\/v2\/types\/post"}],"author":[{"embeddable":true,"href":"https:\/\/ciudadyregion.com.co\/index.php\/wp-json\/wp\/v2\/users\/2"}],"replies":[{"embeddable":true,"href":"https:\/\/ciudadyregion.com.co\/index.php\/wp-json\/wp\/v2\/comments?post=2093"}],"version-history":[{"count":1,"href":"https:\/\/ciudadyregion.com.co\/index.php\/wp-json\/wp\/v2\/posts\/2093\/revisions"}],"predecessor-version":[{"id":2094,"href":"https:\/\/ciudadyregion.com.co\/index.php\/wp-json\/wp\/v2\/posts\/2093\/revisions\/2094"}],"wp:featuredmedia":[{"embeddable":true,"href":"https:\/\/ciudadyregion.com.co\/index.php\/wp-json\/wp\/v2\/media\/2095"}],"wp:attachment":[{"href":"https:\/\/ciudadyregion.com.co\/index.php\/wp-json\/wp\/v2\/media?parent=2093"}],"wp:term":[{"taxonomy":"category","embeddable":true,"href":"https:\/\/ciudadyregion.com.co\/index.php\/wp-json\/wp\/v2\/categories?post=2093"},{"taxonomy":"post_tag","embeddable":true,"href":"https:\/\/ciudadyregion.com.co\/index.php\/wp-json\/wp\/v2\/tags?post=2093"}],"curies":[{"name":"wp","href":"https:\/\/api.w.org\/{rel}","templated":true}]}}