{"id":2090,"date":"2023-11-20T08:07:21","date_gmt":"2023-11-20T13:07:21","guid":{"rendered":"https:\/\/ciudadyregion.com.co\/?p=2090"},"modified":"2023-11-20T08:07:21","modified_gmt":"2023-11-20T13:07:21","slug":"dos-personas-murieron-por-una-descarga-electrica-cuando-practicaban-parapente-en-guatavita-cundinamarca","status":"publish","type":"post","link":"https:\/\/ciudadyregion.com.co\/index.php\/dos-personas-murieron-por-una-descarga-electrica-cuando-practicaban-parapente-en-guatavita-cundinamarca\/regional\/","title":{"rendered":"Dos personas murieron por una descarga el\u00e9ctrica cuando practicaban parapente en Guatavita-Cundinamarca"},"content":{"rendered":"<div>La tragedia ocurri\u00f3 cuando dos parapentistas, un hombre y una mujer, se encontraban practicando este tipo de deporte de descenso controlado.<\/div>\n<div><\/div>\n<div>Al parecer, ambos se accidentaron al ser alcanzados, al parecer, por una descarga el\u00e9ctrica en medio de las intensas lluvias que azotaron el departamento de Cundinamarca.<\/div>\n<div><\/div>\n<div>Tras la emergencia, el cuerpo de bomberos del municipio de Guasca se dirigi\u00f3 al lugar para atenderla, pero no pudieron llegar por la ca\u00edda de \u00e1rboles que bloqueaba la v\u00eda.<\/div>\n<div><\/div>\n<div>Finalmente, los bomberos de Tocancip\u00e1 fueron quienes se encargaron de la atenci\u00f3n de este hecho tr\u00e1gico.\u00a0La mujer presentaba algunas lesiones leves, por lo que fue trasladada al hospital de Tocancip\u00e1, mientras, el hombre muri\u00f3 en el sitio por el impacto el\u00e9ctrico.<\/div>\n<p>&nbsp;<\/p>\n<p>&nbsp;<\/p>\n<p>&nbsp;<\/p>\n<p>Autora: Danna Londo\u00f1o<\/p>\n","protected":false},"excerpt":{"rendered":"<p>La tragedia ocurri\u00f3 cuando dos parapentistas, un hombre y una mujer, se encontraban practicando este tipo de deporte de descenso controlado. Al parecer, ambos se accidentaron al ser alcanzados, al parecer, por una descarga el\u00e9ctrica en medio de las intensas lluvias que azotaron el departamento de Cundinamarca. Tras la emergencia,<span class=\"more-link\"><a href=\"https:\/\/ciudadyregion.com.co\/index.php\/dos-personas-murieron-por-una-descarga-electrica-cuando-practicaban-parapente-en-guatavita-cundinamarca\/regional\/\">Continuar Leyendo<\/a><\/span><\/p>\n","protected":false},"author":2,"featured_media":2091,"comment_status":"open","ping_status":"open","sticky":false,"template":"","format":"standard","meta":{"_uf_show_specific_survey":0,"_uf_disable_surveys":false,"_jetpack_memberships_contains_paid_content":false,"footnotes":"","jetpack_publicize_message":"","jetpack_publicize_feature_enabled":true,"jetpack_social_post_already_shared":true,"jetpack_social_options":{"image_generator_settings":{"template":"highway","enabled":false},"version":2}},"categories":[13],"tags":[],"class_list":["entry","author-diegoaguirre","post-2090","post","type-post","status-publish","format-standard","has-post-thumbnail","category-regional"],"jetpack_publicize_connections":[],"yoast_head":"<!-- This site is optimized with the Yoast SEO plugin v24.3 - https:\/\/yoast.com\/wordpress\/plugins\/seo\/ -->\n<title>Dos personas murieron por una descarga el\u00e9ctrica cuando practicaban parapente en Guatavita-Cundinamarca - Ciudad y Region<\/title>\n<meta name=\"robots\" content=\"index, follow, max-snippet:-1, max-image-preview:large, max-video-preview:-1\" \/>\n<link rel=\"canonical\" href=\"https:\/\/ciudadyregion.com.co\/index.php\/dos-personas-murieron-por-una-descarga-electrica-cuando-practicaban-parapente-en-guatavita-cundinamarca\/regional\/\" \/>\n<meta property=\"og:locale\" content=\"es_ES\" \/>\n<meta property=\"og:type\" content=\"article\" \/>\n<meta property=\"og:title\" content=\"Dos personas murieron por una descarga el\u00e9ctrica cuando practicaban parapente en Guatavita-Cundinamarca - Ciudad y Region\" \/>\n<meta property=\"og:description\" content=\"La tragedia ocurri\u00f3 cuando dos parapentistas, un hombre y una mujer, se encontraban practicando este tipo de deporte de descenso controlado. Al parecer, ambos se accidentaron al ser alcanzados, al parecer, por una descarga el\u00e9ctrica en medio de las intensas lluvias que azotaron el departamento de Cundinamarca. Tras la emergencia,Continuar Leyendo\" \/>\n<meta property=\"og:url\" content=\"https:\/\/ciudadyregion.com.co\/index.php\/dos-personas-murieron-por-una-descarga-electrica-cuando-practicaban-parapente-en-guatavita-cundinamarca\/regional\/\" \/>\n<meta property=\"og:site_name\" content=\"Ciudad y Region\" \/>\n<meta property=\"article:published_time\" content=\"2023-11-20T13:07:21+00:00\" \/>\n<meta property=\"og:image\" content=\"https:\/\/ciudadyregion.com.co\/wp-content\/uploads\/2023\/11\/3-19.jpg\" \/>\n\t<meta property=\"og:image:width\" content=\"800\" \/>\n\t<meta property=\"og:image:height\" content=\"445\" \/>\n\t<meta property=\"og:image:type\" content=\"image\/jpeg\" \/>\n<meta name=\"author\" content=\"David Andr\u00e9s Aguirre\" \/>\n<meta name=\"twitter:card\" content=\"summary_large_image\" \/>\n<meta name=\"twitter:label1\" content=\"Escrito por\" \/>\n\t<meta name=\"twitter:data1\" content=\"David Andr\u00e9s Aguirre\" \/>\n\t<meta name=\"twitter:label2\" content=\"Tiempo de lectura\" \/>\n\t<meta name=\"twitter:data2\" content=\"1 minuto\" \/>\n<script type=\"application\/ld+json\" class=\"yoast-schema-graph\">{\"@context\":\"https:\/\/schema.org\",\"@graph\":[{\"@type\":\"WebPage\",\"@id\":\"https:\/\/ciudadyregion.com.co\/index.php\/dos-personas-murieron-por-una-descarga-electrica-cuando-practicaban-parapente-en-guatavita-cundinamarca\/regional\/\",\"url\":\"https:\/\/ciudadyregion.com.co\/index.php\/dos-personas-murieron-por-una-descarga-electrica-cuando-practicaban-parapente-en-guatavita-cundinamarca\/regional\/\",\"name\":\"Dos personas murieron por una descarga el\u00e9ctrica cuando practicaban parapente en Guatavita-Cundinamarca - Ciudad y Region\",\"isPartOf\":{\"@id\":\"https:\/\/ciudadyregion.com.co\/#website\"},\"primaryImageOfPage\":{\"@id\":\"https:\/\/ciudadyregion.com.co\/index.php\/dos-personas-murieron-por-una-descarga-electrica-cuando-practicaban-parapente-en-guatavita-cundinamarca\/regional\/#primaryimage\"},\"image\":{\"@id\":\"https:\/\/ciudadyregion.com.co\/index.php\/dos-personas-murieron-por-una-descarga-electrica-cuando-practicaban-parapente-en-guatavita-cundinamarca\/regional\/#primaryimage\"},\"thumbnailUrl\":\"https:\/\/i0.wp.com\/ciudadyregion.com.co\/wp-content\/uploads\/2023\/11\/3-19.jpg?fit=800%2C445&ssl=1\",\"datePublished\":\"2023-11-20T13:07:21+00:00\",\"dateModified\":\"2023-11-20T13:07:21+00:00\",\"author\":{\"@id\":\"https:\/\/ciudadyregion.com.co\/#\/schema\/person\/04a4954373ebc4051f46e8c65ff78622\"},\"breadcrumb\":{\"@id\":\"https:\/\/ciudadyregion.com.co\/index.php\/dos-personas-murieron-por-una-descarga-electrica-cuando-practicaban-parapente-en-guatavita-cundinamarca\/regional\/#breadcrumb\"},\"inLanguage\":\"es\",\"potentialAction\":[{\"@type\":\"ReadAction\",\"target\":[\"https:\/\/ciudadyregion.com.co\/index.php\/dos-personas-murieron-por-una-descarga-electrica-cuando-practicaban-parapente-en-guatavita-cundinamarca\/regional\/\"]}]},{\"@type\":\"ImageObject\",\"inLanguage\":\"es\",\"@id\":\"https:\/\/ciudadyregion.com.co\/index.php\/dos-personas-murieron-por-una-descarga-electrica-cuando-practicaban-parapente-en-guatavita-cundinamarca\/regional\/#primaryimage\",\"url\":\"https:\/\/i0.wp.com\/ciudadyregion.com.co\/wp-content\/uploads\/2023\/11\/3-19.jpg?fit=800%2C445&ssl=1\",\"contentUrl\":\"https:\/\/i0.wp.com\/ciudadyregion.com.co\/wp-content\/uploads\/2023\/11\/3-19.jpg?fit=800%2C445&ssl=1\",\"width\":800,\"height\":445},{\"@type\":\"BreadcrumbList\",\"@id\":\"https:\/\/ciudadyregion.com.co\/index.php\/dos-personas-murieron-por-una-descarga-electrica-cuando-practicaban-parapente-en-guatavita-cundinamarca\/regional\/#breadcrumb\",\"itemListElement\":[{\"@type\":\"ListItem\",\"position\":1,\"name\":\"Portada\",\"item\":\"https:\/\/ciudadyregion.com.co\/\"},{\"@type\":\"ListItem\",\"position\":2,\"name\":\"Dos personas murieron por una descarga el\u00e9ctrica cuando practicaban parapente en Guatavita-Cundinamarca\"}]},{\"@type\":\"WebSite\",\"@id\":\"https:\/\/ciudadyregion.com.co\/#website\",\"url\":\"https:\/\/ciudadyregion.com.co\/\",\"name\":\"Ciudad y Region\",\"description\":\"\",\"potentialAction\":[{\"@type\":\"SearchAction\",\"target\":{\"@type\":\"EntryPoint\",\"urlTemplate\":\"https:\/\/ciudadyregion.com.co\/?s={search_term_string}\"},\"query-input\":{\"@type\":\"PropertyValueSpecification\",\"valueRequired\":true,\"valueName\":\"search_term_string\"}}],\"inLanguage\":\"es\"},{\"@type\":\"Person\",\"@id\":\"https:\/\/ciudadyregion.com.co\/#\/schema\/person\/04a4954373ebc4051f46e8c65ff78622\",\"name\":\"David Andr\u00e9s Aguirre\",\"image\":{\"@type\":\"ImageObject\",\"inLanguage\":\"es\",\"@id\":\"https:\/\/ciudadyregion.com.co\/#\/schema\/person\/image\/\",\"url\":\"https:\/\/secure.gravatar.com\/avatar\/bc3c655860202182ee6d1b5edd042dbe?s=96&d=mm&r=g\",\"contentUrl\":\"https:\/\/secure.gravatar.com\/avatar\/bc3c655860202182ee6d1b5edd042dbe?s=96&d=mm&r=g\",\"caption\":\"David Andr\u00e9s Aguirre\"},\"url\":\"https:\/\/ciudadyregion.com.co\/index.php\/author\/diegoaguirre\/\"}]}<\/script>\n<!-- \/ Yoast SEO plugin. -->","yoast_head_json":{"title":"Dos personas murieron por una descarga el\u00e9ctrica cuando practicaban parapente en Guatavita-Cundinamarca - Ciudad y Region","robots":{"index":"index","follow":"follow","max-snippet":"max-snippet:-1","max-image-preview":"max-image-preview:large","max-video-preview":"max-video-preview:-1"},"canonical":"https:\/\/ciudadyregion.com.co\/index.php\/dos-personas-murieron-por-una-descarga-electrica-cuando-practicaban-parapente-en-guatavita-cundinamarca\/regional\/","og_locale":"es_ES","og_type":"article","og_title":"Dos personas murieron por una descarga el\u00e9ctrica cuando practicaban parapente en Guatavita-Cundinamarca - Ciudad y Region","og_description":"La tragedia ocurri\u00f3 cuando dos parapentistas, un hombre y una mujer, se encontraban practicando este tipo de deporte de descenso controlado. Al parecer, ambos se accidentaron al ser alcanzados, al parecer, por una descarga el\u00e9ctrica en medio de las intensas lluvias que azotaron el departamento de Cundinamarca. Tras la emergencia,Continuar Leyendo","og_url":"https:\/\/ciudadyregion.com.co\/index.php\/dos-personas-murieron-por-una-descarga-electrica-cuando-practicaban-parapente-en-guatavita-cundinamarca\/regional\/","og_site_name":"Ciudad y Region","article_published_time":"2023-11-20T13:07:21+00:00","og_image":[{"width":800,"height":445,"url":"https:\/\/ciudadyregion.com.co\/wp-content\/uploads\/2023\/11\/3-19.jpg","type":"image\/jpeg"}],"author":"David Andr\u00e9s Aguirre","twitter_card":"summary_large_image","twitter_misc":{"Escrito por":"David Andr\u00e9s Aguirre","Tiempo de lectura":"1 minuto"},"schema":{"@context":"https:\/\/schema.org","@graph":[{"@type":"WebPage","@id":"https:\/\/ciudadyregion.com.co\/index.php\/dos-personas-murieron-por-una-descarga-electrica-cuando-practicaban-parapente-en-guatavita-cundinamarca\/regional\/","url":"https:\/\/ciudadyregion.com.co\/index.php\/dos-personas-murieron-por-una-descarga-electrica-cuando-practicaban-parapente-en-guatavita-cundinamarca\/regional\/","name":"Dos personas murieron por una descarga el\u00e9ctrica cuando practicaban parapente en Guatavita-Cundinamarca - Ciudad y Region","isPartOf":{"@id":"https:\/\/ciudadyregion.com.co\/#website"},"primaryImageOfPage":{"@id":"https:\/\/ciudadyregion.com.co\/index.php\/dos-personas-murieron-por-una-descarga-electrica-cuando-practicaban-parapente-en-guatavita-cundinamarca\/regional\/#primaryimage"},"image":{"@id":"https:\/\/ciudadyregion.com.co\/index.php\/dos-personas-murieron-por-una-descarga-electrica-cuando-practicaban-parapente-en-guatavita-cundinamarca\/regional\/#primaryimage"},"thumbnailUrl":"https:\/\/i0.wp.com\/ciudadyregion.com.co\/wp-content\/uploads\/2023\/11\/3-19.jpg?fit=800%2C445&ssl=1","datePublished":"2023-11-20T13:07:21+00:00","dateModified":"2023-11-20T13:07:21+00:00","author":{"@id":"https:\/\/ciudadyregion.com.co\/#\/schema\/person\/04a4954373ebc4051f46e8c65ff78622"},"breadcrumb":{"@id":"https:\/\/ciudadyregion.com.co\/index.php\/dos-personas-murieron-por-una-descarga-electrica-cuando-practicaban-parapente-en-guatavita-cundinamarca\/regional\/#breadcrumb"},"inLanguage":"es","potentialAction":[{"@type":"ReadAction","target":["https:\/\/ciudadyregion.com.co\/index.php\/dos-personas-murieron-por-una-descarga-electrica-cuando-practicaban-parapente-en-guatavita-cundinamarca\/regional\/"]}]},{"@type":"ImageObject","inLanguage":"es","@id":"https:\/\/ciudadyregion.com.co\/index.php\/dos-personas-murieron-por-una-descarga-electrica-cuando-practicaban-parapente-en-guatavita-cundinamarca\/regional\/#primaryimage","url":"https:\/\/i0.wp.com\/ciudadyregion.com.co\/wp-content\/uploads\/2023\/11\/3-19.jpg?fit=800%2C445&ssl=1","contentUrl":"https:\/\/i0.wp.com\/ciudadyregion.com.co\/wp-content\/uploads\/2023\/11\/3-19.jpg?fit=800%2C445&ssl=1","width":800,"height":445},{"@type":"BreadcrumbList","@id":"https:\/\/ciudadyregion.com.co\/index.php\/dos-personas-murieron-por-una-descarga-electrica-cuando-practicaban-parapente-en-guatavita-cundinamarca\/regional\/#breadcrumb","itemListElement":[{"@type":"ListItem","position":1,"name":"Portada","item":"https:\/\/ciudadyregion.com.co\/"},{"@type":"ListItem","position":2,"name":"Dos personas murieron por una descarga el\u00e9ctrica cuando practicaban parapente en Guatavita-Cundinamarca"}]},{"@type":"WebSite","@id":"https:\/\/ciudadyregion.com.co\/#website","url":"https:\/\/ciudadyregion.com.co\/","name":"Ciudad y Region","description":"","potentialAction":[{"@type":"SearchAction","target":{"@type":"EntryPoint","urlTemplate":"https:\/\/ciudadyregion.com.co\/?s={search_term_string}"},"query-input":{"@type":"PropertyValueSpecification","valueRequired":true,"valueName":"search_term_string"}}],"inLanguage":"es"},{"@type":"Person","@id":"https:\/\/ciudadyregion.com.co\/#\/schema\/person\/04a4954373ebc4051f46e8c65ff78622","name":"David Andr\u00e9s Aguirre","image":{"@type":"ImageObject","inLanguage":"es","@id":"https:\/\/ciudadyregion.com.co\/#\/schema\/person\/image\/","url":"https:\/\/secure.gravatar.com\/avatar\/bc3c655860202182ee6d1b5edd042dbe?s=96&d=mm&r=g","contentUrl":"https:\/\/secure.gravatar.com\/avatar\/bc3c655860202182ee6d1b5edd042dbe?s=96&d=mm&r=g","caption":"David Andr\u00e9s Aguirre"},"url":"https:\/\/ciudadyregion.com.co\/index.php\/author\/diegoaguirre\/"}]}},"jetpack_featured_media_url":"https:\/\/i0.wp.com\/ciudadyregion.com.co\/wp-content\/uploads\/2023\/11\/3-19.jpg?fit=800%2C445&ssl=1","jetpack_sharing_enabled":true,"jetpack_shortlink":"https:\/\/wp.me\/pbS7hh-xI","jetpack-related-posts":[],"_links":{"self":[{"href":"https:\/\/ciudadyregion.com.co\/index.php\/wp-json\/wp\/v2\/posts\/2090"}],"collection":[{"href":"https:\/\/ciudadyregion.com.co\/index.php\/wp-json\/wp\/v2\/posts"}],"about":[{"href":"https:\/\/ciudadyregion.com.co\/index.php\/wp-json\/wp\/v2\/types\/post"}],"author":[{"embeddable":true,"href":"https:\/\/ciudadyregion.com.co\/index.php\/wp-json\/wp\/v2\/users\/2"}],"replies":[{"embeddable":true,"href":"https:\/\/ciudadyregion.com.co\/index.php\/wp-json\/wp\/v2\/comments?post=2090"}],"version-history":[{"count":1,"href":"https:\/\/ciudadyregion.com.co\/index.php\/wp-json\/wp\/v2\/posts\/2090\/revisions"}],"predecessor-version":[{"id":2092,"href":"https:\/\/ciudadyregion.com.co\/index.php\/wp-json\/wp\/v2\/posts\/2090\/revisions\/2092"}],"wp:featuredmedia":[{"embeddable":true,"href":"https:\/\/ciudadyregion.com.co\/index.php\/wp-json\/wp\/v2\/media\/2091"}],"wp:attachment":[{"href":"https:\/\/ciudadyregion.com.co\/index.php\/wp-json\/wp\/v2\/media?parent=2090"}],"wp:term":[{"taxonomy":"category","embeddable":true,"href":"https:\/\/ciudadyregion.com.co\/index.php\/wp-json\/wp\/v2\/categories?post=2090"},{"taxonomy":"post_tag","embeddable":true,"href":"https:\/\/ciudadyregion.com.co\/index.php\/wp-json\/wp\/v2\/tags?post=2090"}],"curies":[{"name":"wp","href":"https:\/\/api.w.org\/{rel}","templated":true}]}}