{"id":20805,"date":"2024-08-31T04:18:01","date_gmt":"2024-08-31T09:18:01","guid":{"rendered":"https:\/\/ciudadyregion.com.co\/?p=20805"},"modified":"2024-08-30T20:18:49","modified_gmt":"2024-08-31T01:18:49","slug":"desalmado-un-hombre-asesino-a-su-hijastro-y-fingio-su-desaparicion","status":"publish","type":"post","link":"https:\/\/ciudadyregion.com.co\/index.php\/desalmado-un-hombre-asesino-a-su-hijastro-y-fingio-su-desaparicion\/judicial\/","title":{"rendered":"Desalmado: Un hombre asesin\u00f3 a su hijastro y fingi\u00f3 su desaparici\u00f3n"},"content":{"rendered":"<ul>\n<li><em><strong>Los actos investigativos permitieron conocer que el ni\u00f1o, de tres a\u00f1os, tambi\u00e9n fue abusado sexualmente y sometido a actos de tortura.<\/strong><\/em><\/li>\n<\/ul>\n<p>La Fiscal\u00eda General de la Naci\u00f3n demostr\u00f3 que un hombre es el responsable de abusar sexualmente, agredir f\u00edsicamente y causarle la muerte a su hijastro de tres a\u00f1os, en hechos ocurridos el 5 de marzo del a\u00f1o en curso, en el barrio Carlos Lleras, en Fusagasug\u00e1 (Cundinamarca).<\/p>\n<p>Ante las pruebas y argumentos aportados, un juez penal de conocimiento lo conden\u00f3 a 43 a\u00f1os de prisi\u00f3n, por los delitos de homicidio, acceso carnal violento y tortura, todas las conductas agravadas.<\/p>\n<p>La investigaci\u00f3n de este caso comenz\u00f3 tan pronto el padrastro report\u00f3 la supuesta desaparici\u00f3n del menor de edad. En su momento asegur\u00f3 que el ni\u00f1o estaba jugado frente a la casa en la que viv\u00edan y no lo volvieron a ver. Un equipo del CTI, con apoyo del Gaula Militar y la Polic\u00eda Nacional, recopil\u00f3 los videos de las c\u00e1maras de seguridad, realiz\u00f3 entrevistas y diversas t\u00e9cnicas cient\u00edficas, y estableci\u00f3 que el hombre ment\u00eda.<\/p>\n<p>Las verificaciones permitieron conocer que esta persona agredi\u00f3 y le caus\u00f3 la muerte a su hijastro en la vivienda, y sac\u00f3 el cuerpo oculto en bolsas pl\u00e1sticas verdes. Posteriormente, lo traslad\u00f3 y arroj\u00f3 a una zona boscosa de la vereda La Aguadita. All\u00ed fue encontrado por el personal de polic\u00eda judicial.<\/p>\n<p>El Instituto Nacional de Medicina Legal y Ciencias Forenses estableci\u00f3 que la v\u00edctima presentaba signos severos de violencia y abuso sexual.<\/p>\n<p>&nbsp;<\/p>\n","protected":false},"excerpt":{"rendered":"<p>Los actos investigativos permitieron conocer que el ni\u00f1o, de tres a\u00f1os, tambi\u00e9n fue abusado sexualmente y sometido a actos de tortura. La Fiscal\u00eda General de la Naci\u00f3n demostr\u00f3 que un hombre es el responsable de abusar sexualmente, agredir f\u00edsicamente y causarle la muerte a su hijastro de tres a\u00f1os, en<span class=\"more-link\"><a href=\"https:\/\/ciudadyregion.com.co\/index.php\/desalmado-un-hombre-asesino-a-su-hijastro-y-fingio-su-desaparicion\/judicial\/\">Continuar Leyendo<\/a><\/span><\/p>\n","protected":false},"author":2,"featured_media":14973,"comment_status":"open","ping_status":"open","sticky":false,"template":"","format":"standard","meta":{"_uf_show_specific_survey":0,"_uf_disable_surveys":false,"_jetpack_memberships_contains_paid_content":false,"footnotes":"","jetpack_publicize_message":"","jetpack_publicize_feature_enabled":true,"jetpack_social_post_already_shared":true,"jetpack_social_options":{"image_generator_settings":{"template":"highway","enabled":false},"version":2}},"categories":[18],"tags":[],"class_list":["entry","author-diegoaguirre","post-20805","post","type-post","status-publish","format-standard","has-post-thumbnail","category-judicial"],"jetpack_publicize_connections":[],"yoast_head":"<!-- This site is optimized with the Yoast SEO plugin v24.3 - https:\/\/yoast.com\/wordpress\/plugins\/seo\/ -->\n<title>Desalmado: Un hombre asesin\u00f3 a su hijastro y fingi\u00f3 su desaparici\u00f3n - Ciudad y Region<\/title>\n<meta name=\"robots\" content=\"index, follow, max-snippet:-1, max-image-preview:large, max-video-preview:-1\" \/>\n<link rel=\"canonical\" href=\"https:\/\/ciudadyregion.com.co\/index.php\/desalmado-un-hombre-asesino-a-su-hijastro-y-fingio-su-desaparicion\/judicial\/\" \/>\n<meta property=\"og:locale\" content=\"es_ES\" \/>\n<meta property=\"og:type\" content=\"article\" \/>\n<meta property=\"og:title\" content=\"Desalmado: Un hombre asesin\u00f3 a su hijastro y fingi\u00f3 su desaparici\u00f3n - Ciudad y Region\" \/>\n<meta property=\"og:description\" content=\"Los actos investigativos permitieron conocer que el ni\u00f1o, de tres a\u00f1os, tambi\u00e9n fue abusado sexualmente y sometido a actos de tortura. La Fiscal\u00eda General de la Naci\u00f3n demostr\u00f3 que un hombre es el responsable de abusar sexualmente, agredir f\u00edsicamente y causarle la muerte a su hijastro de tres a\u00f1os, enContinuar Leyendo\" \/>\n<meta property=\"og:url\" content=\"https:\/\/ciudadyregion.com.co\/index.php\/desalmado-un-hombre-asesino-a-su-hijastro-y-fingio-su-desaparicion\/judicial\/\" \/>\n<meta property=\"og:site_name\" content=\"Ciudad y Region\" \/>\n<meta property=\"article:published_time\" content=\"2024-08-31T09:18:01+00:00\" \/>\n<meta property=\"article:modified_time\" content=\"2024-08-31T01:18:49+00:00\" \/>\n<meta property=\"og:image\" content=\"https:\/\/i0.wp.com\/ciudadyregion.com.co\/wp-content\/uploads\/2024\/05\/homiocidio-asesinato-muerto.jpg?fit=800%2C445&ssl=1\" \/>\n\t<meta property=\"og:image:width\" content=\"800\" \/>\n\t<meta property=\"og:image:height\" content=\"445\" \/>\n\t<meta property=\"og:image:type\" content=\"image\/jpeg\" \/>\n<meta name=\"author\" content=\"David Andr\u00e9s Aguirre\" \/>\n<meta name=\"twitter:card\" content=\"summary_large_image\" \/>\n<meta name=\"twitter:label1\" content=\"Escrito por\" \/>\n\t<meta name=\"twitter:data1\" content=\"David Andr\u00e9s Aguirre\" \/>\n\t<meta name=\"twitter:label2\" content=\"Tiempo de lectura\" \/>\n\t<meta name=\"twitter:data2\" content=\"2 minutos\" \/>\n<script type=\"application\/ld+json\" class=\"yoast-schema-graph\">{\"@context\":\"https:\/\/schema.org\",\"@graph\":[{\"@type\":\"WebPage\",\"@id\":\"https:\/\/ciudadyregion.com.co\/index.php\/desalmado-un-hombre-asesino-a-su-hijastro-y-fingio-su-desaparicion\/judicial\/\",\"url\":\"https:\/\/ciudadyregion.com.co\/index.php\/desalmado-un-hombre-asesino-a-su-hijastro-y-fingio-su-desaparicion\/judicial\/\",\"name\":\"Desalmado: Un hombre asesin\u00f3 a su hijastro y fingi\u00f3 su desaparici\u00f3n - Ciudad y Region\",\"isPartOf\":{\"@id\":\"https:\/\/ciudadyregion.com.co\/#website\"},\"primaryImageOfPage\":{\"@id\":\"https:\/\/ciudadyregion.com.co\/index.php\/desalmado-un-hombre-asesino-a-su-hijastro-y-fingio-su-desaparicion\/judicial\/#primaryimage\"},\"image\":{\"@id\":\"https:\/\/ciudadyregion.com.co\/index.php\/desalmado-un-hombre-asesino-a-su-hijastro-y-fingio-su-desaparicion\/judicial\/#primaryimage\"},\"thumbnailUrl\":\"https:\/\/i0.wp.com\/ciudadyregion.com.co\/wp-content\/uploads\/2024\/05\/homiocidio-asesinato-muerto.jpg?fit=800%2C445&ssl=1\",\"datePublished\":\"2024-08-31T09:18:01+00:00\",\"dateModified\":\"2024-08-31T01:18:49+00:00\",\"author\":{\"@id\":\"https:\/\/ciudadyregion.com.co\/#\/schema\/person\/04a4954373ebc4051f46e8c65ff78622\"},\"breadcrumb\":{\"@id\":\"https:\/\/ciudadyregion.com.co\/index.php\/desalmado-un-hombre-asesino-a-su-hijastro-y-fingio-su-desaparicion\/judicial\/#breadcrumb\"},\"inLanguage\":\"es\",\"potentialAction\":[{\"@type\":\"ReadAction\",\"target\":[\"https:\/\/ciudadyregion.com.co\/index.php\/desalmado-un-hombre-asesino-a-su-hijastro-y-fingio-su-desaparicion\/judicial\/\"]}]},{\"@type\":\"ImageObject\",\"inLanguage\":\"es\",\"@id\":\"https:\/\/ciudadyregion.com.co\/index.php\/desalmado-un-hombre-asesino-a-su-hijastro-y-fingio-su-desaparicion\/judicial\/#primaryimage\",\"url\":\"https:\/\/i0.wp.com\/ciudadyregion.com.co\/wp-content\/uploads\/2024\/05\/homiocidio-asesinato-muerto.jpg?fit=800%2C445&ssl=1\",\"contentUrl\":\"https:\/\/i0.wp.com\/ciudadyregion.com.co\/wp-content\/uploads\/2024\/05\/homiocidio-asesinato-muerto.jpg?fit=800%2C445&ssl=1\",\"width\":800,\"height\":445},{\"@type\":\"BreadcrumbList\",\"@id\":\"https:\/\/ciudadyregion.com.co\/index.php\/desalmado-un-hombre-asesino-a-su-hijastro-y-fingio-su-desaparicion\/judicial\/#breadcrumb\",\"itemListElement\":[{\"@type\":\"ListItem\",\"position\":1,\"name\":\"Portada\",\"item\":\"https:\/\/ciudadyregion.com.co\/\"},{\"@type\":\"ListItem\",\"position\":2,\"name\":\"Desalmado: Un hombre asesin\u00f3 a su hijastro y fingi\u00f3 su desaparici\u00f3n\"}]},{\"@type\":\"WebSite\",\"@id\":\"https:\/\/ciudadyregion.com.co\/#website\",\"url\":\"https:\/\/ciudadyregion.com.co\/\",\"name\":\"Ciudad y Region\",\"description\":\"\",\"potentialAction\":[{\"@type\":\"SearchAction\",\"target\":{\"@type\":\"EntryPoint\",\"urlTemplate\":\"https:\/\/ciudadyregion.com.co\/?s={search_term_string}\"},\"query-input\":{\"@type\":\"PropertyValueSpecification\",\"valueRequired\":true,\"valueName\":\"search_term_string\"}}],\"inLanguage\":\"es\"},{\"@type\":\"Person\",\"@id\":\"https:\/\/ciudadyregion.com.co\/#\/schema\/person\/04a4954373ebc4051f46e8c65ff78622\",\"name\":\"David Andr\u00e9s Aguirre\",\"image\":{\"@type\":\"ImageObject\",\"inLanguage\":\"es\",\"@id\":\"https:\/\/ciudadyregion.com.co\/#\/schema\/person\/image\/\",\"url\":\"https:\/\/secure.gravatar.com\/avatar\/bc3c655860202182ee6d1b5edd042dbe?s=96&d=mm&r=g\",\"contentUrl\":\"https:\/\/secure.gravatar.com\/avatar\/bc3c655860202182ee6d1b5edd042dbe?s=96&d=mm&r=g\",\"caption\":\"David Andr\u00e9s Aguirre\"},\"url\":\"https:\/\/ciudadyregion.com.co\/index.php\/author\/diegoaguirre\/\"}]}<\/script>\n<!-- \/ Yoast SEO plugin. -->","yoast_head_json":{"title":"Desalmado: Un hombre asesin\u00f3 a su hijastro y fingi\u00f3 su desaparici\u00f3n - Ciudad y Region","robots":{"index":"index","follow":"follow","max-snippet":"max-snippet:-1","max-image-preview":"max-image-preview:large","max-video-preview":"max-video-preview:-1"},"canonical":"https:\/\/ciudadyregion.com.co\/index.php\/desalmado-un-hombre-asesino-a-su-hijastro-y-fingio-su-desaparicion\/judicial\/","og_locale":"es_ES","og_type":"article","og_title":"Desalmado: Un hombre asesin\u00f3 a su hijastro y fingi\u00f3 su desaparici\u00f3n - Ciudad y Region","og_description":"Los actos investigativos permitieron conocer que el ni\u00f1o, de tres a\u00f1os, tambi\u00e9n fue abusado sexualmente y sometido a actos de tortura. La Fiscal\u00eda General de la Naci\u00f3n demostr\u00f3 que un hombre es el responsable de abusar sexualmente, agredir f\u00edsicamente y causarle la muerte a su hijastro de tres a\u00f1os, enContinuar Leyendo","og_url":"https:\/\/ciudadyregion.com.co\/index.php\/desalmado-un-hombre-asesino-a-su-hijastro-y-fingio-su-desaparicion\/judicial\/","og_site_name":"Ciudad y Region","article_published_time":"2024-08-31T09:18:01+00:00","article_modified_time":"2024-08-31T01:18:49+00:00","og_image":[{"width":800,"height":445,"url":"https:\/\/i0.wp.com\/ciudadyregion.com.co\/wp-content\/uploads\/2024\/05\/homiocidio-asesinato-muerto.jpg?fit=800%2C445&ssl=1","type":"image\/jpeg"}],"author":"David Andr\u00e9s Aguirre","twitter_card":"summary_large_image","twitter_misc":{"Escrito por":"David Andr\u00e9s Aguirre","Tiempo de lectura":"2 minutos"},"schema":{"@context":"https:\/\/schema.org","@graph":[{"@type":"WebPage","@id":"https:\/\/ciudadyregion.com.co\/index.php\/desalmado-un-hombre-asesino-a-su-hijastro-y-fingio-su-desaparicion\/judicial\/","url":"https:\/\/ciudadyregion.com.co\/index.php\/desalmado-un-hombre-asesino-a-su-hijastro-y-fingio-su-desaparicion\/judicial\/","name":"Desalmado: Un hombre asesin\u00f3 a su hijastro y fingi\u00f3 su desaparici\u00f3n - Ciudad y Region","isPartOf":{"@id":"https:\/\/ciudadyregion.com.co\/#website"},"primaryImageOfPage":{"@id":"https:\/\/ciudadyregion.com.co\/index.php\/desalmado-un-hombre-asesino-a-su-hijastro-y-fingio-su-desaparicion\/judicial\/#primaryimage"},"image":{"@id":"https:\/\/ciudadyregion.com.co\/index.php\/desalmado-un-hombre-asesino-a-su-hijastro-y-fingio-su-desaparicion\/judicial\/#primaryimage"},"thumbnailUrl":"https:\/\/i0.wp.com\/ciudadyregion.com.co\/wp-content\/uploads\/2024\/05\/homiocidio-asesinato-muerto.jpg?fit=800%2C445&ssl=1","datePublished":"2024-08-31T09:18:01+00:00","dateModified":"2024-08-31T01:18:49+00:00","author":{"@id":"https:\/\/ciudadyregion.com.co\/#\/schema\/person\/04a4954373ebc4051f46e8c65ff78622"},"breadcrumb":{"@id":"https:\/\/ciudadyregion.com.co\/index.php\/desalmado-un-hombre-asesino-a-su-hijastro-y-fingio-su-desaparicion\/judicial\/#breadcrumb"},"inLanguage":"es","potentialAction":[{"@type":"ReadAction","target":["https:\/\/ciudadyregion.com.co\/index.php\/desalmado-un-hombre-asesino-a-su-hijastro-y-fingio-su-desaparicion\/judicial\/"]}]},{"@type":"ImageObject","inLanguage":"es","@id":"https:\/\/ciudadyregion.com.co\/index.php\/desalmado-un-hombre-asesino-a-su-hijastro-y-fingio-su-desaparicion\/judicial\/#primaryimage","url":"https:\/\/i0.wp.com\/ciudadyregion.com.co\/wp-content\/uploads\/2024\/05\/homiocidio-asesinato-muerto.jpg?fit=800%2C445&ssl=1","contentUrl":"https:\/\/i0.wp.com\/ciudadyregion.com.co\/wp-content\/uploads\/2024\/05\/homiocidio-asesinato-muerto.jpg?fit=800%2C445&ssl=1","width":800,"height":445},{"@type":"BreadcrumbList","@id":"https:\/\/ciudadyregion.com.co\/index.php\/desalmado-un-hombre-asesino-a-su-hijastro-y-fingio-su-desaparicion\/judicial\/#breadcrumb","itemListElement":[{"@type":"ListItem","position":1,"name":"Portada","item":"https:\/\/ciudadyregion.com.co\/"},{"@type":"ListItem","position":2,"name":"Desalmado: Un hombre asesin\u00f3 a su hijastro y fingi\u00f3 su desaparici\u00f3n"}]},{"@type":"WebSite","@id":"https:\/\/ciudadyregion.com.co\/#website","url":"https:\/\/ciudadyregion.com.co\/","name":"Ciudad y Region","description":"","potentialAction":[{"@type":"SearchAction","target":{"@type":"EntryPoint","urlTemplate":"https:\/\/ciudadyregion.com.co\/?s={search_term_string}"},"query-input":{"@type":"PropertyValueSpecification","valueRequired":true,"valueName":"search_term_string"}}],"inLanguage":"es"},{"@type":"Person","@id":"https:\/\/ciudadyregion.com.co\/#\/schema\/person\/04a4954373ebc4051f46e8c65ff78622","name":"David Andr\u00e9s Aguirre","image":{"@type":"ImageObject","inLanguage":"es","@id":"https:\/\/ciudadyregion.com.co\/#\/schema\/person\/image\/","url":"https:\/\/secure.gravatar.com\/avatar\/bc3c655860202182ee6d1b5edd042dbe?s=96&d=mm&r=g","contentUrl":"https:\/\/secure.gravatar.com\/avatar\/bc3c655860202182ee6d1b5edd042dbe?s=96&d=mm&r=g","caption":"David Andr\u00e9s Aguirre"},"url":"https:\/\/ciudadyregion.com.co\/index.php\/author\/diegoaguirre\/"}]}},"jetpack_featured_media_url":"https:\/\/i0.wp.com\/ciudadyregion.com.co\/wp-content\/uploads\/2024\/05\/homiocidio-asesinato-muerto.jpg?fit=800%2C445&ssl=1","jetpack_sharing_enabled":true,"jetpack_shortlink":"https:\/\/wp.me\/pbS7hh-5pz","jetpack-related-posts":[],"_links":{"self":[{"href":"https:\/\/ciudadyregion.com.co\/index.php\/wp-json\/wp\/v2\/posts\/20805"}],"collection":[{"href":"https:\/\/ciudadyregion.com.co\/index.php\/wp-json\/wp\/v2\/posts"}],"about":[{"href":"https:\/\/ciudadyregion.com.co\/index.php\/wp-json\/wp\/v2\/types\/post"}],"author":[{"embeddable":true,"href":"https:\/\/ciudadyregion.com.co\/index.php\/wp-json\/wp\/v2\/users\/2"}],"replies":[{"embeddable":true,"href":"https:\/\/ciudadyregion.com.co\/index.php\/wp-json\/wp\/v2\/comments?post=20805"}],"version-history":[{"count":1,"href":"https:\/\/ciudadyregion.com.co\/index.php\/wp-json\/wp\/v2\/posts\/20805\/revisions"}],"predecessor-version":[{"id":20806,"href":"https:\/\/ciudadyregion.com.co\/index.php\/wp-json\/wp\/v2\/posts\/20805\/revisions\/20806"}],"wp:featuredmedia":[{"embeddable":true,"href":"https:\/\/ciudadyregion.com.co\/index.php\/wp-json\/wp\/v2\/media\/14973"}],"wp:attachment":[{"href":"https:\/\/ciudadyregion.com.co\/index.php\/wp-json\/wp\/v2\/media?parent=20805"}],"wp:term":[{"taxonomy":"category","embeddable":true,"href":"https:\/\/ciudadyregion.com.co\/index.php\/wp-json\/wp\/v2\/categories?post=20805"},{"taxonomy":"post_tag","embeddable":true,"href":"https:\/\/ciudadyregion.com.co\/index.php\/wp-json\/wp\/v2\/tags?post=20805"}],"curies":[{"name":"wp","href":"https:\/\/api.w.org\/{rel}","templated":true}]}}