{"id":1978,"date":"2023-11-16T08:37:44","date_gmt":"2023-11-16T13:37:44","guid":{"rendered":"https:\/\/ciudadyregion.com.co\/?p=1978"},"modified":"2023-11-16T08:37:44","modified_gmt":"2023-11-16T13:37:44","slug":"se-avecina-otro-elefante-blanco-en-ibague-con-el-cable-aereo","status":"publish","type":"post","link":"https:\/\/ciudadyregion.com.co\/index.php\/se-avecina-otro-elefante-blanco-en-ibague-con-el-cable-aereo\/ibague\/","title":{"rendered":"\u00a0\u00bfSe avecina otro elefante blanco en Ibagu\u00e9 con el cable a\u00e9reo?"},"content":{"rendered":"<p>La actual Administraci\u00f3n Municipal de Ibagu\u00e9 contin\u00faa con el sue\u00f1o de tener el cable a\u00e9reo, este ser\u00eda un \u00abproyecto para el progreso de Ibagu\u00e9\u00bb. Dicho proyecto se encuentra a\u00fan en estudios y dise\u00f1os.<\/p>\n<p>La Alcald\u00eda expuso a la comunidad ibaguere\u00f1a c\u00f3mo \u00abavanza\u00bb este proyecto a pesar de las muchas pol\u00e9micas en las que se ha visto envuelto el gobierno municipal, en cuanto al tema de infraestructura y sus muchos incumplimientos de entregas de obras.<\/p>\n<p>Este es el comunicado que expuso la Alcald\u00eda de Ibagu\u00e9, juzgue usted mismo. \u00bfCumplir\u00e1n?<\/p>\n<p>&nbsp;<\/p>\n<blockquote><p><em>El alcalde Andr\u00e9s Hurtado ha planeado el futuro de la ciudad con grandes proyectos de infraestructura que contribuyen con la modernizaci\u00f3n de Ibagu\u00e9, y manteniendo ese prop\u00f3sito, fue adjudicado el contrato para los estudios y dise\u00f1os del cable a\u00e9reo.<\/em><\/p>\n<p><em>El proceso estar\u00e1 a cargo de la empresa Cal y Mayor Colombia S.A.S, que con recursos asignados por $2.758 millones se encargar\u00e1 de liderar la consultor\u00eda del \u2018Musicable\u2019, una obra que tendr\u00eda tres estaciones: Martinica, Ricaurte y Parque de La M\u00fasica.<\/em><\/p>\n<p><em>\u201cEste es el gobierno de las obras y por eso le estamos dejando a los ibaguere\u00f1os una ciudad moderna y pensada para el futuro. Hemos adjudicado la consultor\u00eda con un plazo de ejecuci\u00f3n de cuatro meses para los estudios y dise\u00f1os del \u2018Musicable\u2019; nos falta la interventor\u00eda, que quedar\u00e1 lista en esta vigencia, pero este es un gran paso para que la nueva Administraci\u00f3n pueda continuar con este sue\u00f1o y hacerlo realidad para el beneficio de las comunas 1, 11, 12 y 13&#8243;, indic\u00f3 Sharon Guzm\u00e1n, secretaria de Infraestructura.<\/em><\/p><\/blockquote>\n<blockquote><p><em>La funcionaria indic\u00f3 adem\u00e1s: \u00abEste proyecto contar\u00eda con 52 cabinas para la primera etapa y 71 para la segunda fase, con una capacidad de ocho personas sentadas y dos de pie, transportando 1.950 usuario en hora \u2018pico\u2019 por un tiempo estimado de cinco minutos entre el Centro y las comunas del Sur\u201d.<\/em><\/p><\/blockquote>\n","protected":false},"excerpt":{"rendered":"<p>La actual Administraci\u00f3n Municipal de Ibagu\u00e9 contin\u00faa con el sue\u00f1o de tener el cable a\u00e9reo, este ser\u00eda un \u00abproyecto para el progreso de Ibagu\u00e9\u00bb. Dicho proyecto se encuentra a\u00fan en estudios y dise\u00f1os. La Alcald\u00eda expuso a la comunidad ibaguere\u00f1a c\u00f3mo \u00abavanza\u00bb este proyecto a pesar de las muchas pol\u00e9micas<span class=\"more-link\"><a href=\"https:\/\/ciudadyregion.com.co\/index.php\/se-avecina-otro-elefante-blanco-en-ibague-con-el-cable-aereo\/ibague\/\">Continuar Leyendo<\/a><\/span><\/p>\n","protected":false},"author":2,"featured_media":1979,"comment_status":"open","ping_status":"open","sticky":false,"template":"","format":"standard","meta":{"_uf_show_specific_survey":0,"_uf_disable_surveys":false,"_jetpack_memberships_contains_paid_content":false,"footnotes":"","jetpack_publicize_message":"","jetpack_publicize_feature_enabled":true,"jetpack_social_post_already_shared":false,"jetpack_social_options":{"image_generator_settings":{"template":"highway","enabled":false},"version":2}},"categories":[14],"tags":[],"class_list":["entry","author-diegoaguirre","post-1978","post","type-post","status-publish","format-standard","has-post-thumbnail","category-ibague"],"jetpack_publicize_connections":[],"yoast_head":"<!-- This site is optimized with the Yoast SEO plugin v24.3 - https:\/\/yoast.com\/wordpress\/plugins\/seo\/ -->\n<title>\u00a0\u00bfSe avecina otro elefante blanco en Ibagu\u00e9 con el cable a\u00e9reo? - Ciudad y Region<\/title>\n<meta name=\"robots\" content=\"index, follow, max-snippet:-1, max-image-preview:large, max-video-preview:-1\" \/>\n<link rel=\"canonical\" href=\"https:\/\/ciudadyregion.com.co\/index.php\/se-avecina-otro-elefante-blanco-en-ibague-con-el-cable-aereo\/ibague\/\" \/>\n<meta property=\"og:locale\" content=\"es_ES\" \/>\n<meta property=\"og:type\" content=\"article\" \/>\n<meta property=\"og:title\" content=\"\u00a0\u00bfSe avecina otro elefante blanco en Ibagu\u00e9 con el cable a\u00e9reo? - Ciudad y Region\" \/>\n<meta property=\"og:description\" content=\"La actual Administraci\u00f3n Municipal de Ibagu\u00e9 contin\u00faa con el sue\u00f1o de tener el cable a\u00e9reo, este ser\u00eda un \u00abproyecto para el progreso de Ibagu\u00e9\u00bb. Dicho proyecto se encuentra a\u00fan en estudios y dise\u00f1os. La Alcald\u00eda expuso a la comunidad ibaguere\u00f1a c\u00f3mo \u00abavanza\u00bb este proyecto a pesar de las muchas pol\u00e9micasContinuar Leyendo\" \/>\n<meta property=\"og:url\" content=\"https:\/\/ciudadyregion.com.co\/index.php\/se-avecina-otro-elefante-blanco-en-ibague-con-el-cable-aereo\/ibague\/\" \/>\n<meta property=\"og:site_name\" content=\"Ciudad y Region\" \/>\n<meta property=\"article:published_time\" content=\"2023-11-16T13:37:44+00:00\" \/>\n<meta property=\"og:image\" content=\"https:\/\/ciudadyregion.com.co\/wp-content\/uploads\/2023\/11\/5-15.jpg\" \/>\n\t<meta property=\"og:image:width\" content=\"800\" \/>\n\t<meta property=\"og:image:height\" content=\"445\" \/>\n\t<meta property=\"og:image:type\" content=\"image\/jpeg\" \/>\n<meta name=\"author\" content=\"David Andr\u00e9s Aguirre\" \/>\n<meta name=\"twitter:card\" content=\"summary_large_image\" \/>\n<meta name=\"twitter:label1\" content=\"Escrito por\" \/>\n\t<meta name=\"twitter:data1\" content=\"David Andr\u00e9s Aguirre\" \/>\n\t<meta name=\"twitter:label2\" content=\"Tiempo de lectura\" \/>\n\t<meta name=\"twitter:data2\" content=\"2 minutos\" \/>\n<script type=\"application\/ld+json\" class=\"yoast-schema-graph\">{\"@context\":\"https:\/\/schema.org\",\"@graph\":[{\"@type\":\"WebPage\",\"@id\":\"https:\/\/ciudadyregion.com.co\/index.php\/se-avecina-otro-elefante-blanco-en-ibague-con-el-cable-aereo\/ibague\/\",\"url\":\"https:\/\/ciudadyregion.com.co\/index.php\/se-avecina-otro-elefante-blanco-en-ibague-con-el-cable-aereo\/ibague\/\",\"name\":\"\u00a0\u00bfSe avecina otro elefante blanco en Ibagu\u00e9 con el cable a\u00e9reo? - Ciudad y Region\",\"isPartOf\":{\"@id\":\"https:\/\/ciudadyregion.com.co\/#website\"},\"primaryImageOfPage\":{\"@id\":\"https:\/\/ciudadyregion.com.co\/index.php\/se-avecina-otro-elefante-blanco-en-ibague-con-el-cable-aereo\/ibague\/#primaryimage\"},\"image\":{\"@id\":\"https:\/\/ciudadyregion.com.co\/index.php\/se-avecina-otro-elefante-blanco-en-ibague-con-el-cable-aereo\/ibague\/#primaryimage\"},\"thumbnailUrl\":\"https:\/\/i0.wp.com\/ciudadyregion.com.co\/wp-content\/uploads\/2023\/11\/5-15.jpg?fit=800%2C445&ssl=1\",\"datePublished\":\"2023-11-16T13:37:44+00:00\",\"dateModified\":\"2023-11-16T13:37:44+00:00\",\"author\":{\"@id\":\"https:\/\/ciudadyregion.com.co\/#\/schema\/person\/04a4954373ebc4051f46e8c65ff78622\"},\"breadcrumb\":{\"@id\":\"https:\/\/ciudadyregion.com.co\/index.php\/se-avecina-otro-elefante-blanco-en-ibague-con-el-cable-aereo\/ibague\/#breadcrumb\"},\"inLanguage\":\"es\",\"potentialAction\":[{\"@type\":\"ReadAction\",\"target\":[\"https:\/\/ciudadyregion.com.co\/index.php\/se-avecina-otro-elefante-blanco-en-ibague-con-el-cable-aereo\/ibague\/\"]}]},{\"@type\":\"ImageObject\",\"inLanguage\":\"es\",\"@id\":\"https:\/\/ciudadyregion.com.co\/index.php\/se-avecina-otro-elefante-blanco-en-ibague-con-el-cable-aereo\/ibague\/#primaryimage\",\"url\":\"https:\/\/i0.wp.com\/ciudadyregion.com.co\/wp-content\/uploads\/2023\/11\/5-15.jpg?fit=800%2C445&ssl=1\",\"contentUrl\":\"https:\/\/i0.wp.com\/ciudadyregion.com.co\/wp-content\/uploads\/2023\/11\/5-15.jpg?fit=800%2C445&ssl=1\",\"width\":800,\"height\":445},{\"@type\":\"BreadcrumbList\",\"@id\":\"https:\/\/ciudadyregion.com.co\/index.php\/se-avecina-otro-elefante-blanco-en-ibague-con-el-cable-aereo\/ibague\/#breadcrumb\",\"itemListElement\":[{\"@type\":\"ListItem\",\"position\":1,\"name\":\"Portada\",\"item\":\"https:\/\/ciudadyregion.com.co\/\"},{\"@type\":\"ListItem\",\"position\":2,\"name\":\"\u00a0\u00bfSe avecina otro elefante blanco en Ibagu\u00e9 con el cable a\u00e9reo?\"}]},{\"@type\":\"WebSite\",\"@id\":\"https:\/\/ciudadyregion.com.co\/#website\",\"url\":\"https:\/\/ciudadyregion.com.co\/\",\"name\":\"Ciudad y Region\",\"description\":\"\",\"potentialAction\":[{\"@type\":\"SearchAction\",\"target\":{\"@type\":\"EntryPoint\",\"urlTemplate\":\"https:\/\/ciudadyregion.com.co\/?s={search_term_string}\"},\"query-input\":{\"@type\":\"PropertyValueSpecification\",\"valueRequired\":true,\"valueName\":\"search_term_string\"}}],\"inLanguage\":\"es\"},{\"@type\":\"Person\",\"@id\":\"https:\/\/ciudadyregion.com.co\/#\/schema\/person\/04a4954373ebc4051f46e8c65ff78622\",\"name\":\"David Andr\u00e9s Aguirre\",\"image\":{\"@type\":\"ImageObject\",\"inLanguage\":\"es\",\"@id\":\"https:\/\/ciudadyregion.com.co\/#\/schema\/person\/image\/\",\"url\":\"https:\/\/secure.gravatar.com\/avatar\/bc3c655860202182ee6d1b5edd042dbe?s=96&d=mm&r=g\",\"contentUrl\":\"https:\/\/secure.gravatar.com\/avatar\/bc3c655860202182ee6d1b5edd042dbe?s=96&d=mm&r=g\",\"caption\":\"David Andr\u00e9s Aguirre\"},\"url\":\"https:\/\/ciudadyregion.com.co\/index.php\/author\/diegoaguirre\/\"}]}<\/script>\n<!-- \/ Yoast SEO plugin. -->","yoast_head_json":{"title":"\u00a0\u00bfSe avecina otro elefante blanco en Ibagu\u00e9 con el cable a\u00e9reo? - Ciudad y Region","robots":{"index":"index","follow":"follow","max-snippet":"max-snippet:-1","max-image-preview":"max-image-preview:large","max-video-preview":"max-video-preview:-1"},"canonical":"https:\/\/ciudadyregion.com.co\/index.php\/se-avecina-otro-elefante-blanco-en-ibague-con-el-cable-aereo\/ibague\/","og_locale":"es_ES","og_type":"article","og_title":"\u00a0\u00bfSe avecina otro elefante blanco en Ibagu\u00e9 con el cable a\u00e9reo? - Ciudad y Region","og_description":"La actual Administraci\u00f3n Municipal de Ibagu\u00e9 contin\u00faa con el sue\u00f1o de tener el cable a\u00e9reo, este ser\u00eda un \u00abproyecto para el progreso de Ibagu\u00e9\u00bb. Dicho proyecto se encuentra a\u00fan en estudios y dise\u00f1os. La Alcald\u00eda expuso a la comunidad ibaguere\u00f1a c\u00f3mo \u00abavanza\u00bb este proyecto a pesar de las muchas pol\u00e9micasContinuar Leyendo","og_url":"https:\/\/ciudadyregion.com.co\/index.php\/se-avecina-otro-elefante-blanco-en-ibague-con-el-cable-aereo\/ibague\/","og_site_name":"Ciudad y Region","article_published_time":"2023-11-16T13:37:44+00:00","og_image":[{"width":800,"height":445,"url":"https:\/\/ciudadyregion.com.co\/wp-content\/uploads\/2023\/11\/5-15.jpg","type":"image\/jpeg"}],"author":"David Andr\u00e9s Aguirre","twitter_card":"summary_large_image","twitter_misc":{"Escrito por":"David Andr\u00e9s Aguirre","Tiempo de lectura":"2 minutos"},"schema":{"@context":"https:\/\/schema.org","@graph":[{"@type":"WebPage","@id":"https:\/\/ciudadyregion.com.co\/index.php\/se-avecina-otro-elefante-blanco-en-ibague-con-el-cable-aereo\/ibague\/","url":"https:\/\/ciudadyregion.com.co\/index.php\/se-avecina-otro-elefante-blanco-en-ibague-con-el-cable-aereo\/ibague\/","name":"\u00a0\u00bfSe avecina otro elefante blanco en Ibagu\u00e9 con el cable a\u00e9reo? - Ciudad y Region","isPartOf":{"@id":"https:\/\/ciudadyregion.com.co\/#website"},"primaryImageOfPage":{"@id":"https:\/\/ciudadyregion.com.co\/index.php\/se-avecina-otro-elefante-blanco-en-ibague-con-el-cable-aereo\/ibague\/#primaryimage"},"image":{"@id":"https:\/\/ciudadyregion.com.co\/index.php\/se-avecina-otro-elefante-blanco-en-ibague-con-el-cable-aereo\/ibague\/#primaryimage"},"thumbnailUrl":"https:\/\/i0.wp.com\/ciudadyregion.com.co\/wp-content\/uploads\/2023\/11\/5-15.jpg?fit=800%2C445&ssl=1","datePublished":"2023-11-16T13:37:44+00:00","dateModified":"2023-11-16T13:37:44+00:00","author":{"@id":"https:\/\/ciudadyregion.com.co\/#\/schema\/person\/04a4954373ebc4051f46e8c65ff78622"},"breadcrumb":{"@id":"https:\/\/ciudadyregion.com.co\/index.php\/se-avecina-otro-elefante-blanco-en-ibague-con-el-cable-aereo\/ibague\/#breadcrumb"},"inLanguage":"es","potentialAction":[{"@type":"ReadAction","target":["https:\/\/ciudadyregion.com.co\/index.php\/se-avecina-otro-elefante-blanco-en-ibague-con-el-cable-aereo\/ibague\/"]}]},{"@type":"ImageObject","inLanguage":"es","@id":"https:\/\/ciudadyregion.com.co\/index.php\/se-avecina-otro-elefante-blanco-en-ibague-con-el-cable-aereo\/ibague\/#primaryimage","url":"https:\/\/i0.wp.com\/ciudadyregion.com.co\/wp-content\/uploads\/2023\/11\/5-15.jpg?fit=800%2C445&ssl=1","contentUrl":"https:\/\/i0.wp.com\/ciudadyregion.com.co\/wp-content\/uploads\/2023\/11\/5-15.jpg?fit=800%2C445&ssl=1","width":800,"height":445},{"@type":"BreadcrumbList","@id":"https:\/\/ciudadyregion.com.co\/index.php\/se-avecina-otro-elefante-blanco-en-ibague-con-el-cable-aereo\/ibague\/#breadcrumb","itemListElement":[{"@type":"ListItem","position":1,"name":"Portada","item":"https:\/\/ciudadyregion.com.co\/"},{"@type":"ListItem","position":2,"name":"\u00a0\u00bfSe avecina otro elefante blanco en Ibagu\u00e9 con el cable a\u00e9reo?"}]},{"@type":"WebSite","@id":"https:\/\/ciudadyregion.com.co\/#website","url":"https:\/\/ciudadyregion.com.co\/","name":"Ciudad y Region","description":"","potentialAction":[{"@type":"SearchAction","target":{"@type":"EntryPoint","urlTemplate":"https:\/\/ciudadyregion.com.co\/?s={search_term_string}"},"query-input":{"@type":"PropertyValueSpecification","valueRequired":true,"valueName":"search_term_string"}}],"inLanguage":"es"},{"@type":"Person","@id":"https:\/\/ciudadyregion.com.co\/#\/schema\/person\/04a4954373ebc4051f46e8c65ff78622","name":"David Andr\u00e9s Aguirre","image":{"@type":"ImageObject","inLanguage":"es","@id":"https:\/\/ciudadyregion.com.co\/#\/schema\/person\/image\/","url":"https:\/\/secure.gravatar.com\/avatar\/bc3c655860202182ee6d1b5edd042dbe?s=96&d=mm&r=g","contentUrl":"https:\/\/secure.gravatar.com\/avatar\/bc3c655860202182ee6d1b5edd042dbe?s=96&d=mm&r=g","caption":"David Andr\u00e9s Aguirre"},"url":"https:\/\/ciudadyregion.com.co\/index.php\/author\/diegoaguirre\/"}]}},"jetpack_featured_media_url":"https:\/\/i0.wp.com\/ciudadyregion.com.co\/wp-content\/uploads\/2023\/11\/5-15.jpg?fit=800%2C445&ssl=1","jetpack_sharing_enabled":true,"jetpack_shortlink":"https:\/\/wp.me\/pbS7hh-vU","jetpack-related-posts":[],"_links":{"self":[{"href":"https:\/\/ciudadyregion.com.co\/index.php\/wp-json\/wp\/v2\/posts\/1978"}],"collection":[{"href":"https:\/\/ciudadyregion.com.co\/index.php\/wp-json\/wp\/v2\/posts"}],"about":[{"href":"https:\/\/ciudadyregion.com.co\/index.php\/wp-json\/wp\/v2\/types\/post"}],"author":[{"embeddable":true,"href":"https:\/\/ciudadyregion.com.co\/index.php\/wp-json\/wp\/v2\/users\/2"}],"replies":[{"embeddable":true,"href":"https:\/\/ciudadyregion.com.co\/index.php\/wp-json\/wp\/v2\/comments?post=1978"}],"version-history":[{"count":1,"href":"https:\/\/ciudadyregion.com.co\/index.php\/wp-json\/wp\/v2\/posts\/1978\/revisions"}],"predecessor-version":[{"id":1980,"href":"https:\/\/ciudadyregion.com.co\/index.php\/wp-json\/wp\/v2\/posts\/1978\/revisions\/1980"}],"wp:featuredmedia":[{"embeddable":true,"href":"https:\/\/ciudadyregion.com.co\/index.php\/wp-json\/wp\/v2\/media\/1979"}],"wp:attachment":[{"href":"https:\/\/ciudadyregion.com.co\/index.php\/wp-json\/wp\/v2\/media?parent=1978"}],"wp:term":[{"taxonomy":"category","embeddable":true,"href":"https:\/\/ciudadyregion.com.co\/index.php\/wp-json\/wp\/v2\/categories?post=1978"},{"taxonomy":"post_tag","embeddable":true,"href":"https:\/\/ciudadyregion.com.co\/index.php\/wp-json\/wp\/v2\/tags?post=1978"}],"curies":[{"name":"wp","href":"https:\/\/api.w.org\/{rel}","templated":true}]}}