{"id":1971,"date":"2023-11-16T08:10:45","date_gmt":"2023-11-16T13:10:45","guid":{"rendered":"https:\/\/ciudadyregion.com.co\/?p=1971"},"modified":"2023-11-16T08:10:45","modified_gmt":"2023-11-16T13:10:45","slug":"ejercito-nacional-logra-la-desarticulacion-de-un-grupo-delincuencial-organizado-en-el-norte-del-tolima","status":"publish","type":"post","link":"https:\/\/ciudadyregion.com.co\/index.php\/ejercito-nacional-logra-la-desarticulacion-de-un-grupo-delincuencial-organizado-en-el-norte-del-tolima\/judicial\/","title":{"rendered":"Ej\u00e9rcito Nacional logra la desarticulaci\u00f3n de un grupo delincuencial organizado en el norte del Tolima\u00a0"},"content":{"rendered":"<p>Tropas del Batall\u00f3n de Infanter\u00eda N.\u00ba 16 Patriotas, en el municipio de Honda, en conjunto con la Fuerza Aeroespacial y en coordinaci\u00f3n con la Polic\u00eda, lograron la desarticulaci\u00f3n del grupo delincuencial organizado (GDO) Los Cole, quienes durante el \u00faltimo a\u00f1o se hab\u00edan encargado de llevar el control de la comercializaci\u00f3n del microtr\u00e1fico.<\/p>\n<p>Este GDO era liderado por alias Melo, quien fue capturado junto a cuatro personas m\u00e1s, quienes hac\u00edan presencia en los municipios de Mariquita y Palocabildo, para ampliar la comercializaci\u00f3n del estupefaciente. Su modus operandi estaba en la distribuci\u00f3n de los alucin\u00f3genos en sectores p\u00fablicos, a domicilio y menudeo, teniendo como georreferenciaci\u00f3n delictiva diferentes barrios del municipio de Mariquita, as\u00ed como el municipio de Palocabildo. En las diligencias de allanamiento fue incautada una escopeta calibre 16 mil\u00edmetros y 30,6 gramos de marihuana.<\/p>\n<p>Los cinco sujetos fueron dejados a disposici\u00f3n de la Fiscal\u00eda Octava Especializada Antinarc\u00f3ticos de la ciudad de Ibagu\u00e9, por los delitos de concierto para delinquir, fabricaci\u00f3n, tr\u00e1fico o porte de estupefacientes.<\/p>\n<p>De esta forma, la Sexta Brigada del Ej\u00e9rcito Nacional, sigue impactando el flagelo del microtr\u00e1fico, gracias a las operaciones permanentes contra estos grupos delincuenciales organizados que buscan afectar a la poblaci\u00f3n civil en el departamento del Tolima.<\/p>\n","protected":false},"excerpt":{"rendered":"<p>Tropas del Batall\u00f3n de Infanter\u00eda N.\u00ba 16 Patriotas, en el municipio de Honda, en conjunto con la Fuerza Aeroespacial y en coordinaci\u00f3n con la Polic\u00eda, lograron la desarticulaci\u00f3n del grupo delincuencial organizado (GDO) Los Cole, quienes durante el \u00faltimo a\u00f1o se hab\u00edan encargado de llevar el control de la comercializaci\u00f3n<span class=\"more-link\"><a href=\"https:\/\/ciudadyregion.com.co\/index.php\/ejercito-nacional-logra-la-desarticulacion-de-un-grupo-delincuencial-organizado-en-el-norte-del-tolima\/judicial\/\">Continuar Leyendo<\/a><\/span><\/p>\n","protected":false},"author":2,"featured_media":1972,"comment_status":"open","ping_status":"open","sticky":false,"template":"","format":"standard","meta":{"_uf_show_specific_survey":0,"_uf_disable_surveys":false,"_jetpack_memberships_contains_paid_content":false,"footnotes":"","jetpack_publicize_message":"","jetpack_publicize_feature_enabled":true,"jetpack_social_post_already_shared":false,"jetpack_social_options":{"image_generator_settings":{"template":"highway","enabled":false},"version":2}},"categories":[18],"tags":[],"class_list":["entry","author-diegoaguirre","post-1971","post","type-post","status-publish","format-standard","has-post-thumbnail","category-judicial"],"jetpack_publicize_connections":[],"yoast_head":"<!-- This site is optimized with the Yoast SEO plugin v24.3 - https:\/\/yoast.com\/wordpress\/plugins\/seo\/ -->\n<title>Ej\u00e9rcito Nacional logra la desarticulaci\u00f3n de un grupo delincuencial organizado en el norte del Tolima\u00a0 - Ciudad y Region<\/title>\n<meta name=\"robots\" content=\"index, follow, max-snippet:-1, max-image-preview:large, max-video-preview:-1\" \/>\n<link rel=\"canonical\" href=\"https:\/\/ciudadyregion.com.co\/index.php\/ejercito-nacional-logra-la-desarticulacion-de-un-grupo-delincuencial-organizado-en-el-norte-del-tolima\/judicial\/\" \/>\n<meta property=\"og:locale\" content=\"es_ES\" \/>\n<meta property=\"og:type\" content=\"article\" \/>\n<meta property=\"og:title\" content=\"Ej\u00e9rcito Nacional logra la desarticulaci\u00f3n de un grupo delincuencial organizado en el norte del Tolima\u00a0 - Ciudad y Region\" \/>\n<meta property=\"og:description\" content=\"Tropas del Batall\u00f3n de Infanter\u00eda N.\u00ba 16 Patriotas, en el municipio de Honda, en conjunto con la Fuerza Aeroespacial y en coordinaci\u00f3n con la Polic\u00eda, lograron la desarticulaci\u00f3n del grupo delincuencial organizado (GDO) Los Cole, quienes durante el \u00faltimo a\u00f1o se hab\u00edan encargado de llevar el control de la comercializaci\u00f3nContinuar Leyendo\" \/>\n<meta property=\"og:url\" content=\"https:\/\/ciudadyregion.com.co\/index.php\/ejercito-nacional-logra-la-desarticulacion-de-un-grupo-delincuencial-organizado-en-el-norte-del-tolima\/judicial\/\" \/>\n<meta property=\"og:site_name\" content=\"Ciudad y Region\" \/>\n<meta property=\"article:published_time\" content=\"2023-11-16T13:10:45+00:00\" \/>\n<meta property=\"og:image\" content=\"https:\/\/ciudadyregion.com.co\/wp-content\/uploads\/2023\/11\/3-17.jpg\" \/>\n\t<meta property=\"og:image:width\" content=\"800\" \/>\n\t<meta property=\"og:image:height\" content=\"445\" \/>\n\t<meta property=\"og:image:type\" content=\"image\/jpeg\" \/>\n<meta name=\"author\" content=\"David Andr\u00e9s Aguirre\" \/>\n<meta name=\"twitter:card\" content=\"summary_large_image\" \/>\n<meta name=\"twitter:label1\" content=\"Escrito por\" \/>\n\t<meta name=\"twitter:data1\" content=\"David Andr\u00e9s Aguirre\" \/>\n\t<meta name=\"twitter:label2\" content=\"Tiempo de lectura\" \/>\n\t<meta name=\"twitter:data2\" content=\"1 minuto\" \/>\n<script type=\"application\/ld+json\" class=\"yoast-schema-graph\">{\"@context\":\"https:\/\/schema.org\",\"@graph\":[{\"@type\":\"WebPage\",\"@id\":\"https:\/\/ciudadyregion.com.co\/index.php\/ejercito-nacional-logra-la-desarticulacion-de-un-grupo-delincuencial-organizado-en-el-norte-del-tolima\/judicial\/\",\"url\":\"https:\/\/ciudadyregion.com.co\/index.php\/ejercito-nacional-logra-la-desarticulacion-de-un-grupo-delincuencial-organizado-en-el-norte-del-tolima\/judicial\/\",\"name\":\"Ej\u00e9rcito Nacional logra la desarticulaci\u00f3n de un grupo delincuencial organizado en el norte del Tolima\u00a0 - Ciudad y Region\",\"isPartOf\":{\"@id\":\"https:\/\/ciudadyregion.com.co\/#website\"},\"primaryImageOfPage\":{\"@id\":\"https:\/\/ciudadyregion.com.co\/index.php\/ejercito-nacional-logra-la-desarticulacion-de-un-grupo-delincuencial-organizado-en-el-norte-del-tolima\/judicial\/#primaryimage\"},\"image\":{\"@id\":\"https:\/\/ciudadyregion.com.co\/index.php\/ejercito-nacional-logra-la-desarticulacion-de-un-grupo-delincuencial-organizado-en-el-norte-del-tolima\/judicial\/#primaryimage\"},\"thumbnailUrl\":\"https:\/\/i0.wp.com\/ciudadyregion.com.co\/wp-content\/uploads\/2023\/11\/3-17.jpg?fit=800%2C445&ssl=1\",\"datePublished\":\"2023-11-16T13:10:45+00:00\",\"dateModified\":\"2023-11-16T13:10:45+00:00\",\"author\":{\"@id\":\"https:\/\/ciudadyregion.com.co\/#\/schema\/person\/04a4954373ebc4051f46e8c65ff78622\"},\"breadcrumb\":{\"@id\":\"https:\/\/ciudadyregion.com.co\/index.php\/ejercito-nacional-logra-la-desarticulacion-de-un-grupo-delincuencial-organizado-en-el-norte-del-tolima\/judicial\/#breadcrumb\"},\"inLanguage\":\"es\",\"potentialAction\":[{\"@type\":\"ReadAction\",\"target\":[\"https:\/\/ciudadyregion.com.co\/index.php\/ejercito-nacional-logra-la-desarticulacion-de-un-grupo-delincuencial-organizado-en-el-norte-del-tolima\/judicial\/\"]}]},{\"@type\":\"ImageObject\",\"inLanguage\":\"es\",\"@id\":\"https:\/\/ciudadyregion.com.co\/index.php\/ejercito-nacional-logra-la-desarticulacion-de-un-grupo-delincuencial-organizado-en-el-norte-del-tolima\/judicial\/#primaryimage\",\"url\":\"https:\/\/i0.wp.com\/ciudadyregion.com.co\/wp-content\/uploads\/2023\/11\/3-17.jpg?fit=800%2C445&ssl=1\",\"contentUrl\":\"https:\/\/i0.wp.com\/ciudadyregion.com.co\/wp-content\/uploads\/2023\/11\/3-17.jpg?fit=800%2C445&ssl=1\",\"width\":800,\"height\":445},{\"@type\":\"BreadcrumbList\",\"@id\":\"https:\/\/ciudadyregion.com.co\/index.php\/ejercito-nacional-logra-la-desarticulacion-de-un-grupo-delincuencial-organizado-en-el-norte-del-tolima\/judicial\/#breadcrumb\",\"itemListElement\":[{\"@type\":\"ListItem\",\"position\":1,\"name\":\"Portada\",\"item\":\"https:\/\/ciudadyregion.com.co\/\"},{\"@type\":\"ListItem\",\"position\":2,\"name\":\"Ej\u00e9rcito Nacional logra la desarticulaci\u00f3n de un grupo delincuencial organizado en el norte del Tolima\u00a0\"}]},{\"@type\":\"WebSite\",\"@id\":\"https:\/\/ciudadyregion.com.co\/#website\",\"url\":\"https:\/\/ciudadyregion.com.co\/\",\"name\":\"Ciudad y Region\",\"description\":\"\",\"potentialAction\":[{\"@type\":\"SearchAction\",\"target\":{\"@type\":\"EntryPoint\",\"urlTemplate\":\"https:\/\/ciudadyregion.com.co\/?s={search_term_string}\"},\"query-input\":{\"@type\":\"PropertyValueSpecification\",\"valueRequired\":true,\"valueName\":\"search_term_string\"}}],\"inLanguage\":\"es\"},{\"@type\":\"Person\",\"@id\":\"https:\/\/ciudadyregion.com.co\/#\/schema\/person\/04a4954373ebc4051f46e8c65ff78622\",\"name\":\"David Andr\u00e9s Aguirre\",\"image\":{\"@type\":\"ImageObject\",\"inLanguage\":\"es\",\"@id\":\"https:\/\/ciudadyregion.com.co\/#\/schema\/person\/image\/\",\"url\":\"https:\/\/secure.gravatar.com\/avatar\/bc3c655860202182ee6d1b5edd042dbe?s=96&d=mm&r=g\",\"contentUrl\":\"https:\/\/secure.gravatar.com\/avatar\/bc3c655860202182ee6d1b5edd042dbe?s=96&d=mm&r=g\",\"caption\":\"David Andr\u00e9s Aguirre\"},\"url\":\"https:\/\/ciudadyregion.com.co\/index.php\/author\/diegoaguirre\/\"}]}<\/script>\n<!-- \/ Yoast SEO plugin. -->","yoast_head_json":{"title":"Ej\u00e9rcito Nacional logra la desarticulaci\u00f3n de un grupo delincuencial organizado en el norte del Tolima\u00a0 - Ciudad y Region","robots":{"index":"index","follow":"follow","max-snippet":"max-snippet:-1","max-image-preview":"max-image-preview:large","max-video-preview":"max-video-preview:-1"},"canonical":"https:\/\/ciudadyregion.com.co\/index.php\/ejercito-nacional-logra-la-desarticulacion-de-un-grupo-delincuencial-organizado-en-el-norte-del-tolima\/judicial\/","og_locale":"es_ES","og_type":"article","og_title":"Ej\u00e9rcito Nacional logra la desarticulaci\u00f3n de un grupo delincuencial organizado en el norte del Tolima\u00a0 - Ciudad y Region","og_description":"Tropas del Batall\u00f3n de Infanter\u00eda N.\u00ba 16 Patriotas, en el municipio de Honda, en conjunto con la Fuerza Aeroespacial y en coordinaci\u00f3n con la Polic\u00eda, lograron la desarticulaci\u00f3n del grupo delincuencial organizado (GDO) Los Cole, quienes durante el \u00faltimo a\u00f1o se hab\u00edan encargado de llevar el control de la comercializaci\u00f3nContinuar Leyendo","og_url":"https:\/\/ciudadyregion.com.co\/index.php\/ejercito-nacional-logra-la-desarticulacion-de-un-grupo-delincuencial-organizado-en-el-norte-del-tolima\/judicial\/","og_site_name":"Ciudad y Region","article_published_time":"2023-11-16T13:10:45+00:00","og_image":[{"width":800,"height":445,"url":"https:\/\/ciudadyregion.com.co\/wp-content\/uploads\/2023\/11\/3-17.jpg","type":"image\/jpeg"}],"author":"David Andr\u00e9s Aguirre","twitter_card":"summary_large_image","twitter_misc":{"Escrito por":"David Andr\u00e9s Aguirre","Tiempo de lectura":"1 minuto"},"schema":{"@context":"https:\/\/schema.org","@graph":[{"@type":"WebPage","@id":"https:\/\/ciudadyregion.com.co\/index.php\/ejercito-nacional-logra-la-desarticulacion-de-un-grupo-delincuencial-organizado-en-el-norte-del-tolima\/judicial\/","url":"https:\/\/ciudadyregion.com.co\/index.php\/ejercito-nacional-logra-la-desarticulacion-de-un-grupo-delincuencial-organizado-en-el-norte-del-tolima\/judicial\/","name":"Ej\u00e9rcito Nacional logra la desarticulaci\u00f3n de un grupo delincuencial organizado en el norte del Tolima\u00a0 - Ciudad y Region","isPartOf":{"@id":"https:\/\/ciudadyregion.com.co\/#website"},"primaryImageOfPage":{"@id":"https:\/\/ciudadyregion.com.co\/index.php\/ejercito-nacional-logra-la-desarticulacion-de-un-grupo-delincuencial-organizado-en-el-norte-del-tolima\/judicial\/#primaryimage"},"image":{"@id":"https:\/\/ciudadyregion.com.co\/index.php\/ejercito-nacional-logra-la-desarticulacion-de-un-grupo-delincuencial-organizado-en-el-norte-del-tolima\/judicial\/#primaryimage"},"thumbnailUrl":"https:\/\/i0.wp.com\/ciudadyregion.com.co\/wp-content\/uploads\/2023\/11\/3-17.jpg?fit=800%2C445&ssl=1","datePublished":"2023-11-16T13:10:45+00:00","dateModified":"2023-11-16T13:10:45+00:00","author":{"@id":"https:\/\/ciudadyregion.com.co\/#\/schema\/person\/04a4954373ebc4051f46e8c65ff78622"},"breadcrumb":{"@id":"https:\/\/ciudadyregion.com.co\/index.php\/ejercito-nacional-logra-la-desarticulacion-de-un-grupo-delincuencial-organizado-en-el-norte-del-tolima\/judicial\/#breadcrumb"},"inLanguage":"es","potentialAction":[{"@type":"ReadAction","target":["https:\/\/ciudadyregion.com.co\/index.php\/ejercito-nacional-logra-la-desarticulacion-de-un-grupo-delincuencial-organizado-en-el-norte-del-tolima\/judicial\/"]}]},{"@type":"ImageObject","inLanguage":"es","@id":"https:\/\/ciudadyregion.com.co\/index.php\/ejercito-nacional-logra-la-desarticulacion-de-un-grupo-delincuencial-organizado-en-el-norte-del-tolima\/judicial\/#primaryimage","url":"https:\/\/i0.wp.com\/ciudadyregion.com.co\/wp-content\/uploads\/2023\/11\/3-17.jpg?fit=800%2C445&ssl=1","contentUrl":"https:\/\/i0.wp.com\/ciudadyregion.com.co\/wp-content\/uploads\/2023\/11\/3-17.jpg?fit=800%2C445&ssl=1","width":800,"height":445},{"@type":"BreadcrumbList","@id":"https:\/\/ciudadyregion.com.co\/index.php\/ejercito-nacional-logra-la-desarticulacion-de-un-grupo-delincuencial-organizado-en-el-norte-del-tolima\/judicial\/#breadcrumb","itemListElement":[{"@type":"ListItem","position":1,"name":"Portada","item":"https:\/\/ciudadyregion.com.co\/"},{"@type":"ListItem","position":2,"name":"Ej\u00e9rcito Nacional logra la desarticulaci\u00f3n de un grupo delincuencial organizado en el norte del Tolima\u00a0"}]},{"@type":"WebSite","@id":"https:\/\/ciudadyregion.com.co\/#website","url":"https:\/\/ciudadyregion.com.co\/","name":"Ciudad y Region","description":"","potentialAction":[{"@type":"SearchAction","target":{"@type":"EntryPoint","urlTemplate":"https:\/\/ciudadyregion.com.co\/?s={search_term_string}"},"query-input":{"@type":"PropertyValueSpecification","valueRequired":true,"valueName":"search_term_string"}}],"inLanguage":"es"},{"@type":"Person","@id":"https:\/\/ciudadyregion.com.co\/#\/schema\/person\/04a4954373ebc4051f46e8c65ff78622","name":"David Andr\u00e9s Aguirre","image":{"@type":"ImageObject","inLanguage":"es","@id":"https:\/\/ciudadyregion.com.co\/#\/schema\/person\/image\/","url":"https:\/\/secure.gravatar.com\/avatar\/bc3c655860202182ee6d1b5edd042dbe?s=96&d=mm&r=g","contentUrl":"https:\/\/secure.gravatar.com\/avatar\/bc3c655860202182ee6d1b5edd042dbe?s=96&d=mm&r=g","caption":"David Andr\u00e9s Aguirre"},"url":"https:\/\/ciudadyregion.com.co\/index.php\/author\/diegoaguirre\/"}]}},"jetpack_featured_media_url":"https:\/\/i0.wp.com\/ciudadyregion.com.co\/wp-content\/uploads\/2023\/11\/3-17.jpg?fit=800%2C445&ssl=1","jetpack_sharing_enabled":true,"jetpack_shortlink":"https:\/\/wp.me\/pbS7hh-vN","jetpack-related-posts":[],"_links":{"self":[{"href":"https:\/\/ciudadyregion.com.co\/index.php\/wp-json\/wp\/v2\/posts\/1971"}],"collection":[{"href":"https:\/\/ciudadyregion.com.co\/index.php\/wp-json\/wp\/v2\/posts"}],"about":[{"href":"https:\/\/ciudadyregion.com.co\/index.php\/wp-json\/wp\/v2\/types\/post"}],"author":[{"embeddable":true,"href":"https:\/\/ciudadyregion.com.co\/index.php\/wp-json\/wp\/v2\/users\/2"}],"replies":[{"embeddable":true,"href":"https:\/\/ciudadyregion.com.co\/index.php\/wp-json\/wp\/v2\/comments?post=1971"}],"version-history":[{"count":1,"href":"https:\/\/ciudadyregion.com.co\/index.php\/wp-json\/wp\/v2\/posts\/1971\/revisions"}],"predecessor-version":[{"id":1973,"href":"https:\/\/ciudadyregion.com.co\/index.php\/wp-json\/wp\/v2\/posts\/1971\/revisions\/1973"}],"wp:featuredmedia":[{"embeddable":true,"href":"https:\/\/ciudadyregion.com.co\/index.php\/wp-json\/wp\/v2\/media\/1972"}],"wp:attachment":[{"href":"https:\/\/ciudadyregion.com.co\/index.php\/wp-json\/wp\/v2\/media?parent=1971"}],"wp:term":[{"taxonomy":"category","embeddable":true,"href":"https:\/\/ciudadyregion.com.co\/index.php\/wp-json\/wp\/v2\/categories?post=1971"},{"taxonomy":"post_tag","embeddable":true,"href":"https:\/\/ciudadyregion.com.co\/index.php\/wp-json\/wp\/v2\/tags?post=1971"}],"curies":[{"name":"wp","href":"https:\/\/api.w.org\/{rel}","templated":true}]}}