{"id":194,"date":"2023-10-20T10:19:59","date_gmt":"2023-10-20T15:19:59","guid":{"rendered":"https:\/\/ciudadyregion.com.co\/?p=194"},"modified":"2023-10-20T10:19:59","modified_gmt":"2023-10-20T15:19:59","slug":"mas-de-300-musicos-participaran-manana-21-de-octubre-en-el-ii-concurso-de-bandas-fiesteras-en-honda","status":"publish","type":"post","link":"https:\/\/ciudadyregion.com.co\/index.php\/mas-de-300-musicos-participaran-manana-21-de-octubre-en-el-ii-concurso-de-bandas-fiesteras-en-honda\/cultura\/","title":{"rendered":"M\u00e1s de 300 m\u00fasicos participar\u00e1n ma\u00f1ana 21 de octubre en el II Concurso de Bandas Fiesteras en Honda"},"content":{"rendered":"<p>La ciudad de los puentes calienta motores para recibir este s\u00e1bado 21 de octubre a 11 agrupaciones musicales de todo el pa\u00eds que participar\u00e1n en el II Concurso de Bandas Fiesteras.<\/p>\n<p>El encuentro, organizado por Ibagu\u00e9 Brass con el apoyo de la Direcci\u00f3n de Cultura Departamental del Tolima y la Alcald\u00eda de Honda, duplic\u00f3 para esta versi\u00f3n el n\u00famero de bandas participantes en comparaci\u00f3n con el a\u00f1o anterior.<\/p>\n<blockquote><p><em>\u201cEste evento estar\u00e1 cargado de muchas actividades, entre las que podemos destacar un desfile por el municipio de Honda con las 11 delegaciones participantes a nivel nacional. Todo esto hace parte de una agenda cultural que viene desarrollando Ibagu\u00e9 Brass desde julio con la etapa formativa y ahora en Honda con el concurso\u201d, manifest\u00f3 Juan Pinto, director del encuentro.<\/em><\/p><\/blockquote>\n<p>Pinto record\u00f3 que el certamen musical se llevar\u00e1 a cabo en el malec\u00f3n Jos\u00e9 Eusebio Su\u00e1rez Gait\u00e1n con las modalidades concurso y procesos. En la primera modalidad participar\u00e1n las bandas fiesteras de los municipios de Bojac\u00e1, Nilo, Puerto Salgar, Guti\u00e9rrez, Carmen de Apical\u00e1 y Honda. En la segunda estar\u00e1n Madrid, Bojac\u00e1, Melgar, Palocabildo y Rovira.<\/p>\n<blockquote><p><em>\u201cVamos a tener jurados de alto nivel como el maestro Julio Panadero, gran referente de m\u00fasica fiestera a nivel nacional; el maestro Jos\u00e9 Fernando Pe\u00f1a, trompetista de agrupaciones de Wilfredo Vargas, Eddy Herrera y muchos artistas m\u00e1s; y vamos a tener al maestro Francisco Chapet\u00f3n, director musical de bandas sinf\u00f3nicas, tambi\u00e9n conocido en la escena regional\u201d, sostuvo el director.<\/em><\/p><\/blockquote>\n<p>Vale mencionar que el cierre del concurso estar\u00e1 por cuenta de Yambek\u00e9 Orquesta, actual agrupaci\u00f3n ganadora del Festival de Orquestas \u201cPijao de Oro\u201d, organizado por la Gobernaci\u00f3n del Tolima.<\/p>\n<p>&nbsp;<\/p>\n<p>&nbsp;<\/p>\n<p>&nbsp;<\/p>\n<p>Cr\u00e9ditos: Gobernaci\u00f3n del Tolima<\/p>\n","protected":false},"excerpt":{"rendered":"<p>La ciudad de los puentes calienta motores para recibir este s\u00e1bado 21 de octubre a 11 agrupaciones musicales de todo el pa\u00eds que participar\u00e1n en el II Concurso de Bandas Fiesteras. El encuentro, organizado por Ibagu\u00e9 Brass con el apoyo de la Direcci\u00f3n de Cultura Departamental del Tolima y la<span class=\"more-link\"><a href=\"https:\/\/ciudadyregion.com.co\/index.php\/mas-de-300-musicos-participaran-manana-21-de-octubre-en-el-ii-concurso-de-bandas-fiesteras-en-honda\/cultura\/\">Continuar Leyendo<\/a><\/span><\/p>\n","protected":false},"author":2,"featured_media":217,"comment_status":"open","ping_status":"open","sticky":false,"template":"","format":"standard","meta":{"_uf_show_specific_survey":0,"_uf_disable_surveys":false,"_jetpack_memberships_contains_paid_content":false,"footnotes":"","jetpack_publicize_message":"","jetpack_publicize_feature_enabled":true,"jetpack_social_post_already_shared":false,"jetpack_social_options":{"image_generator_settings":{"template":"highway","enabled":false},"version":2}},"categories":[30],"tags":[],"class_list":["entry","author-diegoaguirre","post-194","post","type-post","status-publish","format-standard","has-post-thumbnail","category-cultura"],"jetpack_publicize_connections":[],"yoast_head":"<!-- This site is optimized with the Yoast SEO plugin v24.3 - https:\/\/yoast.com\/wordpress\/plugins\/seo\/ -->\n<title>M\u00e1s de 300 m\u00fasicos participar\u00e1n ma\u00f1ana 21 de octubre en el II Concurso de Bandas Fiesteras en Honda - Ciudad y Region<\/title>\n<meta name=\"robots\" content=\"index, follow, max-snippet:-1, max-image-preview:large, max-video-preview:-1\" \/>\n<link rel=\"canonical\" href=\"https:\/\/ciudadyregion.com.co\/index.php\/mas-de-300-musicos-participaran-manana-21-de-octubre-en-el-ii-concurso-de-bandas-fiesteras-en-honda\/cultura\/\" \/>\n<meta property=\"og:locale\" content=\"es_ES\" \/>\n<meta property=\"og:type\" content=\"article\" \/>\n<meta property=\"og:title\" content=\"M\u00e1s de 300 m\u00fasicos participar\u00e1n ma\u00f1ana 21 de octubre en el II Concurso de Bandas Fiesteras en Honda - Ciudad y Region\" \/>\n<meta property=\"og:description\" content=\"La ciudad de los puentes calienta motores para recibir este s\u00e1bado 21 de octubre a 11 agrupaciones musicales de todo el pa\u00eds que participar\u00e1n en el II Concurso de Bandas Fiesteras. El encuentro, organizado por Ibagu\u00e9 Brass con el apoyo de la Direcci\u00f3n de Cultura Departamental del Tolima y laContinuar Leyendo\" \/>\n<meta property=\"og:url\" content=\"https:\/\/ciudadyregion.com.co\/index.php\/mas-de-300-musicos-participaran-manana-21-de-octubre-en-el-ii-concurso-de-bandas-fiesteras-en-honda\/cultura\/\" \/>\n<meta property=\"og:site_name\" content=\"Ciudad y Region\" \/>\n<meta property=\"article:published_time\" content=\"2023-10-20T15:19:59+00:00\" \/>\n<meta property=\"og:image\" content=\"https:\/\/ciudadyregion.com.co\/wp-content\/uploads\/2023\/10\/8.jpg\" \/>\n\t<meta property=\"og:image:width\" content=\"800\" \/>\n\t<meta property=\"og:image:height\" content=\"445\" \/>\n\t<meta property=\"og:image:type\" content=\"image\/jpeg\" \/>\n<meta name=\"author\" content=\"David Andr\u00e9s Aguirre\" \/>\n<meta name=\"twitter:card\" content=\"summary_large_image\" \/>\n<meta name=\"twitter:label1\" content=\"Escrito por\" \/>\n\t<meta name=\"twitter:data1\" content=\"David Andr\u00e9s Aguirre\" \/>\n\t<meta name=\"twitter:label2\" content=\"Tiempo de lectura\" \/>\n\t<meta name=\"twitter:data2\" content=\"1 minuto\" \/>\n<script type=\"application\/ld+json\" class=\"yoast-schema-graph\">{\"@context\":\"https:\/\/schema.org\",\"@graph\":[{\"@type\":\"WebPage\",\"@id\":\"https:\/\/ciudadyregion.com.co\/index.php\/mas-de-300-musicos-participaran-manana-21-de-octubre-en-el-ii-concurso-de-bandas-fiesteras-en-honda\/cultura\/\",\"url\":\"https:\/\/ciudadyregion.com.co\/index.php\/mas-de-300-musicos-participaran-manana-21-de-octubre-en-el-ii-concurso-de-bandas-fiesteras-en-honda\/cultura\/\",\"name\":\"M\u00e1s de 300 m\u00fasicos participar\u00e1n ma\u00f1ana 21 de octubre en el II Concurso de Bandas Fiesteras en Honda - Ciudad y Region\",\"isPartOf\":{\"@id\":\"https:\/\/ciudadyregion.com.co\/#website\"},\"primaryImageOfPage\":{\"@id\":\"https:\/\/ciudadyregion.com.co\/index.php\/mas-de-300-musicos-participaran-manana-21-de-octubre-en-el-ii-concurso-de-bandas-fiesteras-en-honda\/cultura\/#primaryimage\"},\"image\":{\"@id\":\"https:\/\/ciudadyregion.com.co\/index.php\/mas-de-300-musicos-participaran-manana-21-de-octubre-en-el-ii-concurso-de-bandas-fiesteras-en-honda\/cultura\/#primaryimage\"},\"thumbnailUrl\":\"https:\/\/i0.wp.com\/ciudadyregion.com.co\/wp-content\/uploads\/2023\/10\/8.jpg?fit=800%2C445&ssl=1\",\"datePublished\":\"2023-10-20T15:19:59+00:00\",\"dateModified\":\"2023-10-20T15:19:59+00:00\",\"author\":{\"@id\":\"https:\/\/ciudadyregion.com.co\/#\/schema\/person\/04a4954373ebc4051f46e8c65ff78622\"},\"breadcrumb\":{\"@id\":\"https:\/\/ciudadyregion.com.co\/index.php\/mas-de-300-musicos-participaran-manana-21-de-octubre-en-el-ii-concurso-de-bandas-fiesteras-en-honda\/cultura\/#breadcrumb\"},\"inLanguage\":\"es\",\"potentialAction\":[{\"@type\":\"ReadAction\",\"target\":[\"https:\/\/ciudadyregion.com.co\/index.php\/mas-de-300-musicos-participaran-manana-21-de-octubre-en-el-ii-concurso-de-bandas-fiesteras-en-honda\/cultura\/\"]}]},{\"@type\":\"ImageObject\",\"inLanguage\":\"es\",\"@id\":\"https:\/\/ciudadyregion.com.co\/index.php\/mas-de-300-musicos-participaran-manana-21-de-octubre-en-el-ii-concurso-de-bandas-fiesteras-en-honda\/cultura\/#primaryimage\",\"url\":\"https:\/\/i0.wp.com\/ciudadyregion.com.co\/wp-content\/uploads\/2023\/10\/8.jpg?fit=800%2C445&ssl=1\",\"contentUrl\":\"https:\/\/i0.wp.com\/ciudadyregion.com.co\/wp-content\/uploads\/2023\/10\/8.jpg?fit=800%2C445&ssl=1\",\"width\":800,\"height\":445},{\"@type\":\"BreadcrumbList\",\"@id\":\"https:\/\/ciudadyregion.com.co\/index.php\/mas-de-300-musicos-participaran-manana-21-de-octubre-en-el-ii-concurso-de-bandas-fiesteras-en-honda\/cultura\/#breadcrumb\",\"itemListElement\":[{\"@type\":\"ListItem\",\"position\":1,\"name\":\"Portada\",\"item\":\"https:\/\/ciudadyregion.com.co\/\"},{\"@type\":\"ListItem\",\"position\":2,\"name\":\"M\u00e1s de 300 m\u00fasicos participar\u00e1n ma\u00f1ana 21 de octubre en el II Concurso de Bandas Fiesteras en Honda\"}]},{\"@type\":\"WebSite\",\"@id\":\"https:\/\/ciudadyregion.com.co\/#website\",\"url\":\"https:\/\/ciudadyregion.com.co\/\",\"name\":\"Ciudad y Region\",\"description\":\"\",\"potentialAction\":[{\"@type\":\"SearchAction\",\"target\":{\"@type\":\"EntryPoint\",\"urlTemplate\":\"https:\/\/ciudadyregion.com.co\/?s={search_term_string}\"},\"query-input\":{\"@type\":\"PropertyValueSpecification\",\"valueRequired\":true,\"valueName\":\"search_term_string\"}}],\"inLanguage\":\"es\"},{\"@type\":\"Person\",\"@id\":\"https:\/\/ciudadyregion.com.co\/#\/schema\/person\/04a4954373ebc4051f46e8c65ff78622\",\"name\":\"David Andr\u00e9s Aguirre\",\"image\":{\"@type\":\"ImageObject\",\"inLanguage\":\"es\",\"@id\":\"https:\/\/ciudadyregion.com.co\/#\/schema\/person\/image\/\",\"url\":\"https:\/\/secure.gravatar.com\/avatar\/bc3c655860202182ee6d1b5edd042dbe?s=96&d=mm&r=g\",\"contentUrl\":\"https:\/\/secure.gravatar.com\/avatar\/bc3c655860202182ee6d1b5edd042dbe?s=96&d=mm&r=g\",\"caption\":\"David Andr\u00e9s Aguirre\"},\"url\":\"https:\/\/ciudadyregion.com.co\/index.php\/author\/diegoaguirre\/\"}]}<\/script>\n<!-- \/ Yoast SEO plugin. -->","yoast_head_json":{"title":"M\u00e1s de 300 m\u00fasicos participar\u00e1n ma\u00f1ana 21 de octubre en el II Concurso de Bandas Fiesteras en Honda - Ciudad y Region","robots":{"index":"index","follow":"follow","max-snippet":"max-snippet:-1","max-image-preview":"max-image-preview:large","max-video-preview":"max-video-preview:-1"},"canonical":"https:\/\/ciudadyregion.com.co\/index.php\/mas-de-300-musicos-participaran-manana-21-de-octubre-en-el-ii-concurso-de-bandas-fiesteras-en-honda\/cultura\/","og_locale":"es_ES","og_type":"article","og_title":"M\u00e1s de 300 m\u00fasicos participar\u00e1n ma\u00f1ana 21 de octubre en el II Concurso de Bandas Fiesteras en Honda - Ciudad y Region","og_description":"La ciudad de los puentes calienta motores para recibir este s\u00e1bado 21 de octubre a 11 agrupaciones musicales de todo el pa\u00eds que participar\u00e1n en el II Concurso de Bandas Fiesteras. El encuentro, organizado por Ibagu\u00e9 Brass con el apoyo de la Direcci\u00f3n de Cultura Departamental del Tolima y laContinuar Leyendo","og_url":"https:\/\/ciudadyregion.com.co\/index.php\/mas-de-300-musicos-participaran-manana-21-de-octubre-en-el-ii-concurso-de-bandas-fiesteras-en-honda\/cultura\/","og_site_name":"Ciudad y Region","article_published_time":"2023-10-20T15:19:59+00:00","og_image":[{"width":800,"height":445,"url":"https:\/\/ciudadyregion.com.co\/wp-content\/uploads\/2023\/10\/8.jpg","type":"image\/jpeg"}],"author":"David Andr\u00e9s Aguirre","twitter_card":"summary_large_image","twitter_misc":{"Escrito por":"David Andr\u00e9s Aguirre","Tiempo de lectura":"1 minuto"},"schema":{"@context":"https:\/\/schema.org","@graph":[{"@type":"WebPage","@id":"https:\/\/ciudadyregion.com.co\/index.php\/mas-de-300-musicos-participaran-manana-21-de-octubre-en-el-ii-concurso-de-bandas-fiesteras-en-honda\/cultura\/","url":"https:\/\/ciudadyregion.com.co\/index.php\/mas-de-300-musicos-participaran-manana-21-de-octubre-en-el-ii-concurso-de-bandas-fiesteras-en-honda\/cultura\/","name":"M\u00e1s de 300 m\u00fasicos participar\u00e1n ma\u00f1ana 21 de octubre en el II Concurso de Bandas Fiesteras en Honda - Ciudad y Region","isPartOf":{"@id":"https:\/\/ciudadyregion.com.co\/#website"},"primaryImageOfPage":{"@id":"https:\/\/ciudadyregion.com.co\/index.php\/mas-de-300-musicos-participaran-manana-21-de-octubre-en-el-ii-concurso-de-bandas-fiesteras-en-honda\/cultura\/#primaryimage"},"image":{"@id":"https:\/\/ciudadyregion.com.co\/index.php\/mas-de-300-musicos-participaran-manana-21-de-octubre-en-el-ii-concurso-de-bandas-fiesteras-en-honda\/cultura\/#primaryimage"},"thumbnailUrl":"https:\/\/i0.wp.com\/ciudadyregion.com.co\/wp-content\/uploads\/2023\/10\/8.jpg?fit=800%2C445&ssl=1","datePublished":"2023-10-20T15:19:59+00:00","dateModified":"2023-10-20T15:19:59+00:00","author":{"@id":"https:\/\/ciudadyregion.com.co\/#\/schema\/person\/04a4954373ebc4051f46e8c65ff78622"},"breadcrumb":{"@id":"https:\/\/ciudadyregion.com.co\/index.php\/mas-de-300-musicos-participaran-manana-21-de-octubre-en-el-ii-concurso-de-bandas-fiesteras-en-honda\/cultura\/#breadcrumb"},"inLanguage":"es","potentialAction":[{"@type":"ReadAction","target":["https:\/\/ciudadyregion.com.co\/index.php\/mas-de-300-musicos-participaran-manana-21-de-octubre-en-el-ii-concurso-de-bandas-fiesteras-en-honda\/cultura\/"]}]},{"@type":"ImageObject","inLanguage":"es","@id":"https:\/\/ciudadyregion.com.co\/index.php\/mas-de-300-musicos-participaran-manana-21-de-octubre-en-el-ii-concurso-de-bandas-fiesteras-en-honda\/cultura\/#primaryimage","url":"https:\/\/i0.wp.com\/ciudadyregion.com.co\/wp-content\/uploads\/2023\/10\/8.jpg?fit=800%2C445&ssl=1","contentUrl":"https:\/\/i0.wp.com\/ciudadyregion.com.co\/wp-content\/uploads\/2023\/10\/8.jpg?fit=800%2C445&ssl=1","width":800,"height":445},{"@type":"BreadcrumbList","@id":"https:\/\/ciudadyregion.com.co\/index.php\/mas-de-300-musicos-participaran-manana-21-de-octubre-en-el-ii-concurso-de-bandas-fiesteras-en-honda\/cultura\/#breadcrumb","itemListElement":[{"@type":"ListItem","position":1,"name":"Portada","item":"https:\/\/ciudadyregion.com.co\/"},{"@type":"ListItem","position":2,"name":"M\u00e1s de 300 m\u00fasicos participar\u00e1n ma\u00f1ana 21 de octubre en el II Concurso de Bandas Fiesteras en Honda"}]},{"@type":"WebSite","@id":"https:\/\/ciudadyregion.com.co\/#website","url":"https:\/\/ciudadyregion.com.co\/","name":"Ciudad y Region","description":"","potentialAction":[{"@type":"SearchAction","target":{"@type":"EntryPoint","urlTemplate":"https:\/\/ciudadyregion.com.co\/?s={search_term_string}"},"query-input":{"@type":"PropertyValueSpecification","valueRequired":true,"valueName":"search_term_string"}}],"inLanguage":"es"},{"@type":"Person","@id":"https:\/\/ciudadyregion.com.co\/#\/schema\/person\/04a4954373ebc4051f46e8c65ff78622","name":"David Andr\u00e9s Aguirre","image":{"@type":"ImageObject","inLanguage":"es","@id":"https:\/\/ciudadyregion.com.co\/#\/schema\/person\/image\/","url":"https:\/\/secure.gravatar.com\/avatar\/bc3c655860202182ee6d1b5edd042dbe?s=96&d=mm&r=g","contentUrl":"https:\/\/secure.gravatar.com\/avatar\/bc3c655860202182ee6d1b5edd042dbe?s=96&d=mm&r=g","caption":"David Andr\u00e9s Aguirre"},"url":"https:\/\/ciudadyregion.com.co\/index.php\/author\/diegoaguirre\/"}]}},"jetpack_featured_media_url":"https:\/\/i0.wp.com\/ciudadyregion.com.co\/wp-content\/uploads\/2023\/10\/8.jpg?fit=800%2C445&ssl=1","jetpack_sharing_enabled":true,"jetpack_shortlink":"https:\/\/wp.me\/pbS7hh-38","jetpack-related-posts":[],"_links":{"self":[{"href":"https:\/\/ciudadyregion.com.co\/index.php\/wp-json\/wp\/v2\/posts\/194"}],"collection":[{"href":"https:\/\/ciudadyregion.com.co\/index.php\/wp-json\/wp\/v2\/posts"}],"about":[{"href":"https:\/\/ciudadyregion.com.co\/index.php\/wp-json\/wp\/v2\/types\/post"}],"author":[{"embeddable":true,"href":"https:\/\/ciudadyregion.com.co\/index.php\/wp-json\/wp\/v2\/users\/2"}],"replies":[{"embeddable":true,"href":"https:\/\/ciudadyregion.com.co\/index.php\/wp-json\/wp\/v2\/comments?post=194"}],"version-history":[{"count":1,"href":"https:\/\/ciudadyregion.com.co\/index.php\/wp-json\/wp\/v2\/posts\/194\/revisions"}],"predecessor-version":[{"id":195,"href":"https:\/\/ciudadyregion.com.co\/index.php\/wp-json\/wp\/v2\/posts\/194\/revisions\/195"}],"wp:featuredmedia":[{"embeddable":true,"href":"https:\/\/ciudadyregion.com.co\/index.php\/wp-json\/wp\/v2\/media\/217"}],"wp:attachment":[{"href":"https:\/\/ciudadyregion.com.co\/index.php\/wp-json\/wp\/v2\/media?parent=194"}],"wp:term":[{"taxonomy":"category","embeddable":true,"href":"https:\/\/ciudadyregion.com.co\/index.php\/wp-json\/wp\/v2\/categories?post=194"},{"taxonomy":"post_tag","embeddable":true,"href":"https:\/\/ciudadyregion.com.co\/index.php\/wp-json\/wp\/v2\/tags?post=194"}],"curies":[{"name":"wp","href":"https:\/\/api.w.org\/{rel}","templated":true}]}}