{"id":1879,"date":"2023-11-15T08:11:41","date_gmt":"2023-11-15T13:11:41","guid":{"rendered":"https:\/\/ciudadyregion.com.co\/?p=1879"},"modified":"2023-11-15T08:11:41","modified_gmt":"2023-11-15T13:11:41","slug":"arranca-gigantesca-jornada-de-conciliacion-para-el-cambio-en-el-pais","status":"publish","type":"post","link":"https:\/\/ciudadyregion.com.co\/index.php\/arranca-gigantesca-jornada-de-conciliacion-para-el-cambio-en-el-pais\/nacional\/","title":{"rendered":"Arranca gigantesca jornada de Conciliaci\u00f3n para el Cambio en el pa\u00eds"},"content":{"rendered":"<ul>\n<li><em>\u200bLa oferta de servicios de conciliaci\u00f3n est\u00e1 disponible en 470 centros de conciliaci\u00f3n p\u00fablicos, privados y universitarios que incluyen 115 casas de justicia y 42 centros de convivencia ciudadana en todo el pa\u00eds. Los usuarios ser\u00e1n atendidos por 6.743 funcionarios p\u00fablicos habilitados.<\/em><\/li>\n<\/ul>\n<p>Resolver de manera pac\u00edfica conflictos y diferencias sobre deudas, contratos, arrendamientos, alimentos, asuntos de convivencia y de familia es la invitaci\u00f3n del Gobierno del Cambio a partir de hoy y por los pr\u00f3ximos 10 d\u00edas.<\/p>\n<p>La iniciativa, del Ministerio de Justicia y del Derecho, tendr\u00e1 lugar en todo el pa\u00eds en el\u00a0<a href=\"https:\/\/www.minjusticia.gov.co\/programas-co\/MASC\/Paginas\/Festival-Conciliacion.aspx\">Festival de la Conciliaci\u00f3n<\/a>, que se celebra del 14 al 24 de noviembre.<\/p>\n<p>Promover una cultura del di\u00e1logo, del acuerdo, de resolver de manera amistosa las diferencias y contar con una pronta, eficaz y gratuita justicia, es el prop\u00f3sito de esta jornada que se enfoca en la construcci\u00f3n de la paz y la convivencia pac\u00edfica, impulsando mecanismos de resoluci\u00f3n de conflictos en derecho y en equidad.<\/p>\n<p>La conciliaci\u00f3n es un m\u00e9todo de resoluci\u00f3n de conflictos que promueve el di\u00e1logo y la capacidad de las personas para resolver diferencias, previene el escalamiento de la violencia, descongestiona los despachos judiciales y contribuye a la convivencia pac\u00edfica en los territorios del pa\u00eds.<\/p>\n<p>Quien utilice la Conciliaci\u00f3n ahorra tiempo y dinero y sus resultados tienen los mismos efectos de una sentencia judicial.<\/p>\n<p>El ministro N\u00e9stor Iv\u00e1n Osuna abri\u00f3 el Festival en las instalaciones del Terminal de Transportes de Bogot\u00e1, sede Salitre, con la participaci\u00f3n de representantes de los centros de conciliaci\u00f3n.<\/p>\n<p>Junto al Festival, se realizar\u00e1n actividades pedag\u00f3gicas y culturales y, en articulaci\u00f3n con operadores y administraciones locales, se celebrar\u00e1n importantes agendas de promoci\u00f3n y pedagog\u00eda en los territorios.<\/p>\n<p>El arte, la cultura y la pedagog\u00eda ser\u00e1n los instrumentos para que las comunidades conozcan m\u00e1s estos mecanismos y contribuyan a transformar, de manera positiva, la forma en que solucionan sus controversias entre los colombianos.<\/p>\n<p>Hay disponibles 470 centros de conciliaci\u00f3n p\u00fablicos, privados y universitarios \u2013que incluyen 115 casas de justicia y 42 centros de convivencia ciudadana en todo el pa\u00eds\u2013 para este gran ejercicio de Conciliaci\u00f3n Nacional. Los usuarios ser\u00e1n atendidos por 6.743 funcionarios p\u00fablicos habilitados.<\/p>\n<p>Est\u00e1n abiertos y en operaci\u00f3n 145 de consultorios jur\u00eddicos de facultades de derecho, 57 de entidades p\u00fablicas, 266 privados y dos de notar\u00edas, seg\u00fan el Sistema de Informaci\u00f3n de la Conciliaci\u00f3n en Derecho (SICAAC), y m\u00e1s de 100 conciliadores en equidad.\u00a0\u200b<br \/>\nMunicipios de 13 departamentos en Santander de Quilichao y Popay\u00e1n (Cauca), Puerto As\u00eds (Putumayo), Monter\u00eda y Ci\u00e9naga de Oro (C\u00f3rdoba), Quibd\u00f3 (Choc\u00f3), Bucaramanga y Barrancabermeja (Santander), Soacha (Cundinamarca), Tame (Arauca), Buenaventura (Valle del Cauca), Villavicencio (Meta), San Onofre (Sucre), Medell\u00edn (Antioquia), Leticia (Amazonas), Tumaco y Pasto (Nari\u00f1o), entre otros, cuentan con especial atenci\u00f3n.<\/p>\n<h2>La concilia\u200bci\u00f3n en cifras:<\/h2>\n<p>En 2023, el sistema SICAAC, ha registrado 142.383 casos de personas que buscan en este mecanismo la soluci\u00f3n a sus problemas.<\/p>\n<p>De ese total, 62.518 est\u00e1n asociados a conflictos civiles y comerciales como deudas, contratos, arrendamientos; 50.359 con temas de familia como cuotas alimentarias, r\u00e9gimen de visitas, liquidaci\u00f3n de sociedades conyugales, herencias, entre otros; 18.461 con temas laborales y el resto, relacionados con conflictos de convivencia y asuntos comunitarios.<\/p>\n<p>En materia de conciliaci\u00f3n en equidad, seg\u00fan reporte de puntos de atenci\u00f3n ubicados en las casas de justicia, 21.464 personas fueron atendidas por conciliadores en equidad.<\/p>\n<p>Las personas interesadas podr\u00e1n gestionar de manera pronta y gratuita problemas relacionados con deudas, asuntos familiares, cuotas alimentarias, arrendamientos y conflictos de convivencia por ruidos, humedades o mascotas, entre otros.<\/p>\n","protected":false},"excerpt":{"rendered":"<p>\u200bLa oferta de servicios de conciliaci\u00f3n est\u00e1 disponible en 470 centros de conciliaci\u00f3n p\u00fablicos, privados y universitarios que incluyen 115 casas de justicia y 42 centros de convivencia ciudadana en todo el pa\u00eds. Los usuarios ser\u00e1n atendidos por 6.743 funcionarios p\u00fablicos habilitados. Resolver de manera pac\u00edfica conflictos y diferencias sobre<span class=\"more-link\"><a href=\"https:\/\/ciudadyregion.com.co\/index.php\/arranca-gigantesca-jornada-de-conciliacion-para-el-cambio-en-el-pais\/nacional\/\">Continuar Leyendo<\/a><\/span><\/p>\n","protected":false},"author":2,"featured_media":1880,"comment_status":"open","ping_status":"open","sticky":false,"template":"","format":"standard","meta":{"_uf_show_specific_survey":0,"_uf_disable_surveys":false,"_jetpack_memberships_contains_paid_content":false,"footnotes":"","jetpack_publicize_message":"","jetpack_publicize_feature_enabled":true,"jetpack_social_post_already_shared":false,"jetpack_social_options":{"image_generator_settings":{"template":"highway","enabled":false},"version":2}},"categories":[23],"tags":[],"class_list":["entry","author-diegoaguirre","post-1879","post","type-post","status-publish","format-standard","has-post-thumbnail","category-nacional"],"jetpack_publicize_connections":[],"yoast_head":"<!-- This site is optimized with the Yoast SEO plugin v24.3 - https:\/\/yoast.com\/wordpress\/plugins\/seo\/ -->\n<title>Arranca gigantesca jornada de Conciliaci\u00f3n para el Cambio en el pa\u00eds - Ciudad y Region<\/title>\n<meta name=\"robots\" content=\"index, follow, max-snippet:-1, max-image-preview:large, max-video-preview:-1\" \/>\n<link rel=\"canonical\" href=\"https:\/\/ciudadyregion.com.co\/index.php\/arranca-gigantesca-jornada-de-conciliacion-para-el-cambio-en-el-pais\/nacional\/\" \/>\n<meta property=\"og:locale\" content=\"es_ES\" \/>\n<meta property=\"og:type\" content=\"article\" \/>\n<meta property=\"og:title\" content=\"Arranca gigantesca jornada de Conciliaci\u00f3n para el Cambio en el pa\u00eds - Ciudad y Region\" \/>\n<meta property=\"og:description\" content=\"\u200bLa oferta de servicios de conciliaci\u00f3n est\u00e1 disponible en 470 centros de conciliaci\u00f3n p\u00fablicos, privados y universitarios que incluyen 115 casas de justicia y 42 centros de convivencia ciudadana en todo el pa\u00eds. Los usuarios ser\u00e1n atendidos por 6.743 funcionarios p\u00fablicos habilitados. Resolver de manera pac\u00edfica conflictos y diferencias sobreContinuar Leyendo\" \/>\n<meta property=\"og:url\" content=\"https:\/\/ciudadyregion.com.co\/index.php\/arranca-gigantesca-jornada-de-conciliacion-para-el-cambio-en-el-pais\/nacional\/\" \/>\n<meta property=\"og:site_name\" content=\"Ciudad y Region\" \/>\n<meta property=\"article:published_time\" content=\"2023-11-15T13:11:41+00:00\" \/>\n<meta property=\"og:image\" content=\"https:\/\/ciudadyregion.com.co\/wp-content\/uploads\/2023\/11\/2-18.jpg\" \/>\n\t<meta property=\"og:image:width\" content=\"800\" \/>\n\t<meta property=\"og:image:height\" content=\"445\" \/>\n\t<meta property=\"og:image:type\" content=\"image\/jpeg\" \/>\n<meta name=\"author\" content=\"David Andr\u00e9s Aguirre\" \/>\n<meta name=\"twitter:card\" content=\"summary_large_image\" \/>\n<meta name=\"twitter:label1\" content=\"Escrito por\" \/>\n\t<meta name=\"twitter:data1\" content=\"David Andr\u00e9s Aguirre\" \/>\n\t<meta name=\"twitter:label2\" content=\"Tiempo de lectura\" \/>\n\t<meta name=\"twitter:data2\" content=\"3 minutos\" \/>\n<script type=\"application\/ld+json\" class=\"yoast-schema-graph\">{\"@context\":\"https:\/\/schema.org\",\"@graph\":[{\"@type\":\"WebPage\",\"@id\":\"https:\/\/ciudadyregion.com.co\/index.php\/arranca-gigantesca-jornada-de-conciliacion-para-el-cambio-en-el-pais\/nacional\/\",\"url\":\"https:\/\/ciudadyregion.com.co\/index.php\/arranca-gigantesca-jornada-de-conciliacion-para-el-cambio-en-el-pais\/nacional\/\",\"name\":\"Arranca gigantesca jornada de Conciliaci\u00f3n para el Cambio en el pa\u00eds - Ciudad y Region\",\"isPartOf\":{\"@id\":\"https:\/\/ciudadyregion.com.co\/#website\"},\"primaryImageOfPage\":{\"@id\":\"https:\/\/ciudadyregion.com.co\/index.php\/arranca-gigantesca-jornada-de-conciliacion-para-el-cambio-en-el-pais\/nacional\/#primaryimage\"},\"image\":{\"@id\":\"https:\/\/ciudadyregion.com.co\/index.php\/arranca-gigantesca-jornada-de-conciliacion-para-el-cambio-en-el-pais\/nacional\/#primaryimage\"},\"thumbnailUrl\":\"https:\/\/i0.wp.com\/ciudadyregion.com.co\/wp-content\/uploads\/2023\/11\/2-18.jpg?fit=800%2C445&ssl=1\",\"datePublished\":\"2023-11-15T13:11:41+00:00\",\"dateModified\":\"2023-11-15T13:11:41+00:00\",\"author\":{\"@id\":\"https:\/\/ciudadyregion.com.co\/#\/schema\/person\/04a4954373ebc4051f46e8c65ff78622\"},\"breadcrumb\":{\"@id\":\"https:\/\/ciudadyregion.com.co\/index.php\/arranca-gigantesca-jornada-de-conciliacion-para-el-cambio-en-el-pais\/nacional\/#breadcrumb\"},\"inLanguage\":\"es\",\"potentialAction\":[{\"@type\":\"ReadAction\",\"target\":[\"https:\/\/ciudadyregion.com.co\/index.php\/arranca-gigantesca-jornada-de-conciliacion-para-el-cambio-en-el-pais\/nacional\/\"]}]},{\"@type\":\"ImageObject\",\"inLanguage\":\"es\",\"@id\":\"https:\/\/ciudadyregion.com.co\/index.php\/arranca-gigantesca-jornada-de-conciliacion-para-el-cambio-en-el-pais\/nacional\/#primaryimage\",\"url\":\"https:\/\/i0.wp.com\/ciudadyregion.com.co\/wp-content\/uploads\/2023\/11\/2-18.jpg?fit=800%2C445&ssl=1\",\"contentUrl\":\"https:\/\/i0.wp.com\/ciudadyregion.com.co\/wp-content\/uploads\/2023\/11\/2-18.jpg?fit=800%2C445&ssl=1\",\"width\":800,\"height\":445},{\"@type\":\"BreadcrumbList\",\"@id\":\"https:\/\/ciudadyregion.com.co\/index.php\/arranca-gigantesca-jornada-de-conciliacion-para-el-cambio-en-el-pais\/nacional\/#breadcrumb\",\"itemListElement\":[{\"@type\":\"ListItem\",\"position\":1,\"name\":\"Portada\",\"item\":\"https:\/\/ciudadyregion.com.co\/\"},{\"@type\":\"ListItem\",\"position\":2,\"name\":\"Arranca gigantesca jornada de Conciliaci\u00f3n para el Cambio en el pa\u00eds\"}]},{\"@type\":\"WebSite\",\"@id\":\"https:\/\/ciudadyregion.com.co\/#website\",\"url\":\"https:\/\/ciudadyregion.com.co\/\",\"name\":\"Ciudad y Region\",\"description\":\"\",\"potentialAction\":[{\"@type\":\"SearchAction\",\"target\":{\"@type\":\"EntryPoint\",\"urlTemplate\":\"https:\/\/ciudadyregion.com.co\/?s={search_term_string}\"},\"query-input\":{\"@type\":\"PropertyValueSpecification\",\"valueRequired\":true,\"valueName\":\"search_term_string\"}}],\"inLanguage\":\"es\"},{\"@type\":\"Person\",\"@id\":\"https:\/\/ciudadyregion.com.co\/#\/schema\/person\/04a4954373ebc4051f46e8c65ff78622\",\"name\":\"David Andr\u00e9s Aguirre\",\"image\":{\"@type\":\"ImageObject\",\"inLanguage\":\"es\",\"@id\":\"https:\/\/ciudadyregion.com.co\/#\/schema\/person\/image\/\",\"url\":\"https:\/\/secure.gravatar.com\/avatar\/bc3c655860202182ee6d1b5edd042dbe?s=96&d=mm&r=g\",\"contentUrl\":\"https:\/\/secure.gravatar.com\/avatar\/bc3c655860202182ee6d1b5edd042dbe?s=96&d=mm&r=g\",\"caption\":\"David Andr\u00e9s Aguirre\"},\"url\":\"https:\/\/ciudadyregion.com.co\/index.php\/author\/diegoaguirre\/\"}]}<\/script>\n<!-- \/ Yoast SEO plugin. -->","yoast_head_json":{"title":"Arranca gigantesca jornada de Conciliaci\u00f3n para el Cambio en el pa\u00eds - Ciudad y Region","robots":{"index":"index","follow":"follow","max-snippet":"max-snippet:-1","max-image-preview":"max-image-preview:large","max-video-preview":"max-video-preview:-1"},"canonical":"https:\/\/ciudadyregion.com.co\/index.php\/arranca-gigantesca-jornada-de-conciliacion-para-el-cambio-en-el-pais\/nacional\/","og_locale":"es_ES","og_type":"article","og_title":"Arranca gigantesca jornada de Conciliaci\u00f3n para el Cambio en el pa\u00eds - Ciudad y Region","og_description":"\u200bLa oferta de servicios de conciliaci\u00f3n est\u00e1 disponible en 470 centros de conciliaci\u00f3n p\u00fablicos, privados y universitarios que incluyen 115 casas de justicia y 42 centros de convivencia ciudadana en todo el pa\u00eds. Los usuarios ser\u00e1n atendidos por 6.743 funcionarios p\u00fablicos habilitados. Resolver de manera pac\u00edfica conflictos y diferencias sobreContinuar Leyendo","og_url":"https:\/\/ciudadyregion.com.co\/index.php\/arranca-gigantesca-jornada-de-conciliacion-para-el-cambio-en-el-pais\/nacional\/","og_site_name":"Ciudad y Region","article_published_time":"2023-11-15T13:11:41+00:00","og_image":[{"width":800,"height":445,"url":"https:\/\/ciudadyregion.com.co\/wp-content\/uploads\/2023\/11\/2-18.jpg","type":"image\/jpeg"}],"author":"David Andr\u00e9s Aguirre","twitter_card":"summary_large_image","twitter_misc":{"Escrito por":"David Andr\u00e9s Aguirre","Tiempo de lectura":"3 minutos"},"schema":{"@context":"https:\/\/schema.org","@graph":[{"@type":"WebPage","@id":"https:\/\/ciudadyregion.com.co\/index.php\/arranca-gigantesca-jornada-de-conciliacion-para-el-cambio-en-el-pais\/nacional\/","url":"https:\/\/ciudadyregion.com.co\/index.php\/arranca-gigantesca-jornada-de-conciliacion-para-el-cambio-en-el-pais\/nacional\/","name":"Arranca gigantesca jornada de Conciliaci\u00f3n para el Cambio en el pa\u00eds - Ciudad y Region","isPartOf":{"@id":"https:\/\/ciudadyregion.com.co\/#website"},"primaryImageOfPage":{"@id":"https:\/\/ciudadyregion.com.co\/index.php\/arranca-gigantesca-jornada-de-conciliacion-para-el-cambio-en-el-pais\/nacional\/#primaryimage"},"image":{"@id":"https:\/\/ciudadyregion.com.co\/index.php\/arranca-gigantesca-jornada-de-conciliacion-para-el-cambio-en-el-pais\/nacional\/#primaryimage"},"thumbnailUrl":"https:\/\/i0.wp.com\/ciudadyregion.com.co\/wp-content\/uploads\/2023\/11\/2-18.jpg?fit=800%2C445&ssl=1","datePublished":"2023-11-15T13:11:41+00:00","dateModified":"2023-11-15T13:11:41+00:00","author":{"@id":"https:\/\/ciudadyregion.com.co\/#\/schema\/person\/04a4954373ebc4051f46e8c65ff78622"},"breadcrumb":{"@id":"https:\/\/ciudadyregion.com.co\/index.php\/arranca-gigantesca-jornada-de-conciliacion-para-el-cambio-en-el-pais\/nacional\/#breadcrumb"},"inLanguage":"es","potentialAction":[{"@type":"ReadAction","target":["https:\/\/ciudadyregion.com.co\/index.php\/arranca-gigantesca-jornada-de-conciliacion-para-el-cambio-en-el-pais\/nacional\/"]}]},{"@type":"ImageObject","inLanguage":"es","@id":"https:\/\/ciudadyregion.com.co\/index.php\/arranca-gigantesca-jornada-de-conciliacion-para-el-cambio-en-el-pais\/nacional\/#primaryimage","url":"https:\/\/i0.wp.com\/ciudadyregion.com.co\/wp-content\/uploads\/2023\/11\/2-18.jpg?fit=800%2C445&ssl=1","contentUrl":"https:\/\/i0.wp.com\/ciudadyregion.com.co\/wp-content\/uploads\/2023\/11\/2-18.jpg?fit=800%2C445&ssl=1","width":800,"height":445},{"@type":"BreadcrumbList","@id":"https:\/\/ciudadyregion.com.co\/index.php\/arranca-gigantesca-jornada-de-conciliacion-para-el-cambio-en-el-pais\/nacional\/#breadcrumb","itemListElement":[{"@type":"ListItem","position":1,"name":"Portada","item":"https:\/\/ciudadyregion.com.co\/"},{"@type":"ListItem","position":2,"name":"Arranca gigantesca jornada de Conciliaci\u00f3n para el Cambio en el pa\u00eds"}]},{"@type":"WebSite","@id":"https:\/\/ciudadyregion.com.co\/#website","url":"https:\/\/ciudadyregion.com.co\/","name":"Ciudad y Region","description":"","potentialAction":[{"@type":"SearchAction","target":{"@type":"EntryPoint","urlTemplate":"https:\/\/ciudadyregion.com.co\/?s={search_term_string}"},"query-input":{"@type":"PropertyValueSpecification","valueRequired":true,"valueName":"search_term_string"}}],"inLanguage":"es"},{"@type":"Person","@id":"https:\/\/ciudadyregion.com.co\/#\/schema\/person\/04a4954373ebc4051f46e8c65ff78622","name":"David Andr\u00e9s Aguirre","image":{"@type":"ImageObject","inLanguage":"es","@id":"https:\/\/ciudadyregion.com.co\/#\/schema\/person\/image\/","url":"https:\/\/secure.gravatar.com\/avatar\/bc3c655860202182ee6d1b5edd042dbe?s=96&d=mm&r=g","contentUrl":"https:\/\/secure.gravatar.com\/avatar\/bc3c655860202182ee6d1b5edd042dbe?s=96&d=mm&r=g","caption":"David Andr\u00e9s Aguirre"},"url":"https:\/\/ciudadyregion.com.co\/index.php\/author\/diegoaguirre\/"}]}},"jetpack_featured_media_url":"https:\/\/i0.wp.com\/ciudadyregion.com.co\/wp-content\/uploads\/2023\/11\/2-18.jpg?fit=800%2C445&ssl=1","jetpack_sharing_enabled":true,"jetpack_shortlink":"https:\/\/wp.me\/pbS7hh-uj","jetpack-related-posts":[],"_links":{"self":[{"href":"https:\/\/ciudadyregion.com.co\/index.php\/wp-json\/wp\/v2\/posts\/1879"}],"collection":[{"href":"https:\/\/ciudadyregion.com.co\/index.php\/wp-json\/wp\/v2\/posts"}],"about":[{"href":"https:\/\/ciudadyregion.com.co\/index.php\/wp-json\/wp\/v2\/types\/post"}],"author":[{"embeddable":true,"href":"https:\/\/ciudadyregion.com.co\/index.php\/wp-json\/wp\/v2\/users\/2"}],"replies":[{"embeddable":true,"href":"https:\/\/ciudadyregion.com.co\/index.php\/wp-json\/wp\/v2\/comments?post=1879"}],"version-history":[{"count":1,"href":"https:\/\/ciudadyregion.com.co\/index.php\/wp-json\/wp\/v2\/posts\/1879\/revisions"}],"predecessor-version":[{"id":1881,"href":"https:\/\/ciudadyregion.com.co\/index.php\/wp-json\/wp\/v2\/posts\/1879\/revisions\/1881"}],"wp:featuredmedia":[{"embeddable":true,"href":"https:\/\/ciudadyregion.com.co\/index.php\/wp-json\/wp\/v2\/media\/1880"}],"wp:attachment":[{"href":"https:\/\/ciudadyregion.com.co\/index.php\/wp-json\/wp\/v2\/media?parent=1879"}],"wp:term":[{"taxonomy":"category","embeddable":true,"href":"https:\/\/ciudadyregion.com.co\/index.php\/wp-json\/wp\/v2\/categories?post=1879"},{"taxonomy":"post_tag","embeddable":true,"href":"https:\/\/ciudadyregion.com.co\/index.php\/wp-json\/wp\/v2\/tags?post=1879"}],"curies":[{"name":"wp","href":"https:\/\/api.w.org\/{rel}","templated":true}]}}