{"id":1876,"date":"2023-11-15T08:09:08","date_gmt":"2023-11-15T13:09:08","guid":{"rendered":"https:\/\/ciudadyregion.com.co\/?p=1876"},"modified":"2023-11-15T08:09:08","modified_gmt":"2023-11-15T13:09:08","slug":"mas-de-4-millones-de-extranjeros-visitaron-colombia-en-los-ultimos-9-meses-segun-el-gobierno-nacional","status":"publish","type":"post","link":"https:\/\/ciudadyregion.com.co\/index.php\/mas-de-4-millones-de-extranjeros-visitaron-colombia-en-los-ultimos-9-meses-segun-el-gobierno-nacional\/nacional\/","title":{"rendered":"M\u00e1s de 4 millones de extranjeros visitaron Colombia en los \u00faltimos 9 meses seg\u00fan el Gobierno Nacional"},"content":{"rendered":"<ul>\n<li>La cifra supera en 29,3% el n\u00famero de viajeros registrados durante el mismo periodo de 2022, cuando ingresaron 3&#8217;247.698 personas, seg\u00fan el Ministerio de <em>Comercio,<\/em> Industria y Turismo.<\/li>\n<\/ul>\n<p>Entre enero y septiembre de 2023, 4&#8217;198.801 turistas provenientes del exterior visitaron Colombia, una cifra que supera en 29,3 % el n\u00famero de viajeros registrados durante el mismo periodo de 2022, cuando ingresaron al pa\u00eds 3&#8217;247.698 personas, revel\u00f3 la Oficina de Estudios Econ\u00f3micos del Ministerio de Comercio, Industria y Turismo.<\/p>\n<p>De ese total, 2&#8217;846.773 turistas fueron extranjeros (no venezolanos); otros 945.592 corresponden a colombianos residentes en el exterior; 171.648 eran venezolanos con motivo de descanso y esparcimiento, y otros 234.788 eran pasajeros provenientes de cruceros internacionales.<\/p>\n<p>Colombia es el segundo destino de Latinoam\u00e9rica en la recuperaci\u00f3n del sector tur\u00edstico gracias a la mejora sustancial en conectividad a\u00e9rea con el resto del mundo, as\u00ed como por su riqueza en biodiversidad, asegur\u00f3 el viceministro de Turismo, Arturo Bravo.<\/p>\n<blockquote><p>\u201cNuestra vasta biodiversidad es uno de los aspectos que m\u00e1s nos posiciona en los mercados internacionales. Colombia atrae cada vez m\u00e1s viajeros que demandan experiencias de turismo de naturaleza y bienestar\u00bb, se\u00f1al\u00f3.<\/p>\n<p>El viceministro agreg\u00f3 que \u201centre enero y agosto de 2023 se movilizaron 31,3 millones de personas por v\u00eda a\u00e9rea, lo que representa un aumento de 1,8 % respecto al mismo periodo de 2022&#8243;.<\/p><\/blockquote>\n<p>El pa\u00eds cuenta con 26 aerol\u00edneas internacionales que conectan 11 ciudades con 26 pa\u00edses y 49 ciudades del mundo. Entre enero y septiembre de 2023 se registraron m\u00e1s de 47.000 frecuencias, 11% m\u00e1s que en el mismo periodo del a\u00f1o anterior.<\/p>\n<p>El ministro de Comercio, Industria y Turismo (MinCIT), Germ\u00e1n Uma\u00f1a Mendoza, se refiri\u00f3 a la proyecci\u00f3n de visitantes para la temporada de fin de a\u00f1o.<\/p>\n<blockquote><p>\u201cRecibimos como un signo muy positivo que, desde septiembre de este a\u00f1o, solo reste un poco m\u00e1s de 500.000 viajeros para igualar el n\u00famero de visitantes de 2022, que fueron 4,7 millones. Este n\u00famero se incrementar\u00e1 de manera importante durante la temporada de fin de a\u00f1o\u00bb, puntualiz\u00f3.<\/p><\/blockquote>\n<p>Otro indicador ascendente que destaca el MinCIT es el n\u00famero de visitantes a Parques Nacionales Naturales entre enero y septiembre de 2023, cifra que lleg\u00f3 a 1&#8217;216.471 personas, 10,7% superior a la del mismo periodo de 2022.<\/p>\n<p>Estados Unidos contin\u00faa siendo el pa\u00eds donde viene el mayor flujo de visitantes extranjeros en los nueve primeros meses de este a\u00f1o, registrando una participaci\u00f3n de 26,8 % en el periodo, cuando llegaron un total de 810.405 viajeros procedentes de ese pa\u00eds.<\/p>\n<p><strong>\u200bProgram\u200ba Nacional de Calidad Tur\u00edstica<\/strong><\/p>\n<p>Para avanzar en la competitividad de Colombia como destino tur\u00edstico, el MinCIT present\u00f3 el pasado 8 de noviembre el Programa Nacional de Calidad Tur\u00edstica, reafirmando el compromiso de esta cartera con el desarrollo de atractivos y servicios tur\u00edsticos de calidad, seguros y sostenibles.<\/p>\n<p>Su prop\u00f3sito es generar una visi\u00f3n estrat\u00e9gica de la calidad en las empresas, comunidades, gestores de destinos y atractivos tur\u00edsticos que impacte en la mejora continua de bienes y servicios del sector.<\/p>\n<p>El MinCIT invertir\u00e1 $60.000 millones en este programa, con lo que espera impactar a 10.850 prestadores de servicios tur\u00edsticos, 100 destinos, 300 atractivos, 5.000 personas vinculadas al sector y 100.000 turistas.<\/p>\n<p>Colombia sigue los pasos de Argentina, Costa Rica, Espa\u00f1a y M\u00e9xico, pa\u00edses referentes en el mundo en desarrollo de diferentes esquemas de gesti\u00f3n de la calidad tur\u00edstica, que han optado por definir condiciones de implementaci\u00f3n y certificaci\u00f3n de est\u00e1ndares com\u200bo principal medida para el fortalecimiento de la calidad.<\/p>\n","protected":false},"excerpt":{"rendered":"<p>La cifra supera en 29,3% el n\u00famero de viajeros registrados durante el mismo periodo de 2022, cuando ingresaron 3&#8217;247.698 personas, seg\u00fan el Ministerio de Comercio, Industria y Turismo. Entre enero y septiembre de 2023, 4&#8217;198.801 turistas provenientes del exterior visitaron Colombia, una cifra que supera en 29,3 % el n\u00famero<span class=\"more-link\"><a href=\"https:\/\/ciudadyregion.com.co\/index.php\/mas-de-4-millones-de-extranjeros-visitaron-colombia-en-los-ultimos-9-meses-segun-el-gobierno-nacional\/nacional\/\">Continuar Leyendo<\/a><\/span><\/p>\n","protected":false},"author":2,"featured_media":1877,"comment_status":"open","ping_status":"open","sticky":false,"template":"","format":"standard","meta":{"_uf_show_specific_survey":0,"_uf_disable_surveys":false,"_jetpack_memberships_contains_paid_content":false,"footnotes":"","jetpack_publicize_message":"","jetpack_publicize_feature_enabled":true,"jetpack_social_post_already_shared":false,"jetpack_social_options":{"image_generator_settings":{"template":"highway","enabled":false},"version":2}},"categories":[23],"tags":[],"class_list":["entry","author-diegoaguirre","post-1876","post","type-post","status-publish","format-standard","has-post-thumbnail","category-nacional"],"jetpack_publicize_connections":[],"yoast_head":"<!-- This site is optimized with the Yoast SEO plugin v24.3 - https:\/\/yoast.com\/wordpress\/plugins\/seo\/ -->\n<title>M\u00e1s de 4 millones de extranjeros visitaron Colombia en los \u00faltimos 9 meses seg\u00fan el Gobierno Nacional - Ciudad y Region<\/title>\n<meta name=\"robots\" content=\"index, follow, max-snippet:-1, max-image-preview:large, max-video-preview:-1\" \/>\n<link rel=\"canonical\" href=\"https:\/\/ciudadyregion.com.co\/index.php\/mas-de-4-millones-de-extranjeros-visitaron-colombia-en-los-ultimos-9-meses-segun-el-gobierno-nacional\/nacional\/\" \/>\n<meta property=\"og:locale\" content=\"es_ES\" \/>\n<meta property=\"og:type\" content=\"article\" \/>\n<meta property=\"og:title\" content=\"M\u00e1s de 4 millones de extranjeros visitaron Colombia en los \u00faltimos 9 meses seg\u00fan el Gobierno Nacional - Ciudad y Region\" \/>\n<meta property=\"og:description\" content=\"La cifra supera en 29,3% el n\u00famero de viajeros registrados durante el mismo periodo de 2022, cuando ingresaron 3&#8217;247.698 personas, seg\u00fan el Ministerio de Comercio, Industria y Turismo. Entre enero y septiembre de 2023, 4&#8217;198.801 turistas provenientes del exterior visitaron Colombia, una cifra que supera en 29,3 % el n\u00fameroContinuar Leyendo\" \/>\n<meta property=\"og:url\" content=\"https:\/\/ciudadyregion.com.co\/index.php\/mas-de-4-millones-de-extranjeros-visitaron-colombia-en-los-ultimos-9-meses-segun-el-gobierno-nacional\/nacional\/\" \/>\n<meta property=\"og:site_name\" content=\"Ciudad y Region\" \/>\n<meta property=\"article:published_time\" content=\"2023-11-15T13:09:08+00:00\" \/>\n<meta property=\"og:image\" content=\"https:\/\/ciudadyregion.com.co\/wp-content\/uploads\/2023\/11\/1-14.jpg\" \/>\n\t<meta property=\"og:image:width\" content=\"800\" \/>\n\t<meta property=\"og:image:height\" content=\"445\" \/>\n\t<meta property=\"og:image:type\" content=\"image\/jpeg\" \/>\n<meta name=\"author\" content=\"David Andr\u00e9s Aguirre\" \/>\n<meta name=\"twitter:card\" content=\"summary_large_image\" \/>\n<meta name=\"twitter:label1\" content=\"Escrito por\" \/>\n\t<meta name=\"twitter:data1\" content=\"David Andr\u00e9s Aguirre\" \/>\n\t<meta name=\"twitter:label2\" content=\"Tiempo de lectura\" \/>\n\t<meta name=\"twitter:data2\" content=\"3 minutos\" \/>\n<script type=\"application\/ld+json\" class=\"yoast-schema-graph\">{\"@context\":\"https:\/\/schema.org\",\"@graph\":[{\"@type\":\"WebPage\",\"@id\":\"https:\/\/ciudadyregion.com.co\/index.php\/mas-de-4-millones-de-extranjeros-visitaron-colombia-en-los-ultimos-9-meses-segun-el-gobierno-nacional\/nacional\/\",\"url\":\"https:\/\/ciudadyregion.com.co\/index.php\/mas-de-4-millones-de-extranjeros-visitaron-colombia-en-los-ultimos-9-meses-segun-el-gobierno-nacional\/nacional\/\",\"name\":\"M\u00e1s de 4 millones de extranjeros visitaron Colombia en los \u00faltimos 9 meses seg\u00fan el Gobierno Nacional - Ciudad y Region\",\"isPartOf\":{\"@id\":\"https:\/\/ciudadyregion.com.co\/#website\"},\"primaryImageOfPage\":{\"@id\":\"https:\/\/ciudadyregion.com.co\/index.php\/mas-de-4-millones-de-extranjeros-visitaron-colombia-en-los-ultimos-9-meses-segun-el-gobierno-nacional\/nacional\/#primaryimage\"},\"image\":{\"@id\":\"https:\/\/ciudadyregion.com.co\/index.php\/mas-de-4-millones-de-extranjeros-visitaron-colombia-en-los-ultimos-9-meses-segun-el-gobierno-nacional\/nacional\/#primaryimage\"},\"thumbnailUrl\":\"https:\/\/i0.wp.com\/ciudadyregion.com.co\/wp-content\/uploads\/2023\/11\/1-14.jpg?fit=800%2C445&ssl=1\",\"datePublished\":\"2023-11-15T13:09:08+00:00\",\"dateModified\":\"2023-11-15T13:09:08+00:00\",\"author\":{\"@id\":\"https:\/\/ciudadyregion.com.co\/#\/schema\/person\/04a4954373ebc4051f46e8c65ff78622\"},\"breadcrumb\":{\"@id\":\"https:\/\/ciudadyregion.com.co\/index.php\/mas-de-4-millones-de-extranjeros-visitaron-colombia-en-los-ultimos-9-meses-segun-el-gobierno-nacional\/nacional\/#breadcrumb\"},\"inLanguage\":\"es\",\"potentialAction\":[{\"@type\":\"ReadAction\",\"target\":[\"https:\/\/ciudadyregion.com.co\/index.php\/mas-de-4-millones-de-extranjeros-visitaron-colombia-en-los-ultimos-9-meses-segun-el-gobierno-nacional\/nacional\/\"]}]},{\"@type\":\"ImageObject\",\"inLanguage\":\"es\",\"@id\":\"https:\/\/ciudadyregion.com.co\/index.php\/mas-de-4-millones-de-extranjeros-visitaron-colombia-en-los-ultimos-9-meses-segun-el-gobierno-nacional\/nacional\/#primaryimage\",\"url\":\"https:\/\/i0.wp.com\/ciudadyregion.com.co\/wp-content\/uploads\/2023\/11\/1-14.jpg?fit=800%2C445&ssl=1\",\"contentUrl\":\"https:\/\/i0.wp.com\/ciudadyregion.com.co\/wp-content\/uploads\/2023\/11\/1-14.jpg?fit=800%2C445&ssl=1\",\"width\":800,\"height\":445},{\"@type\":\"BreadcrumbList\",\"@id\":\"https:\/\/ciudadyregion.com.co\/index.php\/mas-de-4-millones-de-extranjeros-visitaron-colombia-en-los-ultimos-9-meses-segun-el-gobierno-nacional\/nacional\/#breadcrumb\",\"itemListElement\":[{\"@type\":\"ListItem\",\"position\":1,\"name\":\"Portada\",\"item\":\"https:\/\/ciudadyregion.com.co\/\"},{\"@type\":\"ListItem\",\"position\":2,\"name\":\"M\u00e1s de 4 millones de extranjeros visitaron Colombia en los \u00faltimos 9 meses seg\u00fan el Gobierno Nacional\"}]},{\"@type\":\"WebSite\",\"@id\":\"https:\/\/ciudadyregion.com.co\/#website\",\"url\":\"https:\/\/ciudadyregion.com.co\/\",\"name\":\"Ciudad y Region\",\"description\":\"\",\"potentialAction\":[{\"@type\":\"SearchAction\",\"target\":{\"@type\":\"EntryPoint\",\"urlTemplate\":\"https:\/\/ciudadyregion.com.co\/?s={search_term_string}\"},\"query-input\":{\"@type\":\"PropertyValueSpecification\",\"valueRequired\":true,\"valueName\":\"search_term_string\"}}],\"inLanguage\":\"es\"},{\"@type\":\"Person\",\"@id\":\"https:\/\/ciudadyregion.com.co\/#\/schema\/person\/04a4954373ebc4051f46e8c65ff78622\",\"name\":\"David Andr\u00e9s Aguirre\",\"image\":{\"@type\":\"ImageObject\",\"inLanguage\":\"es\",\"@id\":\"https:\/\/ciudadyregion.com.co\/#\/schema\/person\/image\/\",\"url\":\"https:\/\/secure.gravatar.com\/avatar\/bc3c655860202182ee6d1b5edd042dbe?s=96&d=mm&r=g\",\"contentUrl\":\"https:\/\/secure.gravatar.com\/avatar\/bc3c655860202182ee6d1b5edd042dbe?s=96&d=mm&r=g\",\"caption\":\"David Andr\u00e9s Aguirre\"},\"url\":\"https:\/\/ciudadyregion.com.co\/index.php\/author\/diegoaguirre\/\"}]}<\/script>\n<!-- \/ Yoast SEO plugin. -->","yoast_head_json":{"title":"M\u00e1s de 4 millones de extranjeros visitaron Colombia en los \u00faltimos 9 meses seg\u00fan el Gobierno Nacional - Ciudad y Region","robots":{"index":"index","follow":"follow","max-snippet":"max-snippet:-1","max-image-preview":"max-image-preview:large","max-video-preview":"max-video-preview:-1"},"canonical":"https:\/\/ciudadyregion.com.co\/index.php\/mas-de-4-millones-de-extranjeros-visitaron-colombia-en-los-ultimos-9-meses-segun-el-gobierno-nacional\/nacional\/","og_locale":"es_ES","og_type":"article","og_title":"M\u00e1s de 4 millones de extranjeros visitaron Colombia en los \u00faltimos 9 meses seg\u00fan el Gobierno Nacional - Ciudad y Region","og_description":"La cifra supera en 29,3% el n\u00famero de viajeros registrados durante el mismo periodo de 2022, cuando ingresaron 3&#8217;247.698 personas, seg\u00fan el Ministerio de Comercio, Industria y Turismo. Entre enero y septiembre de 2023, 4&#8217;198.801 turistas provenientes del exterior visitaron Colombia, una cifra que supera en 29,3 % el n\u00fameroContinuar Leyendo","og_url":"https:\/\/ciudadyregion.com.co\/index.php\/mas-de-4-millones-de-extranjeros-visitaron-colombia-en-los-ultimos-9-meses-segun-el-gobierno-nacional\/nacional\/","og_site_name":"Ciudad y Region","article_published_time":"2023-11-15T13:09:08+00:00","og_image":[{"width":800,"height":445,"url":"https:\/\/ciudadyregion.com.co\/wp-content\/uploads\/2023\/11\/1-14.jpg","type":"image\/jpeg"}],"author":"David Andr\u00e9s Aguirre","twitter_card":"summary_large_image","twitter_misc":{"Escrito por":"David Andr\u00e9s Aguirre","Tiempo de lectura":"3 minutos"},"schema":{"@context":"https:\/\/schema.org","@graph":[{"@type":"WebPage","@id":"https:\/\/ciudadyregion.com.co\/index.php\/mas-de-4-millones-de-extranjeros-visitaron-colombia-en-los-ultimos-9-meses-segun-el-gobierno-nacional\/nacional\/","url":"https:\/\/ciudadyregion.com.co\/index.php\/mas-de-4-millones-de-extranjeros-visitaron-colombia-en-los-ultimos-9-meses-segun-el-gobierno-nacional\/nacional\/","name":"M\u00e1s de 4 millones de extranjeros visitaron Colombia en los \u00faltimos 9 meses seg\u00fan el Gobierno Nacional - Ciudad y Region","isPartOf":{"@id":"https:\/\/ciudadyregion.com.co\/#website"},"primaryImageOfPage":{"@id":"https:\/\/ciudadyregion.com.co\/index.php\/mas-de-4-millones-de-extranjeros-visitaron-colombia-en-los-ultimos-9-meses-segun-el-gobierno-nacional\/nacional\/#primaryimage"},"image":{"@id":"https:\/\/ciudadyregion.com.co\/index.php\/mas-de-4-millones-de-extranjeros-visitaron-colombia-en-los-ultimos-9-meses-segun-el-gobierno-nacional\/nacional\/#primaryimage"},"thumbnailUrl":"https:\/\/i0.wp.com\/ciudadyregion.com.co\/wp-content\/uploads\/2023\/11\/1-14.jpg?fit=800%2C445&ssl=1","datePublished":"2023-11-15T13:09:08+00:00","dateModified":"2023-11-15T13:09:08+00:00","author":{"@id":"https:\/\/ciudadyregion.com.co\/#\/schema\/person\/04a4954373ebc4051f46e8c65ff78622"},"breadcrumb":{"@id":"https:\/\/ciudadyregion.com.co\/index.php\/mas-de-4-millones-de-extranjeros-visitaron-colombia-en-los-ultimos-9-meses-segun-el-gobierno-nacional\/nacional\/#breadcrumb"},"inLanguage":"es","potentialAction":[{"@type":"ReadAction","target":["https:\/\/ciudadyregion.com.co\/index.php\/mas-de-4-millones-de-extranjeros-visitaron-colombia-en-los-ultimos-9-meses-segun-el-gobierno-nacional\/nacional\/"]}]},{"@type":"ImageObject","inLanguage":"es","@id":"https:\/\/ciudadyregion.com.co\/index.php\/mas-de-4-millones-de-extranjeros-visitaron-colombia-en-los-ultimos-9-meses-segun-el-gobierno-nacional\/nacional\/#primaryimage","url":"https:\/\/i0.wp.com\/ciudadyregion.com.co\/wp-content\/uploads\/2023\/11\/1-14.jpg?fit=800%2C445&ssl=1","contentUrl":"https:\/\/i0.wp.com\/ciudadyregion.com.co\/wp-content\/uploads\/2023\/11\/1-14.jpg?fit=800%2C445&ssl=1","width":800,"height":445},{"@type":"BreadcrumbList","@id":"https:\/\/ciudadyregion.com.co\/index.php\/mas-de-4-millones-de-extranjeros-visitaron-colombia-en-los-ultimos-9-meses-segun-el-gobierno-nacional\/nacional\/#breadcrumb","itemListElement":[{"@type":"ListItem","position":1,"name":"Portada","item":"https:\/\/ciudadyregion.com.co\/"},{"@type":"ListItem","position":2,"name":"M\u00e1s de 4 millones de extranjeros visitaron Colombia en los \u00faltimos 9 meses seg\u00fan el Gobierno Nacional"}]},{"@type":"WebSite","@id":"https:\/\/ciudadyregion.com.co\/#website","url":"https:\/\/ciudadyregion.com.co\/","name":"Ciudad y Region","description":"","potentialAction":[{"@type":"SearchAction","target":{"@type":"EntryPoint","urlTemplate":"https:\/\/ciudadyregion.com.co\/?s={search_term_string}"},"query-input":{"@type":"PropertyValueSpecification","valueRequired":true,"valueName":"search_term_string"}}],"inLanguage":"es"},{"@type":"Person","@id":"https:\/\/ciudadyregion.com.co\/#\/schema\/person\/04a4954373ebc4051f46e8c65ff78622","name":"David Andr\u00e9s Aguirre","image":{"@type":"ImageObject","inLanguage":"es","@id":"https:\/\/ciudadyregion.com.co\/#\/schema\/person\/image\/","url":"https:\/\/secure.gravatar.com\/avatar\/bc3c655860202182ee6d1b5edd042dbe?s=96&d=mm&r=g","contentUrl":"https:\/\/secure.gravatar.com\/avatar\/bc3c655860202182ee6d1b5edd042dbe?s=96&d=mm&r=g","caption":"David Andr\u00e9s Aguirre"},"url":"https:\/\/ciudadyregion.com.co\/index.php\/author\/diegoaguirre\/"}]}},"jetpack_featured_media_url":"https:\/\/i0.wp.com\/ciudadyregion.com.co\/wp-content\/uploads\/2023\/11\/1-14.jpg?fit=800%2C445&ssl=1","jetpack_sharing_enabled":true,"jetpack_shortlink":"https:\/\/wp.me\/pbS7hh-ug","jetpack-related-posts":[],"_links":{"self":[{"href":"https:\/\/ciudadyregion.com.co\/index.php\/wp-json\/wp\/v2\/posts\/1876"}],"collection":[{"href":"https:\/\/ciudadyregion.com.co\/index.php\/wp-json\/wp\/v2\/posts"}],"about":[{"href":"https:\/\/ciudadyregion.com.co\/index.php\/wp-json\/wp\/v2\/types\/post"}],"author":[{"embeddable":true,"href":"https:\/\/ciudadyregion.com.co\/index.php\/wp-json\/wp\/v2\/users\/2"}],"replies":[{"embeddable":true,"href":"https:\/\/ciudadyregion.com.co\/index.php\/wp-json\/wp\/v2\/comments?post=1876"}],"version-history":[{"count":1,"href":"https:\/\/ciudadyregion.com.co\/index.php\/wp-json\/wp\/v2\/posts\/1876\/revisions"}],"predecessor-version":[{"id":1878,"href":"https:\/\/ciudadyregion.com.co\/index.php\/wp-json\/wp\/v2\/posts\/1876\/revisions\/1878"}],"wp:featuredmedia":[{"embeddable":true,"href":"https:\/\/ciudadyregion.com.co\/index.php\/wp-json\/wp\/v2\/media\/1877"}],"wp:attachment":[{"href":"https:\/\/ciudadyregion.com.co\/index.php\/wp-json\/wp\/v2\/media?parent=1876"}],"wp:term":[{"taxonomy":"category","embeddable":true,"href":"https:\/\/ciudadyregion.com.co\/index.php\/wp-json\/wp\/v2\/categories?post=1876"},{"taxonomy":"post_tag","embeddable":true,"href":"https:\/\/ciudadyregion.com.co\/index.php\/wp-json\/wp\/v2\/tags?post=1876"}],"curies":[{"name":"wp","href":"https:\/\/api.w.org\/{rel}","templated":true}]}}