{"id":1873,"date":"2023-11-15T08:06:17","date_gmt":"2023-11-15T13:06:17","guid":{"rendered":"https:\/\/ciudadyregion.com.co\/?p=1873"},"modified":"2023-11-15T08:06:17","modified_gmt":"2023-11-15T13:06:17","slug":"inicio-implementacion-del-plan-de-reparacion-colectiva-a-periodistas-victimas-de-conflicto","status":"publish","type":"post","link":"https:\/\/ciudadyregion.com.co\/index.php\/inicio-implementacion-del-plan-de-reparacion-colectiva-a-periodistas-victimas-de-conflicto\/nacional\/","title":{"rendered":"Inici\u00f3 implementaci\u00f3n del Plan de Reparaci\u00f3n Colectiva a Periodistas v\u00edctimas de conflicto"},"content":{"rendered":"<ul>\n<li>Colombia es pionera en el mundo en la implementaci\u00f3n de un proceso de Reparaci\u00f3n Colectiva a periodistas v\u00edctimas de conflictos armados. Seg\u00fan estimaciones de la Unidad para las V\u00edctimas, esta poblaci\u00f3n supera los 400 mil afectados.<\/li>\n<\/ul>\n<p>Bajo el gobierno del presidente Gustavo Petro Urrego se inici\u00f3 en Barichara, Santander, la hoja de ruta para la reparaci\u00f3n colectiva de los periodistas, sus familias y comu\u200bnidades, v\u00edctimas del conflicto armado en el pa\u00eds.<\/p>\n<p>Colombia es pionera en el mundo en la implementaci\u00f3n de un proceso de Reparaci\u00f3n Colectiva a periodistas v\u00edctimas de conflictos armados, que re\u00fane a trabajadores de los medios afectados por la guerra, familiares de periodistas asesinados y\/o v\u00edctimas de otros delitos en el contexto del conflicto armado.<\/p>\n<p>La implementaci\u00f3n del Plan de Reparaci\u00f3n Colectiva a Periodistas (PIRC), uno de los mayores reclamos de las v\u00edctimas en las regiones, ya tuvo respuesta, en su primera fase tiene enfoque de g\u00e9nero.<\/p>\n<p>Desde que se aprob\u00f3 el Plan en julio de 2022, este nuevo paso fortalece la construcci\u00f3n de memoria, la formaci\u00f3n y fortalecimiento del periodismo en las regiones y territorios.<\/p>\n<p>Seg\u00fan estimaciones de la Unidad para las V\u00edctimas, esta poblaci\u00f3n supera los 400 mil afectados.<\/p>\n<p>El Sujeto de Reparaci\u00f3n Colectiva a Periodistas lo conforman hombres y mujeres de medios de comunicaci\u00f3n, v\u00edctimas directas e indirectas, directores, redactores, camar\u00f3grafos, reporteros gr\u00e1ficos, voceadores de prensa, entre otros, de los diferentes medios de prensa, televisi\u00f3n, radio, emisoras comunitarias y digitales.<\/p>\n<p>Tambi\u00e9n se incluyen organizaciones y agremiaciones de car\u00e1cter nacional y regional defensoras del derecho a la libertad de expresi\u00f3n y del ejercicio period\u00edstico.<\/p>\n<p><strong>La repara\u200bci\u00f3n<\/strong><\/p>\n<p>Durante tres d\u00edas 15 mujeres periodistas y familiares de periodistas asesinados procedentes del Cesar, Arauca y Santander, vivieron en Barichara, un proceso de acompa\u00f1amiento psicosocial, como parte de la hoja de ruta en el camino de recuperar la esperanza del ejercicio period\u00edstico.<\/p>\n<p>El mensaje es claro: regresar al oficio sin que sus vidas corran los riesgos de trabajar en medio de las posibles confrontaciones de los actores armados ilegales y de las fuerzas estatales.<\/p>\n<p>Bajo un acompa\u00f1amiento profesional de tejedores y tejedoras en procesos de duelo colectivo, este grupo de periodistas y sus familias recibieron &#8216;p\u00f3cimas&#8217; de sanaci\u00f3n a las heridas que ha dejado la guerra en sus almas y corazones.<\/p>\n<p>En este encuentro de reparaci\u00f3n, que se suceder\u00e1 en otras regiones del pa\u00eds, participaron profesionales de la Unidad para las V\u00edctimas y algunos integrantes del Comit\u00e9 Nacional de Impulso que fueron previamente formados.<\/p>\n<p>El Comit\u00e9 Nacional de Impulso para la reparaci\u00f3n colectiva a periodistas v\u00edctimas en el pa\u00eds trabaj\u00f3 de la mano con la Unidad para las V\u00edctimas en la implementaci\u00f3n de la ruta de reparaci\u00f3n desde 2012 a partir de la oferta estatal al grupo periodistas.<\/p>\n<p><strong>10 emisoras digitale\u200b\u200bs de Paz<\/strong><\/p>\n<p>En la hoja de ruta de la implementaci\u00f3n de la reparaci\u00f3n Colectiva se estableci\u00f3 la creaci\u00f3n de una red de diez emisoras digitales online, con sentido comunitario y al servicio de la construcci\u00f3n de paz.<\/p>\n<p>En los territorios donde se emita su se\u00f1al, y que para quienes laboran en los lugares m\u00e1s apartados del pa\u00eds se espera contar con frecuencias en FM, por las dificultades de conectividad en la ruralidad y lejos de los centros urbanos.<\/p>\n<p><strong>Registr\u200bo de la Memoria<\/strong><\/p>\n<p>Un equipo de m\u00e1s de diez periodistas y camar\u00f3grafos documentan las historias del periodismo v\u00edctima para la edici\u00f3n de un libro, un podcast, y un documental que ser\u00eda transmitido por el Canal Trece y Se\u00f1al Colombia.<\/p>\n<p>La formaci\u00f3n a periodistas en las regiones incluir\u00e1 la construcci\u00f3n de tres m\u00f3dulos con tem\u00e1ticas que les ayuden a estar a la vanguardia del periodismo actual, cursos que se impartir\u00e1n en cinco regiones del pa\u00eds<\/p>\n","protected":false},"excerpt":{"rendered":"<p>Colombia es pionera en el mundo en la implementaci\u00f3n de un proceso de Reparaci\u00f3n Colectiva a periodistas v\u00edctimas de conflictos armados. Seg\u00fan estimaciones de la Unidad para las V\u00edctimas, esta poblaci\u00f3n supera los 400 mil afectados. Bajo el gobierno del presidente Gustavo Petro Urrego se inici\u00f3 en Barichara, Santander, la<span class=\"more-link\"><a href=\"https:\/\/ciudadyregion.com.co\/index.php\/inicio-implementacion-del-plan-de-reparacion-colectiva-a-periodistas-victimas-de-conflicto\/nacional\/\">Continuar Leyendo<\/a><\/span><\/p>\n","protected":false},"author":2,"featured_media":1874,"comment_status":"open","ping_status":"open","sticky":false,"template":"","format":"standard","meta":{"_uf_show_specific_survey":0,"_uf_disable_surveys":false,"_jetpack_memberships_contains_paid_content":false,"footnotes":"","jetpack_publicize_message":"","jetpack_publicize_feature_enabled":true,"jetpack_social_post_already_shared":false,"jetpack_social_options":{"image_generator_settings":{"template":"highway","enabled":false},"version":2}},"categories":[23],"tags":[],"class_list":["entry","author-diegoaguirre","post-1873","post","type-post","status-publish","format-standard","has-post-thumbnail","category-nacional"],"jetpack_publicize_connections":[],"yoast_head":"<!-- This site is optimized with the Yoast SEO plugin v24.3 - https:\/\/yoast.com\/wordpress\/plugins\/seo\/ -->\n<title>Inici\u00f3 implementaci\u00f3n del Plan de Reparaci\u00f3n Colectiva a Periodistas v\u00edctimas de conflicto - Ciudad y Region<\/title>\n<meta name=\"robots\" content=\"index, follow, max-snippet:-1, max-image-preview:large, max-video-preview:-1\" \/>\n<link rel=\"canonical\" href=\"https:\/\/ciudadyregion.com.co\/index.php\/inicio-implementacion-del-plan-de-reparacion-colectiva-a-periodistas-victimas-de-conflicto\/nacional\/\" \/>\n<meta property=\"og:locale\" content=\"es_ES\" \/>\n<meta property=\"og:type\" content=\"article\" \/>\n<meta property=\"og:title\" content=\"Inici\u00f3 implementaci\u00f3n del Plan de Reparaci\u00f3n Colectiva a Periodistas v\u00edctimas de conflicto - Ciudad y Region\" \/>\n<meta property=\"og:description\" content=\"Colombia es pionera en el mundo en la implementaci\u00f3n de un proceso de Reparaci\u00f3n Colectiva a periodistas v\u00edctimas de conflictos armados. Seg\u00fan estimaciones de la Unidad para las V\u00edctimas, esta poblaci\u00f3n supera los 400 mil afectados. Bajo el gobierno del presidente Gustavo Petro Urrego se inici\u00f3 en Barichara, Santander, laContinuar Leyendo\" \/>\n<meta property=\"og:url\" content=\"https:\/\/ciudadyregion.com.co\/index.php\/inicio-implementacion-del-plan-de-reparacion-colectiva-a-periodistas-victimas-de-conflicto\/nacional\/\" \/>\n<meta property=\"og:site_name\" content=\"Ciudad y Region\" \/>\n<meta property=\"article:published_time\" content=\"2023-11-15T13:06:17+00:00\" \/>\n<meta property=\"og:image\" content=\"https:\/\/ciudadyregion.com.co\/wp-content\/uploads\/2023\/11\/9-5.jpg\" \/>\n\t<meta property=\"og:image:width\" content=\"800\" \/>\n\t<meta property=\"og:image:height\" content=\"445\" \/>\n\t<meta property=\"og:image:type\" content=\"image\/jpeg\" \/>\n<meta name=\"author\" content=\"David Andr\u00e9s Aguirre\" \/>\n<meta name=\"twitter:card\" content=\"summary_large_image\" \/>\n<meta name=\"twitter:label1\" content=\"Escrito por\" \/>\n\t<meta name=\"twitter:data1\" content=\"David Andr\u00e9s Aguirre\" \/>\n\t<meta name=\"twitter:label2\" content=\"Tiempo de lectura\" \/>\n\t<meta name=\"twitter:data2\" content=\"3 minutos\" \/>\n<script type=\"application\/ld+json\" class=\"yoast-schema-graph\">{\"@context\":\"https:\/\/schema.org\",\"@graph\":[{\"@type\":\"WebPage\",\"@id\":\"https:\/\/ciudadyregion.com.co\/index.php\/inicio-implementacion-del-plan-de-reparacion-colectiva-a-periodistas-victimas-de-conflicto\/nacional\/\",\"url\":\"https:\/\/ciudadyregion.com.co\/index.php\/inicio-implementacion-del-plan-de-reparacion-colectiva-a-periodistas-victimas-de-conflicto\/nacional\/\",\"name\":\"Inici\u00f3 implementaci\u00f3n del Plan de Reparaci\u00f3n Colectiva a Periodistas v\u00edctimas de conflicto - Ciudad y Region\",\"isPartOf\":{\"@id\":\"https:\/\/ciudadyregion.com.co\/#website\"},\"primaryImageOfPage\":{\"@id\":\"https:\/\/ciudadyregion.com.co\/index.php\/inicio-implementacion-del-plan-de-reparacion-colectiva-a-periodistas-victimas-de-conflicto\/nacional\/#primaryimage\"},\"image\":{\"@id\":\"https:\/\/ciudadyregion.com.co\/index.php\/inicio-implementacion-del-plan-de-reparacion-colectiva-a-periodistas-victimas-de-conflicto\/nacional\/#primaryimage\"},\"thumbnailUrl\":\"https:\/\/i0.wp.com\/ciudadyregion.com.co\/wp-content\/uploads\/2023\/11\/9-5.jpg?fit=800%2C445&ssl=1\",\"datePublished\":\"2023-11-15T13:06:17+00:00\",\"dateModified\":\"2023-11-15T13:06:17+00:00\",\"author\":{\"@id\":\"https:\/\/ciudadyregion.com.co\/#\/schema\/person\/04a4954373ebc4051f46e8c65ff78622\"},\"breadcrumb\":{\"@id\":\"https:\/\/ciudadyregion.com.co\/index.php\/inicio-implementacion-del-plan-de-reparacion-colectiva-a-periodistas-victimas-de-conflicto\/nacional\/#breadcrumb\"},\"inLanguage\":\"es\",\"potentialAction\":[{\"@type\":\"ReadAction\",\"target\":[\"https:\/\/ciudadyregion.com.co\/index.php\/inicio-implementacion-del-plan-de-reparacion-colectiva-a-periodistas-victimas-de-conflicto\/nacional\/\"]}]},{\"@type\":\"ImageObject\",\"inLanguage\":\"es\",\"@id\":\"https:\/\/ciudadyregion.com.co\/index.php\/inicio-implementacion-del-plan-de-reparacion-colectiva-a-periodistas-victimas-de-conflicto\/nacional\/#primaryimage\",\"url\":\"https:\/\/i0.wp.com\/ciudadyregion.com.co\/wp-content\/uploads\/2023\/11\/9-5.jpg?fit=800%2C445&ssl=1\",\"contentUrl\":\"https:\/\/i0.wp.com\/ciudadyregion.com.co\/wp-content\/uploads\/2023\/11\/9-5.jpg?fit=800%2C445&ssl=1\",\"width\":800,\"height\":445},{\"@type\":\"BreadcrumbList\",\"@id\":\"https:\/\/ciudadyregion.com.co\/index.php\/inicio-implementacion-del-plan-de-reparacion-colectiva-a-periodistas-victimas-de-conflicto\/nacional\/#breadcrumb\",\"itemListElement\":[{\"@type\":\"ListItem\",\"position\":1,\"name\":\"Portada\",\"item\":\"https:\/\/ciudadyregion.com.co\/\"},{\"@type\":\"ListItem\",\"position\":2,\"name\":\"Inici\u00f3 implementaci\u00f3n del Plan de Reparaci\u00f3n Colectiva a Periodistas v\u00edctimas de conflicto\"}]},{\"@type\":\"WebSite\",\"@id\":\"https:\/\/ciudadyregion.com.co\/#website\",\"url\":\"https:\/\/ciudadyregion.com.co\/\",\"name\":\"Ciudad y Region\",\"description\":\"\",\"potentialAction\":[{\"@type\":\"SearchAction\",\"target\":{\"@type\":\"EntryPoint\",\"urlTemplate\":\"https:\/\/ciudadyregion.com.co\/?s={search_term_string}\"},\"query-input\":{\"@type\":\"PropertyValueSpecification\",\"valueRequired\":true,\"valueName\":\"search_term_string\"}}],\"inLanguage\":\"es\"},{\"@type\":\"Person\",\"@id\":\"https:\/\/ciudadyregion.com.co\/#\/schema\/person\/04a4954373ebc4051f46e8c65ff78622\",\"name\":\"David Andr\u00e9s Aguirre\",\"image\":{\"@type\":\"ImageObject\",\"inLanguage\":\"es\",\"@id\":\"https:\/\/ciudadyregion.com.co\/#\/schema\/person\/image\/\",\"url\":\"https:\/\/secure.gravatar.com\/avatar\/bc3c655860202182ee6d1b5edd042dbe?s=96&d=mm&r=g\",\"contentUrl\":\"https:\/\/secure.gravatar.com\/avatar\/bc3c655860202182ee6d1b5edd042dbe?s=96&d=mm&r=g\",\"caption\":\"David Andr\u00e9s Aguirre\"},\"url\":\"https:\/\/ciudadyregion.com.co\/index.php\/author\/diegoaguirre\/\"}]}<\/script>\n<!-- \/ Yoast SEO plugin. -->","yoast_head_json":{"title":"Inici\u00f3 implementaci\u00f3n del Plan de Reparaci\u00f3n Colectiva a Periodistas v\u00edctimas de conflicto - Ciudad y Region","robots":{"index":"index","follow":"follow","max-snippet":"max-snippet:-1","max-image-preview":"max-image-preview:large","max-video-preview":"max-video-preview:-1"},"canonical":"https:\/\/ciudadyregion.com.co\/index.php\/inicio-implementacion-del-plan-de-reparacion-colectiva-a-periodistas-victimas-de-conflicto\/nacional\/","og_locale":"es_ES","og_type":"article","og_title":"Inici\u00f3 implementaci\u00f3n del Plan de Reparaci\u00f3n Colectiva a Periodistas v\u00edctimas de conflicto - Ciudad y Region","og_description":"Colombia es pionera en el mundo en la implementaci\u00f3n de un proceso de Reparaci\u00f3n Colectiva a periodistas v\u00edctimas de conflictos armados. Seg\u00fan estimaciones de la Unidad para las V\u00edctimas, esta poblaci\u00f3n supera los 400 mil afectados. Bajo el gobierno del presidente Gustavo Petro Urrego se inici\u00f3 en Barichara, Santander, laContinuar Leyendo","og_url":"https:\/\/ciudadyregion.com.co\/index.php\/inicio-implementacion-del-plan-de-reparacion-colectiva-a-periodistas-victimas-de-conflicto\/nacional\/","og_site_name":"Ciudad y Region","article_published_time":"2023-11-15T13:06:17+00:00","og_image":[{"width":800,"height":445,"url":"https:\/\/ciudadyregion.com.co\/wp-content\/uploads\/2023\/11\/9-5.jpg","type":"image\/jpeg"}],"author":"David Andr\u00e9s Aguirre","twitter_card":"summary_large_image","twitter_misc":{"Escrito por":"David Andr\u00e9s Aguirre","Tiempo de lectura":"3 minutos"},"schema":{"@context":"https:\/\/schema.org","@graph":[{"@type":"WebPage","@id":"https:\/\/ciudadyregion.com.co\/index.php\/inicio-implementacion-del-plan-de-reparacion-colectiva-a-periodistas-victimas-de-conflicto\/nacional\/","url":"https:\/\/ciudadyregion.com.co\/index.php\/inicio-implementacion-del-plan-de-reparacion-colectiva-a-periodistas-victimas-de-conflicto\/nacional\/","name":"Inici\u00f3 implementaci\u00f3n del Plan de Reparaci\u00f3n Colectiva a Periodistas v\u00edctimas de conflicto - Ciudad y Region","isPartOf":{"@id":"https:\/\/ciudadyregion.com.co\/#website"},"primaryImageOfPage":{"@id":"https:\/\/ciudadyregion.com.co\/index.php\/inicio-implementacion-del-plan-de-reparacion-colectiva-a-periodistas-victimas-de-conflicto\/nacional\/#primaryimage"},"image":{"@id":"https:\/\/ciudadyregion.com.co\/index.php\/inicio-implementacion-del-plan-de-reparacion-colectiva-a-periodistas-victimas-de-conflicto\/nacional\/#primaryimage"},"thumbnailUrl":"https:\/\/i0.wp.com\/ciudadyregion.com.co\/wp-content\/uploads\/2023\/11\/9-5.jpg?fit=800%2C445&ssl=1","datePublished":"2023-11-15T13:06:17+00:00","dateModified":"2023-11-15T13:06:17+00:00","author":{"@id":"https:\/\/ciudadyregion.com.co\/#\/schema\/person\/04a4954373ebc4051f46e8c65ff78622"},"breadcrumb":{"@id":"https:\/\/ciudadyregion.com.co\/index.php\/inicio-implementacion-del-plan-de-reparacion-colectiva-a-periodistas-victimas-de-conflicto\/nacional\/#breadcrumb"},"inLanguage":"es","potentialAction":[{"@type":"ReadAction","target":["https:\/\/ciudadyregion.com.co\/index.php\/inicio-implementacion-del-plan-de-reparacion-colectiva-a-periodistas-victimas-de-conflicto\/nacional\/"]}]},{"@type":"ImageObject","inLanguage":"es","@id":"https:\/\/ciudadyregion.com.co\/index.php\/inicio-implementacion-del-plan-de-reparacion-colectiva-a-periodistas-victimas-de-conflicto\/nacional\/#primaryimage","url":"https:\/\/i0.wp.com\/ciudadyregion.com.co\/wp-content\/uploads\/2023\/11\/9-5.jpg?fit=800%2C445&ssl=1","contentUrl":"https:\/\/i0.wp.com\/ciudadyregion.com.co\/wp-content\/uploads\/2023\/11\/9-5.jpg?fit=800%2C445&ssl=1","width":800,"height":445},{"@type":"BreadcrumbList","@id":"https:\/\/ciudadyregion.com.co\/index.php\/inicio-implementacion-del-plan-de-reparacion-colectiva-a-periodistas-victimas-de-conflicto\/nacional\/#breadcrumb","itemListElement":[{"@type":"ListItem","position":1,"name":"Portada","item":"https:\/\/ciudadyregion.com.co\/"},{"@type":"ListItem","position":2,"name":"Inici\u00f3 implementaci\u00f3n del Plan de Reparaci\u00f3n Colectiva a Periodistas v\u00edctimas de conflicto"}]},{"@type":"WebSite","@id":"https:\/\/ciudadyregion.com.co\/#website","url":"https:\/\/ciudadyregion.com.co\/","name":"Ciudad y Region","description":"","potentialAction":[{"@type":"SearchAction","target":{"@type":"EntryPoint","urlTemplate":"https:\/\/ciudadyregion.com.co\/?s={search_term_string}"},"query-input":{"@type":"PropertyValueSpecification","valueRequired":true,"valueName":"search_term_string"}}],"inLanguage":"es"},{"@type":"Person","@id":"https:\/\/ciudadyregion.com.co\/#\/schema\/person\/04a4954373ebc4051f46e8c65ff78622","name":"David Andr\u00e9s Aguirre","image":{"@type":"ImageObject","inLanguage":"es","@id":"https:\/\/ciudadyregion.com.co\/#\/schema\/person\/image\/","url":"https:\/\/secure.gravatar.com\/avatar\/bc3c655860202182ee6d1b5edd042dbe?s=96&d=mm&r=g","contentUrl":"https:\/\/secure.gravatar.com\/avatar\/bc3c655860202182ee6d1b5edd042dbe?s=96&d=mm&r=g","caption":"David Andr\u00e9s Aguirre"},"url":"https:\/\/ciudadyregion.com.co\/index.php\/author\/diegoaguirre\/"}]}},"jetpack_featured_media_url":"https:\/\/i0.wp.com\/ciudadyregion.com.co\/wp-content\/uploads\/2023\/11\/9-5.jpg?fit=800%2C445&ssl=1","jetpack_sharing_enabled":true,"jetpack_shortlink":"https:\/\/wp.me\/pbS7hh-ud","jetpack-related-posts":[],"_links":{"self":[{"href":"https:\/\/ciudadyregion.com.co\/index.php\/wp-json\/wp\/v2\/posts\/1873"}],"collection":[{"href":"https:\/\/ciudadyregion.com.co\/index.php\/wp-json\/wp\/v2\/posts"}],"about":[{"href":"https:\/\/ciudadyregion.com.co\/index.php\/wp-json\/wp\/v2\/types\/post"}],"author":[{"embeddable":true,"href":"https:\/\/ciudadyregion.com.co\/index.php\/wp-json\/wp\/v2\/users\/2"}],"replies":[{"embeddable":true,"href":"https:\/\/ciudadyregion.com.co\/index.php\/wp-json\/wp\/v2\/comments?post=1873"}],"version-history":[{"count":1,"href":"https:\/\/ciudadyregion.com.co\/index.php\/wp-json\/wp\/v2\/posts\/1873\/revisions"}],"predecessor-version":[{"id":1875,"href":"https:\/\/ciudadyregion.com.co\/index.php\/wp-json\/wp\/v2\/posts\/1873\/revisions\/1875"}],"wp:featuredmedia":[{"embeddable":true,"href":"https:\/\/ciudadyregion.com.co\/index.php\/wp-json\/wp\/v2\/media\/1874"}],"wp:attachment":[{"href":"https:\/\/ciudadyregion.com.co\/index.php\/wp-json\/wp\/v2\/media?parent=1873"}],"wp:term":[{"taxonomy":"category","embeddable":true,"href":"https:\/\/ciudadyregion.com.co\/index.php\/wp-json\/wp\/v2\/categories?post=1873"},{"taxonomy":"post_tag","embeddable":true,"href":"https:\/\/ciudadyregion.com.co\/index.php\/wp-json\/wp\/v2\/tags?post=1873"}],"curies":[{"name":"wp","href":"https:\/\/api.w.org\/{rel}","templated":true}]}}