{"id":18700,"date":"2024-08-01T04:33:19","date_gmt":"2024-08-01T09:33:19","guid":{"rendered":"https:\/\/ciudadyregion.com.co\/?p=18700"},"modified":"2024-07-31T11:34:07","modified_gmt":"2024-07-31T16:34:07","slug":"el-ministerio-del-deporte-continua-su-recorrido-por-el-tolima","status":"publish","type":"post","link":"https:\/\/ciudadyregion.com.co\/index.php\/el-ministerio-del-deporte-continua-su-recorrido-por-el-tolima\/regional\/","title":{"rendered":"El Ministerio del Deporte contin\u00faa su recorrido por el Tolima"},"content":{"rendered":"<ul>\n<li><em><strong>La delegaci\u00f3n del gobierno nacional visita los municipios de El Espinal y Melgar<\/strong><\/em><\/li>\n<\/ul>\n<p>El recorrido de evaluaci\u00f3n y verificaci\u00f3n por parte de los delegados del Ministerio del Deporte colombiano completa tres d\u00edas en territorio tolimense; El Espinal y Melgar cerrar\u00e1n el cronograma planteado por los evaluadores que tendr\u00e1n la tarea de determinar la pr\u00f3xima sede de Juegos Deportivos Nacionales y Paranacionales 2027.<\/p>\n<p>El Espinal espera cobijar los deportes baloncesto 3&#215;3, boxeo y f\u00fatbol de sal\u00f3n femenino, para ello cuenta con los escenarios, Coliseo Rond\u00f3n ,Coliseo Balcanes y Coliseo Magdalena, los cuales cumplen con las caracter\u00edsticas y capacidad requerida para el desarrollo de los eventos deportivos.<\/p>\n<blockquote><p>\u201cHa sido una gran apuesta de esta administraci\u00f3n tener los escenarios deportivos adecuados, tenemos la gran expectativa de que el gobierno nacional por parte del presidente Gustavo Petro en el 2027 nos d\u00e9 la oportunidad a todo el departamento del Tolima, obviamente a Ibagu\u00e9 y a nosotros como subsede de los Juegos Nacionales y Paranacionales\u201d expres\u00f3 el alcalde de El Espinal Wilson Guti\u00e9rrez Monta\u00f1a.<\/p><\/blockquote>\n<p>La jornada de evaluaci\u00f3n culminar\u00e1 con la visita al municipio de Melgar donde se espera culminar sin novedades y con una jornada excelente calificaci\u00f3n.<\/p>\n","protected":false},"excerpt":{"rendered":"<p>La delegaci\u00f3n del gobierno nacional visita los municipios de El Espinal y Melgar El recorrido de evaluaci\u00f3n y verificaci\u00f3n por parte de los delegados del Ministerio del Deporte colombiano completa tres d\u00edas en territorio tolimense; El Espinal y Melgar cerrar\u00e1n el cronograma planteado por los evaluadores que tendr\u00e1n la tarea<span class=\"more-link\"><a href=\"https:\/\/ciudadyregion.com.co\/index.php\/el-ministerio-del-deporte-continua-su-recorrido-por-el-tolima\/regional\/\">Continuar Leyendo<\/a><\/span><\/p>\n","protected":false},"author":2,"featured_media":18703,"comment_status":"open","ping_status":"open","sticky":false,"template":"","format":"standard","meta":{"_uf_show_specific_survey":0,"_uf_disable_surveys":false,"_jetpack_memberships_contains_paid_content":false,"footnotes":"","jetpack_publicize_message":"","jetpack_publicize_feature_enabled":true,"jetpack_social_post_already_shared":true,"jetpack_social_options":{"image_generator_settings":{"template":"highway","enabled":false},"version":2}},"categories":[13],"tags":[],"class_list":["entry","author-diegoaguirre","post-18700","post","type-post","status-publish","format-standard","has-post-thumbnail","category-regional"],"jetpack_publicize_connections":[],"yoast_head":"<!-- This site is optimized with the Yoast SEO plugin v24.3 - https:\/\/yoast.com\/wordpress\/plugins\/seo\/ -->\n<title>El Ministerio del Deporte contin\u00faa su recorrido por el Tolima - Ciudad y Region<\/title>\n<meta name=\"robots\" content=\"index, follow, max-snippet:-1, max-image-preview:large, max-video-preview:-1\" \/>\n<link rel=\"canonical\" href=\"https:\/\/ciudadyregion.com.co\/index.php\/el-ministerio-del-deporte-continua-su-recorrido-por-el-tolima\/regional\/\" \/>\n<meta property=\"og:locale\" content=\"es_ES\" \/>\n<meta property=\"og:type\" content=\"article\" \/>\n<meta property=\"og:title\" content=\"El Ministerio del Deporte contin\u00faa su recorrido por el Tolima - Ciudad y Region\" \/>\n<meta property=\"og:description\" content=\"La delegaci\u00f3n del gobierno nacional visita los municipios de El Espinal y Melgar El recorrido de evaluaci\u00f3n y verificaci\u00f3n por parte de los delegados del Ministerio del Deporte colombiano completa tres d\u00edas en territorio tolimense; El Espinal y Melgar cerrar\u00e1n el cronograma planteado por los evaluadores que tendr\u00e1n la tareaContinuar Leyendo\" \/>\n<meta property=\"og:url\" content=\"https:\/\/ciudadyregion.com.co\/index.php\/el-ministerio-del-deporte-continua-su-recorrido-por-el-tolima\/regional\/\" \/>\n<meta property=\"og:site_name\" content=\"Ciudad y Region\" \/>\n<meta property=\"article:published_time\" content=\"2024-08-01T09:33:19+00:00\" \/>\n<meta property=\"article:modified_time\" content=\"2024-07-31T16:34:07+00:00\" \/>\n<meta property=\"og:image\" content=\"https:\/\/i0.wp.com\/ciudadyregion.com.co\/wp-content\/uploads\/2024\/07\/1-18.jpg?fit=800%2C445&ssl=1\" \/>\n\t<meta property=\"og:image:width\" content=\"800\" \/>\n\t<meta property=\"og:image:height\" content=\"445\" \/>\n\t<meta property=\"og:image:type\" content=\"image\/jpeg\" \/>\n<meta name=\"author\" content=\"David Andr\u00e9s Aguirre\" \/>\n<meta name=\"twitter:card\" content=\"summary_large_image\" \/>\n<meta name=\"twitter:label1\" content=\"Escrito por\" \/>\n\t<meta name=\"twitter:data1\" content=\"David Andr\u00e9s Aguirre\" \/>\n\t<meta name=\"twitter:label2\" content=\"Tiempo de lectura\" \/>\n\t<meta name=\"twitter:data2\" content=\"1 minuto\" \/>\n<script type=\"application\/ld+json\" class=\"yoast-schema-graph\">{\"@context\":\"https:\/\/schema.org\",\"@graph\":[{\"@type\":\"WebPage\",\"@id\":\"https:\/\/ciudadyregion.com.co\/index.php\/el-ministerio-del-deporte-continua-su-recorrido-por-el-tolima\/regional\/\",\"url\":\"https:\/\/ciudadyregion.com.co\/index.php\/el-ministerio-del-deporte-continua-su-recorrido-por-el-tolima\/regional\/\",\"name\":\"El Ministerio del Deporte contin\u00faa su recorrido por el Tolima - Ciudad y Region\",\"isPartOf\":{\"@id\":\"https:\/\/ciudadyregion.com.co\/#website\"},\"primaryImageOfPage\":{\"@id\":\"https:\/\/ciudadyregion.com.co\/index.php\/el-ministerio-del-deporte-continua-su-recorrido-por-el-tolima\/regional\/#primaryimage\"},\"image\":{\"@id\":\"https:\/\/ciudadyregion.com.co\/index.php\/el-ministerio-del-deporte-continua-su-recorrido-por-el-tolima\/regional\/#primaryimage\"},\"thumbnailUrl\":\"https:\/\/i0.wp.com\/ciudadyregion.com.co\/wp-content\/uploads\/2024\/07\/1-18.jpg?fit=800%2C445&ssl=1\",\"datePublished\":\"2024-08-01T09:33:19+00:00\",\"dateModified\":\"2024-07-31T16:34:07+00:00\",\"author\":{\"@id\":\"https:\/\/ciudadyregion.com.co\/#\/schema\/person\/04a4954373ebc4051f46e8c65ff78622\"},\"breadcrumb\":{\"@id\":\"https:\/\/ciudadyregion.com.co\/index.php\/el-ministerio-del-deporte-continua-su-recorrido-por-el-tolima\/regional\/#breadcrumb\"},\"inLanguage\":\"es\",\"potentialAction\":[{\"@type\":\"ReadAction\",\"target\":[\"https:\/\/ciudadyregion.com.co\/index.php\/el-ministerio-del-deporte-continua-su-recorrido-por-el-tolima\/regional\/\"]}]},{\"@type\":\"ImageObject\",\"inLanguage\":\"es\",\"@id\":\"https:\/\/ciudadyregion.com.co\/index.php\/el-ministerio-del-deporte-continua-su-recorrido-por-el-tolima\/regional\/#primaryimage\",\"url\":\"https:\/\/i0.wp.com\/ciudadyregion.com.co\/wp-content\/uploads\/2024\/07\/1-18.jpg?fit=800%2C445&ssl=1\",\"contentUrl\":\"https:\/\/i0.wp.com\/ciudadyregion.com.co\/wp-content\/uploads\/2024\/07\/1-18.jpg?fit=800%2C445&ssl=1\",\"width\":800,\"height\":445},{\"@type\":\"BreadcrumbList\",\"@id\":\"https:\/\/ciudadyregion.com.co\/index.php\/el-ministerio-del-deporte-continua-su-recorrido-por-el-tolima\/regional\/#breadcrumb\",\"itemListElement\":[{\"@type\":\"ListItem\",\"position\":1,\"name\":\"Portada\",\"item\":\"https:\/\/ciudadyregion.com.co\/\"},{\"@type\":\"ListItem\",\"position\":2,\"name\":\"El Ministerio del Deporte contin\u00faa su recorrido por el Tolima\"}]},{\"@type\":\"WebSite\",\"@id\":\"https:\/\/ciudadyregion.com.co\/#website\",\"url\":\"https:\/\/ciudadyregion.com.co\/\",\"name\":\"Ciudad y Region\",\"description\":\"\",\"potentialAction\":[{\"@type\":\"SearchAction\",\"target\":{\"@type\":\"EntryPoint\",\"urlTemplate\":\"https:\/\/ciudadyregion.com.co\/?s={search_term_string}\"},\"query-input\":{\"@type\":\"PropertyValueSpecification\",\"valueRequired\":true,\"valueName\":\"search_term_string\"}}],\"inLanguage\":\"es\"},{\"@type\":\"Person\",\"@id\":\"https:\/\/ciudadyregion.com.co\/#\/schema\/person\/04a4954373ebc4051f46e8c65ff78622\",\"name\":\"David Andr\u00e9s Aguirre\",\"image\":{\"@type\":\"ImageObject\",\"inLanguage\":\"es\",\"@id\":\"https:\/\/ciudadyregion.com.co\/#\/schema\/person\/image\/\",\"url\":\"https:\/\/secure.gravatar.com\/avatar\/bc3c655860202182ee6d1b5edd042dbe?s=96&d=mm&r=g\",\"contentUrl\":\"https:\/\/secure.gravatar.com\/avatar\/bc3c655860202182ee6d1b5edd042dbe?s=96&d=mm&r=g\",\"caption\":\"David Andr\u00e9s Aguirre\"},\"url\":\"https:\/\/ciudadyregion.com.co\/index.php\/author\/diegoaguirre\/\"}]}<\/script>\n<!-- \/ Yoast SEO plugin. -->","yoast_head_json":{"title":"El Ministerio del Deporte contin\u00faa su recorrido por el Tolima - Ciudad y Region","robots":{"index":"index","follow":"follow","max-snippet":"max-snippet:-1","max-image-preview":"max-image-preview:large","max-video-preview":"max-video-preview:-1"},"canonical":"https:\/\/ciudadyregion.com.co\/index.php\/el-ministerio-del-deporte-continua-su-recorrido-por-el-tolima\/regional\/","og_locale":"es_ES","og_type":"article","og_title":"El Ministerio del Deporte contin\u00faa su recorrido por el Tolima - Ciudad y Region","og_description":"La delegaci\u00f3n del gobierno nacional visita los municipios de El Espinal y Melgar El recorrido de evaluaci\u00f3n y verificaci\u00f3n por parte de los delegados del Ministerio del Deporte colombiano completa tres d\u00edas en territorio tolimense; El Espinal y Melgar cerrar\u00e1n el cronograma planteado por los evaluadores que tendr\u00e1n la tareaContinuar Leyendo","og_url":"https:\/\/ciudadyregion.com.co\/index.php\/el-ministerio-del-deporte-continua-su-recorrido-por-el-tolima\/regional\/","og_site_name":"Ciudad y Region","article_published_time":"2024-08-01T09:33:19+00:00","article_modified_time":"2024-07-31T16:34:07+00:00","og_image":[{"width":800,"height":445,"url":"https:\/\/i0.wp.com\/ciudadyregion.com.co\/wp-content\/uploads\/2024\/07\/1-18.jpg?fit=800%2C445&ssl=1","type":"image\/jpeg"}],"author":"David Andr\u00e9s Aguirre","twitter_card":"summary_large_image","twitter_misc":{"Escrito por":"David Andr\u00e9s Aguirre","Tiempo de lectura":"1 minuto"},"schema":{"@context":"https:\/\/schema.org","@graph":[{"@type":"WebPage","@id":"https:\/\/ciudadyregion.com.co\/index.php\/el-ministerio-del-deporte-continua-su-recorrido-por-el-tolima\/regional\/","url":"https:\/\/ciudadyregion.com.co\/index.php\/el-ministerio-del-deporte-continua-su-recorrido-por-el-tolima\/regional\/","name":"El Ministerio del Deporte contin\u00faa su recorrido por el Tolima - Ciudad y Region","isPartOf":{"@id":"https:\/\/ciudadyregion.com.co\/#website"},"primaryImageOfPage":{"@id":"https:\/\/ciudadyregion.com.co\/index.php\/el-ministerio-del-deporte-continua-su-recorrido-por-el-tolima\/regional\/#primaryimage"},"image":{"@id":"https:\/\/ciudadyregion.com.co\/index.php\/el-ministerio-del-deporte-continua-su-recorrido-por-el-tolima\/regional\/#primaryimage"},"thumbnailUrl":"https:\/\/i0.wp.com\/ciudadyregion.com.co\/wp-content\/uploads\/2024\/07\/1-18.jpg?fit=800%2C445&ssl=1","datePublished":"2024-08-01T09:33:19+00:00","dateModified":"2024-07-31T16:34:07+00:00","author":{"@id":"https:\/\/ciudadyregion.com.co\/#\/schema\/person\/04a4954373ebc4051f46e8c65ff78622"},"breadcrumb":{"@id":"https:\/\/ciudadyregion.com.co\/index.php\/el-ministerio-del-deporte-continua-su-recorrido-por-el-tolima\/regional\/#breadcrumb"},"inLanguage":"es","potentialAction":[{"@type":"ReadAction","target":["https:\/\/ciudadyregion.com.co\/index.php\/el-ministerio-del-deporte-continua-su-recorrido-por-el-tolima\/regional\/"]}]},{"@type":"ImageObject","inLanguage":"es","@id":"https:\/\/ciudadyregion.com.co\/index.php\/el-ministerio-del-deporte-continua-su-recorrido-por-el-tolima\/regional\/#primaryimage","url":"https:\/\/i0.wp.com\/ciudadyregion.com.co\/wp-content\/uploads\/2024\/07\/1-18.jpg?fit=800%2C445&ssl=1","contentUrl":"https:\/\/i0.wp.com\/ciudadyregion.com.co\/wp-content\/uploads\/2024\/07\/1-18.jpg?fit=800%2C445&ssl=1","width":800,"height":445},{"@type":"BreadcrumbList","@id":"https:\/\/ciudadyregion.com.co\/index.php\/el-ministerio-del-deporte-continua-su-recorrido-por-el-tolima\/regional\/#breadcrumb","itemListElement":[{"@type":"ListItem","position":1,"name":"Portada","item":"https:\/\/ciudadyregion.com.co\/"},{"@type":"ListItem","position":2,"name":"El Ministerio del Deporte contin\u00faa su recorrido por el Tolima"}]},{"@type":"WebSite","@id":"https:\/\/ciudadyregion.com.co\/#website","url":"https:\/\/ciudadyregion.com.co\/","name":"Ciudad y Region","description":"","potentialAction":[{"@type":"SearchAction","target":{"@type":"EntryPoint","urlTemplate":"https:\/\/ciudadyregion.com.co\/?s={search_term_string}"},"query-input":{"@type":"PropertyValueSpecification","valueRequired":true,"valueName":"search_term_string"}}],"inLanguage":"es"},{"@type":"Person","@id":"https:\/\/ciudadyregion.com.co\/#\/schema\/person\/04a4954373ebc4051f46e8c65ff78622","name":"David Andr\u00e9s Aguirre","image":{"@type":"ImageObject","inLanguage":"es","@id":"https:\/\/ciudadyregion.com.co\/#\/schema\/person\/image\/","url":"https:\/\/secure.gravatar.com\/avatar\/bc3c655860202182ee6d1b5edd042dbe?s=96&d=mm&r=g","contentUrl":"https:\/\/secure.gravatar.com\/avatar\/bc3c655860202182ee6d1b5edd042dbe?s=96&d=mm&r=g","caption":"David Andr\u00e9s Aguirre"},"url":"https:\/\/ciudadyregion.com.co\/index.php\/author\/diegoaguirre\/"}]}},"jetpack_featured_media_url":"https:\/\/i0.wp.com\/ciudadyregion.com.co\/wp-content\/uploads\/2024\/07\/1-18.jpg?fit=800%2C445&ssl=1","jetpack_sharing_enabled":true,"jetpack_shortlink":"https:\/\/wp.me\/pbS7hh-4RC","jetpack-related-posts":[],"_links":{"self":[{"href":"https:\/\/ciudadyregion.com.co\/index.php\/wp-json\/wp\/v2\/posts\/18700"}],"collection":[{"href":"https:\/\/ciudadyregion.com.co\/index.php\/wp-json\/wp\/v2\/posts"}],"about":[{"href":"https:\/\/ciudadyregion.com.co\/index.php\/wp-json\/wp\/v2\/types\/post"}],"author":[{"embeddable":true,"href":"https:\/\/ciudadyregion.com.co\/index.php\/wp-json\/wp\/v2\/users\/2"}],"replies":[{"embeddable":true,"href":"https:\/\/ciudadyregion.com.co\/index.php\/wp-json\/wp\/v2\/comments?post=18700"}],"version-history":[{"count":1,"href":"https:\/\/ciudadyregion.com.co\/index.php\/wp-json\/wp\/v2\/posts\/18700\/revisions"}],"predecessor-version":[{"id":18704,"href":"https:\/\/ciudadyregion.com.co\/index.php\/wp-json\/wp\/v2\/posts\/18700\/revisions\/18704"}],"wp:featuredmedia":[{"embeddable":true,"href":"https:\/\/ciudadyregion.com.co\/index.php\/wp-json\/wp\/v2\/media\/18703"}],"wp:attachment":[{"href":"https:\/\/ciudadyregion.com.co\/index.php\/wp-json\/wp\/v2\/media?parent=18700"}],"wp:term":[{"taxonomy":"category","embeddable":true,"href":"https:\/\/ciudadyregion.com.co\/index.php\/wp-json\/wp\/v2\/categories?post=18700"},{"taxonomy":"post_tag","embeddable":true,"href":"https:\/\/ciudadyregion.com.co\/index.php\/wp-json\/wp\/v2\/tags?post=18700"}],"curies":[{"name":"wp","href":"https:\/\/api.w.org\/{rel}","templated":true}]}}