{"id":1855,"date":"2023-11-15T07:34:59","date_gmt":"2023-11-15T12:34:59","guid":{"rendered":"https:\/\/ciudadyregion.com.co\/?p=1855"},"modified":"2023-11-15T07:34:59","modified_gmt":"2023-11-15T12:34:59","slug":"no-duro-nada-destituido-alcalde-forero-de-tocancipa-a-mes-y-medio-de-su-posesion","status":"publish","type":"post","link":"https:\/\/ciudadyregion.com.co\/index.php\/no-duro-nada-destituido-alcalde-forero-de-tocancipa-a-mes-y-medio-de-su-posesion\/politica\/","title":{"rendered":"\u00a1No dur\u00f3 nada! Destituido alcalde Forero de Tocancip\u00e1 a mes y medio de su posesi\u00f3n"},"content":{"rendered":"<p>De la reciente decisi\u00f3n hizo saber el Ministerio P\u00fablico mediante comunicaci\u00f3n a trav\u00e9s de sus redes sociales, y a trav\u00e9s de publicaci\u00f3n en sus p\u00e1ginas oficiales este martes 14 de noviembre.<\/p>\n<p>\u201cProcuradur\u00eda confirm\u00f3 destituci\u00f3n del exalcalde de Tocancip\u00e1, Cundinamarca, Walfrando Forero Bejarano, y lo inhabilit\u00f3 por 10 a\u00f1os y 6 meses\u201d, comienza indicando la comunicaci\u00f3n.<\/p>\n<p>De acuerdo al mismo texto, el electo mandatario para el per\u00edodo 2024 \u2013 2027 no justific\u00f3 un incremento patrimonial de $951 millones, una suma que habr\u00eda alcanzado entre el 2016 y 2019 cuando ocup\u00f3 el mismo cargo.<\/p>\n<p>Un fallo en ese mismo sentido pero en primera instancia hab\u00eda sido promulgado en enero del a\u00f1o pasado por la misma Procuradur\u00eda.<br \/>\nAdvierte la Procuradur\u00eda que la sanci\u00f3n qued\u00f3 ejecutoriada, es decir entr\u00f3 en plena vigencia una vez ocurri\u00f3 la notificaci\u00f3n este martes.<\/p>\n<p>Significa que \u201cprocede de manera inmediata por no estar en ejercicio de funciones p\u00fablicas\u201d. As\u00ed, Walfrando Forero no podr\u00eda asumir como nuevo alcalde de Tocancip\u00e1 el pr\u00f3ximo primero de enero.<\/p>\n<p>Las averiguaciones del organismo de control y vigilancia permitieron determinar que el mandatario electo incurri\u00f3 en faltas disciplinarias que tendr\u00edan relaci\u00f3n con incremento injustificado de su patrimonio.<\/p>\n<p>&nbsp;<\/p>\n<p>&nbsp;<\/p>\n<p>&nbsp;<\/p>\n<p>&nbsp;<\/p>\n<p>Autora: Danna Londo\u00f1o<\/p>\n","protected":false},"excerpt":{"rendered":"<p>De la reciente decisi\u00f3n hizo saber el Ministerio P\u00fablico mediante comunicaci\u00f3n a trav\u00e9s de sus redes sociales, y a trav\u00e9s de publicaci\u00f3n en sus p\u00e1ginas oficiales este martes 14 de noviembre. \u201cProcuradur\u00eda confirm\u00f3 destituci\u00f3n del exalcalde de Tocancip\u00e1, Cundinamarca, Walfrando Forero Bejarano, y lo inhabilit\u00f3 por 10 a\u00f1os y 6<span class=\"more-link\"><a href=\"https:\/\/ciudadyregion.com.co\/index.php\/no-duro-nada-destituido-alcalde-forero-de-tocancipa-a-mes-y-medio-de-su-posesion\/politica\/\">Continuar Leyendo<\/a><\/span><\/p>\n","protected":false},"author":2,"featured_media":1856,"comment_status":"open","ping_status":"open","sticky":false,"template":"","format":"standard","meta":{"_uf_show_specific_survey":0,"_uf_disable_surveys":false,"_jetpack_memberships_contains_paid_content":false,"footnotes":"","jetpack_publicize_message":"","jetpack_publicize_feature_enabled":true,"jetpack_social_post_already_shared":false,"jetpack_social_options":{"image_generator_settings":{"template":"highway","enabled":false},"version":2}},"categories":[17],"tags":[],"class_list":["entry","author-diegoaguirre","post-1855","post","type-post","status-publish","format-standard","has-post-thumbnail","category-politica"],"jetpack_publicize_connections":[],"yoast_head":"<!-- This site is optimized with the Yoast SEO plugin v24.3 - https:\/\/yoast.com\/wordpress\/plugins\/seo\/ -->\n<title>\u00a1No dur\u00f3 nada! Destituido alcalde Forero de Tocancip\u00e1 a mes y medio de su posesi\u00f3n - Ciudad y Region<\/title>\n<meta name=\"robots\" content=\"index, follow, max-snippet:-1, max-image-preview:large, max-video-preview:-1\" \/>\n<link rel=\"canonical\" href=\"https:\/\/ciudadyregion.com.co\/index.php\/no-duro-nada-destituido-alcalde-forero-de-tocancipa-a-mes-y-medio-de-su-posesion\/politica\/\" \/>\n<meta property=\"og:locale\" content=\"es_ES\" \/>\n<meta property=\"og:type\" content=\"article\" \/>\n<meta property=\"og:title\" content=\"\u00a1No dur\u00f3 nada! Destituido alcalde Forero de Tocancip\u00e1 a mes y medio de su posesi\u00f3n - Ciudad y Region\" \/>\n<meta property=\"og:description\" content=\"De la reciente decisi\u00f3n hizo saber el Ministerio P\u00fablico mediante comunicaci\u00f3n a trav\u00e9s de sus redes sociales, y a trav\u00e9s de publicaci\u00f3n en sus p\u00e1ginas oficiales este martes 14 de noviembre. \u201cProcuradur\u00eda confirm\u00f3 destituci\u00f3n del exalcalde de Tocancip\u00e1, Cundinamarca, Walfrando Forero Bejarano, y lo inhabilit\u00f3 por 10 a\u00f1os y 6Continuar Leyendo\" \/>\n<meta property=\"og:url\" content=\"https:\/\/ciudadyregion.com.co\/index.php\/no-duro-nada-destituido-alcalde-forero-de-tocancipa-a-mes-y-medio-de-su-posesion\/politica\/\" \/>\n<meta property=\"og:site_name\" content=\"Ciudad y Region\" \/>\n<meta property=\"article:published_time\" content=\"2023-11-15T12:34:59+00:00\" \/>\n<meta property=\"og:image\" content=\"https:\/\/ciudadyregion.com.co\/wp-content\/uploads\/2023\/11\/4-13.jpg\" \/>\n\t<meta property=\"og:image:width\" content=\"800\" \/>\n\t<meta property=\"og:image:height\" content=\"445\" \/>\n\t<meta property=\"og:image:type\" content=\"image\/jpeg\" \/>\n<meta name=\"author\" content=\"David Andr\u00e9s Aguirre\" \/>\n<meta name=\"twitter:card\" content=\"summary_large_image\" \/>\n<meta name=\"twitter:label1\" content=\"Escrito por\" \/>\n\t<meta name=\"twitter:data1\" content=\"David Andr\u00e9s Aguirre\" \/>\n\t<meta name=\"twitter:label2\" content=\"Tiempo de lectura\" \/>\n\t<meta name=\"twitter:data2\" content=\"1 minuto\" \/>\n<script type=\"application\/ld+json\" class=\"yoast-schema-graph\">{\"@context\":\"https:\/\/schema.org\",\"@graph\":[{\"@type\":\"WebPage\",\"@id\":\"https:\/\/ciudadyregion.com.co\/index.php\/no-duro-nada-destituido-alcalde-forero-de-tocancipa-a-mes-y-medio-de-su-posesion\/politica\/\",\"url\":\"https:\/\/ciudadyregion.com.co\/index.php\/no-duro-nada-destituido-alcalde-forero-de-tocancipa-a-mes-y-medio-de-su-posesion\/politica\/\",\"name\":\"\u00a1No dur\u00f3 nada! Destituido alcalde Forero de Tocancip\u00e1 a mes y medio de su posesi\u00f3n - Ciudad y Region\",\"isPartOf\":{\"@id\":\"https:\/\/ciudadyregion.com.co\/#website\"},\"primaryImageOfPage\":{\"@id\":\"https:\/\/ciudadyregion.com.co\/index.php\/no-duro-nada-destituido-alcalde-forero-de-tocancipa-a-mes-y-medio-de-su-posesion\/politica\/#primaryimage\"},\"image\":{\"@id\":\"https:\/\/ciudadyregion.com.co\/index.php\/no-duro-nada-destituido-alcalde-forero-de-tocancipa-a-mes-y-medio-de-su-posesion\/politica\/#primaryimage\"},\"thumbnailUrl\":\"https:\/\/i0.wp.com\/ciudadyregion.com.co\/wp-content\/uploads\/2023\/11\/4-13.jpg?fit=800%2C445&ssl=1\",\"datePublished\":\"2023-11-15T12:34:59+00:00\",\"dateModified\":\"2023-11-15T12:34:59+00:00\",\"author\":{\"@id\":\"https:\/\/ciudadyregion.com.co\/#\/schema\/person\/04a4954373ebc4051f46e8c65ff78622\"},\"breadcrumb\":{\"@id\":\"https:\/\/ciudadyregion.com.co\/index.php\/no-duro-nada-destituido-alcalde-forero-de-tocancipa-a-mes-y-medio-de-su-posesion\/politica\/#breadcrumb\"},\"inLanguage\":\"es\",\"potentialAction\":[{\"@type\":\"ReadAction\",\"target\":[\"https:\/\/ciudadyregion.com.co\/index.php\/no-duro-nada-destituido-alcalde-forero-de-tocancipa-a-mes-y-medio-de-su-posesion\/politica\/\"]}]},{\"@type\":\"ImageObject\",\"inLanguage\":\"es\",\"@id\":\"https:\/\/ciudadyregion.com.co\/index.php\/no-duro-nada-destituido-alcalde-forero-de-tocancipa-a-mes-y-medio-de-su-posesion\/politica\/#primaryimage\",\"url\":\"https:\/\/i0.wp.com\/ciudadyregion.com.co\/wp-content\/uploads\/2023\/11\/4-13.jpg?fit=800%2C445&ssl=1\",\"contentUrl\":\"https:\/\/i0.wp.com\/ciudadyregion.com.co\/wp-content\/uploads\/2023\/11\/4-13.jpg?fit=800%2C445&ssl=1\",\"width\":800,\"height\":445},{\"@type\":\"BreadcrumbList\",\"@id\":\"https:\/\/ciudadyregion.com.co\/index.php\/no-duro-nada-destituido-alcalde-forero-de-tocancipa-a-mes-y-medio-de-su-posesion\/politica\/#breadcrumb\",\"itemListElement\":[{\"@type\":\"ListItem\",\"position\":1,\"name\":\"Portada\",\"item\":\"https:\/\/ciudadyregion.com.co\/\"},{\"@type\":\"ListItem\",\"position\":2,\"name\":\"\u00a1No dur\u00f3 nada! Destituido alcalde Forero de Tocancip\u00e1 a mes y medio de su posesi\u00f3n\"}]},{\"@type\":\"WebSite\",\"@id\":\"https:\/\/ciudadyregion.com.co\/#website\",\"url\":\"https:\/\/ciudadyregion.com.co\/\",\"name\":\"Ciudad y Region\",\"description\":\"\",\"potentialAction\":[{\"@type\":\"SearchAction\",\"target\":{\"@type\":\"EntryPoint\",\"urlTemplate\":\"https:\/\/ciudadyregion.com.co\/?s={search_term_string}\"},\"query-input\":{\"@type\":\"PropertyValueSpecification\",\"valueRequired\":true,\"valueName\":\"search_term_string\"}}],\"inLanguage\":\"es\"},{\"@type\":\"Person\",\"@id\":\"https:\/\/ciudadyregion.com.co\/#\/schema\/person\/04a4954373ebc4051f46e8c65ff78622\",\"name\":\"David Andr\u00e9s Aguirre\",\"image\":{\"@type\":\"ImageObject\",\"inLanguage\":\"es\",\"@id\":\"https:\/\/ciudadyregion.com.co\/#\/schema\/person\/image\/\",\"url\":\"https:\/\/secure.gravatar.com\/avatar\/bc3c655860202182ee6d1b5edd042dbe?s=96&d=mm&r=g\",\"contentUrl\":\"https:\/\/secure.gravatar.com\/avatar\/bc3c655860202182ee6d1b5edd042dbe?s=96&d=mm&r=g\",\"caption\":\"David Andr\u00e9s Aguirre\"},\"url\":\"https:\/\/ciudadyregion.com.co\/index.php\/author\/diegoaguirre\/\"}]}<\/script>\n<!-- \/ Yoast SEO plugin. -->","yoast_head_json":{"title":"\u00a1No dur\u00f3 nada! Destituido alcalde Forero de Tocancip\u00e1 a mes y medio de su posesi\u00f3n - Ciudad y Region","robots":{"index":"index","follow":"follow","max-snippet":"max-snippet:-1","max-image-preview":"max-image-preview:large","max-video-preview":"max-video-preview:-1"},"canonical":"https:\/\/ciudadyregion.com.co\/index.php\/no-duro-nada-destituido-alcalde-forero-de-tocancipa-a-mes-y-medio-de-su-posesion\/politica\/","og_locale":"es_ES","og_type":"article","og_title":"\u00a1No dur\u00f3 nada! Destituido alcalde Forero de Tocancip\u00e1 a mes y medio de su posesi\u00f3n - Ciudad y Region","og_description":"De la reciente decisi\u00f3n hizo saber el Ministerio P\u00fablico mediante comunicaci\u00f3n a trav\u00e9s de sus redes sociales, y a trav\u00e9s de publicaci\u00f3n en sus p\u00e1ginas oficiales este martes 14 de noviembre. \u201cProcuradur\u00eda confirm\u00f3 destituci\u00f3n del exalcalde de Tocancip\u00e1, Cundinamarca, Walfrando Forero Bejarano, y lo inhabilit\u00f3 por 10 a\u00f1os y 6Continuar Leyendo","og_url":"https:\/\/ciudadyregion.com.co\/index.php\/no-duro-nada-destituido-alcalde-forero-de-tocancipa-a-mes-y-medio-de-su-posesion\/politica\/","og_site_name":"Ciudad y Region","article_published_time":"2023-11-15T12:34:59+00:00","og_image":[{"width":800,"height":445,"url":"https:\/\/ciudadyregion.com.co\/wp-content\/uploads\/2023\/11\/4-13.jpg","type":"image\/jpeg"}],"author":"David Andr\u00e9s Aguirre","twitter_card":"summary_large_image","twitter_misc":{"Escrito por":"David Andr\u00e9s Aguirre","Tiempo de lectura":"1 minuto"},"schema":{"@context":"https:\/\/schema.org","@graph":[{"@type":"WebPage","@id":"https:\/\/ciudadyregion.com.co\/index.php\/no-duro-nada-destituido-alcalde-forero-de-tocancipa-a-mes-y-medio-de-su-posesion\/politica\/","url":"https:\/\/ciudadyregion.com.co\/index.php\/no-duro-nada-destituido-alcalde-forero-de-tocancipa-a-mes-y-medio-de-su-posesion\/politica\/","name":"\u00a1No dur\u00f3 nada! Destituido alcalde Forero de Tocancip\u00e1 a mes y medio de su posesi\u00f3n - Ciudad y Region","isPartOf":{"@id":"https:\/\/ciudadyregion.com.co\/#website"},"primaryImageOfPage":{"@id":"https:\/\/ciudadyregion.com.co\/index.php\/no-duro-nada-destituido-alcalde-forero-de-tocancipa-a-mes-y-medio-de-su-posesion\/politica\/#primaryimage"},"image":{"@id":"https:\/\/ciudadyregion.com.co\/index.php\/no-duro-nada-destituido-alcalde-forero-de-tocancipa-a-mes-y-medio-de-su-posesion\/politica\/#primaryimage"},"thumbnailUrl":"https:\/\/i0.wp.com\/ciudadyregion.com.co\/wp-content\/uploads\/2023\/11\/4-13.jpg?fit=800%2C445&ssl=1","datePublished":"2023-11-15T12:34:59+00:00","dateModified":"2023-11-15T12:34:59+00:00","author":{"@id":"https:\/\/ciudadyregion.com.co\/#\/schema\/person\/04a4954373ebc4051f46e8c65ff78622"},"breadcrumb":{"@id":"https:\/\/ciudadyregion.com.co\/index.php\/no-duro-nada-destituido-alcalde-forero-de-tocancipa-a-mes-y-medio-de-su-posesion\/politica\/#breadcrumb"},"inLanguage":"es","potentialAction":[{"@type":"ReadAction","target":["https:\/\/ciudadyregion.com.co\/index.php\/no-duro-nada-destituido-alcalde-forero-de-tocancipa-a-mes-y-medio-de-su-posesion\/politica\/"]}]},{"@type":"ImageObject","inLanguage":"es","@id":"https:\/\/ciudadyregion.com.co\/index.php\/no-duro-nada-destituido-alcalde-forero-de-tocancipa-a-mes-y-medio-de-su-posesion\/politica\/#primaryimage","url":"https:\/\/i0.wp.com\/ciudadyregion.com.co\/wp-content\/uploads\/2023\/11\/4-13.jpg?fit=800%2C445&ssl=1","contentUrl":"https:\/\/i0.wp.com\/ciudadyregion.com.co\/wp-content\/uploads\/2023\/11\/4-13.jpg?fit=800%2C445&ssl=1","width":800,"height":445},{"@type":"BreadcrumbList","@id":"https:\/\/ciudadyregion.com.co\/index.php\/no-duro-nada-destituido-alcalde-forero-de-tocancipa-a-mes-y-medio-de-su-posesion\/politica\/#breadcrumb","itemListElement":[{"@type":"ListItem","position":1,"name":"Portada","item":"https:\/\/ciudadyregion.com.co\/"},{"@type":"ListItem","position":2,"name":"\u00a1No dur\u00f3 nada! Destituido alcalde Forero de Tocancip\u00e1 a mes y medio de su posesi\u00f3n"}]},{"@type":"WebSite","@id":"https:\/\/ciudadyregion.com.co\/#website","url":"https:\/\/ciudadyregion.com.co\/","name":"Ciudad y Region","description":"","potentialAction":[{"@type":"SearchAction","target":{"@type":"EntryPoint","urlTemplate":"https:\/\/ciudadyregion.com.co\/?s={search_term_string}"},"query-input":{"@type":"PropertyValueSpecification","valueRequired":true,"valueName":"search_term_string"}}],"inLanguage":"es"},{"@type":"Person","@id":"https:\/\/ciudadyregion.com.co\/#\/schema\/person\/04a4954373ebc4051f46e8c65ff78622","name":"David Andr\u00e9s Aguirre","image":{"@type":"ImageObject","inLanguage":"es","@id":"https:\/\/ciudadyregion.com.co\/#\/schema\/person\/image\/","url":"https:\/\/secure.gravatar.com\/avatar\/bc3c655860202182ee6d1b5edd042dbe?s=96&d=mm&r=g","contentUrl":"https:\/\/secure.gravatar.com\/avatar\/bc3c655860202182ee6d1b5edd042dbe?s=96&d=mm&r=g","caption":"David Andr\u00e9s Aguirre"},"url":"https:\/\/ciudadyregion.com.co\/index.php\/author\/diegoaguirre\/"}]}},"jetpack_featured_media_url":"https:\/\/i0.wp.com\/ciudadyregion.com.co\/wp-content\/uploads\/2023\/11\/4-13.jpg?fit=800%2C445&ssl=1","jetpack_sharing_enabled":true,"jetpack_shortlink":"https:\/\/wp.me\/pbS7hh-tV","jetpack-related-posts":[],"_links":{"self":[{"href":"https:\/\/ciudadyregion.com.co\/index.php\/wp-json\/wp\/v2\/posts\/1855"}],"collection":[{"href":"https:\/\/ciudadyregion.com.co\/index.php\/wp-json\/wp\/v2\/posts"}],"about":[{"href":"https:\/\/ciudadyregion.com.co\/index.php\/wp-json\/wp\/v2\/types\/post"}],"author":[{"embeddable":true,"href":"https:\/\/ciudadyregion.com.co\/index.php\/wp-json\/wp\/v2\/users\/2"}],"replies":[{"embeddable":true,"href":"https:\/\/ciudadyregion.com.co\/index.php\/wp-json\/wp\/v2\/comments?post=1855"}],"version-history":[{"count":1,"href":"https:\/\/ciudadyregion.com.co\/index.php\/wp-json\/wp\/v2\/posts\/1855\/revisions"}],"predecessor-version":[{"id":1857,"href":"https:\/\/ciudadyregion.com.co\/index.php\/wp-json\/wp\/v2\/posts\/1855\/revisions\/1857"}],"wp:featuredmedia":[{"embeddable":true,"href":"https:\/\/ciudadyregion.com.co\/index.php\/wp-json\/wp\/v2\/media\/1856"}],"wp:attachment":[{"href":"https:\/\/ciudadyregion.com.co\/index.php\/wp-json\/wp\/v2\/media?parent=1855"}],"wp:term":[{"taxonomy":"category","embeddable":true,"href":"https:\/\/ciudadyregion.com.co\/index.php\/wp-json\/wp\/v2\/categories?post=1855"},{"taxonomy":"post_tag","embeddable":true,"href":"https:\/\/ciudadyregion.com.co\/index.php\/wp-json\/wp\/v2\/tags?post=1855"}],"curies":[{"name":"wp","href":"https:\/\/api.w.org\/{rel}","templated":true}]}}