{"id":1852,"date":"2023-11-15T07:26:41","date_gmt":"2023-11-15T12:26:41","guid":{"rendered":"https:\/\/ciudadyregion.com.co\/?p=1852"},"modified":"2023-11-15T07:26:41","modified_gmt":"2023-11-15T12:26:41","slug":"continuan-las-capturas-por-el-porte-ilegal-de-armas-esta-vez-en-girardot","status":"publish","type":"post","link":"https:\/\/ciudadyregion.com.co\/index.php\/continuan-las-capturas-por-el-porte-ilegal-de-armas-esta-vez-en-girardot\/judicial\/","title":{"rendered":"Contin\u00faan las capturas por el porte ilegal de armas, esta vez en Girardot"},"content":{"rendered":"<p>En un golpe a la criminalidad rural en la zona de Piamonte, efectivos del Fuerte de Carabineros lograron desarticular un presunto intento de homicidio.<\/p>\n<p>La intervenci\u00f3n policial, que tuvo lugar en esta \u00e1rea, fue resultado de una alerta ciudadana que advert\u00eda sobre la presencia sospechosa de tres individuos armados.<\/p>\n<p>El operativo, denominado \u00abplan candado\u00bb, se puso en marcha tras la recepci\u00f3n de una llamada telef\u00f3nica. Los uniformados se desplazaron de inmediato hacia el lugar se\u00f1alado, consiguiendo interceptar a las tres personas, cuyas descripciones coincid\u00edan con la informaci\u00f3n suministrada.<\/p>\n<p>Los detalles de la detenci\u00f3n incluyen:<\/p>\n<p>\u2022 Un adulto y dos menores de edad fueron los interceptados.<br \/>\n\u2022 Se incaut\u00f3 un arma traum\u00e1tica tipo mini-uzi con un proveedor y 18 cartuchos en posesi\u00f3n del adulto.<br \/>\n\u2022 Un adolescente llevaba consigo un rev\u00f3lver calibre 38 con munici\u00f3n.<br \/>\n\u2022 Ninguno contaba con los documentos necesarios para acreditar la legalidad de las armas portadas.<\/p>\n<p>&nbsp;<\/p>\n<p>&nbsp;<\/p>\n<p>&nbsp;<\/p>\n<p>&nbsp;<\/p>\n<p>Autora: Danna Londo\u00f1o<\/p>\n","protected":false},"excerpt":{"rendered":"<p>En un golpe a la criminalidad rural en la zona de Piamonte, efectivos del Fuerte de Carabineros lograron desarticular un presunto intento de homicidio. La intervenci\u00f3n policial, que tuvo lugar en esta \u00e1rea, fue resultado de una alerta ciudadana que advert\u00eda sobre la presencia sospechosa de tres individuos armados. El<span class=\"more-link\"><a href=\"https:\/\/ciudadyregion.com.co\/index.php\/continuan-las-capturas-por-el-porte-ilegal-de-armas-esta-vez-en-girardot\/judicial\/\">Continuar Leyendo<\/a><\/span><\/p>\n","protected":false},"author":2,"featured_media":1853,"comment_status":"open","ping_status":"open","sticky":false,"template":"","format":"standard","meta":{"_uf_show_specific_survey":0,"_uf_disable_surveys":false,"_jetpack_memberships_contains_paid_content":false,"footnotes":"","jetpack_publicize_message":"","jetpack_publicize_feature_enabled":true,"jetpack_social_post_already_shared":false,"jetpack_social_options":{"image_generator_settings":{"template":"highway","enabled":false},"version":2}},"categories":[18],"tags":[],"class_list":["entry","author-diegoaguirre","post-1852","post","type-post","status-publish","format-standard","has-post-thumbnail","category-judicial"],"jetpack_publicize_connections":[],"yoast_head":"<!-- This site is optimized with the Yoast SEO plugin v24.3 - https:\/\/yoast.com\/wordpress\/plugins\/seo\/ -->\n<title>Contin\u00faan las capturas por el porte ilegal de armas, esta vez en Girardot - Ciudad y Region<\/title>\n<meta name=\"robots\" content=\"index, follow, max-snippet:-1, max-image-preview:large, max-video-preview:-1\" \/>\n<link rel=\"canonical\" href=\"https:\/\/ciudadyregion.com.co\/index.php\/continuan-las-capturas-por-el-porte-ilegal-de-armas-esta-vez-en-girardot\/judicial\/\" \/>\n<meta property=\"og:locale\" content=\"es_ES\" \/>\n<meta property=\"og:type\" content=\"article\" \/>\n<meta property=\"og:title\" content=\"Contin\u00faan las capturas por el porte ilegal de armas, esta vez en Girardot - Ciudad y Region\" \/>\n<meta property=\"og:description\" content=\"En un golpe a la criminalidad rural en la zona de Piamonte, efectivos del Fuerte de Carabineros lograron desarticular un presunto intento de homicidio. La intervenci\u00f3n policial, que tuvo lugar en esta \u00e1rea, fue resultado de una alerta ciudadana que advert\u00eda sobre la presencia sospechosa de tres individuos armados. ElContinuar Leyendo\" \/>\n<meta property=\"og:url\" content=\"https:\/\/ciudadyregion.com.co\/index.php\/continuan-las-capturas-por-el-porte-ilegal-de-armas-esta-vez-en-girardot\/judicial\/\" \/>\n<meta property=\"og:site_name\" content=\"Ciudad y Region\" \/>\n<meta property=\"article:published_time\" content=\"2023-11-15T12:26:41+00:00\" \/>\n<meta property=\"og:image\" content=\"https:\/\/ciudadyregion.com.co\/wp-content\/uploads\/2023\/11\/2-17.jpg\" \/>\n\t<meta property=\"og:image:width\" content=\"800\" \/>\n\t<meta property=\"og:image:height\" content=\"445\" \/>\n\t<meta property=\"og:image:type\" content=\"image\/jpeg\" \/>\n<meta name=\"author\" content=\"David Andr\u00e9s Aguirre\" \/>\n<meta name=\"twitter:card\" content=\"summary_large_image\" \/>\n<meta name=\"twitter:label1\" content=\"Escrito por\" \/>\n\t<meta name=\"twitter:data1\" content=\"David Andr\u00e9s Aguirre\" \/>\n\t<meta name=\"twitter:label2\" content=\"Tiempo de lectura\" \/>\n\t<meta name=\"twitter:data2\" content=\"1 minuto\" \/>\n<script type=\"application\/ld+json\" class=\"yoast-schema-graph\">{\"@context\":\"https:\/\/schema.org\",\"@graph\":[{\"@type\":\"WebPage\",\"@id\":\"https:\/\/ciudadyregion.com.co\/index.php\/continuan-las-capturas-por-el-porte-ilegal-de-armas-esta-vez-en-girardot\/judicial\/\",\"url\":\"https:\/\/ciudadyregion.com.co\/index.php\/continuan-las-capturas-por-el-porte-ilegal-de-armas-esta-vez-en-girardot\/judicial\/\",\"name\":\"Contin\u00faan las capturas por el porte ilegal de armas, esta vez en Girardot - Ciudad y Region\",\"isPartOf\":{\"@id\":\"https:\/\/ciudadyregion.com.co\/#website\"},\"primaryImageOfPage\":{\"@id\":\"https:\/\/ciudadyregion.com.co\/index.php\/continuan-las-capturas-por-el-porte-ilegal-de-armas-esta-vez-en-girardot\/judicial\/#primaryimage\"},\"image\":{\"@id\":\"https:\/\/ciudadyregion.com.co\/index.php\/continuan-las-capturas-por-el-porte-ilegal-de-armas-esta-vez-en-girardot\/judicial\/#primaryimage\"},\"thumbnailUrl\":\"https:\/\/i0.wp.com\/ciudadyregion.com.co\/wp-content\/uploads\/2023\/11\/2-17.jpg?fit=800%2C445&ssl=1\",\"datePublished\":\"2023-11-15T12:26:41+00:00\",\"dateModified\":\"2023-11-15T12:26:41+00:00\",\"author\":{\"@id\":\"https:\/\/ciudadyregion.com.co\/#\/schema\/person\/04a4954373ebc4051f46e8c65ff78622\"},\"breadcrumb\":{\"@id\":\"https:\/\/ciudadyregion.com.co\/index.php\/continuan-las-capturas-por-el-porte-ilegal-de-armas-esta-vez-en-girardot\/judicial\/#breadcrumb\"},\"inLanguage\":\"es\",\"potentialAction\":[{\"@type\":\"ReadAction\",\"target\":[\"https:\/\/ciudadyregion.com.co\/index.php\/continuan-las-capturas-por-el-porte-ilegal-de-armas-esta-vez-en-girardot\/judicial\/\"]}]},{\"@type\":\"ImageObject\",\"inLanguage\":\"es\",\"@id\":\"https:\/\/ciudadyregion.com.co\/index.php\/continuan-las-capturas-por-el-porte-ilegal-de-armas-esta-vez-en-girardot\/judicial\/#primaryimage\",\"url\":\"https:\/\/i0.wp.com\/ciudadyregion.com.co\/wp-content\/uploads\/2023\/11\/2-17.jpg?fit=800%2C445&ssl=1\",\"contentUrl\":\"https:\/\/i0.wp.com\/ciudadyregion.com.co\/wp-content\/uploads\/2023\/11\/2-17.jpg?fit=800%2C445&ssl=1\",\"width\":800,\"height\":445},{\"@type\":\"BreadcrumbList\",\"@id\":\"https:\/\/ciudadyregion.com.co\/index.php\/continuan-las-capturas-por-el-porte-ilegal-de-armas-esta-vez-en-girardot\/judicial\/#breadcrumb\",\"itemListElement\":[{\"@type\":\"ListItem\",\"position\":1,\"name\":\"Portada\",\"item\":\"https:\/\/ciudadyregion.com.co\/\"},{\"@type\":\"ListItem\",\"position\":2,\"name\":\"Contin\u00faan las capturas por el porte ilegal de armas, esta vez en Girardot\"}]},{\"@type\":\"WebSite\",\"@id\":\"https:\/\/ciudadyregion.com.co\/#website\",\"url\":\"https:\/\/ciudadyregion.com.co\/\",\"name\":\"Ciudad y Region\",\"description\":\"\",\"potentialAction\":[{\"@type\":\"SearchAction\",\"target\":{\"@type\":\"EntryPoint\",\"urlTemplate\":\"https:\/\/ciudadyregion.com.co\/?s={search_term_string}\"},\"query-input\":{\"@type\":\"PropertyValueSpecification\",\"valueRequired\":true,\"valueName\":\"search_term_string\"}}],\"inLanguage\":\"es\"},{\"@type\":\"Person\",\"@id\":\"https:\/\/ciudadyregion.com.co\/#\/schema\/person\/04a4954373ebc4051f46e8c65ff78622\",\"name\":\"David Andr\u00e9s Aguirre\",\"image\":{\"@type\":\"ImageObject\",\"inLanguage\":\"es\",\"@id\":\"https:\/\/ciudadyregion.com.co\/#\/schema\/person\/image\/\",\"url\":\"https:\/\/secure.gravatar.com\/avatar\/bc3c655860202182ee6d1b5edd042dbe?s=96&d=mm&r=g\",\"contentUrl\":\"https:\/\/secure.gravatar.com\/avatar\/bc3c655860202182ee6d1b5edd042dbe?s=96&d=mm&r=g\",\"caption\":\"David Andr\u00e9s Aguirre\"},\"url\":\"https:\/\/ciudadyregion.com.co\/index.php\/author\/diegoaguirre\/\"}]}<\/script>\n<!-- \/ Yoast SEO plugin. -->","yoast_head_json":{"title":"Contin\u00faan las capturas por el porte ilegal de armas, esta vez en Girardot - Ciudad y Region","robots":{"index":"index","follow":"follow","max-snippet":"max-snippet:-1","max-image-preview":"max-image-preview:large","max-video-preview":"max-video-preview:-1"},"canonical":"https:\/\/ciudadyregion.com.co\/index.php\/continuan-las-capturas-por-el-porte-ilegal-de-armas-esta-vez-en-girardot\/judicial\/","og_locale":"es_ES","og_type":"article","og_title":"Contin\u00faan las capturas por el porte ilegal de armas, esta vez en Girardot - Ciudad y Region","og_description":"En un golpe a la criminalidad rural en la zona de Piamonte, efectivos del Fuerte de Carabineros lograron desarticular un presunto intento de homicidio. La intervenci\u00f3n policial, que tuvo lugar en esta \u00e1rea, fue resultado de una alerta ciudadana que advert\u00eda sobre la presencia sospechosa de tres individuos armados. ElContinuar Leyendo","og_url":"https:\/\/ciudadyregion.com.co\/index.php\/continuan-las-capturas-por-el-porte-ilegal-de-armas-esta-vez-en-girardot\/judicial\/","og_site_name":"Ciudad y Region","article_published_time":"2023-11-15T12:26:41+00:00","og_image":[{"width":800,"height":445,"url":"https:\/\/ciudadyregion.com.co\/wp-content\/uploads\/2023\/11\/2-17.jpg","type":"image\/jpeg"}],"author":"David Andr\u00e9s Aguirre","twitter_card":"summary_large_image","twitter_misc":{"Escrito por":"David Andr\u00e9s Aguirre","Tiempo de lectura":"1 minuto"},"schema":{"@context":"https:\/\/schema.org","@graph":[{"@type":"WebPage","@id":"https:\/\/ciudadyregion.com.co\/index.php\/continuan-las-capturas-por-el-porte-ilegal-de-armas-esta-vez-en-girardot\/judicial\/","url":"https:\/\/ciudadyregion.com.co\/index.php\/continuan-las-capturas-por-el-porte-ilegal-de-armas-esta-vez-en-girardot\/judicial\/","name":"Contin\u00faan las capturas por el porte ilegal de armas, esta vez en Girardot - Ciudad y Region","isPartOf":{"@id":"https:\/\/ciudadyregion.com.co\/#website"},"primaryImageOfPage":{"@id":"https:\/\/ciudadyregion.com.co\/index.php\/continuan-las-capturas-por-el-porte-ilegal-de-armas-esta-vez-en-girardot\/judicial\/#primaryimage"},"image":{"@id":"https:\/\/ciudadyregion.com.co\/index.php\/continuan-las-capturas-por-el-porte-ilegal-de-armas-esta-vez-en-girardot\/judicial\/#primaryimage"},"thumbnailUrl":"https:\/\/i0.wp.com\/ciudadyregion.com.co\/wp-content\/uploads\/2023\/11\/2-17.jpg?fit=800%2C445&ssl=1","datePublished":"2023-11-15T12:26:41+00:00","dateModified":"2023-11-15T12:26:41+00:00","author":{"@id":"https:\/\/ciudadyregion.com.co\/#\/schema\/person\/04a4954373ebc4051f46e8c65ff78622"},"breadcrumb":{"@id":"https:\/\/ciudadyregion.com.co\/index.php\/continuan-las-capturas-por-el-porte-ilegal-de-armas-esta-vez-en-girardot\/judicial\/#breadcrumb"},"inLanguage":"es","potentialAction":[{"@type":"ReadAction","target":["https:\/\/ciudadyregion.com.co\/index.php\/continuan-las-capturas-por-el-porte-ilegal-de-armas-esta-vez-en-girardot\/judicial\/"]}]},{"@type":"ImageObject","inLanguage":"es","@id":"https:\/\/ciudadyregion.com.co\/index.php\/continuan-las-capturas-por-el-porte-ilegal-de-armas-esta-vez-en-girardot\/judicial\/#primaryimage","url":"https:\/\/i0.wp.com\/ciudadyregion.com.co\/wp-content\/uploads\/2023\/11\/2-17.jpg?fit=800%2C445&ssl=1","contentUrl":"https:\/\/i0.wp.com\/ciudadyregion.com.co\/wp-content\/uploads\/2023\/11\/2-17.jpg?fit=800%2C445&ssl=1","width":800,"height":445},{"@type":"BreadcrumbList","@id":"https:\/\/ciudadyregion.com.co\/index.php\/continuan-las-capturas-por-el-porte-ilegal-de-armas-esta-vez-en-girardot\/judicial\/#breadcrumb","itemListElement":[{"@type":"ListItem","position":1,"name":"Portada","item":"https:\/\/ciudadyregion.com.co\/"},{"@type":"ListItem","position":2,"name":"Contin\u00faan las capturas por el porte ilegal de armas, esta vez en Girardot"}]},{"@type":"WebSite","@id":"https:\/\/ciudadyregion.com.co\/#website","url":"https:\/\/ciudadyregion.com.co\/","name":"Ciudad y Region","description":"","potentialAction":[{"@type":"SearchAction","target":{"@type":"EntryPoint","urlTemplate":"https:\/\/ciudadyregion.com.co\/?s={search_term_string}"},"query-input":{"@type":"PropertyValueSpecification","valueRequired":true,"valueName":"search_term_string"}}],"inLanguage":"es"},{"@type":"Person","@id":"https:\/\/ciudadyregion.com.co\/#\/schema\/person\/04a4954373ebc4051f46e8c65ff78622","name":"David Andr\u00e9s Aguirre","image":{"@type":"ImageObject","inLanguage":"es","@id":"https:\/\/ciudadyregion.com.co\/#\/schema\/person\/image\/","url":"https:\/\/secure.gravatar.com\/avatar\/bc3c655860202182ee6d1b5edd042dbe?s=96&d=mm&r=g","contentUrl":"https:\/\/secure.gravatar.com\/avatar\/bc3c655860202182ee6d1b5edd042dbe?s=96&d=mm&r=g","caption":"David Andr\u00e9s Aguirre"},"url":"https:\/\/ciudadyregion.com.co\/index.php\/author\/diegoaguirre\/"}]}},"jetpack_featured_media_url":"https:\/\/i0.wp.com\/ciudadyregion.com.co\/wp-content\/uploads\/2023\/11\/2-17.jpg?fit=800%2C445&ssl=1","jetpack_sharing_enabled":true,"jetpack_shortlink":"https:\/\/wp.me\/pbS7hh-tS","jetpack-related-posts":[],"_links":{"self":[{"href":"https:\/\/ciudadyregion.com.co\/index.php\/wp-json\/wp\/v2\/posts\/1852"}],"collection":[{"href":"https:\/\/ciudadyregion.com.co\/index.php\/wp-json\/wp\/v2\/posts"}],"about":[{"href":"https:\/\/ciudadyregion.com.co\/index.php\/wp-json\/wp\/v2\/types\/post"}],"author":[{"embeddable":true,"href":"https:\/\/ciudadyregion.com.co\/index.php\/wp-json\/wp\/v2\/users\/2"}],"replies":[{"embeddable":true,"href":"https:\/\/ciudadyregion.com.co\/index.php\/wp-json\/wp\/v2\/comments?post=1852"}],"version-history":[{"count":1,"href":"https:\/\/ciudadyregion.com.co\/index.php\/wp-json\/wp\/v2\/posts\/1852\/revisions"}],"predecessor-version":[{"id":1854,"href":"https:\/\/ciudadyregion.com.co\/index.php\/wp-json\/wp\/v2\/posts\/1852\/revisions\/1854"}],"wp:featuredmedia":[{"embeddable":true,"href":"https:\/\/ciudadyregion.com.co\/index.php\/wp-json\/wp\/v2\/media\/1853"}],"wp:attachment":[{"href":"https:\/\/ciudadyregion.com.co\/index.php\/wp-json\/wp\/v2\/media?parent=1852"}],"wp:term":[{"taxonomy":"category","embeddable":true,"href":"https:\/\/ciudadyregion.com.co\/index.php\/wp-json\/wp\/v2\/categories?post=1852"},{"taxonomy":"post_tag","embeddable":true,"href":"https:\/\/ciudadyregion.com.co\/index.php\/wp-json\/wp\/v2\/tags?post=1852"}],"curies":[{"name":"wp","href":"https:\/\/api.w.org\/{rel}","templated":true}]}}