{"id":1849,"date":"2023-11-15T07:17:17","date_gmt":"2023-11-15T12:17:17","guid":{"rendered":"https:\/\/ciudadyregion.com.co\/?p=1849"},"modified":"2023-11-15T07:17:17","modified_gmt":"2023-11-15T12:17:17","slug":"mas-de-3-billones-de-pesos-fueron-invertidos-en-la-poblacion-mas-joven-del-tolima-durante-el-gobierno-de-orozco","status":"publish","type":"post","link":"https:\/\/ciudadyregion.com.co\/index.php\/mas-de-3-billones-de-pesos-fueron-invertidos-en-la-poblacion-mas-joven-del-tolima-durante-el-gobierno-de-orozco\/regional\/","title":{"rendered":"M\u00e1s de 3 billones de pesos fueron invertidos en la poblaci\u00f3n m\u00e1s joven del Tolima durante el Gobierno de Orozco"},"content":{"rendered":"<p>La hist\u00f3rica cifra fue socializada y detallada en el marco de la rendici\u00f3n p\u00fablica de cuentas sobre los derechos de la primera infancia, infancia, adolescencia y juventud para el periodo 2020-2023.<\/p>\n<p>Con presencia de m\u00e1s de 800 ni\u00f1os, ni\u00f1as, adolescente y j\u00f3venes, representantes de ICBF, SENA regional Tolima, Registradur\u00eda Nacional del Estado Civil y el Ministerio de Prosperidad Social se cumpli\u00f3 con lo dispuesto por la Procuradur\u00eda General de la Naci\u00f3n en el cumplimiento de rendir cuentas sobre las inversiones y gesti\u00f3n que garanticen de los derechos de las ni\u00f1as, ni\u00f1os, adolescentes y j\u00f3venes, durante la vigencia 2020 \u2013 2023 en el departamento.<\/p>\n<p>All\u00ed, Martha Palacios, gobernadora encargada y su equipo de gobierno socializaron los principales logros en favor de los ni\u00f1os, ni\u00f1as, adolescentes y j\u00f3venes, cuya inversi\u00f3n alcanz\u00f3 los 3,82 billones de pesos.<\/p>\n<blockquote><p>\u201cFue un escenario lleno de color y alegr\u00eda donde los ni\u00f1os manifestaron sentirse parte del programa de gobierno \u2018El Tolima nos Une\u2019\u201d, se\u00f1al\u00f3 la gobernadora encargada.<\/p><\/blockquote>\n<p>En la prevenci\u00f3n de enfermedades tempranas se han invertido m\u00e1s de $23 mil millones, orientados a la ampliaci\u00f3n de la cobertura y calidad del servicio. As\u00ed mismo se destinaron $14 mil millones en la prevenci\u00f3n y control de los factores de riesgos ambientales para garantizar entornos de vida saludables.<\/p>\n<p>Para la prevenci\u00f3n de la desnutrici\u00f3n en la primera infancia y la promoci\u00f3n de salud infantil, el gobierno de Ricardo Orozco Valero gir\u00f3 m\u00e1s de $2.900 millones. Adicionalmente se realiz\u00f3 la inversi\u00f3n de cerca de $1.200 millones de pesos para la certificaci\u00f3n a personas con discapacidad y mejoramiento de la convivencia social y salud mental.<\/p>\n<p>En infraestructura hospitalaria, el departamento Tolima logr\u00f3 una cifra hist\u00f3rica con la inversi\u00f3n que super\u00f3 los cinco mil millones de pesos.<\/p>\n<p><strong>Educaci\u00f3n<\/strong><\/p>\n<p>Desde la Gobernaci\u00f3n del Tolima se garantiza el acceso a educaci\u00f3n de calidad para los ni\u00f1os, ni\u00f1as, adolescentes y j\u00f3venes, sentando las bases para un futuro pr\u00f3spero, desarrollando su potencial y mejorando su calidad de vida. en el gobierno \u201cEl Tolima nos Une\u201d se han invertido 3,6 billones de pesos en el sector educaci\u00f3n, donde se destacaron diferentes estrategias:<\/p>\n<p>\u25cf $93 mil millones en apoyo a la educaci\u00f3n superior y gratuidad educativa en el Tolima.<br \/>\n\u25cf $192 mil millones en la construcci\u00f3n, adecuaci\u00f3n, mejoramiento y dotaci\u00f3n de infraestructura educativa de la regi\u00f3n.<br \/>\n\u25cf $186 mil millones en transporte y alimentaci\u00f3n escolar en las instituciones educativas oficiales del departamento.<\/p>\n<p><strong>Cultura y deporte<\/strong><\/p>\n<p>Reconociendo la importancia del desarrollo f\u00edsico, social y emocional, adem\u00e1s de la importancia para el libre desarrollo de la personalidad, el uso adecuado del tiempo libre, el fomento al arte y la identidad cultural en la vida de los ni\u00f1os, ni\u00f1as, adolescentes y j\u00f3venes, desde el sector de cultura, deporte y recreaci\u00f3n se han invertido m\u00e1s de 111 mil millones de pesos:<\/p>\n<p>\u25cf $36 mil millones en el fortalecimiento de la oferta cultural como eje dinamizador del desarrollo econ\u00f3mico y social del departamento.<br \/>\n\u25cf $5 mil millones en la participaci\u00f3n de diferentes actividades deportivas en los juegos Intercolegiados.<br \/>\n\u25cf $16 mil millones en centros de desarrollo deportivo con formadores en los municipios del departamento y en entrega de implementaci\u00f3n deportiva a los diferentes ni\u00f1os, ni\u00f1as, j\u00f3venes y adolescentes.<\/p>\n<p><strong>Inclusi\u00f3n social\u00a0<\/strong><br \/>\nDesde el sector de Inclusi\u00f3n social se han invertido m\u00e1s de $4 mil millones donde se destaca la inversi\u00f3n en los siguientes aspectos:<\/p>\n<p>\u25cf $2 mil millones en el apoyo a la promoci\u00f3n y garant\u00eda de derechos de la primera infancia, infancia, adolescencia y fortalecimiento familiar.<br \/>\n\u25cf Mil millones de pesos en la generaci\u00f3n de oportunidades para la inclusi\u00f3n social y productiva de la poblaci\u00f3n joven del Tolima.<\/p>\n<p><strong>Entornos saludables<\/strong><\/p>\n<p>De igual forma, se han realizado inversiones de m\u00e1s de 68 mil millones de pesos en el entorno social, ambiental y familiar para el mejoramiento de la calidad de vida y garantizar los derechos de los ni\u00f1os, ni\u00f1as, adolescentes y j\u00f3venes.<\/p>\n<p>\u25cf $2 mil millones en la asistencia t\u00e9cnica agropecuaria, estrategias y actividades para fortalecer el emprendimiento y la educaci\u00f3n en caf\u00e9s varietales.<br \/>\n\u25cf $56 mil millones en la construcci\u00f3n y adecuaci\u00f3n de escenarios deportivos y parques en el departamento.<br \/>\n\u25cf $9 mil millones en el fortalecimiento a los procesos de emprendimiento, educaci\u00f3n ambiental y adaptaci\u00f3n al cambio clim\u00e1tico.<\/p>\n<p>&nbsp;<\/p>\n<p>&nbsp;<\/p>\n<p>&nbsp;<\/p>\n<p>Cr\u00e9ditos: Gobernaci\u00f3n del Tolima<\/p>\n","protected":false},"excerpt":{"rendered":"<p>La hist\u00f3rica cifra fue socializada y detallada en el marco de la rendici\u00f3n p\u00fablica de cuentas sobre los derechos de la primera infancia, infancia, adolescencia y juventud para el periodo 2020-2023. Con presencia de m\u00e1s de 800 ni\u00f1os, ni\u00f1as, adolescente y j\u00f3venes, representantes de ICBF, SENA regional Tolima, Registradur\u00eda Nacional<span class=\"more-link\"><a href=\"https:\/\/ciudadyregion.com.co\/index.php\/mas-de-3-billones-de-pesos-fueron-invertidos-en-la-poblacion-mas-joven-del-tolima-durante-el-gobierno-de-orozco\/regional\/\">Continuar Leyendo<\/a><\/span><\/p>\n","protected":false},"author":2,"featured_media":1850,"comment_status":"open","ping_status":"open","sticky":false,"template":"","format":"standard","meta":{"_uf_show_specific_survey":0,"_uf_disable_surveys":false,"_jetpack_memberships_contains_paid_content":false,"footnotes":"","jetpack_publicize_message":"","jetpack_publicize_feature_enabled":true,"jetpack_social_post_already_shared":false,"jetpack_social_options":{"image_generator_settings":{"template":"highway","enabled":false},"version":2}},"categories":[13],"tags":[],"class_list":["entry","author-diegoaguirre","post-1849","post","type-post","status-publish","format-standard","has-post-thumbnail","category-regional"],"jetpack_publicize_connections":[],"yoast_head":"<!-- This site is optimized with the Yoast SEO plugin v24.3 - https:\/\/yoast.com\/wordpress\/plugins\/seo\/ -->\n<title>M\u00e1s de 3 billones de pesos fueron invertidos en la poblaci\u00f3n m\u00e1s joven del Tolima durante el Gobierno de Orozco - Ciudad y Region<\/title>\n<meta name=\"robots\" content=\"index, follow, max-snippet:-1, max-image-preview:large, max-video-preview:-1\" \/>\n<link rel=\"canonical\" href=\"https:\/\/ciudadyregion.com.co\/index.php\/mas-de-3-billones-de-pesos-fueron-invertidos-en-la-poblacion-mas-joven-del-tolima-durante-el-gobierno-de-orozco\/regional\/\" \/>\n<meta property=\"og:locale\" content=\"es_ES\" \/>\n<meta property=\"og:type\" content=\"article\" \/>\n<meta property=\"og:title\" content=\"M\u00e1s de 3 billones de pesos fueron invertidos en la poblaci\u00f3n m\u00e1s joven del Tolima durante el Gobierno de Orozco - Ciudad y Region\" \/>\n<meta property=\"og:description\" content=\"La hist\u00f3rica cifra fue socializada y detallada en el marco de la rendici\u00f3n p\u00fablica de cuentas sobre los derechos de la primera infancia, infancia, adolescencia y juventud para el periodo 2020-2023. Con presencia de m\u00e1s de 800 ni\u00f1os, ni\u00f1as, adolescente y j\u00f3venes, representantes de ICBF, SENA regional Tolima, Registradur\u00eda NacionalContinuar Leyendo\" \/>\n<meta property=\"og:url\" content=\"https:\/\/ciudadyregion.com.co\/index.php\/mas-de-3-billones-de-pesos-fueron-invertidos-en-la-poblacion-mas-joven-del-tolima-durante-el-gobierno-de-orozco\/regional\/\" \/>\n<meta property=\"og:site_name\" content=\"Ciudad y Region\" \/>\n<meta property=\"article:published_time\" content=\"2023-11-15T12:17:17+00:00\" \/>\n<meta property=\"og:image\" content=\"https:\/\/ciudadyregion.com.co\/wp-content\/uploads\/2023\/11\/2-16.jpg\" \/>\n\t<meta property=\"og:image:width\" content=\"800\" \/>\n\t<meta property=\"og:image:height\" content=\"445\" \/>\n\t<meta property=\"og:image:type\" content=\"image\/jpeg\" \/>\n<meta name=\"author\" content=\"David Andr\u00e9s Aguirre\" \/>\n<meta name=\"twitter:card\" content=\"summary_large_image\" \/>\n<meta name=\"twitter:label1\" content=\"Escrito por\" \/>\n\t<meta name=\"twitter:data1\" content=\"David Andr\u00e9s Aguirre\" \/>\n\t<meta name=\"twitter:label2\" content=\"Tiempo de lectura\" \/>\n\t<meta name=\"twitter:data2\" content=\"4 minutos\" \/>\n<script type=\"application\/ld+json\" class=\"yoast-schema-graph\">{\"@context\":\"https:\/\/schema.org\",\"@graph\":[{\"@type\":\"WebPage\",\"@id\":\"https:\/\/ciudadyregion.com.co\/index.php\/mas-de-3-billones-de-pesos-fueron-invertidos-en-la-poblacion-mas-joven-del-tolima-durante-el-gobierno-de-orozco\/regional\/\",\"url\":\"https:\/\/ciudadyregion.com.co\/index.php\/mas-de-3-billones-de-pesos-fueron-invertidos-en-la-poblacion-mas-joven-del-tolima-durante-el-gobierno-de-orozco\/regional\/\",\"name\":\"M\u00e1s de 3 billones de pesos fueron invertidos en la poblaci\u00f3n m\u00e1s joven del Tolima durante el Gobierno de Orozco - Ciudad y Region\",\"isPartOf\":{\"@id\":\"https:\/\/ciudadyregion.com.co\/#website\"},\"primaryImageOfPage\":{\"@id\":\"https:\/\/ciudadyregion.com.co\/index.php\/mas-de-3-billones-de-pesos-fueron-invertidos-en-la-poblacion-mas-joven-del-tolima-durante-el-gobierno-de-orozco\/regional\/#primaryimage\"},\"image\":{\"@id\":\"https:\/\/ciudadyregion.com.co\/index.php\/mas-de-3-billones-de-pesos-fueron-invertidos-en-la-poblacion-mas-joven-del-tolima-durante-el-gobierno-de-orozco\/regional\/#primaryimage\"},\"thumbnailUrl\":\"https:\/\/i0.wp.com\/ciudadyregion.com.co\/wp-content\/uploads\/2023\/11\/2-16.jpg?fit=800%2C445&ssl=1\",\"datePublished\":\"2023-11-15T12:17:17+00:00\",\"dateModified\":\"2023-11-15T12:17:17+00:00\",\"author\":{\"@id\":\"https:\/\/ciudadyregion.com.co\/#\/schema\/person\/04a4954373ebc4051f46e8c65ff78622\"},\"breadcrumb\":{\"@id\":\"https:\/\/ciudadyregion.com.co\/index.php\/mas-de-3-billones-de-pesos-fueron-invertidos-en-la-poblacion-mas-joven-del-tolima-durante-el-gobierno-de-orozco\/regional\/#breadcrumb\"},\"inLanguage\":\"es\",\"potentialAction\":[{\"@type\":\"ReadAction\",\"target\":[\"https:\/\/ciudadyregion.com.co\/index.php\/mas-de-3-billones-de-pesos-fueron-invertidos-en-la-poblacion-mas-joven-del-tolima-durante-el-gobierno-de-orozco\/regional\/\"]}]},{\"@type\":\"ImageObject\",\"inLanguage\":\"es\",\"@id\":\"https:\/\/ciudadyregion.com.co\/index.php\/mas-de-3-billones-de-pesos-fueron-invertidos-en-la-poblacion-mas-joven-del-tolima-durante-el-gobierno-de-orozco\/regional\/#primaryimage\",\"url\":\"https:\/\/i0.wp.com\/ciudadyregion.com.co\/wp-content\/uploads\/2023\/11\/2-16.jpg?fit=800%2C445&ssl=1\",\"contentUrl\":\"https:\/\/i0.wp.com\/ciudadyregion.com.co\/wp-content\/uploads\/2023\/11\/2-16.jpg?fit=800%2C445&ssl=1\",\"width\":800,\"height\":445},{\"@type\":\"BreadcrumbList\",\"@id\":\"https:\/\/ciudadyregion.com.co\/index.php\/mas-de-3-billones-de-pesos-fueron-invertidos-en-la-poblacion-mas-joven-del-tolima-durante-el-gobierno-de-orozco\/regional\/#breadcrumb\",\"itemListElement\":[{\"@type\":\"ListItem\",\"position\":1,\"name\":\"Portada\",\"item\":\"https:\/\/ciudadyregion.com.co\/\"},{\"@type\":\"ListItem\",\"position\":2,\"name\":\"M\u00e1s de 3 billones de pesos fueron invertidos en la poblaci\u00f3n m\u00e1s joven del Tolima durante el Gobierno de Orozco\"}]},{\"@type\":\"WebSite\",\"@id\":\"https:\/\/ciudadyregion.com.co\/#website\",\"url\":\"https:\/\/ciudadyregion.com.co\/\",\"name\":\"Ciudad y Region\",\"description\":\"\",\"potentialAction\":[{\"@type\":\"SearchAction\",\"target\":{\"@type\":\"EntryPoint\",\"urlTemplate\":\"https:\/\/ciudadyregion.com.co\/?s={search_term_string}\"},\"query-input\":{\"@type\":\"PropertyValueSpecification\",\"valueRequired\":true,\"valueName\":\"search_term_string\"}}],\"inLanguage\":\"es\"},{\"@type\":\"Person\",\"@id\":\"https:\/\/ciudadyregion.com.co\/#\/schema\/person\/04a4954373ebc4051f46e8c65ff78622\",\"name\":\"David Andr\u00e9s Aguirre\",\"image\":{\"@type\":\"ImageObject\",\"inLanguage\":\"es\",\"@id\":\"https:\/\/ciudadyregion.com.co\/#\/schema\/person\/image\/\",\"url\":\"https:\/\/secure.gravatar.com\/avatar\/bc3c655860202182ee6d1b5edd042dbe?s=96&d=mm&r=g\",\"contentUrl\":\"https:\/\/secure.gravatar.com\/avatar\/bc3c655860202182ee6d1b5edd042dbe?s=96&d=mm&r=g\",\"caption\":\"David Andr\u00e9s Aguirre\"},\"url\":\"https:\/\/ciudadyregion.com.co\/index.php\/author\/diegoaguirre\/\"}]}<\/script>\n<!-- \/ Yoast SEO plugin. -->","yoast_head_json":{"title":"M\u00e1s de 3 billones de pesos fueron invertidos en la poblaci\u00f3n m\u00e1s joven del Tolima durante el Gobierno de Orozco - Ciudad y Region","robots":{"index":"index","follow":"follow","max-snippet":"max-snippet:-1","max-image-preview":"max-image-preview:large","max-video-preview":"max-video-preview:-1"},"canonical":"https:\/\/ciudadyregion.com.co\/index.php\/mas-de-3-billones-de-pesos-fueron-invertidos-en-la-poblacion-mas-joven-del-tolima-durante-el-gobierno-de-orozco\/regional\/","og_locale":"es_ES","og_type":"article","og_title":"M\u00e1s de 3 billones de pesos fueron invertidos en la poblaci\u00f3n m\u00e1s joven del Tolima durante el Gobierno de Orozco - Ciudad y Region","og_description":"La hist\u00f3rica cifra fue socializada y detallada en el marco de la rendici\u00f3n p\u00fablica de cuentas sobre los derechos de la primera infancia, infancia, adolescencia y juventud para el periodo 2020-2023. Con presencia de m\u00e1s de 800 ni\u00f1os, ni\u00f1as, adolescente y j\u00f3venes, representantes de ICBF, SENA regional Tolima, Registradur\u00eda NacionalContinuar Leyendo","og_url":"https:\/\/ciudadyregion.com.co\/index.php\/mas-de-3-billones-de-pesos-fueron-invertidos-en-la-poblacion-mas-joven-del-tolima-durante-el-gobierno-de-orozco\/regional\/","og_site_name":"Ciudad y Region","article_published_time":"2023-11-15T12:17:17+00:00","og_image":[{"width":800,"height":445,"url":"https:\/\/ciudadyregion.com.co\/wp-content\/uploads\/2023\/11\/2-16.jpg","type":"image\/jpeg"}],"author":"David Andr\u00e9s Aguirre","twitter_card":"summary_large_image","twitter_misc":{"Escrito por":"David Andr\u00e9s Aguirre","Tiempo de lectura":"4 minutos"},"schema":{"@context":"https:\/\/schema.org","@graph":[{"@type":"WebPage","@id":"https:\/\/ciudadyregion.com.co\/index.php\/mas-de-3-billones-de-pesos-fueron-invertidos-en-la-poblacion-mas-joven-del-tolima-durante-el-gobierno-de-orozco\/regional\/","url":"https:\/\/ciudadyregion.com.co\/index.php\/mas-de-3-billones-de-pesos-fueron-invertidos-en-la-poblacion-mas-joven-del-tolima-durante-el-gobierno-de-orozco\/regional\/","name":"M\u00e1s de 3 billones de pesos fueron invertidos en la poblaci\u00f3n m\u00e1s joven del Tolima durante el Gobierno de Orozco - Ciudad y Region","isPartOf":{"@id":"https:\/\/ciudadyregion.com.co\/#website"},"primaryImageOfPage":{"@id":"https:\/\/ciudadyregion.com.co\/index.php\/mas-de-3-billones-de-pesos-fueron-invertidos-en-la-poblacion-mas-joven-del-tolima-durante-el-gobierno-de-orozco\/regional\/#primaryimage"},"image":{"@id":"https:\/\/ciudadyregion.com.co\/index.php\/mas-de-3-billones-de-pesos-fueron-invertidos-en-la-poblacion-mas-joven-del-tolima-durante-el-gobierno-de-orozco\/regional\/#primaryimage"},"thumbnailUrl":"https:\/\/i0.wp.com\/ciudadyregion.com.co\/wp-content\/uploads\/2023\/11\/2-16.jpg?fit=800%2C445&ssl=1","datePublished":"2023-11-15T12:17:17+00:00","dateModified":"2023-11-15T12:17:17+00:00","author":{"@id":"https:\/\/ciudadyregion.com.co\/#\/schema\/person\/04a4954373ebc4051f46e8c65ff78622"},"breadcrumb":{"@id":"https:\/\/ciudadyregion.com.co\/index.php\/mas-de-3-billones-de-pesos-fueron-invertidos-en-la-poblacion-mas-joven-del-tolima-durante-el-gobierno-de-orozco\/regional\/#breadcrumb"},"inLanguage":"es","potentialAction":[{"@type":"ReadAction","target":["https:\/\/ciudadyregion.com.co\/index.php\/mas-de-3-billones-de-pesos-fueron-invertidos-en-la-poblacion-mas-joven-del-tolima-durante-el-gobierno-de-orozco\/regional\/"]}]},{"@type":"ImageObject","inLanguage":"es","@id":"https:\/\/ciudadyregion.com.co\/index.php\/mas-de-3-billones-de-pesos-fueron-invertidos-en-la-poblacion-mas-joven-del-tolima-durante-el-gobierno-de-orozco\/regional\/#primaryimage","url":"https:\/\/i0.wp.com\/ciudadyregion.com.co\/wp-content\/uploads\/2023\/11\/2-16.jpg?fit=800%2C445&ssl=1","contentUrl":"https:\/\/i0.wp.com\/ciudadyregion.com.co\/wp-content\/uploads\/2023\/11\/2-16.jpg?fit=800%2C445&ssl=1","width":800,"height":445},{"@type":"BreadcrumbList","@id":"https:\/\/ciudadyregion.com.co\/index.php\/mas-de-3-billones-de-pesos-fueron-invertidos-en-la-poblacion-mas-joven-del-tolima-durante-el-gobierno-de-orozco\/regional\/#breadcrumb","itemListElement":[{"@type":"ListItem","position":1,"name":"Portada","item":"https:\/\/ciudadyregion.com.co\/"},{"@type":"ListItem","position":2,"name":"M\u00e1s de 3 billones de pesos fueron invertidos en la poblaci\u00f3n m\u00e1s joven del Tolima durante el Gobierno de Orozco"}]},{"@type":"WebSite","@id":"https:\/\/ciudadyregion.com.co\/#website","url":"https:\/\/ciudadyregion.com.co\/","name":"Ciudad y Region","description":"","potentialAction":[{"@type":"SearchAction","target":{"@type":"EntryPoint","urlTemplate":"https:\/\/ciudadyregion.com.co\/?s={search_term_string}"},"query-input":{"@type":"PropertyValueSpecification","valueRequired":true,"valueName":"search_term_string"}}],"inLanguage":"es"},{"@type":"Person","@id":"https:\/\/ciudadyregion.com.co\/#\/schema\/person\/04a4954373ebc4051f46e8c65ff78622","name":"David Andr\u00e9s Aguirre","image":{"@type":"ImageObject","inLanguage":"es","@id":"https:\/\/ciudadyregion.com.co\/#\/schema\/person\/image\/","url":"https:\/\/secure.gravatar.com\/avatar\/bc3c655860202182ee6d1b5edd042dbe?s=96&d=mm&r=g","contentUrl":"https:\/\/secure.gravatar.com\/avatar\/bc3c655860202182ee6d1b5edd042dbe?s=96&d=mm&r=g","caption":"David Andr\u00e9s Aguirre"},"url":"https:\/\/ciudadyregion.com.co\/index.php\/author\/diegoaguirre\/"}]}},"jetpack_featured_media_url":"https:\/\/i0.wp.com\/ciudadyregion.com.co\/wp-content\/uploads\/2023\/11\/2-16.jpg?fit=800%2C445&ssl=1","jetpack_sharing_enabled":true,"jetpack_shortlink":"https:\/\/wp.me\/pbS7hh-tP","jetpack-related-posts":[],"_links":{"self":[{"href":"https:\/\/ciudadyregion.com.co\/index.php\/wp-json\/wp\/v2\/posts\/1849"}],"collection":[{"href":"https:\/\/ciudadyregion.com.co\/index.php\/wp-json\/wp\/v2\/posts"}],"about":[{"href":"https:\/\/ciudadyregion.com.co\/index.php\/wp-json\/wp\/v2\/types\/post"}],"author":[{"embeddable":true,"href":"https:\/\/ciudadyregion.com.co\/index.php\/wp-json\/wp\/v2\/users\/2"}],"replies":[{"embeddable":true,"href":"https:\/\/ciudadyregion.com.co\/index.php\/wp-json\/wp\/v2\/comments?post=1849"}],"version-history":[{"count":1,"href":"https:\/\/ciudadyregion.com.co\/index.php\/wp-json\/wp\/v2\/posts\/1849\/revisions"}],"predecessor-version":[{"id":1851,"href":"https:\/\/ciudadyregion.com.co\/index.php\/wp-json\/wp\/v2\/posts\/1849\/revisions\/1851"}],"wp:featuredmedia":[{"embeddable":true,"href":"https:\/\/ciudadyregion.com.co\/index.php\/wp-json\/wp\/v2\/media\/1850"}],"wp:attachment":[{"href":"https:\/\/ciudadyregion.com.co\/index.php\/wp-json\/wp\/v2\/media?parent=1849"}],"wp:term":[{"taxonomy":"category","embeddable":true,"href":"https:\/\/ciudadyregion.com.co\/index.php\/wp-json\/wp\/v2\/categories?post=1849"},{"taxonomy":"post_tag","embeddable":true,"href":"https:\/\/ciudadyregion.com.co\/index.php\/wp-json\/wp\/v2\/tags?post=1849"}],"curies":[{"name":"wp","href":"https:\/\/api.w.org\/{rel}","templated":true}]}}