{"id":184,"date":"2023-10-20T10:17:36","date_gmt":"2023-10-20T15:17:36","guid":{"rendered":"https:\/\/ciudadyregion.com.co\/?p=184"},"modified":"2023-10-20T10:17:36","modified_gmt":"2023-10-20T15:17:36","slug":"a-la-carcel-alias-napoleon-por-violencia-intrafamiliar-agravada-en-el-guamo","status":"publish","type":"post","link":"https:\/\/ciudadyregion.com.co\/index.php\/a-la-carcel-alias-napoleon-por-violencia-intrafamiliar-agravada-en-el-guamo\/judicial\/","title":{"rendered":"A la c\u00e1rcel alias &#8216;Napole\u00f3n&#8217; por violencia intrafamiliar agravada en el Guamo"},"content":{"rendered":"<p>El hecho se present\u00f3 sobre las 04:21 de la tarde, sobre v\u00eda p\u00fablica del barrio Santa Ana del municipio del Guamo, lugar donde se captura de este hombre de 45 a\u00f1os conocido como \u2018Napole\u00f3n\u2019, a quien le figuraba una orden de captura vigente, emanada por el juzgado tercero promiscuo municipal de Guamo, por el delito de violencia intrafamiliar agravada, por hechos ocurridos el pasado 21 de mayo del a\u00f1o en curso donde al parecer habr\u00eda agredido a la que ser\u00eda su pareja sentimental.<\/p>\n<p>El capturado fue dejado a disposici\u00f3n de la Fiscal\u00eda N\u00b013 local del Guamo, por el delito antes en menci\u00f3n, el cual despu\u00e9s de audiencia virtual fue cobijado con medida de aseguramiento en centro penitenciario y carcelario.<\/p>\n<p>Cabe anotar que el hoy capturado contar\u00eda con 03 anotaciones judiciales por los delitos de hurto agravado, acto sexual violento e inasistencia alimentaria.<\/p>\n<p>&nbsp;<\/p>\n<p>&nbsp;<\/p>\n<p>&nbsp;<\/p>\n<p>Autora: Danna Londo\u00f1o<\/p>\n","protected":false},"excerpt":{"rendered":"<p>El hecho se present\u00f3 sobre las 04:21 de la tarde, sobre v\u00eda p\u00fablica del barrio Santa Ana del municipio del Guamo, lugar donde se captura de este hombre de 45 a\u00f1os conocido como \u2018Napole\u00f3n\u2019, a quien le figuraba una orden de captura vigente, emanada por el juzgado tercero promiscuo municipal<span class=\"more-link\"><a href=\"https:\/\/ciudadyregion.com.co\/index.php\/a-la-carcel-alias-napoleon-por-violencia-intrafamiliar-agravada-en-el-guamo\/judicial\/\">Continuar Leyendo<\/a><\/span><\/p>\n","protected":false},"author":2,"featured_media":212,"comment_status":"open","ping_status":"open","sticky":false,"template":"","format":"standard","meta":{"_uf_show_specific_survey":0,"_uf_disable_surveys":false,"_jetpack_memberships_contains_paid_content":false,"footnotes":"","jetpack_publicize_message":"","jetpack_publicize_feature_enabled":true,"jetpack_social_post_already_shared":false,"jetpack_social_options":{"image_generator_settings":{"template":"highway","enabled":false},"version":2}},"categories":[18],"tags":[],"class_list":["entry","author-diegoaguirre","post-184","post","type-post","status-publish","format-standard","has-post-thumbnail","category-judicial"],"jetpack_publicize_connections":[],"yoast_head":"<!-- This site is optimized with the Yoast SEO plugin v24.3 - https:\/\/yoast.com\/wordpress\/plugins\/seo\/ -->\n<title>A la c\u00e1rcel alias &#039;Napole\u00f3n&#039; por violencia intrafamiliar agravada en el Guamo - Ciudad y Region<\/title>\n<meta name=\"robots\" content=\"index, follow, max-snippet:-1, max-image-preview:large, max-video-preview:-1\" \/>\n<link rel=\"canonical\" href=\"https:\/\/ciudadyregion.com.co\/index.php\/a-la-carcel-alias-napoleon-por-violencia-intrafamiliar-agravada-en-el-guamo\/judicial\/\" \/>\n<meta property=\"og:locale\" content=\"es_ES\" \/>\n<meta property=\"og:type\" content=\"article\" \/>\n<meta property=\"og:title\" content=\"A la c\u00e1rcel alias &#039;Napole\u00f3n&#039; por violencia intrafamiliar agravada en el Guamo - Ciudad y Region\" \/>\n<meta property=\"og:description\" content=\"El hecho se present\u00f3 sobre las 04:21 de la tarde, sobre v\u00eda p\u00fablica del barrio Santa Ana del municipio del Guamo, lugar donde se captura de este hombre de 45 a\u00f1os conocido como \u2018Napole\u00f3n\u2019, a quien le figuraba una orden de captura vigente, emanada por el juzgado tercero promiscuo municipalContinuar Leyendo\" \/>\n<meta property=\"og:url\" content=\"https:\/\/ciudadyregion.com.co\/index.php\/a-la-carcel-alias-napoleon-por-violencia-intrafamiliar-agravada-en-el-guamo\/judicial\/\" \/>\n<meta property=\"og:site_name\" content=\"Ciudad y Region\" \/>\n<meta property=\"article:published_time\" content=\"2023-10-20T15:17:36+00:00\" \/>\n<meta property=\"og:image\" content=\"https:\/\/ciudadyregion.com.co\/wp-content\/uploads\/2023\/10\/4.jpg\" \/>\n\t<meta property=\"og:image:width\" content=\"800\" \/>\n\t<meta property=\"og:image:height\" content=\"445\" \/>\n\t<meta property=\"og:image:type\" content=\"image\/jpeg\" \/>\n<meta name=\"author\" content=\"David Andr\u00e9s Aguirre\" \/>\n<meta name=\"twitter:card\" content=\"summary_large_image\" \/>\n<meta name=\"twitter:label1\" content=\"Escrito por\" \/>\n\t<meta name=\"twitter:data1\" content=\"David Andr\u00e9s Aguirre\" \/>\n\t<meta name=\"twitter:label2\" content=\"Tiempo de lectura\" \/>\n\t<meta name=\"twitter:data2\" content=\"1 minuto\" \/>\n<script type=\"application\/ld+json\" class=\"yoast-schema-graph\">{\"@context\":\"https:\/\/schema.org\",\"@graph\":[{\"@type\":\"WebPage\",\"@id\":\"https:\/\/ciudadyregion.com.co\/index.php\/a-la-carcel-alias-napoleon-por-violencia-intrafamiliar-agravada-en-el-guamo\/judicial\/\",\"url\":\"https:\/\/ciudadyregion.com.co\/index.php\/a-la-carcel-alias-napoleon-por-violencia-intrafamiliar-agravada-en-el-guamo\/judicial\/\",\"name\":\"A la c\u00e1rcel alias 'Napole\u00f3n' por violencia intrafamiliar agravada en el Guamo - Ciudad y Region\",\"isPartOf\":{\"@id\":\"https:\/\/ciudadyregion.com.co\/#website\"},\"primaryImageOfPage\":{\"@id\":\"https:\/\/ciudadyregion.com.co\/index.php\/a-la-carcel-alias-napoleon-por-violencia-intrafamiliar-agravada-en-el-guamo\/judicial\/#primaryimage\"},\"image\":{\"@id\":\"https:\/\/ciudadyregion.com.co\/index.php\/a-la-carcel-alias-napoleon-por-violencia-intrafamiliar-agravada-en-el-guamo\/judicial\/#primaryimage\"},\"thumbnailUrl\":\"https:\/\/i0.wp.com\/ciudadyregion.com.co\/wp-content\/uploads\/2023\/10\/4.jpg?fit=800%2C445&ssl=1\",\"datePublished\":\"2023-10-20T15:17:36+00:00\",\"dateModified\":\"2023-10-20T15:17:36+00:00\",\"author\":{\"@id\":\"https:\/\/ciudadyregion.com.co\/#\/schema\/person\/04a4954373ebc4051f46e8c65ff78622\"},\"breadcrumb\":{\"@id\":\"https:\/\/ciudadyregion.com.co\/index.php\/a-la-carcel-alias-napoleon-por-violencia-intrafamiliar-agravada-en-el-guamo\/judicial\/#breadcrumb\"},\"inLanguage\":\"es\",\"potentialAction\":[{\"@type\":\"ReadAction\",\"target\":[\"https:\/\/ciudadyregion.com.co\/index.php\/a-la-carcel-alias-napoleon-por-violencia-intrafamiliar-agravada-en-el-guamo\/judicial\/\"]}]},{\"@type\":\"ImageObject\",\"inLanguage\":\"es\",\"@id\":\"https:\/\/ciudadyregion.com.co\/index.php\/a-la-carcel-alias-napoleon-por-violencia-intrafamiliar-agravada-en-el-guamo\/judicial\/#primaryimage\",\"url\":\"https:\/\/i0.wp.com\/ciudadyregion.com.co\/wp-content\/uploads\/2023\/10\/4.jpg?fit=800%2C445&ssl=1\",\"contentUrl\":\"https:\/\/i0.wp.com\/ciudadyregion.com.co\/wp-content\/uploads\/2023\/10\/4.jpg?fit=800%2C445&ssl=1\",\"width\":800,\"height\":445},{\"@type\":\"BreadcrumbList\",\"@id\":\"https:\/\/ciudadyregion.com.co\/index.php\/a-la-carcel-alias-napoleon-por-violencia-intrafamiliar-agravada-en-el-guamo\/judicial\/#breadcrumb\",\"itemListElement\":[{\"@type\":\"ListItem\",\"position\":1,\"name\":\"Portada\",\"item\":\"https:\/\/ciudadyregion.com.co\/\"},{\"@type\":\"ListItem\",\"position\":2,\"name\":\"A la c\u00e1rcel alias &#8216;Napole\u00f3n&#8217; por violencia intrafamiliar agravada en el Guamo\"}]},{\"@type\":\"WebSite\",\"@id\":\"https:\/\/ciudadyregion.com.co\/#website\",\"url\":\"https:\/\/ciudadyregion.com.co\/\",\"name\":\"Ciudad y Region\",\"description\":\"\",\"potentialAction\":[{\"@type\":\"SearchAction\",\"target\":{\"@type\":\"EntryPoint\",\"urlTemplate\":\"https:\/\/ciudadyregion.com.co\/?s={search_term_string}\"},\"query-input\":{\"@type\":\"PropertyValueSpecification\",\"valueRequired\":true,\"valueName\":\"search_term_string\"}}],\"inLanguage\":\"es\"},{\"@type\":\"Person\",\"@id\":\"https:\/\/ciudadyregion.com.co\/#\/schema\/person\/04a4954373ebc4051f46e8c65ff78622\",\"name\":\"David Andr\u00e9s Aguirre\",\"image\":{\"@type\":\"ImageObject\",\"inLanguage\":\"es\",\"@id\":\"https:\/\/ciudadyregion.com.co\/#\/schema\/person\/image\/\",\"url\":\"https:\/\/secure.gravatar.com\/avatar\/bc3c655860202182ee6d1b5edd042dbe?s=96&d=mm&r=g\",\"contentUrl\":\"https:\/\/secure.gravatar.com\/avatar\/bc3c655860202182ee6d1b5edd042dbe?s=96&d=mm&r=g\",\"caption\":\"David Andr\u00e9s Aguirre\"},\"url\":\"https:\/\/ciudadyregion.com.co\/index.php\/author\/diegoaguirre\/\"}]}<\/script>\n<!-- \/ Yoast SEO plugin. -->","yoast_head_json":{"title":"A la c\u00e1rcel alias 'Napole\u00f3n' por violencia intrafamiliar agravada en el Guamo - Ciudad y Region","robots":{"index":"index","follow":"follow","max-snippet":"max-snippet:-1","max-image-preview":"max-image-preview:large","max-video-preview":"max-video-preview:-1"},"canonical":"https:\/\/ciudadyregion.com.co\/index.php\/a-la-carcel-alias-napoleon-por-violencia-intrafamiliar-agravada-en-el-guamo\/judicial\/","og_locale":"es_ES","og_type":"article","og_title":"A la c\u00e1rcel alias 'Napole\u00f3n' por violencia intrafamiliar agravada en el Guamo - Ciudad y Region","og_description":"El hecho se present\u00f3 sobre las 04:21 de la tarde, sobre v\u00eda p\u00fablica del barrio Santa Ana del municipio del Guamo, lugar donde se captura de este hombre de 45 a\u00f1os conocido como \u2018Napole\u00f3n\u2019, a quien le figuraba una orden de captura vigente, emanada por el juzgado tercero promiscuo municipalContinuar Leyendo","og_url":"https:\/\/ciudadyregion.com.co\/index.php\/a-la-carcel-alias-napoleon-por-violencia-intrafamiliar-agravada-en-el-guamo\/judicial\/","og_site_name":"Ciudad y Region","article_published_time":"2023-10-20T15:17:36+00:00","og_image":[{"width":800,"height":445,"url":"https:\/\/ciudadyregion.com.co\/wp-content\/uploads\/2023\/10\/4.jpg","type":"image\/jpeg"}],"author":"David Andr\u00e9s Aguirre","twitter_card":"summary_large_image","twitter_misc":{"Escrito por":"David Andr\u00e9s Aguirre","Tiempo de lectura":"1 minuto"},"schema":{"@context":"https:\/\/schema.org","@graph":[{"@type":"WebPage","@id":"https:\/\/ciudadyregion.com.co\/index.php\/a-la-carcel-alias-napoleon-por-violencia-intrafamiliar-agravada-en-el-guamo\/judicial\/","url":"https:\/\/ciudadyregion.com.co\/index.php\/a-la-carcel-alias-napoleon-por-violencia-intrafamiliar-agravada-en-el-guamo\/judicial\/","name":"A la c\u00e1rcel alias 'Napole\u00f3n' por violencia intrafamiliar agravada en el Guamo - Ciudad y Region","isPartOf":{"@id":"https:\/\/ciudadyregion.com.co\/#website"},"primaryImageOfPage":{"@id":"https:\/\/ciudadyregion.com.co\/index.php\/a-la-carcel-alias-napoleon-por-violencia-intrafamiliar-agravada-en-el-guamo\/judicial\/#primaryimage"},"image":{"@id":"https:\/\/ciudadyregion.com.co\/index.php\/a-la-carcel-alias-napoleon-por-violencia-intrafamiliar-agravada-en-el-guamo\/judicial\/#primaryimage"},"thumbnailUrl":"https:\/\/i0.wp.com\/ciudadyregion.com.co\/wp-content\/uploads\/2023\/10\/4.jpg?fit=800%2C445&ssl=1","datePublished":"2023-10-20T15:17:36+00:00","dateModified":"2023-10-20T15:17:36+00:00","author":{"@id":"https:\/\/ciudadyregion.com.co\/#\/schema\/person\/04a4954373ebc4051f46e8c65ff78622"},"breadcrumb":{"@id":"https:\/\/ciudadyregion.com.co\/index.php\/a-la-carcel-alias-napoleon-por-violencia-intrafamiliar-agravada-en-el-guamo\/judicial\/#breadcrumb"},"inLanguage":"es","potentialAction":[{"@type":"ReadAction","target":["https:\/\/ciudadyregion.com.co\/index.php\/a-la-carcel-alias-napoleon-por-violencia-intrafamiliar-agravada-en-el-guamo\/judicial\/"]}]},{"@type":"ImageObject","inLanguage":"es","@id":"https:\/\/ciudadyregion.com.co\/index.php\/a-la-carcel-alias-napoleon-por-violencia-intrafamiliar-agravada-en-el-guamo\/judicial\/#primaryimage","url":"https:\/\/i0.wp.com\/ciudadyregion.com.co\/wp-content\/uploads\/2023\/10\/4.jpg?fit=800%2C445&ssl=1","contentUrl":"https:\/\/i0.wp.com\/ciudadyregion.com.co\/wp-content\/uploads\/2023\/10\/4.jpg?fit=800%2C445&ssl=1","width":800,"height":445},{"@type":"BreadcrumbList","@id":"https:\/\/ciudadyregion.com.co\/index.php\/a-la-carcel-alias-napoleon-por-violencia-intrafamiliar-agravada-en-el-guamo\/judicial\/#breadcrumb","itemListElement":[{"@type":"ListItem","position":1,"name":"Portada","item":"https:\/\/ciudadyregion.com.co\/"},{"@type":"ListItem","position":2,"name":"A la c\u00e1rcel alias &#8216;Napole\u00f3n&#8217; por violencia intrafamiliar agravada en el Guamo"}]},{"@type":"WebSite","@id":"https:\/\/ciudadyregion.com.co\/#website","url":"https:\/\/ciudadyregion.com.co\/","name":"Ciudad y Region","description":"","potentialAction":[{"@type":"SearchAction","target":{"@type":"EntryPoint","urlTemplate":"https:\/\/ciudadyregion.com.co\/?s={search_term_string}"},"query-input":{"@type":"PropertyValueSpecification","valueRequired":true,"valueName":"search_term_string"}}],"inLanguage":"es"},{"@type":"Person","@id":"https:\/\/ciudadyregion.com.co\/#\/schema\/person\/04a4954373ebc4051f46e8c65ff78622","name":"David Andr\u00e9s Aguirre","image":{"@type":"ImageObject","inLanguage":"es","@id":"https:\/\/ciudadyregion.com.co\/#\/schema\/person\/image\/","url":"https:\/\/secure.gravatar.com\/avatar\/bc3c655860202182ee6d1b5edd042dbe?s=96&d=mm&r=g","contentUrl":"https:\/\/secure.gravatar.com\/avatar\/bc3c655860202182ee6d1b5edd042dbe?s=96&d=mm&r=g","caption":"David Andr\u00e9s Aguirre"},"url":"https:\/\/ciudadyregion.com.co\/index.php\/author\/diegoaguirre\/"}]}},"jetpack_featured_media_url":"https:\/\/i0.wp.com\/ciudadyregion.com.co\/wp-content\/uploads\/2023\/10\/4.jpg?fit=800%2C445&ssl=1","jetpack_sharing_enabled":true,"jetpack_shortlink":"https:\/\/wp.me\/pbS7hh-2Y","jetpack-related-posts":[],"_links":{"self":[{"href":"https:\/\/ciudadyregion.com.co\/index.php\/wp-json\/wp\/v2\/posts\/184"}],"collection":[{"href":"https:\/\/ciudadyregion.com.co\/index.php\/wp-json\/wp\/v2\/posts"}],"about":[{"href":"https:\/\/ciudadyregion.com.co\/index.php\/wp-json\/wp\/v2\/types\/post"}],"author":[{"embeddable":true,"href":"https:\/\/ciudadyregion.com.co\/index.php\/wp-json\/wp\/v2\/users\/2"}],"replies":[{"embeddable":true,"href":"https:\/\/ciudadyregion.com.co\/index.php\/wp-json\/wp\/v2\/comments?post=184"}],"version-history":[{"count":2,"href":"https:\/\/ciudadyregion.com.co\/index.php\/wp-json\/wp\/v2\/posts\/184\/revisions"}],"predecessor-version":[{"id":214,"href":"https:\/\/ciudadyregion.com.co\/index.php\/wp-json\/wp\/v2\/posts\/184\/revisions\/214"}],"wp:featuredmedia":[{"embeddable":true,"href":"https:\/\/ciudadyregion.com.co\/index.php\/wp-json\/wp\/v2\/media\/212"}],"wp:attachment":[{"href":"https:\/\/ciudadyregion.com.co\/index.php\/wp-json\/wp\/v2\/media?parent=184"}],"wp:term":[{"taxonomy":"category","embeddable":true,"href":"https:\/\/ciudadyregion.com.co\/index.php\/wp-json\/wp\/v2\/categories?post=184"},{"taxonomy":"post_tag","embeddable":true,"href":"https:\/\/ciudadyregion.com.co\/index.php\/wp-json\/wp\/v2\/tags?post=184"}],"curies":[{"name":"wp","href":"https:\/\/api.w.org\/{rel}","templated":true}]}}