{"id":18259,"date":"2024-07-23T09:57:22","date_gmt":"2024-07-23T14:57:22","guid":{"rendered":"https:\/\/ciudadyregion.com.co\/?p=18259"},"modified":"2024-07-23T09:57:22","modified_gmt":"2024-07-23T14:57:22","slug":"sueno-con-un-departamento-con-mejores-seres-humanos-gobernadora-matiz-en-la-firma-del-gran-pacto-social-por-la-educacion-en-el-territorio","status":"publish","type":"post","link":"https:\/\/ciudadyregion.com.co\/index.php\/sueno-con-un-departamento-con-mejores-seres-humanos-gobernadora-matiz-en-la-firma-del-gran-pacto-social-por-la-educacion-en-el-territorio\/regional\/","title":{"rendered":"\u201cSue\u00f1o con un Departamento con mejores seres humanos\u201d: gobernadora Matiz en la firma del Gran Pacto Social por la Educaci\u00f3n en el Territorio"},"content":{"rendered":"<p>A trav\u00e9s de proyecto de Ordenanza, el Gobierno Departamental busca oficializar el Plan Regional de Educaci\u00f3n Eje Cafetero \u201cAprender a Desaprender 2019 &#8211; 2031\u201d.<\/p>\n<p>La Gobernaci\u00f3n le apost\u00f3 a \u201cAprender a Desaprender\u201d, la estrategia liderada por la Regi\u00f3n Administrativa y de Planeaci\u00f3n, Eje Cafetero, que busca impactar positivamente la educaci\u00f3n de las regiones mediante programas estrat\u00e9gicos en primera infancia, biling\u00fcismo, pertinencia en la educaci\u00f3n, innovaci\u00f3n, sostenibilidad, y educaci\u00f3n rural. Temas que se articulan muy bien con la visi\u00f3n de educaci\u00f3n que la gobernadora ha fijado para el Tolima y que ahora podr\u00e1n desarrollarse conjuntamente con los departamentos de Caldas, Quind\u00edo y Risaralda, quienes ya vienen trabajando como regi\u00f3n con la RAP.<\/p>\n<p>Para la gobernadora, Adriana Magali Matiz, \u201cEste es un Pacto por la primera infancia, un pacto por la calidad y la pertinencia de la educaci\u00f3n, un pacto por tener obviamente un departamento multiling\u00fce y competente. Un pacto por los principios y los valores y aqu\u00ed lo reitero much\u00edsimo porque es eso, es tambi\u00e9n entrar a educar a nuestros j\u00f3venes en principios y valores a nuestros ni\u00f1os a nuestros adolescentes; eso dentro de una cultura ciudadana y de paz y territorial para la vida y para el desarrollo de estos j\u00f3venes\u201d<\/p>\n<p>En el evento de firma simb\u00f3lica, realizado sobre el medio d\u00eda de este lunes 22 de julio, la RAP Eje Cafetero, en voz de Humberto Tob\u00f3n, Gerente de la RAP Eje Cafetero, expuso las experiencias que han tenido con este Plan Regional y lo que significa que el Tolima se una a este esfuerzo.<\/p>\n<p>\u201dLa decisi\u00f3n de firmar el gran Pacto Social por la Educaci\u00f3n es un hecho que demuestra la grandeza de este gobierno porque privilegia quiz\u00e1s el es el sector m\u00e1s importante en la movilidad social, que es la educaci\u00f3n. Este maravilloso ejemplo que est\u00e1 dando la se\u00f1ora gobernadora de vincularse al Plan Regional de Educaci\u00f3n es muy interesante, entre otras razones porque hay que decir que de esta decisi\u00f3n se van a beneficiar alrededor de unos 160 mil estudiantes del departamento del Tolima\u201d.<\/p>\n<p>Con esta alianza interinstitucional los m\u00e1s felices son los estudiantes, quienes ven \u00e9sta, una oportunidad de cambio.<\/p>\n<p>\u00abAprender a desaprender\u00bb no es solo un lema; es una filosof\u00eda que nos invita a cuestionar, a innovar y a adaptarnos a los cambios constantes de nuestro mundo. En un tiempo en el que el conocimiento evoluciona r\u00e1pidamente, entender que debemos desaprender viejos h\u00e1bitos para aprender nuevas habilidades es crucial. Este pacto representa un gran paso hacia una educaci\u00f3n m\u00e1s din\u00e1mica, inclusiva y acorde con las necesidades del siglo XXI.<\/p>\n<p>Con este paso el Gobierno Departamental contin\u00faa por el camino de construir una sociedad m\u00e1s justa, equitativa y pr\u00f3spera.<\/p>\n","protected":false},"excerpt":{"rendered":"<p>A trav\u00e9s de proyecto de Ordenanza, el Gobierno Departamental busca oficializar el Plan Regional de Educaci\u00f3n Eje Cafetero \u201cAprender a Desaprender 2019 &#8211; 2031\u201d. La Gobernaci\u00f3n le apost\u00f3 a \u201cAprender a Desaprender\u201d, la estrategia liderada por la Regi\u00f3n Administrativa y de Planeaci\u00f3n, Eje Cafetero, que busca impactar positivamente la educaci\u00f3n<span class=\"more-link\"><a href=\"https:\/\/ciudadyregion.com.co\/index.php\/sueno-con-un-departamento-con-mejores-seres-humanos-gobernadora-matiz-en-la-firma-del-gran-pacto-social-por-la-educacion-en-el-territorio\/regional\/\">Continuar Leyendo<\/a><\/span><\/p>\n","protected":false},"author":2,"featured_media":18260,"comment_status":"open","ping_status":"open","sticky":false,"template":"","format":"standard","meta":{"_uf_show_specific_survey":0,"_uf_disable_surveys":false,"_jetpack_memberships_contains_paid_content":false,"footnotes":"","jetpack_publicize_message":"","jetpack_publicize_feature_enabled":true,"jetpack_social_post_already_shared":true,"jetpack_social_options":{"image_generator_settings":{"template":"highway","enabled":false},"version":2}},"categories":[13],"tags":[],"class_list":["entry","author-diegoaguirre","post-18259","post","type-post","status-publish","format-standard","has-post-thumbnail","category-regional"],"jetpack_publicize_connections":[],"yoast_head":"<!-- This site is optimized with the Yoast SEO plugin v24.3 - https:\/\/yoast.com\/wordpress\/plugins\/seo\/ -->\n<title>\u201cSue\u00f1o con un Departamento con mejores seres humanos\u201d: gobernadora Matiz en la firma del Gran Pacto Social por la Educaci\u00f3n en el Territorio - Ciudad y Region<\/title>\n<meta name=\"robots\" content=\"index, follow, max-snippet:-1, max-image-preview:large, max-video-preview:-1\" \/>\n<link rel=\"canonical\" href=\"https:\/\/ciudadyregion.com.co\/index.php\/sueno-con-un-departamento-con-mejores-seres-humanos-gobernadora-matiz-en-la-firma-del-gran-pacto-social-por-la-educacion-en-el-territorio\/regional\/\" \/>\n<meta property=\"og:locale\" content=\"es_ES\" \/>\n<meta property=\"og:type\" content=\"article\" \/>\n<meta property=\"og:title\" content=\"\u201cSue\u00f1o con un Departamento con mejores seres humanos\u201d: gobernadora Matiz en la firma del Gran Pacto Social por la Educaci\u00f3n en el Territorio - Ciudad y Region\" \/>\n<meta property=\"og:description\" content=\"A trav\u00e9s de proyecto de Ordenanza, el Gobierno Departamental busca oficializar el Plan Regional de Educaci\u00f3n Eje Cafetero \u201cAprender a Desaprender 2019 &#8211; 2031\u201d. La Gobernaci\u00f3n le apost\u00f3 a \u201cAprender a Desaprender\u201d, la estrategia liderada por la Regi\u00f3n Administrativa y de Planeaci\u00f3n, Eje Cafetero, que busca impactar positivamente la educaci\u00f3nContinuar Leyendo\" \/>\n<meta property=\"og:url\" content=\"https:\/\/ciudadyregion.com.co\/index.php\/sueno-con-un-departamento-con-mejores-seres-humanos-gobernadora-matiz-en-la-firma-del-gran-pacto-social-por-la-educacion-en-el-territorio\/regional\/\" \/>\n<meta property=\"og:site_name\" content=\"Ciudad y Region\" \/>\n<meta property=\"article:published_time\" content=\"2024-07-23T14:57:22+00:00\" \/>\n<meta property=\"og:image\" content=\"https:\/\/ciudadyregion.com.co\/wp-content\/uploads\/2024\/07\/firma-del-Gran-Pacto-Social-por-la-Educacion-en-el-Territorio.jpg\" \/>\n\t<meta property=\"og:image:width\" content=\"800\" \/>\n\t<meta property=\"og:image:height\" content=\"445\" \/>\n\t<meta property=\"og:image:type\" content=\"image\/jpeg\" \/>\n<meta name=\"author\" content=\"David Andr\u00e9s Aguirre\" \/>\n<meta name=\"twitter:card\" content=\"summary_large_image\" \/>\n<meta name=\"twitter:label1\" content=\"Escrito por\" \/>\n\t<meta name=\"twitter:data1\" content=\"David Andr\u00e9s Aguirre\" \/>\n\t<meta name=\"twitter:label2\" content=\"Tiempo de lectura\" \/>\n\t<meta name=\"twitter:data2\" content=\"3 minutos\" \/>\n<script type=\"application\/ld+json\" class=\"yoast-schema-graph\">{\"@context\":\"https:\/\/schema.org\",\"@graph\":[{\"@type\":\"WebPage\",\"@id\":\"https:\/\/ciudadyregion.com.co\/index.php\/sueno-con-un-departamento-con-mejores-seres-humanos-gobernadora-matiz-en-la-firma-del-gran-pacto-social-por-la-educacion-en-el-territorio\/regional\/\",\"url\":\"https:\/\/ciudadyregion.com.co\/index.php\/sueno-con-un-departamento-con-mejores-seres-humanos-gobernadora-matiz-en-la-firma-del-gran-pacto-social-por-la-educacion-en-el-territorio\/regional\/\",\"name\":\"\u201cSue\u00f1o con un Departamento con mejores seres humanos\u201d: gobernadora Matiz en la firma del Gran Pacto Social por la Educaci\u00f3n en el Territorio - Ciudad y Region\",\"isPartOf\":{\"@id\":\"https:\/\/ciudadyregion.com.co\/#website\"},\"primaryImageOfPage\":{\"@id\":\"https:\/\/ciudadyregion.com.co\/index.php\/sueno-con-un-departamento-con-mejores-seres-humanos-gobernadora-matiz-en-la-firma-del-gran-pacto-social-por-la-educacion-en-el-territorio\/regional\/#primaryimage\"},\"image\":{\"@id\":\"https:\/\/ciudadyregion.com.co\/index.php\/sueno-con-un-departamento-con-mejores-seres-humanos-gobernadora-matiz-en-la-firma-del-gran-pacto-social-por-la-educacion-en-el-territorio\/regional\/#primaryimage\"},\"thumbnailUrl\":\"https:\/\/i0.wp.com\/ciudadyregion.com.co\/wp-content\/uploads\/2024\/07\/firma-del-Gran-Pacto-Social-por-la-Educacion-en-el-Territorio.jpg?fit=800%2C445&ssl=1\",\"datePublished\":\"2024-07-23T14:57:22+00:00\",\"dateModified\":\"2024-07-23T14:57:22+00:00\",\"author\":{\"@id\":\"https:\/\/ciudadyregion.com.co\/#\/schema\/person\/04a4954373ebc4051f46e8c65ff78622\"},\"breadcrumb\":{\"@id\":\"https:\/\/ciudadyregion.com.co\/index.php\/sueno-con-un-departamento-con-mejores-seres-humanos-gobernadora-matiz-en-la-firma-del-gran-pacto-social-por-la-educacion-en-el-territorio\/regional\/#breadcrumb\"},\"inLanguage\":\"es\",\"potentialAction\":[{\"@type\":\"ReadAction\",\"target\":[\"https:\/\/ciudadyregion.com.co\/index.php\/sueno-con-un-departamento-con-mejores-seres-humanos-gobernadora-matiz-en-la-firma-del-gran-pacto-social-por-la-educacion-en-el-territorio\/regional\/\"]}]},{\"@type\":\"ImageObject\",\"inLanguage\":\"es\",\"@id\":\"https:\/\/ciudadyregion.com.co\/index.php\/sueno-con-un-departamento-con-mejores-seres-humanos-gobernadora-matiz-en-la-firma-del-gran-pacto-social-por-la-educacion-en-el-territorio\/regional\/#primaryimage\",\"url\":\"https:\/\/i0.wp.com\/ciudadyregion.com.co\/wp-content\/uploads\/2024\/07\/firma-del-Gran-Pacto-Social-por-la-Educacion-en-el-Territorio.jpg?fit=800%2C445&ssl=1\",\"contentUrl\":\"https:\/\/i0.wp.com\/ciudadyregion.com.co\/wp-content\/uploads\/2024\/07\/firma-del-Gran-Pacto-Social-por-la-Educacion-en-el-Territorio.jpg?fit=800%2C445&ssl=1\",\"width\":800,\"height\":445},{\"@type\":\"BreadcrumbList\",\"@id\":\"https:\/\/ciudadyregion.com.co\/index.php\/sueno-con-un-departamento-con-mejores-seres-humanos-gobernadora-matiz-en-la-firma-del-gran-pacto-social-por-la-educacion-en-el-territorio\/regional\/#breadcrumb\",\"itemListElement\":[{\"@type\":\"ListItem\",\"position\":1,\"name\":\"Portada\",\"item\":\"https:\/\/ciudadyregion.com.co\/\"},{\"@type\":\"ListItem\",\"position\":2,\"name\":\"\u201cSue\u00f1o con un Departamento con mejores seres humanos\u201d: gobernadora Matiz en la firma del Gran Pacto Social por la Educaci\u00f3n en el Territorio\"}]},{\"@type\":\"WebSite\",\"@id\":\"https:\/\/ciudadyregion.com.co\/#website\",\"url\":\"https:\/\/ciudadyregion.com.co\/\",\"name\":\"Ciudad y Region\",\"description\":\"\",\"potentialAction\":[{\"@type\":\"SearchAction\",\"target\":{\"@type\":\"EntryPoint\",\"urlTemplate\":\"https:\/\/ciudadyregion.com.co\/?s={search_term_string}\"},\"query-input\":{\"@type\":\"PropertyValueSpecification\",\"valueRequired\":true,\"valueName\":\"search_term_string\"}}],\"inLanguage\":\"es\"},{\"@type\":\"Person\",\"@id\":\"https:\/\/ciudadyregion.com.co\/#\/schema\/person\/04a4954373ebc4051f46e8c65ff78622\",\"name\":\"David Andr\u00e9s Aguirre\",\"image\":{\"@type\":\"ImageObject\",\"inLanguage\":\"es\",\"@id\":\"https:\/\/ciudadyregion.com.co\/#\/schema\/person\/image\/\",\"url\":\"https:\/\/secure.gravatar.com\/avatar\/bc3c655860202182ee6d1b5edd042dbe?s=96&d=mm&r=g\",\"contentUrl\":\"https:\/\/secure.gravatar.com\/avatar\/bc3c655860202182ee6d1b5edd042dbe?s=96&d=mm&r=g\",\"caption\":\"David Andr\u00e9s Aguirre\"},\"url\":\"https:\/\/ciudadyregion.com.co\/index.php\/author\/diegoaguirre\/\"}]}<\/script>\n<!-- \/ Yoast SEO plugin. -->","yoast_head_json":{"title":"\u201cSue\u00f1o con un Departamento con mejores seres humanos\u201d: gobernadora Matiz en la firma del Gran Pacto Social por la Educaci\u00f3n en el Territorio - Ciudad y Region","robots":{"index":"index","follow":"follow","max-snippet":"max-snippet:-1","max-image-preview":"max-image-preview:large","max-video-preview":"max-video-preview:-1"},"canonical":"https:\/\/ciudadyregion.com.co\/index.php\/sueno-con-un-departamento-con-mejores-seres-humanos-gobernadora-matiz-en-la-firma-del-gran-pacto-social-por-la-educacion-en-el-territorio\/regional\/","og_locale":"es_ES","og_type":"article","og_title":"\u201cSue\u00f1o con un Departamento con mejores seres humanos\u201d: gobernadora Matiz en la firma del Gran Pacto Social por la Educaci\u00f3n en el Territorio - Ciudad y Region","og_description":"A trav\u00e9s de proyecto de Ordenanza, el Gobierno Departamental busca oficializar el Plan Regional de Educaci\u00f3n Eje Cafetero \u201cAprender a Desaprender 2019 &#8211; 2031\u201d. La Gobernaci\u00f3n le apost\u00f3 a \u201cAprender a Desaprender\u201d, la estrategia liderada por la Regi\u00f3n Administrativa y de Planeaci\u00f3n, Eje Cafetero, que busca impactar positivamente la educaci\u00f3nContinuar Leyendo","og_url":"https:\/\/ciudadyregion.com.co\/index.php\/sueno-con-un-departamento-con-mejores-seres-humanos-gobernadora-matiz-en-la-firma-del-gran-pacto-social-por-la-educacion-en-el-territorio\/regional\/","og_site_name":"Ciudad y Region","article_published_time":"2024-07-23T14:57:22+00:00","og_image":[{"width":800,"height":445,"url":"https:\/\/ciudadyregion.com.co\/wp-content\/uploads\/2024\/07\/firma-del-Gran-Pacto-Social-por-la-Educacion-en-el-Territorio.jpg","type":"image\/jpeg"}],"author":"David Andr\u00e9s Aguirre","twitter_card":"summary_large_image","twitter_misc":{"Escrito por":"David Andr\u00e9s Aguirre","Tiempo de lectura":"3 minutos"},"schema":{"@context":"https:\/\/schema.org","@graph":[{"@type":"WebPage","@id":"https:\/\/ciudadyregion.com.co\/index.php\/sueno-con-un-departamento-con-mejores-seres-humanos-gobernadora-matiz-en-la-firma-del-gran-pacto-social-por-la-educacion-en-el-territorio\/regional\/","url":"https:\/\/ciudadyregion.com.co\/index.php\/sueno-con-un-departamento-con-mejores-seres-humanos-gobernadora-matiz-en-la-firma-del-gran-pacto-social-por-la-educacion-en-el-territorio\/regional\/","name":"\u201cSue\u00f1o con un Departamento con mejores seres humanos\u201d: gobernadora Matiz en la firma del Gran Pacto Social por la Educaci\u00f3n en el Territorio - Ciudad y Region","isPartOf":{"@id":"https:\/\/ciudadyregion.com.co\/#website"},"primaryImageOfPage":{"@id":"https:\/\/ciudadyregion.com.co\/index.php\/sueno-con-un-departamento-con-mejores-seres-humanos-gobernadora-matiz-en-la-firma-del-gran-pacto-social-por-la-educacion-en-el-territorio\/regional\/#primaryimage"},"image":{"@id":"https:\/\/ciudadyregion.com.co\/index.php\/sueno-con-un-departamento-con-mejores-seres-humanos-gobernadora-matiz-en-la-firma-del-gran-pacto-social-por-la-educacion-en-el-territorio\/regional\/#primaryimage"},"thumbnailUrl":"https:\/\/i0.wp.com\/ciudadyregion.com.co\/wp-content\/uploads\/2024\/07\/firma-del-Gran-Pacto-Social-por-la-Educacion-en-el-Territorio.jpg?fit=800%2C445&ssl=1","datePublished":"2024-07-23T14:57:22+00:00","dateModified":"2024-07-23T14:57:22+00:00","author":{"@id":"https:\/\/ciudadyregion.com.co\/#\/schema\/person\/04a4954373ebc4051f46e8c65ff78622"},"breadcrumb":{"@id":"https:\/\/ciudadyregion.com.co\/index.php\/sueno-con-un-departamento-con-mejores-seres-humanos-gobernadora-matiz-en-la-firma-del-gran-pacto-social-por-la-educacion-en-el-territorio\/regional\/#breadcrumb"},"inLanguage":"es","potentialAction":[{"@type":"ReadAction","target":["https:\/\/ciudadyregion.com.co\/index.php\/sueno-con-un-departamento-con-mejores-seres-humanos-gobernadora-matiz-en-la-firma-del-gran-pacto-social-por-la-educacion-en-el-territorio\/regional\/"]}]},{"@type":"ImageObject","inLanguage":"es","@id":"https:\/\/ciudadyregion.com.co\/index.php\/sueno-con-un-departamento-con-mejores-seres-humanos-gobernadora-matiz-en-la-firma-del-gran-pacto-social-por-la-educacion-en-el-territorio\/regional\/#primaryimage","url":"https:\/\/i0.wp.com\/ciudadyregion.com.co\/wp-content\/uploads\/2024\/07\/firma-del-Gran-Pacto-Social-por-la-Educacion-en-el-Territorio.jpg?fit=800%2C445&ssl=1","contentUrl":"https:\/\/i0.wp.com\/ciudadyregion.com.co\/wp-content\/uploads\/2024\/07\/firma-del-Gran-Pacto-Social-por-la-Educacion-en-el-Territorio.jpg?fit=800%2C445&ssl=1","width":800,"height":445},{"@type":"BreadcrumbList","@id":"https:\/\/ciudadyregion.com.co\/index.php\/sueno-con-un-departamento-con-mejores-seres-humanos-gobernadora-matiz-en-la-firma-del-gran-pacto-social-por-la-educacion-en-el-territorio\/regional\/#breadcrumb","itemListElement":[{"@type":"ListItem","position":1,"name":"Portada","item":"https:\/\/ciudadyregion.com.co\/"},{"@type":"ListItem","position":2,"name":"\u201cSue\u00f1o con un Departamento con mejores seres humanos\u201d: gobernadora Matiz en la firma del Gran Pacto Social por la Educaci\u00f3n en el Territorio"}]},{"@type":"WebSite","@id":"https:\/\/ciudadyregion.com.co\/#website","url":"https:\/\/ciudadyregion.com.co\/","name":"Ciudad y Region","description":"","potentialAction":[{"@type":"SearchAction","target":{"@type":"EntryPoint","urlTemplate":"https:\/\/ciudadyregion.com.co\/?s={search_term_string}"},"query-input":{"@type":"PropertyValueSpecification","valueRequired":true,"valueName":"search_term_string"}}],"inLanguage":"es"},{"@type":"Person","@id":"https:\/\/ciudadyregion.com.co\/#\/schema\/person\/04a4954373ebc4051f46e8c65ff78622","name":"David Andr\u00e9s Aguirre","image":{"@type":"ImageObject","inLanguage":"es","@id":"https:\/\/ciudadyregion.com.co\/#\/schema\/person\/image\/","url":"https:\/\/secure.gravatar.com\/avatar\/bc3c655860202182ee6d1b5edd042dbe?s=96&d=mm&r=g","contentUrl":"https:\/\/secure.gravatar.com\/avatar\/bc3c655860202182ee6d1b5edd042dbe?s=96&d=mm&r=g","caption":"David Andr\u00e9s Aguirre"},"url":"https:\/\/ciudadyregion.com.co\/index.php\/author\/diegoaguirre\/"}]}},"jetpack_featured_media_url":"https:\/\/i0.wp.com\/ciudadyregion.com.co\/wp-content\/uploads\/2024\/07\/firma-del-Gran-Pacto-Social-por-la-Educacion-en-el-Territorio.jpg?fit=800%2C445&ssl=1","jetpack_sharing_enabled":true,"jetpack_shortlink":"https:\/\/wp.me\/pbS7hh-4Kv","jetpack-related-posts":[],"_links":{"self":[{"href":"https:\/\/ciudadyregion.com.co\/index.php\/wp-json\/wp\/v2\/posts\/18259"}],"collection":[{"href":"https:\/\/ciudadyregion.com.co\/index.php\/wp-json\/wp\/v2\/posts"}],"about":[{"href":"https:\/\/ciudadyregion.com.co\/index.php\/wp-json\/wp\/v2\/types\/post"}],"author":[{"embeddable":true,"href":"https:\/\/ciudadyregion.com.co\/index.php\/wp-json\/wp\/v2\/users\/2"}],"replies":[{"embeddable":true,"href":"https:\/\/ciudadyregion.com.co\/index.php\/wp-json\/wp\/v2\/comments?post=18259"}],"version-history":[{"count":1,"href":"https:\/\/ciudadyregion.com.co\/index.php\/wp-json\/wp\/v2\/posts\/18259\/revisions"}],"predecessor-version":[{"id":18261,"href":"https:\/\/ciudadyregion.com.co\/index.php\/wp-json\/wp\/v2\/posts\/18259\/revisions\/18261"}],"wp:featuredmedia":[{"embeddable":true,"href":"https:\/\/ciudadyregion.com.co\/index.php\/wp-json\/wp\/v2\/media\/18260"}],"wp:attachment":[{"href":"https:\/\/ciudadyregion.com.co\/index.php\/wp-json\/wp\/v2\/media?parent=18259"}],"wp:term":[{"taxonomy":"category","embeddable":true,"href":"https:\/\/ciudadyregion.com.co\/index.php\/wp-json\/wp\/v2\/categories?post=18259"},{"taxonomy":"post_tag","embeddable":true,"href":"https:\/\/ciudadyregion.com.co\/index.php\/wp-json\/wp\/v2\/tags?post=18259"}],"curies":[{"name":"wp","href":"https:\/\/api.w.org\/{rel}","templated":true}]}}