{"id":18257,"date":"2024-07-23T09:54:42","date_gmt":"2024-07-23T14:54:42","guid":{"rendered":"https:\/\/ciudadyregion.com.co\/?p=18257"},"modified":"2024-07-23T09:54:42","modified_gmt":"2024-07-23T14:54:42","slug":"gobernadora-del-tolima-anuncio-inversion-de-610-millones-en-proyectos-sociales-gracias-a-la-cooperacion-internacional","status":"publish","type":"post","link":"https:\/\/ciudadyregion.com.co\/index.php\/gobernadora-del-tolima-anuncio-inversion-de-610-millones-en-proyectos-sociales-gracias-a-la-cooperacion-internacional\/regional\/","title":{"rendered":"Gobernadora del Tolima anunci\u00f3 inversi\u00f3n de $610 millones en proyectos sociales gracias a la Cooperaci\u00f3n Internacional"},"content":{"rendered":"<p>Este esfuerzo, coordinado con el Partido Mira y otras organizaciones religiosas del Tolima, busca potenciar el importante aporte del sector religioso en \u00e1reas como la salud mental, promoviendo as\u00ed un desarrollo integral y sostenible para la regi\u00f3n.<\/p>\n<p>Durante la Segunda Cumbre de Libertad Religiosa que se llev\u00f3 a cabo este lunes en el hotel Casa Morales, la gobernadora del Tolima, Adriana Magali Matiz, anunci\u00f3 una significativa inversi\u00f3n de $610 millones en capacitaci\u00f3n y formaci\u00f3n, con el apoyo de cooperaci\u00f3n internacional.<\/p>\n<p>De acuerdo con la mandataria, este esfuerzo hace parte del Plan de Desarrollo Departamental, el cual busca fortalecer el sector religioso y resaltar su contribuci\u00f3n al Producto Interno Bruto (PIB) del departamento.<\/p>\n<p>\u00abEs fundamental el aporte que hace el sector religioso, por ello hemos dejado una meta dentro del Plan de Desarrollo para crear un sistema de informaci\u00f3n estad\u00edstica robusto,\u00bb afirm\u00f3 la gobernadora Matiz.<\/p>\n<p>La mandataria se\u00f1al\u00f3 que, junto a la senadora Ana Paola Agudelo y la diputada Estefani S\u00e1nchez, se gestionaron recursos adicionales a trav\u00e9s del Comit\u00e9 Internacional para el Desarrollo de los Pueblos, permitiendo as\u00ed la viabilidad del presupuesto con el Plan de Desarrollo.<\/p>\n<p>El proyecto, que ser\u00e1 implementado en colaboraci\u00f3n con la Secretar\u00eda del Interior y la Direcci\u00f3n de Derechos Humanos, se centra en la contenci\u00f3n emocional y la capacitaci\u00f3n en primeros auxilios psicol\u00f3gicos, \u00e1reas esenciales para la salud mental e inteligencia emocional de los tolimenses.<\/p>\n<p>\u00abEste proyecto es muy importante porque tambi\u00e9n empieza a trabajar primero desde el ser, primero desde la persona, y entonces desde la persona se van a hacer dos acciones que son muy importantes: una contenci\u00f3n emocional, manejo obviamente de las emociones de las personas en un tema de salud mental, inteligencia emocional; y el otro tema es una capacitaci\u00f3n en primeros auxilios psicol\u00f3gicos porque debemos estar todos preparados ante cualquier emergencia que se nos pueda presentar\u00bb, coment\u00f3 Matiz.<\/p>\n<p>Adem\u00e1s, el plan incluye el fortalecimiento de planes de negocio, gobernanza, pol\u00edticas p\u00fablicas, marketing digital y econom\u00eda solidaria. Estos componentes proporcionar\u00e1n capital semilla para que las iniciativas no solo se formen, sino que se conviertan en proyectos sostenibles y de impacto social.<\/p>\n<p>La implementaci\u00f3n del proyecto est\u00e1 prevista para el segundo semestre del a\u00f1o, despu\u00e9s de los ajustes necesarios para integrar los recursos internacionales.<\/p>\n<p>En el contexto del Plan de Desarrollo, tambi\u00e9n se establecieron acciones y metas claras en el componente de libertad religiosa. Se propuso la implementaci\u00f3n de un plan de acci\u00f3n anual y una pol\u00edtica p\u00fablica en el tema, con el objetivo de formar y capacitar a 1.600 personas para difundir principios y valores.<\/p>\n<p>La Segunda Cumbre de Libertad Religiosa fue liderada por el Partido MIRA y cont\u00f3 con la participaci\u00f3n de los senadores Ana Paola Agudelo y Carlos Eduardo Guevara; adem\u00e1s, de sus dirigentes en el Tolima. Tambi\u00e9n asistieron l\u00edderes religiosos de otras congregaciones religiosas con gran representatividad en el territorio departamental.<\/p>\n","protected":false},"excerpt":{"rendered":"<p>Este esfuerzo, coordinado con el Partido Mira y otras organizaciones religiosas del Tolima, busca potenciar el importante aporte del sector religioso en \u00e1reas como la salud mental, promoviendo as\u00ed un desarrollo integral y sostenible para la regi\u00f3n. Durante la Segunda Cumbre de Libertad Religiosa que se llev\u00f3 a cabo este<span class=\"more-link\"><a href=\"https:\/\/ciudadyregion.com.co\/index.php\/gobernadora-del-tolima-anuncio-inversion-de-610-millones-en-proyectos-sociales-gracias-a-la-cooperacion-internacional\/regional\/\">Continuar Leyendo<\/a><\/span><\/p>\n","protected":false},"author":2,"featured_media":10999,"comment_status":"open","ping_status":"open","sticky":false,"template":"","format":"standard","meta":{"_uf_show_specific_survey":0,"_uf_disable_surveys":false,"_jetpack_memberships_contains_paid_content":false,"footnotes":"","jetpack_publicize_message":"","jetpack_publicize_feature_enabled":true,"jetpack_social_post_already_shared":true,"jetpack_social_options":{"image_generator_settings":{"template":"highway","enabled":false},"version":2}},"categories":[13],"tags":[],"class_list":["entry","author-diegoaguirre","post-18257","post","type-post","status-publish","format-standard","has-post-thumbnail","category-regional"],"jetpack_publicize_connections":[],"yoast_head":"<!-- This site is optimized with the Yoast SEO plugin v24.3 - https:\/\/yoast.com\/wordpress\/plugins\/seo\/ -->\n<title>Gobernadora del Tolima anunci\u00f3 inversi\u00f3n de $610 millones en proyectos sociales gracias a la Cooperaci\u00f3n Internacional - Ciudad y Region<\/title>\n<meta name=\"robots\" content=\"index, follow, max-snippet:-1, max-image-preview:large, max-video-preview:-1\" \/>\n<link rel=\"canonical\" href=\"https:\/\/ciudadyregion.com.co\/index.php\/gobernadora-del-tolima-anuncio-inversion-de-610-millones-en-proyectos-sociales-gracias-a-la-cooperacion-internacional\/regional\/\" \/>\n<meta property=\"og:locale\" content=\"es_ES\" \/>\n<meta property=\"og:type\" content=\"article\" \/>\n<meta property=\"og:title\" content=\"Gobernadora del Tolima anunci\u00f3 inversi\u00f3n de $610 millones en proyectos sociales gracias a la Cooperaci\u00f3n Internacional - Ciudad y Region\" \/>\n<meta property=\"og:description\" content=\"Este esfuerzo, coordinado con el Partido Mira y otras organizaciones religiosas del Tolima, busca potenciar el importante aporte del sector religioso en \u00e1reas como la salud mental, promoviendo as\u00ed un desarrollo integral y sostenible para la regi\u00f3n. Durante la Segunda Cumbre de Libertad Religiosa que se llev\u00f3 a cabo esteContinuar Leyendo\" \/>\n<meta property=\"og:url\" content=\"https:\/\/ciudadyregion.com.co\/index.php\/gobernadora-del-tolima-anuncio-inversion-de-610-millones-en-proyectos-sociales-gracias-a-la-cooperacion-internacional\/regional\/\" \/>\n<meta property=\"og:site_name\" content=\"Ciudad y Region\" \/>\n<meta property=\"article:published_time\" content=\"2024-07-23T14:54:42+00:00\" \/>\n<meta property=\"og:image\" content=\"https:\/\/ciudadyregion.com.co\/wp-content\/uploads\/2024\/04\/adriana-magali-matiz-1.jpg\" \/>\n\t<meta property=\"og:image:width\" content=\"800\" \/>\n\t<meta property=\"og:image:height\" content=\"445\" \/>\n\t<meta property=\"og:image:type\" content=\"image\/jpeg\" \/>\n<meta name=\"author\" content=\"David Andr\u00e9s Aguirre\" \/>\n<meta name=\"twitter:card\" content=\"summary_large_image\" \/>\n<meta name=\"twitter:label1\" content=\"Escrito por\" \/>\n\t<meta name=\"twitter:data1\" content=\"David Andr\u00e9s Aguirre\" \/>\n\t<meta name=\"twitter:label2\" content=\"Tiempo de lectura\" \/>\n\t<meta name=\"twitter:data2\" content=\"3 minutos\" \/>\n<script type=\"application\/ld+json\" class=\"yoast-schema-graph\">{\"@context\":\"https:\/\/schema.org\",\"@graph\":[{\"@type\":\"WebPage\",\"@id\":\"https:\/\/ciudadyregion.com.co\/index.php\/gobernadora-del-tolima-anuncio-inversion-de-610-millones-en-proyectos-sociales-gracias-a-la-cooperacion-internacional\/regional\/\",\"url\":\"https:\/\/ciudadyregion.com.co\/index.php\/gobernadora-del-tolima-anuncio-inversion-de-610-millones-en-proyectos-sociales-gracias-a-la-cooperacion-internacional\/regional\/\",\"name\":\"Gobernadora del Tolima anunci\u00f3 inversi\u00f3n de $610 millones en proyectos sociales gracias a la Cooperaci\u00f3n Internacional - Ciudad y Region\",\"isPartOf\":{\"@id\":\"https:\/\/ciudadyregion.com.co\/#website\"},\"primaryImageOfPage\":{\"@id\":\"https:\/\/ciudadyregion.com.co\/index.php\/gobernadora-del-tolima-anuncio-inversion-de-610-millones-en-proyectos-sociales-gracias-a-la-cooperacion-internacional\/regional\/#primaryimage\"},\"image\":{\"@id\":\"https:\/\/ciudadyregion.com.co\/index.php\/gobernadora-del-tolima-anuncio-inversion-de-610-millones-en-proyectos-sociales-gracias-a-la-cooperacion-internacional\/regional\/#primaryimage\"},\"thumbnailUrl\":\"https:\/\/i0.wp.com\/ciudadyregion.com.co\/wp-content\/uploads\/2024\/04\/adriana-magali-matiz-1.jpg?fit=800%2C445&ssl=1\",\"datePublished\":\"2024-07-23T14:54:42+00:00\",\"dateModified\":\"2024-07-23T14:54:42+00:00\",\"author\":{\"@id\":\"https:\/\/ciudadyregion.com.co\/#\/schema\/person\/04a4954373ebc4051f46e8c65ff78622\"},\"breadcrumb\":{\"@id\":\"https:\/\/ciudadyregion.com.co\/index.php\/gobernadora-del-tolima-anuncio-inversion-de-610-millones-en-proyectos-sociales-gracias-a-la-cooperacion-internacional\/regional\/#breadcrumb\"},\"inLanguage\":\"es\",\"potentialAction\":[{\"@type\":\"ReadAction\",\"target\":[\"https:\/\/ciudadyregion.com.co\/index.php\/gobernadora-del-tolima-anuncio-inversion-de-610-millones-en-proyectos-sociales-gracias-a-la-cooperacion-internacional\/regional\/\"]}]},{\"@type\":\"ImageObject\",\"inLanguage\":\"es\",\"@id\":\"https:\/\/ciudadyregion.com.co\/index.php\/gobernadora-del-tolima-anuncio-inversion-de-610-millones-en-proyectos-sociales-gracias-a-la-cooperacion-internacional\/regional\/#primaryimage\",\"url\":\"https:\/\/i0.wp.com\/ciudadyregion.com.co\/wp-content\/uploads\/2024\/04\/adriana-magali-matiz-1.jpg?fit=800%2C445&ssl=1\",\"contentUrl\":\"https:\/\/i0.wp.com\/ciudadyregion.com.co\/wp-content\/uploads\/2024\/04\/adriana-magali-matiz-1.jpg?fit=800%2C445&ssl=1\",\"width\":800,\"height\":445},{\"@type\":\"BreadcrumbList\",\"@id\":\"https:\/\/ciudadyregion.com.co\/index.php\/gobernadora-del-tolima-anuncio-inversion-de-610-millones-en-proyectos-sociales-gracias-a-la-cooperacion-internacional\/regional\/#breadcrumb\",\"itemListElement\":[{\"@type\":\"ListItem\",\"position\":1,\"name\":\"Portada\",\"item\":\"https:\/\/ciudadyregion.com.co\/\"},{\"@type\":\"ListItem\",\"position\":2,\"name\":\"Gobernadora del Tolima anunci\u00f3 inversi\u00f3n de $610 millones en proyectos sociales gracias a la Cooperaci\u00f3n Internacional\"}]},{\"@type\":\"WebSite\",\"@id\":\"https:\/\/ciudadyregion.com.co\/#website\",\"url\":\"https:\/\/ciudadyregion.com.co\/\",\"name\":\"Ciudad y Region\",\"description\":\"\",\"potentialAction\":[{\"@type\":\"SearchAction\",\"target\":{\"@type\":\"EntryPoint\",\"urlTemplate\":\"https:\/\/ciudadyregion.com.co\/?s={search_term_string}\"},\"query-input\":{\"@type\":\"PropertyValueSpecification\",\"valueRequired\":true,\"valueName\":\"search_term_string\"}}],\"inLanguage\":\"es\"},{\"@type\":\"Person\",\"@id\":\"https:\/\/ciudadyregion.com.co\/#\/schema\/person\/04a4954373ebc4051f46e8c65ff78622\",\"name\":\"David Andr\u00e9s Aguirre\",\"image\":{\"@type\":\"ImageObject\",\"inLanguage\":\"es\",\"@id\":\"https:\/\/ciudadyregion.com.co\/#\/schema\/person\/image\/\",\"url\":\"https:\/\/secure.gravatar.com\/avatar\/bc3c655860202182ee6d1b5edd042dbe?s=96&d=mm&r=g\",\"contentUrl\":\"https:\/\/secure.gravatar.com\/avatar\/bc3c655860202182ee6d1b5edd042dbe?s=96&d=mm&r=g\",\"caption\":\"David Andr\u00e9s Aguirre\"},\"url\":\"https:\/\/ciudadyregion.com.co\/index.php\/author\/diegoaguirre\/\"}]}<\/script>\n<!-- \/ Yoast SEO plugin. -->","yoast_head_json":{"title":"Gobernadora del Tolima anunci\u00f3 inversi\u00f3n de $610 millones en proyectos sociales gracias a la Cooperaci\u00f3n Internacional - Ciudad y Region","robots":{"index":"index","follow":"follow","max-snippet":"max-snippet:-1","max-image-preview":"max-image-preview:large","max-video-preview":"max-video-preview:-1"},"canonical":"https:\/\/ciudadyregion.com.co\/index.php\/gobernadora-del-tolima-anuncio-inversion-de-610-millones-en-proyectos-sociales-gracias-a-la-cooperacion-internacional\/regional\/","og_locale":"es_ES","og_type":"article","og_title":"Gobernadora del Tolima anunci\u00f3 inversi\u00f3n de $610 millones en proyectos sociales gracias a la Cooperaci\u00f3n Internacional - Ciudad y Region","og_description":"Este esfuerzo, coordinado con el Partido Mira y otras organizaciones religiosas del Tolima, busca potenciar el importante aporte del sector religioso en \u00e1reas como la salud mental, promoviendo as\u00ed un desarrollo integral y sostenible para la regi\u00f3n. Durante la Segunda Cumbre de Libertad Religiosa que se llev\u00f3 a cabo esteContinuar Leyendo","og_url":"https:\/\/ciudadyregion.com.co\/index.php\/gobernadora-del-tolima-anuncio-inversion-de-610-millones-en-proyectos-sociales-gracias-a-la-cooperacion-internacional\/regional\/","og_site_name":"Ciudad y Region","article_published_time":"2024-07-23T14:54:42+00:00","og_image":[{"width":800,"height":445,"url":"https:\/\/ciudadyregion.com.co\/wp-content\/uploads\/2024\/04\/adriana-magali-matiz-1.jpg","type":"image\/jpeg"}],"author":"David Andr\u00e9s Aguirre","twitter_card":"summary_large_image","twitter_misc":{"Escrito por":"David Andr\u00e9s Aguirre","Tiempo de lectura":"3 minutos"},"schema":{"@context":"https:\/\/schema.org","@graph":[{"@type":"WebPage","@id":"https:\/\/ciudadyregion.com.co\/index.php\/gobernadora-del-tolima-anuncio-inversion-de-610-millones-en-proyectos-sociales-gracias-a-la-cooperacion-internacional\/regional\/","url":"https:\/\/ciudadyregion.com.co\/index.php\/gobernadora-del-tolima-anuncio-inversion-de-610-millones-en-proyectos-sociales-gracias-a-la-cooperacion-internacional\/regional\/","name":"Gobernadora del Tolima anunci\u00f3 inversi\u00f3n de $610 millones en proyectos sociales gracias a la Cooperaci\u00f3n Internacional - Ciudad y Region","isPartOf":{"@id":"https:\/\/ciudadyregion.com.co\/#website"},"primaryImageOfPage":{"@id":"https:\/\/ciudadyregion.com.co\/index.php\/gobernadora-del-tolima-anuncio-inversion-de-610-millones-en-proyectos-sociales-gracias-a-la-cooperacion-internacional\/regional\/#primaryimage"},"image":{"@id":"https:\/\/ciudadyregion.com.co\/index.php\/gobernadora-del-tolima-anuncio-inversion-de-610-millones-en-proyectos-sociales-gracias-a-la-cooperacion-internacional\/regional\/#primaryimage"},"thumbnailUrl":"https:\/\/i0.wp.com\/ciudadyregion.com.co\/wp-content\/uploads\/2024\/04\/adriana-magali-matiz-1.jpg?fit=800%2C445&ssl=1","datePublished":"2024-07-23T14:54:42+00:00","dateModified":"2024-07-23T14:54:42+00:00","author":{"@id":"https:\/\/ciudadyregion.com.co\/#\/schema\/person\/04a4954373ebc4051f46e8c65ff78622"},"breadcrumb":{"@id":"https:\/\/ciudadyregion.com.co\/index.php\/gobernadora-del-tolima-anuncio-inversion-de-610-millones-en-proyectos-sociales-gracias-a-la-cooperacion-internacional\/regional\/#breadcrumb"},"inLanguage":"es","potentialAction":[{"@type":"ReadAction","target":["https:\/\/ciudadyregion.com.co\/index.php\/gobernadora-del-tolima-anuncio-inversion-de-610-millones-en-proyectos-sociales-gracias-a-la-cooperacion-internacional\/regional\/"]}]},{"@type":"ImageObject","inLanguage":"es","@id":"https:\/\/ciudadyregion.com.co\/index.php\/gobernadora-del-tolima-anuncio-inversion-de-610-millones-en-proyectos-sociales-gracias-a-la-cooperacion-internacional\/regional\/#primaryimage","url":"https:\/\/i0.wp.com\/ciudadyregion.com.co\/wp-content\/uploads\/2024\/04\/adriana-magali-matiz-1.jpg?fit=800%2C445&ssl=1","contentUrl":"https:\/\/i0.wp.com\/ciudadyregion.com.co\/wp-content\/uploads\/2024\/04\/adriana-magali-matiz-1.jpg?fit=800%2C445&ssl=1","width":800,"height":445},{"@type":"BreadcrumbList","@id":"https:\/\/ciudadyregion.com.co\/index.php\/gobernadora-del-tolima-anuncio-inversion-de-610-millones-en-proyectos-sociales-gracias-a-la-cooperacion-internacional\/regional\/#breadcrumb","itemListElement":[{"@type":"ListItem","position":1,"name":"Portada","item":"https:\/\/ciudadyregion.com.co\/"},{"@type":"ListItem","position":2,"name":"Gobernadora del Tolima anunci\u00f3 inversi\u00f3n de $610 millones en proyectos sociales gracias a la Cooperaci\u00f3n Internacional"}]},{"@type":"WebSite","@id":"https:\/\/ciudadyregion.com.co\/#website","url":"https:\/\/ciudadyregion.com.co\/","name":"Ciudad y Region","description":"","potentialAction":[{"@type":"SearchAction","target":{"@type":"EntryPoint","urlTemplate":"https:\/\/ciudadyregion.com.co\/?s={search_term_string}"},"query-input":{"@type":"PropertyValueSpecification","valueRequired":true,"valueName":"search_term_string"}}],"inLanguage":"es"},{"@type":"Person","@id":"https:\/\/ciudadyregion.com.co\/#\/schema\/person\/04a4954373ebc4051f46e8c65ff78622","name":"David Andr\u00e9s Aguirre","image":{"@type":"ImageObject","inLanguage":"es","@id":"https:\/\/ciudadyregion.com.co\/#\/schema\/person\/image\/","url":"https:\/\/secure.gravatar.com\/avatar\/bc3c655860202182ee6d1b5edd042dbe?s=96&d=mm&r=g","contentUrl":"https:\/\/secure.gravatar.com\/avatar\/bc3c655860202182ee6d1b5edd042dbe?s=96&d=mm&r=g","caption":"David Andr\u00e9s Aguirre"},"url":"https:\/\/ciudadyregion.com.co\/index.php\/author\/diegoaguirre\/"}]}},"jetpack_featured_media_url":"https:\/\/i0.wp.com\/ciudadyregion.com.co\/wp-content\/uploads\/2024\/04\/adriana-magali-matiz-1.jpg?fit=800%2C445&ssl=1","jetpack_sharing_enabled":true,"jetpack_shortlink":"https:\/\/wp.me\/pbS7hh-4Kt","jetpack-related-posts":[],"_links":{"self":[{"href":"https:\/\/ciudadyregion.com.co\/index.php\/wp-json\/wp\/v2\/posts\/18257"}],"collection":[{"href":"https:\/\/ciudadyregion.com.co\/index.php\/wp-json\/wp\/v2\/posts"}],"about":[{"href":"https:\/\/ciudadyregion.com.co\/index.php\/wp-json\/wp\/v2\/types\/post"}],"author":[{"embeddable":true,"href":"https:\/\/ciudadyregion.com.co\/index.php\/wp-json\/wp\/v2\/users\/2"}],"replies":[{"embeddable":true,"href":"https:\/\/ciudadyregion.com.co\/index.php\/wp-json\/wp\/v2\/comments?post=18257"}],"version-history":[{"count":1,"href":"https:\/\/ciudadyregion.com.co\/index.php\/wp-json\/wp\/v2\/posts\/18257\/revisions"}],"predecessor-version":[{"id":18258,"href":"https:\/\/ciudadyregion.com.co\/index.php\/wp-json\/wp\/v2\/posts\/18257\/revisions\/18258"}],"wp:featuredmedia":[{"embeddable":true,"href":"https:\/\/ciudadyregion.com.co\/index.php\/wp-json\/wp\/v2\/media\/10999"}],"wp:attachment":[{"href":"https:\/\/ciudadyregion.com.co\/index.php\/wp-json\/wp\/v2\/media?parent=18257"}],"wp:term":[{"taxonomy":"category","embeddable":true,"href":"https:\/\/ciudadyregion.com.co\/index.php\/wp-json\/wp\/v2\/categories?post=18257"},{"taxonomy":"post_tag","embeddable":true,"href":"https:\/\/ciudadyregion.com.co\/index.php\/wp-json\/wp\/v2\/tags?post=18257"}],"curies":[{"name":"wp","href":"https:\/\/api.w.org\/{rel}","templated":true}]}}