{"id":18251,"date":"2024-07-23T09:48:29","date_gmt":"2024-07-23T14:48:29","guid":{"rendered":"https:\/\/ciudadyregion.com.co\/?p=18251"},"modified":"2024-07-23T09:48:29","modified_gmt":"2024-07-23T14:48:29","slug":"tolima-avanza-en-inclusion-segundo-encuentro-departamental-de-comites-municipales-de-discapacidad","status":"publish","type":"post","link":"https:\/\/ciudadyregion.com.co\/index.php\/tolima-avanza-en-inclusion-segundo-encuentro-departamental-de-comites-municipales-de-discapacidad\/regional\/","title":{"rendered":"Tolima Avanza en Inclusi\u00f3n: Segundo Encuentro Departamental de Comit\u00e9s Municipales de Discapacidad"},"content":{"rendered":"<p>El objetivo del evento era articular acciones interinstitucionales en beneficio de la poblaci\u00f3n con discapacidad del departamento.<\/p>\n<p>Con \u00e9xito se llev\u00f3 a cabo el Segundo Encuentro Departamental de Comit\u00e9s Municipales de Discapacidad en la capital del Tolima.<\/p>\n<p>Este evento, enmarcado en la Ley 1145 de 2007 y la Resoluci\u00f3n No. 3317 de 2012, fue organizado por la Secretar\u00eda del Interior departamental en colaboraci\u00f3n con el Ministerio de la Igualdad y el Consejo Nacional de Planeaci\u00f3n.<\/p>\n<p>La jornada estuvo llena de actividades de capacitaci\u00f3n, socializaci\u00f3n e intercambio de saberes entre la sociedad civil con discapacidad y diversas entidades gubernamentales. En su discurso de apertura, Linda Perdomo, secretaria de Inclusi\u00f3n Social Departamental, enfatiz\u00f3 la intenci\u00f3n del gobierno de trabajar conjuntamente con la comunidad:<\/p>\n<p>\u201cEs la intenci\u00f3n de nuestra gobernadora, la doctora Adriana Magali Matiz, tener un gobierno que construya en el territorio, de la mano con la gente. Gracias por participar de este espacio, pidi\u00e9ndoles que este sea un espacio de construcci\u00f3n, de trabajo conjunto. Entendemos y sabemos las diferencias que pueden existir entre algunas organizaciones, pero este tiene que ser un espacio que est\u00e9 por encima de las diferencias personales o de grupo. Este es un espacio de la comunidad, para la gente que realmente lo necesita\u201d, manifest\u00f3 Perdomo.<\/p>\n<p>Por su parte, Diana Mar\u00eda Grijalba Huertas, asesora de la Direcci\u00f3n para la Garant\u00eda de los Derechos de las Personas con Discapacidad del Ministerio de Igualdad y Equidad, destac\u00f3 la importancia de disminuir las barreras que persisten en la sociedad.<\/p>\n<p>\u201cEstamos trabajando fuertemente para que este ministerio pueda disminuir las barreras que se encuentran actualmente, persisten en nuestro pa\u00eds. Esperamos que estas barreras, estas brechas se disminuyan y de ah\u00ed que existe una direcci\u00f3n espec\u00edfica para la garant\u00eda de los derechos de las personas con discapacidad\u201d, sostuvo Grijalba.<\/p>\n<p>Entre tanto, Alexander Hospitia, asistente al evento resalt\u00f3 la relevancia de estos espacios: \u201dEs un espacio que se ha pedido, que se ha solicitado mucho, por eso hoy el segundo encuentro y a partir de eso, pues, las personas con discapacidad, las personas que lideran los procesos con discapacidad y las mismas organizaciones, podemos enterarnos de primera mano, uno, de las estad\u00edsticas que son importantes para poder formular y dos, del tipo de proyectos que se pueden formular. Entonces, a partir de este tipo de encuentros, vamos a poder hacer mejor sociedad de personas con discapacidad\u201d.<\/p>\n","protected":false},"excerpt":{"rendered":"<p>El objetivo del evento era articular acciones interinstitucionales en beneficio de la poblaci\u00f3n con discapacidad del departamento. Con \u00e9xito se llev\u00f3 a cabo el Segundo Encuentro Departamental de Comit\u00e9s Municipales de Discapacidad en la capital del Tolima. Este evento, enmarcado en la Ley 1145 de 2007 y la Resoluci\u00f3n No.<span class=\"more-link\"><a href=\"https:\/\/ciudadyregion.com.co\/index.php\/tolima-avanza-en-inclusion-segundo-encuentro-departamental-de-comites-municipales-de-discapacidad\/regional\/\">Continuar Leyendo<\/a><\/span><\/p>\n","protected":false},"author":2,"featured_media":18252,"comment_status":"open","ping_status":"open","sticky":false,"template":"","format":"standard","meta":{"_uf_show_specific_survey":0,"_uf_disable_surveys":false,"_jetpack_memberships_contains_paid_content":false,"footnotes":"","jetpack_publicize_message":"","jetpack_publicize_feature_enabled":true,"jetpack_social_post_already_shared":true,"jetpack_social_options":{"image_generator_settings":{"template":"highway","enabled":false},"version":2}},"categories":[13],"tags":[],"class_list":["entry","author-diegoaguirre","post-18251","post","type-post","status-publish","format-standard","has-post-thumbnail","category-regional"],"jetpack_publicize_connections":[],"yoast_head":"<!-- This site is optimized with the Yoast SEO plugin v24.3 - https:\/\/yoast.com\/wordpress\/plugins\/seo\/ -->\n<title>Tolima Avanza en Inclusi\u00f3n: Segundo Encuentro Departamental de Comit\u00e9s Municipales de Discapacidad - Ciudad y Region<\/title>\n<meta name=\"robots\" content=\"index, follow, max-snippet:-1, max-image-preview:large, max-video-preview:-1\" \/>\n<link rel=\"canonical\" href=\"https:\/\/ciudadyregion.com.co\/index.php\/tolima-avanza-en-inclusion-segundo-encuentro-departamental-de-comites-municipales-de-discapacidad\/regional\/\" \/>\n<meta property=\"og:locale\" content=\"es_ES\" \/>\n<meta property=\"og:type\" content=\"article\" \/>\n<meta property=\"og:title\" content=\"Tolima Avanza en Inclusi\u00f3n: Segundo Encuentro Departamental de Comit\u00e9s Municipales de Discapacidad - Ciudad y Region\" \/>\n<meta property=\"og:description\" content=\"El objetivo del evento era articular acciones interinstitucionales en beneficio de la poblaci\u00f3n con discapacidad del departamento. Con \u00e9xito se llev\u00f3 a cabo el Segundo Encuentro Departamental de Comit\u00e9s Municipales de Discapacidad en la capital del Tolima. Este evento, enmarcado en la Ley 1145 de 2007 y la Resoluci\u00f3n No.Continuar Leyendo\" \/>\n<meta property=\"og:url\" content=\"https:\/\/ciudadyregion.com.co\/index.php\/tolima-avanza-en-inclusion-segundo-encuentro-departamental-de-comites-municipales-de-discapacidad\/regional\/\" \/>\n<meta property=\"og:site_name\" content=\"Ciudad y Region\" \/>\n<meta property=\"article:published_time\" content=\"2024-07-23T14:48:29+00:00\" \/>\n<meta property=\"og:image\" content=\"https:\/\/ciudadyregion.com.co\/wp-content\/uploads\/2024\/07\/Tolima-Avanza-en-Inclusion_-Segundo-Encuentro-Departamental-de-Comites-Municipales-de-Discapacidad.jpg\" \/>\n\t<meta property=\"og:image:width\" content=\"800\" \/>\n\t<meta property=\"og:image:height\" content=\"445\" \/>\n\t<meta property=\"og:image:type\" content=\"image\/jpeg\" \/>\n<meta name=\"author\" content=\"David Andr\u00e9s Aguirre\" \/>\n<meta name=\"twitter:card\" content=\"summary_large_image\" \/>\n<meta name=\"twitter:label1\" content=\"Escrito por\" \/>\n\t<meta name=\"twitter:data1\" content=\"David Andr\u00e9s Aguirre\" \/>\n\t<meta name=\"twitter:label2\" content=\"Tiempo de lectura\" \/>\n\t<meta name=\"twitter:data2\" content=\"2 minutos\" \/>\n<script type=\"application\/ld+json\" class=\"yoast-schema-graph\">{\"@context\":\"https:\/\/schema.org\",\"@graph\":[{\"@type\":\"WebPage\",\"@id\":\"https:\/\/ciudadyregion.com.co\/index.php\/tolima-avanza-en-inclusion-segundo-encuentro-departamental-de-comites-municipales-de-discapacidad\/regional\/\",\"url\":\"https:\/\/ciudadyregion.com.co\/index.php\/tolima-avanza-en-inclusion-segundo-encuentro-departamental-de-comites-municipales-de-discapacidad\/regional\/\",\"name\":\"Tolima Avanza en Inclusi\u00f3n: Segundo Encuentro Departamental de Comit\u00e9s Municipales de Discapacidad - Ciudad y Region\",\"isPartOf\":{\"@id\":\"https:\/\/ciudadyregion.com.co\/#website\"},\"primaryImageOfPage\":{\"@id\":\"https:\/\/ciudadyregion.com.co\/index.php\/tolima-avanza-en-inclusion-segundo-encuentro-departamental-de-comites-municipales-de-discapacidad\/regional\/#primaryimage\"},\"image\":{\"@id\":\"https:\/\/ciudadyregion.com.co\/index.php\/tolima-avanza-en-inclusion-segundo-encuentro-departamental-de-comites-municipales-de-discapacidad\/regional\/#primaryimage\"},\"thumbnailUrl\":\"https:\/\/i0.wp.com\/ciudadyregion.com.co\/wp-content\/uploads\/2024\/07\/Tolima-Avanza-en-Inclusion_-Segundo-Encuentro-Departamental-de-Comites-Municipales-de-Discapacidad.jpg?fit=800%2C445&ssl=1\",\"datePublished\":\"2024-07-23T14:48:29+00:00\",\"dateModified\":\"2024-07-23T14:48:29+00:00\",\"author\":{\"@id\":\"https:\/\/ciudadyregion.com.co\/#\/schema\/person\/04a4954373ebc4051f46e8c65ff78622\"},\"breadcrumb\":{\"@id\":\"https:\/\/ciudadyregion.com.co\/index.php\/tolima-avanza-en-inclusion-segundo-encuentro-departamental-de-comites-municipales-de-discapacidad\/regional\/#breadcrumb\"},\"inLanguage\":\"es\",\"potentialAction\":[{\"@type\":\"ReadAction\",\"target\":[\"https:\/\/ciudadyregion.com.co\/index.php\/tolima-avanza-en-inclusion-segundo-encuentro-departamental-de-comites-municipales-de-discapacidad\/regional\/\"]}]},{\"@type\":\"ImageObject\",\"inLanguage\":\"es\",\"@id\":\"https:\/\/ciudadyregion.com.co\/index.php\/tolima-avanza-en-inclusion-segundo-encuentro-departamental-de-comites-municipales-de-discapacidad\/regional\/#primaryimage\",\"url\":\"https:\/\/i0.wp.com\/ciudadyregion.com.co\/wp-content\/uploads\/2024\/07\/Tolima-Avanza-en-Inclusion_-Segundo-Encuentro-Departamental-de-Comites-Municipales-de-Discapacidad.jpg?fit=800%2C445&ssl=1\",\"contentUrl\":\"https:\/\/i0.wp.com\/ciudadyregion.com.co\/wp-content\/uploads\/2024\/07\/Tolima-Avanza-en-Inclusion_-Segundo-Encuentro-Departamental-de-Comites-Municipales-de-Discapacidad.jpg?fit=800%2C445&ssl=1\",\"width\":800,\"height\":445},{\"@type\":\"BreadcrumbList\",\"@id\":\"https:\/\/ciudadyregion.com.co\/index.php\/tolima-avanza-en-inclusion-segundo-encuentro-departamental-de-comites-municipales-de-discapacidad\/regional\/#breadcrumb\",\"itemListElement\":[{\"@type\":\"ListItem\",\"position\":1,\"name\":\"Portada\",\"item\":\"https:\/\/ciudadyregion.com.co\/\"},{\"@type\":\"ListItem\",\"position\":2,\"name\":\"Tolima Avanza en Inclusi\u00f3n: Segundo Encuentro Departamental de Comit\u00e9s Municipales de Discapacidad\"}]},{\"@type\":\"WebSite\",\"@id\":\"https:\/\/ciudadyregion.com.co\/#website\",\"url\":\"https:\/\/ciudadyregion.com.co\/\",\"name\":\"Ciudad y Region\",\"description\":\"\",\"potentialAction\":[{\"@type\":\"SearchAction\",\"target\":{\"@type\":\"EntryPoint\",\"urlTemplate\":\"https:\/\/ciudadyregion.com.co\/?s={search_term_string}\"},\"query-input\":{\"@type\":\"PropertyValueSpecification\",\"valueRequired\":true,\"valueName\":\"search_term_string\"}}],\"inLanguage\":\"es\"},{\"@type\":\"Person\",\"@id\":\"https:\/\/ciudadyregion.com.co\/#\/schema\/person\/04a4954373ebc4051f46e8c65ff78622\",\"name\":\"David Andr\u00e9s Aguirre\",\"image\":{\"@type\":\"ImageObject\",\"inLanguage\":\"es\",\"@id\":\"https:\/\/ciudadyregion.com.co\/#\/schema\/person\/image\/\",\"url\":\"https:\/\/secure.gravatar.com\/avatar\/bc3c655860202182ee6d1b5edd042dbe?s=96&d=mm&r=g\",\"contentUrl\":\"https:\/\/secure.gravatar.com\/avatar\/bc3c655860202182ee6d1b5edd042dbe?s=96&d=mm&r=g\",\"caption\":\"David Andr\u00e9s Aguirre\"},\"url\":\"https:\/\/ciudadyregion.com.co\/index.php\/author\/diegoaguirre\/\"}]}<\/script>\n<!-- \/ Yoast SEO plugin. -->","yoast_head_json":{"title":"Tolima Avanza en Inclusi\u00f3n: Segundo Encuentro Departamental de Comit\u00e9s Municipales de Discapacidad - Ciudad y Region","robots":{"index":"index","follow":"follow","max-snippet":"max-snippet:-1","max-image-preview":"max-image-preview:large","max-video-preview":"max-video-preview:-1"},"canonical":"https:\/\/ciudadyregion.com.co\/index.php\/tolima-avanza-en-inclusion-segundo-encuentro-departamental-de-comites-municipales-de-discapacidad\/regional\/","og_locale":"es_ES","og_type":"article","og_title":"Tolima Avanza en Inclusi\u00f3n: Segundo Encuentro Departamental de Comit\u00e9s Municipales de Discapacidad - Ciudad y Region","og_description":"El objetivo del evento era articular acciones interinstitucionales en beneficio de la poblaci\u00f3n con discapacidad del departamento. Con \u00e9xito se llev\u00f3 a cabo el Segundo Encuentro Departamental de Comit\u00e9s Municipales de Discapacidad en la capital del Tolima. Este evento, enmarcado en la Ley 1145 de 2007 y la Resoluci\u00f3n No.Continuar Leyendo","og_url":"https:\/\/ciudadyregion.com.co\/index.php\/tolima-avanza-en-inclusion-segundo-encuentro-departamental-de-comites-municipales-de-discapacidad\/regional\/","og_site_name":"Ciudad y Region","article_published_time":"2024-07-23T14:48:29+00:00","og_image":[{"width":800,"height":445,"url":"https:\/\/ciudadyregion.com.co\/wp-content\/uploads\/2024\/07\/Tolima-Avanza-en-Inclusion_-Segundo-Encuentro-Departamental-de-Comites-Municipales-de-Discapacidad.jpg","type":"image\/jpeg"}],"author":"David Andr\u00e9s Aguirre","twitter_card":"summary_large_image","twitter_misc":{"Escrito por":"David Andr\u00e9s Aguirre","Tiempo de lectura":"2 minutos"},"schema":{"@context":"https:\/\/schema.org","@graph":[{"@type":"WebPage","@id":"https:\/\/ciudadyregion.com.co\/index.php\/tolima-avanza-en-inclusion-segundo-encuentro-departamental-de-comites-municipales-de-discapacidad\/regional\/","url":"https:\/\/ciudadyregion.com.co\/index.php\/tolima-avanza-en-inclusion-segundo-encuentro-departamental-de-comites-municipales-de-discapacidad\/regional\/","name":"Tolima Avanza en Inclusi\u00f3n: Segundo Encuentro Departamental de Comit\u00e9s Municipales de Discapacidad - Ciudad y Region","isPartOf":{"@id":"https:\/\/ciudadyregion.com.co\/#website"},"primaryImageOfPage":{"@id":"https:\/\/ciudadyregion.com.co\/index.php\/tolima-avanza-en-inclusion-segundo-encuentro-departamental-de-comites-municipales-de-discapacidad\/regional\/#primaryimage"},"image":{"@id":"https:\/\/ciudadyregion.com.co\/index.php\/tolima-avanza-en-inclusion-segundo-encuentro-departamental-de-comites-municipales-de-discapacidad\/regional\/#primaryimage"},"thumbnailUrl":"https:\/\/i0.wp.com\/ciudadyregion.com.co\/wp-content\/uploads\/2024\/07\/Tolima-Avanza-en-Inclusion_-Segundo-Encuentro-Departamental-de-Comites-Municipales-de-Discapacidad.jpg?fit=800%2C445&ssl=1","datePublished":"2024-07-23T14:48:29+00:00","dateModified":"2024-07-23T14:48:29+00:00","author":{"@id":"https:\/\/ciudadyregion.com.co\/#\/schema\/person\/04a4954373ebc4051f46e8c65ff78622"},"breadcrumb":{"@id":"https:\/\/ciudadyregion.com.co\/index.php\/tolima-avanza-en-inclusion-segundo-encuentro-departamental-de-comites-municipales-de-discapacidad\/regional\/#breadcrumb"},"inLanguage":"es","potentialAction":[{"@type":"ReadAction","target":["https:\/\/ciudadyregion.com.co\/index.php\/tolima-avanza-en-inclusion-segundo-encuentro-departamental-de-comites-municipales-de-discapacidad\/regional\/"]}]},{"@type":"ImageObject","inLanguage":"es","@id":"https:\/\/ciudadyregion.com.co\/index.php\/tolima-avanza-en-inclusion-segundo-encuentro-departamental-de-comites-municipales-de-discapacidad\/regional\/#primaryimage","url":"https:\/\/i0.wp.com\/ciudadyregion.com.co\/wp-content\/uploads\/2024\/07\/Tolima-Avanza-en-Inclusion_-Segundo-Encuentro-Departamental-de-Comites-Municipales-de-Discapacidad.jpg?fit=800%2C445&ssl=1","contentUrl":"https:\/\/i0.wp.com\/ciudadyregion.com.co\/wp-content\/uploads\/2024\/07\/Tolima-Avanza-en-Inclusion_-Segundo-Encuentro-Departamental-de-Comites-Municipales-de-Discapacidad.jpg?fit=800%2C445&ssl=1","width":800,"height":445},{"@type":"BreadcrumbList","@id":"https:\/\/ciudadyregion.com.co\/index.php\/tolima-avanza-en-inclusion-segundo-encuentro-departamental-de-comites-municipales-de-discapacidad\/regional\/#breadcrumb","itemListElement":[{"@type":"ListItem","position":1,"name":"Portada","item":"https:\/\/ciudadyregion.com.co\/"},{"@type":"ListItem","position":2,"name":"Tolima Avanza en Inclusi\u00f3n: Segundo Encuentro Departamental de Comit\u00e9s Municipales de Discapacidad"}]},{"@type":"WebSite","@id":"https:\/\/ciudadyregion.com.co\/#website","url":"https:\/\/ciudadyregion.com.co\/","name":"Ciudad y Region","description":"","potentialAction":[{"@type":"SearchAction","target":{"@type":"EntryPoint","urlTemplate":"https:\/\/ciudadyregion.com.co\/?s={search_term_string}"},"query-input":{"@type":"PropertyValueSpecification","valueRequired":true,"valueName":"search_term_string"}}],"inLanguage":"es"},{"@type":"Person","@id":"https:\/\/ciudadyregion.com.co\/#\/schema\/person\/04a4954373ebc4051f46e8c65ff78622","name":"David Andr\u00e9s Aguirre","image":{"@type":"ImageObject","inLanguage":"es","@id":"https:\/\/ciudadyregion.com.co\/#\/schema\/person\/image\/","url":"https:\/\/secure.gravatar.com\/avatar\/bc3c655860202182ee6d1b5edd042dbe?s=96&d=mm&r=g","contentUrl":"https:\/\/secure.gravatar.com\/avatar\/bc3c655860202182ee6d1b5edd042dbe?s=96&d=mm&r=g","caption":"David Andr\u00e9s Aguirre"},"url":"https:\/\/ciudadyregion.com.co\/index.php\/author\/diegoaguirre\/"}]}},"jetpack_featured_media_url":"https:\/\/i0.wp.com\/ciudadyregion.com.co\/wp-content\/uploads\/2024\/07\/Tolima-Avanza-en-Inclusion_-Segundo-Encuentro-Departamental-de-Comites-Municipales-de-Discapacidad.jpg?fit=800%2C445&ssl=1","jetpack_sharing_enabled":true,"jetpack_shortlink":"https:\/\/wp.me\/pbS7hh-4Kn","jetpack-related-posts":[],"_links":{"self":[{"href":"https:\/\/ciudadyregion.com.co\/index.php\/wp-json\/wp\/v2\/posts\/18251"}],"collection":[{"href":"https:\/\/ciudadyregion.com.co\/index.php\/wp-json\/wp\/v2\/posts"}],"about":[{"href":"https:\/\/ciudadyregion.com.co\/index.php\/wp-json\/wp\/v2\/types\/post"}],"author":[{"embeddable":true,"href":"https:\/\/ciudadyregion.com.co\/index.php\/wp-json\/wp\/v2\/users\/2"}],"replies":[{"embeddable":true,"href":"https:\/\/ciudadyregion.com.co\/index.php\/wp-json\/wp\/v2\/comments?post=18251"}],"version-history":[{"count":1,"href":"https:\/\/ciudadyregion.com.co\/index.php\/wp-json\/wp\/v2\/posts\/18251\/revisions"}],"predecessor-version":[{"id":18253,"href":"https:\/\/ciudadyregion.com.co\/index.php\/wp-json\/wp\/v2\/posts\/18251\/revisions\/18253"}],"wp:featuredmedia":[{"embeddable":true,"href":"https:\/\/ciudadyregion.com.co\/index.php\/wp-json\/wp\/v2\/media\/18252"}],"wp:attachment":[{"href":"https:\/\/ciudadyregion.com.co\/index.php\/wp-json\/wp\/v2\/media?parent=18251"}],"wp:term":[{"taxonomy":"category","embeddable":true,"href":"https:\/\/ciudadyregion.com.co\/index.php\/wp-json\/wp\/v2\/categories?post=18251"},{"taxonomy":"post_tag","embeddable":true,"href":"https:\/\/ciudadyregion.com.co\/index.php\/wp-json\/wp\/v2\/tags?post=18251"}],"curies":[{"name":"wp","href":"https:\/\/api.w.org\/{rel}","templated":true}]}}