{"id":18245,"date":"2024-07-23T09:42:33","date_gmt":"2024-07-23T14:42:33","guid":{"rendered":"https:\/\/ciudadyregion.com.co\/?p=18245"},"modified":"2024-07-23T09:42:33","modified_gmt":"2024-07-23T14:42:33","slug":"jeison-parra-del-campo-a-las-pistas-de-atletismo","status":"publish","type":"post","link":"https:\/\/ciudadyregion.com.co\/index.php\/jeison-parra-del-campo-a-las-pistas-de-atletismo\/regional\/","title":{"rendered":"Jeison Parra del campo a las pistas de atletismo"},"content":{"rendered":"<p>El atleta tolimense Jeison Parra nos dej\u00f3 entrar un poco m\u00e1s a su mundo deportivo y familiar<\/p>\n<p>Con un talento de 23 a\u00f1os y una gran historia de resiliencia inicia el relato de una historia que tiene origen en su natal Murillo, para posarse en las pistas de Atletismo, Jeison Parra ha basado su proyecto de vida en sacrificio, trabajo, lucha y sobre todo el apoyo familiar para llegar a ser uno de los mejores deportistas no solo del Tolima sino de Colombia.<\/p>\n<p>La adversidad fue el motor que motiv\u00f3 a Jeison para practicar el deporte, las dificultades por las que pas\u00f3 cuando viv\u00eda con sus padres lo llevaron al mundo del Atletismo, en este encontr\u00f3 un estilo de vida y una gran posibilidad para salir adelante.<\/p>\n<p>Antes de empezar a practicar Jeison se dedicaba a las tareas del campo trabajando como agricultor, cosa que lo llena de orgullo por ser la persona que es hoy en d\u00eda.<\/p>\n<p>Al paso de unos a\u00f1os y luego de cumplir su mayor\u00eda de edad y terminar sus estudios, tom\u00f3 la decisi\u00f3n de irse a vivir al Municipio del L\u00edbano, all\u00ed comenz\u00f3 a entrenar y buscar unas nuevas condiciones de vida a trav\u00e9s del deporte, sin dejar a un lado sus estudios.<\/p>\n<p>Fue all\u00ed donde recibi\u00f3 la motivaci\u00f3n por parte de su profesor de educaci\u00f3n f\u00edsica y algunos compa\u00f1eros que vieron en \u00e9l un talento diferencial.<\/p>\n<p>A d\u00eda de hoy Jeison Parra ya lleva 6 a\u00f1os en el atletismo, recuerda con agrado cuando gan\u00f3 el primer campeonato nacional en Bogot\u00e1, logrando clasificarse a un campeonato mundial en Europa con tan s\u00f3lo un a\u00f1o de experiencia, a ra\u00edz de esto asegura que su motivaci\u00f3n creci\u00f3 aun m\u00e1s ya que nunca imagin\u00f3 distanciarse tanto de su finca para obtener un logro tan importante a miles de kil\u00f3metros de su hogar, siempre con el apoyo incondicional del profesor Juan Carlos Cardona, su padrino en el Atletismo.<\/p>\n<p>Finalmente, Jeison se refiere a sus metas a corto y largo plazo, inicialmente tiene como objetivo hacer un r\u00e9cord nacional en una distancia de media marat\u00f3n ya que conf\u00eda en sus condiciones y a largo plazo tiene la meta de representar al pa\u00eds en unos Juegos Ol\u00edmpicos ya que cuenta con experiencia internacional y sus condiciones lo alientan a buscar la marca ideal.<\/p>\n","protected":false},"excerpt":{"rendered":"<p>El atleta tolimense Jeison Parra nos dej\u00f3 entrar un poco m\u00e1s a su mundo deportivo y familiar Con un talento de 23 a\u00f1os y una gran historia de resiliencia inicia el relato de una historia que tiene origen en su natal Murillo, para posarse en las pistas de Atletismo, Jeison<span class=\"more-link\"><a href=\"https:\/\/ciudadyregion.com.co\/index.php\/jeison-parra-del-campo-a-las-pistas-de-atletismo\/regional\/\">Continuar Leyendo<\/a><\/span><\/p>\n","protected":false},"author":2,"featured_media":18246,"comment_status":"open","ping_status":"open","sticky":false,"template":"","format":"standard","meta":{"_uf_show_specific_survey":0,"_uf_disable_surveys":false,"_jetpack_memberships_contains_paid_content":false,"footnotes":"","jetpack_publicize_message":"","jetpack_publicize_feature_enabled":true,"jetpack_social_post_already_shared":true,"jetpack_social_options":{"image_generator_settings":{"template":"highway","enabled":false},"version":2}},"categories":[13],"tags":[],"class_list":["entry","author-diegoaguirre","post-18245","post","type-post","status-publish","format-standard","has-post-thumbnail","category-regional"],"jetpack_publicize_connections":[],"yoast_head":"<!-- This site is optimized with the Yoast SEO plugin v24.3 - https:\/\/yoast.com\/wordpress\/plugins\/seo\/ -->\n<title>Jeison Parra del campo a las pistas de atletismo - Ciudad y Region<\/title>\n<meta name=\"robots\" content=\"index, follow, max-snippet:-1, max-image-preview:large, max-video-preview:-1\" \/>\n<link rel=\"canonical\" href=\"https:\/\/ciudadyregion.com.co\/index.php\/jeison-parra-del-campo-a-las-pistas-de-atletismo\/regional\/\" \/>\n<meta property=\"og:locale\" content=\"es_ES\" \/>\n<meta property=\"og:type\" content=\"article\" \/>\n<meta property=\"og:title\" content=\"Jeison Parra del campo a las pistas de atletismo - Ciudad y Region\" \/>\n<meta property=\"og:description\" content=\"El atleta tolimense Jeison Parra nos dej\u00f3 entrar un poco m\u00e1s a su mundo deportivo y familiar Con un talento de 23 a\u00f1os y una gran historia de resiliencia inicia el relato de una historia que tiene origen en su natal Murillo, para posarse en las pistas de Atletismo, JeisonContinuar Leyendo\" \/>\n<meta property=\"og:url\" content=\"https:\/\/ciudadyregion.com.co\/index.php\/jeison-parra-del-campo-a-las-pistas-de-atletismo\/regional\/\" \/>\n<meta property=\"og:site_name\" content=\"Ciudad y Region\" \/>\n<meta property=\"article:published_time\" content=\"2024-07-23T14:42:33+00:00\" \/>\n<meta property=\"og:image\" content=\"https:\/\/ciudadyregion.com.co\/wp-content\/uploads\/2024\/07\/Jeison-Parra-del-campo-a-las-pistas-de-atletismo.jpg\" \/>\n\t<meta property=\"og:image:width\" content=\"800\" \/>\n\t<meta property=\"og:image:height\" content=\"445\" \/>\n\t<meta property=\"og:image:type\" content=\"image\/jpeg\" \/>\n<meta name=\"author\" content=\"David Andr\u00e9s Aguirre\" \/>\n<meta name=\"twitter:card\" content=\"summary_large_image\" \/>\n<meta name=\"twitter:label1\" content=\"Escrito por\" \/>\n\t<meta name=\"twitter:data1\" content=\"David Andr\u00e9s Aguirre\" \/>\n\t<meta name=\"twitter:label2\" content=\"Tiempo de lectura\" \/>\n\t<meta name=\"twitter:data2\" content=\"2 minutos\" \/>\n<script type=\"application\/ld+json\" class=\"yoast-schema-graph\">{\"@context\":\"https:\/\/schema.org\",\"@graph\":[{\"@type\":\"WebPage\",\"@id\":\"https:\/\/ciudadyregion.com.co\/index.php\/jeison-parra-del-campo-a-las-pistas-de-atletismo\/regional\/\",\"url\":\"https:\/\/ciudadyregion.com.co\/index.php\/jeison-parra-del-campo-a-las-pistas-de-atletismo\/regional\/\",\"name\":\"Jeison Parra del campo a las pistas de atletismo - Ciudad y Region\",\"isPartOf\":{\"@id\":\"https:\/\/ciudadyregion.com.co\/#website\"},\"primaryImageOfPage\":{\"@id\":\"https:\/\/ciudadyregion.com.co\/index.php\/jeison-parra-del-campo-a-las-pistas-de-atletismo\/regional\/#primaryimage\"},\"image\":{\"@id\":\"https:\/\/ciudadyregion.com.co\/index.php\/jeison-parra-del-campo-a-las-pistas-de-atletismo\/regional\/#primaryimage\"},\"thumbnailUrl\":\"https:\/\/i0.wp.com\/ciudadyregion.com.co\/wp-content\/uploads\/2024\/07\/Jeison-Parra-del-campo-a-las-pistas-de-atletismo.jpg?fit=800%2C445&ssl=1\",\"datePublished\":\"2024-07-23T14:42:33+00:00\",\"dateModified\":\"2024-07-23T14:42:33+00:00\",\"author\":{\"@id\":\"https:\/\/ciudadyregion.com.co\/#\/schema\/person\/04a4954373ebc4051f46e8c65ff78622\"},\"breadcrumb\":{\"@id\":\"https:\/\/ciudadyregion.com.co\/index.php\/jeison-parra-del-campo-a-las-pistas-de-atletismo\/regional\/#breadcrumb\"},\"inLanguage\":\"es\",\"potentialAction\":[{\"@type\":\"ReadAction\",\"target\":[\"https:\/\/ciudadyregion.com.co\/index.php\/jeison-parra-del-campo-a-las-pistas-de-atletismo\/regional\/\"]}]},{\"@type\":\"ImageObject\",\"inLanguage\":\"es\",\"@id\":\"https:\/\/ciudadyregion.com.co\/index.php\/jeison-parra-del-campo-a-las-pistas-de-atletismo\/regional\/#primaryimage\",\"url\":\"https:\/\/i0.wp.com\/ciudadyregion.com.co\/wp-content\/uploads\/2024\/07\/Jeison-Parra-del-campo-a-las-pistas-de-atletismo.jpg?fit=800%2C445&ssl=1\",\"contentUrl\":\"https:\/\/i0.wp.com\/ciudadyregion.com.co\/wp-content\/uploads\/2024\/07\/Jeison-Parra-del-campo-a-las-pistas-de-atletismo.jpg?fit=800%2C445&ssl=1\",\"width\":800,\"height\":445},{\"@type\":\"BreadcrumbList\",\"@id\":\"https:\/\/ciudadyregion.com.co\/index.php\/jeison-parra-del-campo-a-las-pistas-de-atletismo\/regional\/#breadcrumb\",\"itemListElement\":[{\"@type\":\"ListItem\",\"position\":1,\"name\":\"Portada\",\"item\":\"https:\/\/ciudadyregion.com.co\/\"},{\"@type\":\"ListItem\",\"position\":2,\"name\":\"Jeison Parra del campo a las pistas de atletismo\"}]},{\"@type\":\"WebSite\",\"@id\":\"https:\/\/ciudadyregion.com.co\/#website\",\"url\":\"https:\/\/ciudadyregion.com.co\/\",\"name\":\"Ciudad y Region\",\"description\":\"\",\"potentialAction\":[{\"@type\":\"SearchAction\",\"target\":{\"@type\":\"EntryPoint\",\"urlTemplate\":\"https:\/\/ciudadyregion.com.co\/?s={search_term_string}\"},\"query-input\":{\"@type\":\"PropertyValueSpecification\",\"valueRequired\":true,\"valueName\":\"search_term_string\"}}],\"inLanguage\":\"es\"},{\"@type\":\"Person\",\"@id\":\"https:\/\/ciudadyregion.com.co\/#\/schema\/person\/04a4954373ebc4051f46e8c65ff78622\",\"name\":\"David Andr\u00e9s Aguirre\",\"image\":{\"@type\":\"ImageObject\",\"inLanguage\":\"es\",\"@id\":\"https:\/\/ciudadyregion.com.co\/#\/schema\/person\/image\/\",\"url\":\"https:\/\/secure.gravatar.com\/avatar\/bc3c655860202182ee6d1b5edd042dbe?s=96&d=mm&r=g\",\"contentUrl\":\"https:\/\/secure.gravatar.com\/avatar\/bc3c655860202182ee6d1b5edd042dbe?s=96&d=mm&r=g\",\"caption\":\"David Andr\u00e9s Aguirre\"},\"url\":\"https:\/\/ciudadyregion.com.co\/index.php\/author\/diegoaguirre\/\"}]}<\/script>\n<!-- \/ Yoast SEO plugin. -->","yoast_head_json":{"title":"Jeison Parra del campo a las pistas de atletismo - Ciudad y Region","robots":{"index":"index","follow":"follow","max-snippet":"max-snippet:-1","max-image-preview":"max-image-preview:large","max-video-preview":"max-video-preview:-1"},"canonical":"https:\/\/ciudadyregion.com.co\/index.php\/jeison-parra-del-campo-a-las-pistas-de-atletismo\/regional\/","og_locale":"es_ES","og_type":"article","og_title":"Jeison Parra del campo a las pistas de atletismo - Ciudad y Region","og_description":"El atleta tolimense Jeison Parra nos dej\u00f3 entrar un poco m\u00e1s a su mundo deportivo y familiar Con un talento de 23 a\u00f1os y una gran historia de resiliencia inicia el relato de una historia que tiene origen en su natal Murillo, para posarse en las pistas de Atletismo, JeisonContinuar Leyendo","og_url":"https:\/\/ciudadyregion.com.co\/index.php\/jeison-parra-del-campo-a-las-pistas-de-atletismo\/regional\/","og_site_name":"Ciudad y Region","article_published_time":"2024-07-23T14:42:33+00:00","og_image":[{"width":800,"height":445,"url":"https:\/\/ciudadyregion.com.co\/wp-content\/uploads\/2024\/07\/Jeison-Parra-del-campo-a-las-pistas-de-atletismo.jpg","type":"image\/jpeg"}],"author":"David Andr\u00e9s Aguirre","twitter_card":"summary_large_image","twitter_misc":{"Escrito por":"David Andr\u00e9s Aguirre","Tiempo de lectura":"2 minutos"},"schema":{"@context":"https:\/\/schema.org","@graph":[{"@type":"WebPage","@id":"https:\/\/ciudadyregion.com.co\/index.php\/jeison-parra-del-campo-a-las-pistas-de-atletismo\/regional\/","url":"https:\/\/ciudadyregion.com.co\/index.php\/jeison-parra-del-campo-a-las-pistas-de-atletismo\/regional\/","name":"Jeison Parra del campo a las pistas de atletismo - Ciudad y Region","isPartOf":{"@id":"https:\/\/ciudadyregion.com.co\/#website"},"primaryImageOfPage":{"@id":"https:\/\/ciudadyregion.com.co\/index.php\/jeison-parra-del-campo-a-las-pistas-de-atletismo\/regional\/#primaryimage"},"image":{"@id":"https:\/\/ciudadyregion.com.co\/index.php\/jeison-parra-del-campo-a-las-pistas-de-atletismo\/regional\/#primaryimage"},"thumbnailUrl":"https:\/\/i0.wp.com\/ciudadyregion.com.co\/wp-content\/uploads\/2024\/07\/Jeison-Parra-del-campo-a-las-pistas-de-atletismo.jpg?fit=800%2C445&ssl=1","datePublished":"2024-07-23T14:42:33+00:00","dateModified":"2024-07-23T14:42:33+00:00","author":{"@id":"https:\/\/ciudadyregion.com.co\/#\/schema\/person\/04a4954373ebc4051f46e8c65ff78622"},"breadcrumb":{"@id":"https:\/\/ciudadyregion.com.co\/index.php\/jeison-parra-del-campo-a-las-pistas-de-atletismo\/regional\/#breadcrumb"},"inLanguage":"es","potentialAction":[{"@type":"ReadAction","target":["https:\/\/ciudadyregion.com.co\/index.php\/jeison-parra-del-campo-a-las-pistas-de-atletismo\/regional\/"]}]},{"@type":"ImageObject","inLanguage":"es","@id":"https:\/\/ciudadyregion.com.co\/index.php\/jeison-parra-del-campo-a-las-pistas-de-atletismo\/regional\/#primaryimage","url":"https:\/\/i0.wp.com\/ciudadyregion.com.co\/wp-content\/uploads\/2024\/07\/Jeison-Parra-del-campo-a-las-pistas-de-atletismo.jpg?fit=800%2C445&ssl=1","contentUrl":"https:\/\/i0.wp.com\/ciudadyregion.com.co\/wp-content\/uploads\/2024\/07\/Jeison-Parra-del-campo-a-las-pistas-de-atletismo.jpg?fit=800%2C445&ssl=1","width":800,"height":445},{"@type":"BreadcrumbList","@id":"https:\/\/ciudadyregion.com.co\/index.php\/jeison-parra-del-campo-a-las-pistas-de-atletismo\/regional\/#breadcrumb","itemListElement":[{"@type":"ListItem","position":1,"name":"Portada","item":"https:\/\/ciudadyregion.com.co\/"},{"@type":"ListItem","position":2,"name":"Jeison Parra del campo a las pistas de atletismo"}]},{"@type":"WebSite","@id":"https:\/\/ciudadyregion.com.co\/#website","url":"https:\/\/ciudadyregion.com.co\/","name":"Ciudad y Region","description":"","potentialAction":[{"@type":"SearchAction","target":{"@type":"EntryPoint","urlTemplate":"https:\/\/ciudadyregion.com.co\/?s={search_term_string}"},"query-input":{"@type":"PropertyValueSpecification","valueRequired":true,"valueName":"search_term_string"}}],"inLanguage":"es"},{"@type":"Person","@id":"https:\/\/ciudadyregion.com.co\/#\/schema\/person\/04a4954373ebc4051f46e8c65ff78622","name":"David Andr\u00e9s Aguirre","image":{"@type":"ImageObject","inLanguage":"es","@id":"https:\/\/ciudadyregion.com.co\/#\/schema\/person\/image\/","url":"https:\/\/secure.gravatar.com\/avatar\/bc3c655860202182ee6d1b5edd042dbe?s=96&d=mm&r=g","contentUrl":"https:\/\/secure.gravatar.com\/avatar\/bc3c655860202182ee6d1b5edd042dbe?s=96&d=mm&r=g","caption":"David Andr\u00e9s Aguirre"},"url":"https:\/\/ciudadyregion.com.co\/index.php\/author\/diegoaguirre\/"}]}},"jetpack_featured_media_url":"https:\/\/i0.wp.com\/ciudadyregion.com.co\/wp-content\/uploads\/2024\/07\/Jeison-Parra-del-campo-a-las-pistas-de-atletismo.jpg?fit=800%2C445&ssl=1","jetpack_sharing_enabled":true,"jetpack_shortlink":"https:\/\/wp.me\/pbS7hh-4Kh","jetpack-related-posts":[],"_links":{"self":[{"href":"https:\/\/ciudadyregion.com.co\/index.php\/wp-json\/wp\/v2\/posts\/18245"}],"collection":[{"href":"https:\/\/ciudadyregion.com.co\/index.php\/wp-json\/wp\/v2\/posts"}],"about":[{"href":"https:\/\/ciudadyregion.com.co\/index.php\/wp-json\/wp\/v2\/types\/post"}],"author":[{"embeddable":true,"href":"https:\/\/ciudadyregion.com.co\/index.php\/wp-json\/wp\/v2\/users\/2"}],"replies":[{"embeddable":true,"href":"https:\/\/ciudadyregion.com.co\/index.php\/wp-json\/wp\/v2\/comments?post=18245"}],"version-history":[{"count":1,"href":"https:\/\/ciudadyregion.com.co\/index.php\/wp-json\/wp\/v2\/posts\/18245\/revisions"}],"predecessor-version":[{"id":18247,"href":"https:\/\/ciudadyregion.com.co\/index.php\/wp-json\/wp\/v2\/posts\/18245\/revisions\/18247"}],"wp:featuredmedia":[{"embeddable":true,"href":"https:\/\/ciudadyregion.com.co\/index.php\/wp-json\/wp\/v2\/media\/18246"}],"wp:attachment":[{"href":"https:\/\/ciudadyregion.com.co\/index.php\/wp-json\/wp\/v2\/media?parent=18245"}],"wp:term":[{"taxonomy":"category","embeddable":true,"href":"https:\/\/ciudadyregion.com.co\/index.php\/wp-json\/wp\/v2\/categories?post=18245"},{"taxonomy":"post_tag","embeddable":true,"href":"https:\/\/ciudadyregion.com.co\/index.php\/wp-json\/wp\/v2\/tags?post=18245"}],"curies":[{"name":"wp","href":"https:\/\/api.w.org\/{rel}","templated":true}]}}