{"id":18240,"date":"2024-07-23T09:38:57","date_gmt":"2024-07-23T14:38:57","guid":{"rendered":"https:\/\/ciudadyregion.com.co\/?p=18240"},"modified":"2024-07-23T09:38:57","modified_gmt":"2024-07-23T14:38:57","slug":"ruta-marquetalia-y-ruta-de-la-paz-seran-foco-de-inversion-para-el-turismo-en-planadas","status":"publish","type":"post","link":"https:\/\/ciudadyregion.com.co\/index.php\/ruta-marquetalia-y-ruta-de-la-paz-seran-foco-de-inversion-para-el-turismo-en-planadas\/regional\/","title":{"rendered":"Ruta Marquetalia y Ruta de La Paz ser\u00e1n foco de inversi\u00f3n para el turismo en Planadas"},"content":{"rendered":"<p>&nbsp;<\/p>\n<p>En una destacada gesti\u00f3n de la Gobernaci\u00f3n del Tolima, a trav\u00e9s de la Secretar\u00eda de Cultura y Turismo, se ha logrado que el Fondo Nacional del Turismo (FONTUR) se comprometa a una significativa inversi\u00f3n para el municipio de Planadas.<\/p>\n<p>Este esfuerzo est\u00e1 destinado a la promoci\u00f3n de la Ruta Marquetalia y la Ruta de La Paz; consolidando as\u00ed a Planadas como un destino tur\u00edstico de relevancia en el departamento y el pa\u00eds.<\/p>\n<p>Alexander Castro, secretario de Cultura y Turismo de la Gobernaci\u00f3n del Tolima, explic\u00f3 el proceso y los beneficios de esta inversi\u00f3n. \u201cEl viceministerio nos pidi\u00f3 elaborar para presentar en Fontur, un proyecto para promoci\u00f3n de Planadas por 300 millones de pesos, que lo presentar\u00e1 para mayor beneficio la alcald\u00eda local por ser municipio PDET ( Programas de Desarrollo con Enfoque Territorial), solo la cofinanciaci\u00f3n es del 1%, entonces la alcald\u00eda solo pondr\u00eda $3 millones para que podamos hacer promoci\u00f3n del destino tur\u00edstico\u00bb, mencion\u00f3 Castro.<\/p>\n<p>Este proyecto, que ya est\u00e1, totalmente, elaborado ha recibido el respaldo del viceministro, quien ha prometido los fondos necesarios para su implementaci\u00f3n. \u00abEl proyecto hoy queda totalmente elaborado en el marco de proyectos que se presentan ante Fontur, y ya el viceministro se comprometi\u00f3 que nos va a dar ese dinero para promocionar a Planadas\u00bb, a\u00f1adi\u00f3 el secretario.<\/p>\n<p>Con esta inversi\u00f3n se busca no solo fortalecer la Feria de Planadas sino tambi\u00e9n promover las rutas tur\u00edsticas de Marquetalia y La Paz. \u00abEs decir, que no solamente sea la feria y sino que metamos ah\u00ed la ruta Marquetalia, la ruta de la paz y que empecemos a armar todo un proceso que nos permita esa narrativa cont\u00e1rsela al pa\u00eds y al mundo de lo que representa este municipio en t\u00e9rminos de resiliencia y de paz\u00bb, concluy\u00f3 Castro.<\/p>\n<p>La Ordenanza 019 del 2024, presentada y aprobada por la Asamblea del Tolima, comprende la Ruta Marquetalia que tiene un trayecto con potencial tur\u00edstico, hist\u00f3rico y cultural que comprende: cabecera de Planadas \u2013 Corregimiento de Gaitania \u2013 vereda el Jord\u00e1n \u2013 vereda el Oso \u2013 vereda Villanueva \u2013 vereda Marquetalia.<\/p>\n<p>La Gobernaci\u00f3n del Tolima sigue trabajando para impulsar el desarrollo tur\u00edstico desde los municipios, reconociendo la importancia de construir un departamento desde el territorio y no desde los escritorios.<\/p>\n","protected":false},"excerpt":{"rendered":"<p>&nbsp; En una destacada gesti\u00f3n de la Gobernaci\u00f3n del Tolima, a trav\u00e9s de la Secretar\u00eda de Cultura y Turismo, se ha logrado que el Fondo Nacional del Turismo (FONTUR) se comprometa a una significativa inversi\u00f3n para el municipio de Planadas. Este esfuerzo est\u00e1 destinado a la promoci\u00f3n de la Ruta<span class=\"more-link\"><a href=\"https:\/\/ciudadyregion.com.co\/index.php\/ruta-marquetalia-y-ruta-de-la-paz-seran-foco-de-inversion-para-el-turismo-en-planadas\/regional\/\">Continuar Leyendo<\/a><\/span><\/p>\n","protected":false},"author":2,"featured_media":18242,"comment_status":"open","ping_status":"open","sticky":false,"template":"","format":"standard","meta":{"_uf_show_specific_survey":0,"_uf_disable_surveys":false,"_jetpack_memberships_contains_paid_content":false,"footnotes":"","jetpack_publicize_message":"","jetpack_publicize_feature_enabled":true,"jetpack_social_post_already_shared":true,"jetpack_social_options":{"image_generator_settings":{"template":"highway","enabled":false},"version":2}},"categories":[13],"tags":[],"class_list":["entry","author-diegoaguirre","post-18240","post","type-post","status-publish","format-standard","has-post-thumbnail","category-regional"],"jetpack_publicize_connections":[],"yoast_head":"<!-- This site is optimized with the Yoast SEO plugin v24.3 - https:\/\/yoast.com\/wordpress\/plugins\/seo\/ -->\n<title>Ruta Marquetalia y Ruta de La Paz ser\u00e1n foco de inversi\u00f3n para el turismo en Planadas - Ciudad y Region<\/title>\n<meta name=\"robots\" content=\"index, follow, max-snippet:-1, max-image-preview:large, max-video-preview:-1\" \/>\n<link rel=\"canonical\" href=\"https:\/\/ciudadyregion.com.co\/index.php\/ruta-marquetalia-y-ruta-de-la-paz-seran-foco-de-inversion-para-el-turismo-en-planadas\/regional\/\" \/>\n<meta property=\"og:locale\" content=\"es_ES\" \/>\n<meta property=\"og:type\" content=\"article\" \/>\n<meta property=\"og:title\" content=\"Ruta Marquetalia y Ruta de La Paz ser\u00e1n foco de inversi\u00f3n para el turismo en Planadas - Ciudad y Region\" \/>\n<meta property=\"og:description\" content=\"&nbsp; En una destacada gesti\u00f3n de la Gobernaci\u00f3n del Tolima, a trav\u00e9s de la Secretar\u00eda de Cultura y Turismo, se ha logrado que el Fondo Nacional del Turismo (FONTUR) se comprometa a una significativa inversi\u00f3n para el municipio de Planadas. Este esfuerzo est\u00e1 destinado a la promoci\u00f3n de la RutaContinuar Leyendo\" \/>\n<meta property=\"og:url\" content=\"https:\/\/ciudadyregion.com.co\/index.php\/ruta-marquetalia-y-ruta-de-la-paz-seran-foco-de-inversion-para-el-turismo-en-planadas\/regional\/\" \/>\n<meta property=\"og:site_name\" content=\"Ciudad y Region\" \/>\n<meta property=\"article:published_time\" content=\"2024-07-23T14:38:57+00:00\" \/>\n<meta property=\"og:image\" content=\"https:\/\/ciudadyregion.com.co\/wp-content\/uploads\/2024\/07\/Ruta-Marquetalia-y-Ruta-de-La-Paz-seran-foco-de-inversion-para-el-turismo-en-Planadas.jpg\" \/>\n\t<meta property=\"og:image:width\" content=\"800\" \/>\n\t<meta property=\"og:image:height\" content=\"445\" \/>\n\t<meta property=\"og:image:type\" content=\"image\/jpeg\" \/>\n<meta name=\"author\" content=\"David Andr\u00e9s Aguirre\" \/>\n<meta name=\"twitter:card\" content=\"summary_large_image\" \/>\n<meta name=\"twitter:label1\" content=\"Escrito por\" \/>\n\t<meta name=\"twitter:data1\" content=\"David Andr\u00e9s Aguirre\" \/>\n\t<meta name=\"twitter:label2\" content=\"Tiempo de lectura\" \/>\n\t<meta name=\"twitter:data2\" content=\"2 minutos\" \/>\n<script type=\"application\/ld+json\" class=\"yoast-schema-graph\">{\"@context\":\"https:\/\/schema.org\",\"@graph\":[{\"@type\":\"WebPage\",\"@id\":\"https:\/\/ciudadyregion.com.co\/index.php\/ruta-marquetalia-y-ruta-de-la-paz-seran-foco-de-inversion-para-el-turismo-en-planadas\/regional\/\",\"url\":\"https:\/\/ciudadyregion.com.co\/index.php\/ruta-marquetalia-y-ruta-de-la-paz-seran-foco-de-inversion-para-el-turismo-en-planadas\/regional\/\",\"name\":\"Ruta Marquetalia y Ruta de La Paz ser\u00e1n foco de inversi\u00f3n para el turismo en Planadas - Ciudad y Region\",\"isPartOf\":{\"@id\":\"https:\/\/ciudadyregion.com.co\/#website\"},\"primaryImageOfPage\":{\"@id\":\"https:\/\/ciudadyregion.com.co\/index.php\/ruta-marquetalia-y-ruta-de-la-paz-seran-foco-de-inversion-para-el-turismo-en-planadas\/regional\/#primaryimage\"},\"image\":{\"@id\":\"https:\/\/ciudadyregion.com.co\/index.php\/ruta-marquetalia-y-ruta-de-la-paz-seran-foco-de-inversion-para-el-turismo-en-planadas\/regional\/#primaryimage\"},\"thumbnailUrl\":\"https:\/\/i0.wp.com\/ciudadyregion.com.co\/wp-content\/uploads\/2024\/07\/Ruta-Marquetalia-y-Ruta-de-La-Paz-seran-foco-de-inversion-para-el-turismo-en-Planadas.jpg?fit=800%2C445&ssl=1\",\"datePublished\":\"2024-07-23T14:38:57+00:00\",\"dateModified\":\"2024-07-23T14:38:57+00:00\",\"author\":{\"@id\":\"https:\/\/ciudadyregion.com.co\/#\/schema\/person\/04a4954373ebc4051f46e8c65ff78622\"},\"breadcrumb\":{\"@id\":\"https:\/\/ciudadyregion.com.co\/index.php\/ruta-marquetalia-y-ruta-de-la-paz-seran-foco-de-inversion-para-el-turismo-en-planadas\/regional\/#breadcrumb\"},\"inLanguage\":\"es\",\"potentialAction\":[{\"@type\":\"ReadAction\",\"target\":[\"https:\/\/ciudadyregion.com.co\/index.php\/ruta-marquetalia-y-ruta-de-la-paz-seran-foco-de-inversion-para-el-turismo-en-planadas\/regional\/\"]}]},{\"@type\":\"ImageObject\",\"inLanguage\":\"es\",\"@id\":\"https:\/\/ciudadyregion.com.co\/index.php\/ruta-marquetalia-y-ruta-de-la-paz-seran-foco-de-inversion-para-el-turismo-en-planadas\/regional\/#primaryimage\",\"url\":\"https:\/\/i0.wp.com\/ciudadyregion.com.co\/wp-content\/uploads\/2024\/07\/Ruta-Marquetalia-y-Ruta-de-La-Paz-seran-foco-de-inversion-para-el-turismo-en-Planadas.jpg?fit=800%2C445&ssl=1\",\"contentUrl\":\"https:\/\/i0.wp.com\/ciudadyregion.com.co\/wp-content\/uploads\/2024\/07\/Ruta-Marquetalia-y-Ruta-de-La-Paz-seran-foco-de-inversion-para-el-turismo-en-Planadas.jpg?fit=800%2C445&ssl=1\",\"width\":800,\"height\":445},{\"@type\":\"BreadcrumbList\",\"@id\":\"https:\/\/ciudadyregion.com.co\/index.php\/ruta-marquetalia-y-ruta-de-la-paz-seran-foco-de-inversion-para-el-turismo-en-planadas\/regional\/#breadcrumb\",\"itemListElement\":[{\"@type\":\"ListItem\",\"position\":1,\"name\":\"Portada\",\"item\":\"https:\/\/ciudadyregion.com.co\/\"},{\"@type\":\"ListItem\",\"position\":2,\"name\":\"Ruta Marquetalia y Ruta de La Paz ser\u00e1n foco de inversi\u00f3n para el turismo en Planadas\"}]},{\"@type\":\"WebSite\",\"@id\":\"https:\/\/ciudadyregion.com.co\/#website\",\"url\":\"https:\/\/ciudadyregion.com.co\/\",\"name\":\"Ciudad y Region\",\"description\":\"\",\"potentialAction\":[{\"@type\":\"SearchAction\",\"target\":{\"@type\":\"EntryPoint\",\"urlTemplate\":\"https:\/\/ciudadyregion.com.co\/?s={search_term_string}\"},\"query-input\":{\"@type\":\"PropertyValueSpecification\",\"valueRequired\":true,\"valueName\":\"search_term_string\"}}],\"inLanguage\":\"es\"},{\"@type\":\"Person\",\"@id\":\"https:\/\/ciudadyregion.com.co\/#\/schema\/person\/04a4954373ebc4051f46e8c65ff78622\",\"name\":\"David Andr\u00e9s Aguirre\",\"image\":{\"@type\":\"ImageObject\",\"inLanguage\":\"es\",\"@id\":\"https:\/\/ciudadyregion.com.co\/#\/schema\/person\/image\/\",\"url\":\"https:\/\/secure.gravatar.com\/avatar\/bc3c655860202182ee6d1b5edd042dbe?s=96&d=mm&r=g\",\"contentUrl\":\"https:\/\/secure.gravatar.com\/avatar\/bc3c655860202182ee6d1b5edd042dbe?s=96&d=mm&r=g\",\"caption\":\"David Andr\u00e9s Aguirre\"},\"url\":\"https:\/\/ciudadyregion.com.co\/index.php\/author\/diegoaguirre\/\"}]}<\/script>\n<!-- \/ Yoast SEO plugin. -->","yoast_head_json":{"title":"Ruta Marquetalia y Ruta de La Paz ser\u00e1n foco de inversi\u00f3n para el turismo en Planadas - Ciudad y Region","robots":{"index":"index","follow":"follow","max-snippet":"max-snippet:-1","max-image-preview":"max-image-preview:large","max-video-preview":"max-video-preview:-1"},"canonical":"https:\/\/ciudadyregion.com.co\/index.php\/ruta-marquetalia-y-ruta-de-la-paz-seran-foco-de-inversion-para-el-turismo-en-planadas\/regional\/","og_locale":"es_ES","og_type":"article","og_title":"Ruta Marquetalia y Ruta de La Paz ser\u00e1n foco de inversi\u00f3n para el turismo en Planadas - Ciudad y Region","og_description":"&nbsp; En una destacada gesti\u00f3n de la Gobernaci\u00f3n del Tolima, a trav\u00e9s de la Secretar\u00eda de Cultura y Turismo, se ha logrado que el Fondo Nacional del Turismo (FONTUR) se comprometa a una significativa inversi\u00f3n para el municipio de Planadas. Este esfuerzo est\u00e1 destinado a la promoci\u00f3n de la RutaContinuar Leyendo","og_url":"https:\/\/ciudadyregion.com.co\/index.php\/ruta-marquetalia-y-ruta-de-la-paz-seran-foco-de-inversion-para-el-turismo-en-planadas\/regional\/","og_site_name":"Ciudad y Region","article_published_time":"2024-07-23T14:38:57+00:00","og_image":[{"width":800,"height":445,"url":"https:\/\/ciudadyregion.com.co\/wp-content\/uploads\/2024\/07\/Ruta-Marquetalia-y-Ruta-de-La-Paz-seran-foco-de-inversion-para-el-turismo-en-Planadas.jpg","type":"image\/jpeg"}],"author":"David Andr\u00e9s Aguirre","twitter_card":"summary_large_image","twitter_misc":{"Escrito por":"David Andr\u00e9s Aguirre","Tiempo de lectura":"2 minutos"},"schema":{"@context":"https:\/\/schema.org","@graph":[{"@type":"WebPage","@id":"https:\/\/ciudadyregion.com.co\/index.php\/ruta-marquetalia-y-ruta-de-la-paz-seran-foco-de-inversion-para-el-turismo-en-planadas\/regional\/","url":"https:\/\/ciudadyregion.com.co\/index.php\/ruta-marquetalia-y-ruta-de-la-paz-seran-foco-de-inversion-para-el-turismo-en-planadas\/regional\/","name":"Ruta Marquetalia y Ruta de La Paz ser\u00e1n foco de inversi\u00f3n para el turismo en Planadas - Ciudad y Region","isPartOf":{"@id":"https:\/\/ciudadyregion.com.co\/#website"},"primaryImageOfPage":{"@id":"https:\/\/ciudadyregion.com.co\/index.php\/ruta-marquetalia-y-ruta-de-la-paz-seran-foco-de-inversion-para-el-turismo-en-planadas\/regional\/#primaryimage"},"image":{"@id":"https:\/\/ciudadyregion.com.co\/index.php\/ruta-marquetalia-y-ruta-de-la-paz-seran-foco-de-inversion-para-el-turismo-en-planadas\/regional\/#primaryimage"},"thumbnailUrl":"https:\/\/i0.wp.com\/ciudadyregion.com.co\/wp-content\/uploads\/2024\/07\/Ruta-Marquetalia-y-Ruta-de-La-Paz-seran-foco-de-inversion-para-el-turismo-en-Planadas.jpg?fit=800%2C445&ssl=1","datePublished":"2024-07-23T14:38:57+00:00","dateModified":"2024-07-23T14:38:57+00:00","author":{"@id":"https:\/\/ciudadyregion.com.co\/#\/schema\/person\/04a4954373ebc4051f46e8c65ff78622"},"breadcrumb":{"@id":"https:\/\/ciudadyregion.com.co\/index.php\/ruta-marquetalia-y-ruta-de-la-paz-seran-foco-de-inversion-para-el-turismo-en-planadas\/regional\/#breadcrumb"},"inLanguage":"es","potentialAction":[{"@type":"ReadAction","target":["https:\/\/ciudadyregion.com.co\/index.php\/ruta-marquetalia-y-ruta-de-la-paz-seran-foco-de-inversion-para-el-turismo-en-planadas\/regional\/"]}]},{"@type":"ImageObject","inLanguage":"es","@id":"https:\/\/ciudadyregion.com.co\/index.php\/ruta-marquetalia-y-ruta-de-la-paz-seran-foco-de-inversion-para-el-turismo-en-planadas\/regional\/#primaryimage","url":"https:\/\/i0.wp.com\/ciudadyregion.com.co\/wp-content\/uploads\/2024\/07\/Ruta-Marquetalia-y-Ruta-de-La-Paz-seran-foco-de-inversion-para-el-turismo-en-Planadas.jpg?fit=800%2C445&ssl=1","contentUrl":"https:\/\/i0.wp.com\/ciudadyregion.com.co\/wp-content\/uploads\/2024\/07\/Ruta-Marquetalia-y-Ruta-de-La-Paz-seran-foco-de-inversion-para-el-turismo-en-Planadas.jpg?fit=800%2C445&ssl=1","width":800,"height":445},{"@type":"BreadcrumbList","@id":"https:\/\/ciudadyregion.com.co\/index.php\/ruta-marquetalia-y-ruta-de-la-paz-seran-foco-de-inversion-para-el-turismo-en-planadas\/regional\/#breadcrumb","itemListElement":[{"@type":"ListItem","position":1,"name":"Portada","item":"https:\/\/ciudadyregion.com.co\/"},{"@type":"ListItem","position":2,"name":"Ruta Marquetalia y Ruta de La Paz ser\u00e1n foco de inversi\u00f3n para el turismo en Planadas"}]},{"@type":"WebSite","@id":"https:\/\/ciudadyregion.com.co\/#website","url":"https:\/\/ciudadyregion.com.co\/","name":"Ciudad y Region","description":"","potentialAction":[{"@type":"SearchAction","target":{"@type":"EntryPoint","urlTemplate":"https:\/\/ciudadyregion.com.co\/?s={search_term_string}"},"query-input":{"@type":"PropertyValueSpecification","valueRequired":true,"valueName":"search_term_string"}}],"inLanguage":"es"},{"@type":"Person","@id":"https:\/\/ciudadyregion.com.co\/#\/schema\/person\/04a4954373ebc4051f46e8c65ff78622","name":"David Andr\u00e9s Aguirre","image":{"@type":"ImageObject","inLanguage":"es","@id":"https:\/\/ciudadyregion.com.co\/#\/schema\/person\/image\/","url":"https:\/\/secure.gravatar.com\/avatar\/bc3c655860202182ee6d1b5edd042dbe?s=96&d=mm&r=g","contentUrl":"https:\/\/secure.gravatar.com\/avatar\/bc3c655860202182ee6d1b5edd042dbe?s=96&d=mm&r=g","caption":"David Andr\u00e9s Aguirre"},"url":"https:\/\/ciudadyregion.com.co\/index.php\/author\/diegoaguirre\/"}]}},"jetpack_featured_media_url":"https:\/\/i0.wp.com\/ciudadyregion.com.co\/wp-content\/uploads\/2024\/07\/Ruta-Marquetalia-y-Ruta-de-La-Paz-seran-foco-de-inversion-para-el-turismo-en-Planadas.jpg?fit=800%2C445&ssl=1","jetpack_sharing_enabled":true,"jetpack_shortlink":"https:\/\/wp.me\/pbS7hh-4Kc","jetpack-related-posts":[],"_links":{"self":[{"href":"https:\/\/ciudadyregion.com.co\/index.php\/wp-json\/wp\/v2\/posts\/18240"}],"collection":[{"href":"https:\/\/ciudadyregion.com.co\/index.php\/wp-json\/wp\/v2\/posts"}],"about":[{"href":"https:\/\/ciudadyregion.com.co\/index.php\/wp-json\/wp\/v2\/types\/post"}],"author":[{"embeddable":true,"href":"https:\/\/ciudadyregion.com.co\/index.php\/wp-json\/wp\/v2\/users\/2"}],"replies":[{"embeddable":true,"href":"https:\/\/ciudadyregion.com.co\/index.php\/wp-json\/wp\/v2\/comments?post=18240"}],"version-history":[{"count":2,"href":"https:\/\/ciudadyregion.com.co\/index.php\/wp-json\/wp\/v2\/posts\/18240\/revisions"}],"predecessor-version":[{"id":18244,"href":"https:\/\/ciudadyregion.com.co\/index.php\/wp-json\/wp\/v2\/posts\/18240\/revisions\/18244"}],"wp:featuredmedia":[{"embeddable":true,"href":"https:\/\/ciudadyregion.com.co\/index.php\/wp-json\/wp\/v2\/media\/18242"}],"wp:attachment":[{"href":"https:\/\/ciudadyregion.com.co\/index.php\/wp-json\/wp\/v2\/media?parent=18240"}],"wp:term":[{"taxonomy":"category","embeddable":true,"href":"https:\/\/ciudadyregion.com.co\/index.php\/wp-json\/wp\/v2\/categories?post=18240"},{"taxonomy":"post_tag","embeddable":true,"href":"https:\/\/ciudadyregion.com.co\/index.php\/wp-json\/wp\/v2\/tags?post=18240"}],"curies":[{"name":"wp","href":"https:\/\/api.w.org\/{rel}","templated":true}]}}