{"id":18208,"date":"2024-07-19T09:54:04","date_gmt":"2024-07-19T14:54:04","guid":{"rendered":"https:\/\/ciudadyregion.com.co\/?p=18208"},"modified":"2024-07-19T09:54:04","modified_gmt":"2024-07-19T14:54:04","slug":"en-el-municipio-de-icononzo-el-servicio-de-transporte-escolar-no-ha-parado","status":"publish","type":"post","link":"https:\/\/ciudadyregion.com.co\/index.php\/en-el-municipio-de-icononzo-el-servicio-de-transporte-escolar-no-ha-parado\/regional\/","title":{"rendered":"En el municipio de Icononzo el servicio de transporte escolar no ha parado"},"content":{"rendered":"<p>&nbsp;<\/p>\n<p>A trav\u00e9s del convenio 0267 del 9 de febrero del 2024, entre la Gobernaci\u00f3n del Tolima y la alcald\u00eda de Icononzo se ha garantizado el transporte escolar a 540 ni\u00f1os, ni\u00f1as y j\u00f3venes de este municipio al oriente del departamento, desde el primer semestre del a\u00f1o.<\/p>\n<p>La prestaci\u00f3n del servicio a los estudiantes se ha hecho sin problema, con compromiso de garantizar su permanencia en las Instituciones Educativas; una meta de la gobernadora Adriana Magali Matiz.<\/p>\n<p>Es as\u00ed que, desde la Secretar\u00eda de Educaci\u00f3n se destinaron alrededor de $249 millones de pesos para brindar el servicio en este municipio.<\/p>\n<p>\u00abEs importante aclarar que la ruta al p\u00e1ramo si se ha venido prestando con normalidad como se evidencia en el acta de novedad que compartimos con ustedes.\u00bb Afirm\u00f3 Felipe Urue\u00f1a, director de Gesti\u00f3n de Cobertura Educativa<\/p>\n<p>Sin embargo, el convenio establecido est\u00e1 a d\u00edas de culminar; as\u00ed lo confirma Urue\u00f1a \u00abEs importante precisar que al convenio de transporte escolar que se hace entre la Gobernaci\u00f3n he Icononzo, con los recursos que env\u00eda el departamento al municipio, le quedan tres d\u00edas para terminar de ejecutar estos recursos\u00bb<\/p>\n<p>Ahora bien, una vez finalizado el convenio, el municipio ser\u00e1 el encargado de garantizar el servicio para el segundo semestre del a\u00f1o.<\/p>\n<p>Esto dijo el director de Gesti\u00f3n de Cobertura Educativa, \u00abYa la alcald\u00eda adelant\u00f3 reuni\u00f3n con la comunidad, con las IE, para comentar el caso y ya vienen haciendo todos los esfuerzos posibles para analizar el tema y saber c\u00f3mo pueden incorporar los recursos propios para darle continuidad al servicio\u00bb<\/p>\n<p>Desde la Secretar\u00eda de Educaci\u00f3n se hace un llamado para que est\u00e1 estrategia se siga implementando y de esta forma promover la asistencia escolar de forma segura, sostenible y eficiente.<\/p>\n","protected":false},"excerpt":{"rendered":"<p>&nbsp; A trav\u00e9s del convenio 0267 del 9 de febrero del 2024, entre la Gobernaci\u00f3n del Tolima y la alcald\u00eda de Icononzo se ha garantizado el transporte escolar a 540 ni\u00f1os, ni\u00f1as y j\u00f3venes de este municipio al oriente del departamento, desde el primer semestre del a\u00f1o. La prestaci\u00f3n del<span class=\"more-link\"><a href=\"https:\/\/ciudadyregion.com.co\/index.php\/en-el-municipio-de-icononzo-el-servicio-de-transporte-escolar-no-ha-parado\/regional\/\">Continuar Leyendo<\/a><\/span><\/p>\n","protected":false},"author":2,"featured_media":18209,"comment_status":"open","ping_status":"open","sticky":false,"template":"","format":"standard","meta":{"_uf_show_specific_survey":0,"_uf_disable_surveys":false,"_jetpack_memberships_contains_paid_content":false,"footnotes":"","jetpack_publicize_message":"","jetpack_publicize_feature_enabled":true,"jetpack_social_post_already_shared":true,"jetpack_social_options":{"image_generator_settings":{"template":"highway","enabled":false},"version":2}},"categories":[13],"tags":[],"class_list":["entry","author-diegoaguirre","post-18208","post","type-post","status-publish","format-standard","has-post-thumbnail","category-regional"],"jetpack_publicize_connections":[],"yoast_head":"<!-- This site is optimized with the Yoast SEO plugin v24.3 - https:\/\/yoast.com\/wordpress\/plugins\/seo\/ -->\n<title>En el municipio de Icononzo el servicio de transporte escolar no ha parado - Ciudad y Region<\/title>\n<meta name=\"robots\" content=\"index, follow, max-snippet:-1, max-image-preview:large, max-video-preview:-1\" \/>\n<link rel=\"canonical\" href=\"https:\/\/ciudadyregion.com.co\/index.php\/en-el-municipio-de-icononzo-el-servicio-de-transporte-escolar-no-ha-parado\/regional\/\" \/>\n<meta property=\"og:locale\" content=\"es_ES\" \/>\n<meta property=\"og:type\" content=\"article\" \/>\n<meta property=\"og:title\" content=\"En el municipio de Icononzo el servicio de transporte escolar no ha parado - Ciudad y Region\" \/>\n<meta property=\"og:description\" content=\"&nbsp; A trav\u00e9s del convenio 0267 del 9 de febrero del 2024, entre la Gobernaci\u00f3n del Tolima y la alcald\u00eda de Icononzo se ha garantizado el transporte escolar a 540 ni\u00f1os, ni\u00f1as y j\u00f3venes de este municipio al oriente del departamento, desde el primer semestre del a\u00f1o. La prestaci\u00f3n delContinuar Leyendo\" \/>\n<meta property=\"og:url\" content=\"https:\/\/ciudadyregion.com.co\/index.php\/en-el-municipio-de-icononzo-el-servicio-de-transporte-escolar-no-ha-parado\/regional\/\" \/>\n<meta property=\"og:site_name\" content=\"Ciudad y Region\" \/>\n<meta property=\"article:published_time\" content=\"2024-07-19T14:54:04+00:00\" \/>\n<meta property=\"og:image\" content=\"https:\/\/ciudadyregion.com.co\/wp-content\/uploads\/2024\/07\/En-el-municipio-de-Icononzo-el-servicio-de-transporte-escolar-no-ha-parado.jpg\" \/>\n\t<meta property=\"og:image:width\" content=\"809\" \/>\n\t<meta property=\"og:image:height\" content=\"450\" \/>\n\t<meta property=\"og:image:type\" content=\"image\/jpeg\" \/>\n<meta name=\"author\" content=\"David Andr\u00e9s Aguirre\" \/>\n<meta name=\"twitter:card\" content=\"summary_large_image\" \/>\n<meta name=\"twitter:label1\" content=\"Escrito por\" \/>\n\t<meta name=\"twitter:data1\" content=\"David Andr\u00e9s Aguirre\" \/>\n\t<meta name=\"twitter:label2\" content=\"Tiempo de lectura\" \/>\n\t<meta name=\"twitter:data2\" content=\"2 minutos\" \/>\n<script type=\"application\/ld+json\" class=\"yoast-schema-graph\">{\"@context\":\"https:\/\/schema.org\",\"@graph\":[{\"@type\":\"WebPage\",\"@id\":\"https:\/\/ciudadyregion.com.co\/index.php\/en-el-municipio-de-icononzo-el-servicio-de-transporte-escolar-no-ha-parado\/regional\/\",\"url\":\"https:\/\/ciudadyregion.com.co\/index.php\/en-el-municipio-de-icononzo-el-servicio-de-transporte-escolar-no-ha-parado\/regional\/\",\"name\":\"En el municipio de Icononzo el servicio de transporte escolar no ha parado - Ciudad y Region\",\"isPartOf\":{\"@id\":\"https:\/\/ciudadyregion.com.co\/#website\"},\"primaryImageOfPage\":{\"@id\":\"https:\/\/ciudadyregion.com.co\/index.php\/en-el-municipio-de-icononzo-el-servicio-de-transporte-escolar-no-ha-parado\/regional\/#primaryimage\"},\"image\":{\"@id\":\"https:\/\/ciudadyregion.com.co\/index.php\/en-el-municipio-de-icononzo-el-servicio-de-transporte-escolar-no-ha-parado\/regional\/#primaryimage\"},\"thumbnailUrl\":\"https:\/\/i0.wp.com\/ciudadyregion.com.co\/wp-content\/uploads\/2024\/07\/En-el-municipio-de-Icononzo-el-servicio-de-transporte-escolar-no-ha-parado.jpg?fit=809%2C450&ssl=1\",\"datePublished\":\"2024-07-19T14:54:04+00:00\",\"dateModified\":\"2024-07-19T14:54:04+00:00\",\"author\":{\"@id\":\"https:\/\/ciudadyregion.com.co\/#\/schema\/person\/04a4954373ebc4051f46e8c65ff78622\"},\"breadcrumb\":{\"@id\":\"https:\/\/ciudadyregion.com.co\/index.php\/en-el-municipio-de-icononzo-el-servicio-de-transporte-escolar-no-ha-parado\/regional\/#breadcrumb\"},\"inLanguage\":\"es\",\"potentialAction\":[{\"@type\":\"ReadAction\",\"target\":[\"https:\/\/ciudadyregion.com.co\/index.php\/en-el-municipio-de-icononzo-el-servicio-de-transporte-escolar-no-ha-parado\/regional\/\"]}]},{\"@type\":\"ImageObject\",\"inLanguage\":\"es\",\"@id\":\"https:\/\/ciudadyregion.com.co\/index.php\/en-el-municipio-de-icononzo-el-servicio-de-transporte-escolar-no-ha-parado\/regional\/#primaryimage\",\"url\":\"https:\/\/i0.wp.com\/ciudadyregion.com.co\/wp-content\/uploads\/2024\/07\/En-el-municipio-de-Icononzo-el-servicio-de-transporte-escolar-no-ha-parado.jpg?fit=809%2C450&ssl=1\",\"contentUrl\":\"https:\/\/i0.wp.com\/ciudadyregion.com.co\/wp-content\/uploads\/2024\/07\/En-el-municipio-de-Icononzo-el-servicio-de-transporte-escolar-no-ha-parado.jpg?fit=809%2C450&ssl=1\",\"width\":809,\"height\":450},{\"@type\":\"BreadcrumbList\",\"@id\":\"https:\/\/ciudadyregion.com.co\/index.php\/en-el-municipio-de-icononzo-el-servicio-de-transporte-escolar-no-ha-parado\/regional\/#breadcrumb\",\"itemListElement\":[{\"@type\":\"ListItem\",\"position\":1,\"name\":\"Portada\",\"item\":\"https:\/\/ciudadyregion.com.co\/\"},{\"@type\":\"ListItem\",\"position\":2,\"name\":\"En el municipio de Icononzo el servicio de transporte escolar no ha parado\"}]},{\"@type\":\"WebSite\",\"@id\":\"https:\/\/ciudadyregion.com.co\/#website\",\"url\":\"https:\/\/ciudadyregion.com.co\/\",\"name\":\"Ciudad y Region\",\"description\":\"\",\"potentialAction\":[{\"@type\":\"SearchAction\",\"target\":{\"@type\":\"EntryPoint\",\"urlTemplate\":\"https:\/\/ciudadyregion.com.co\/?s={search_term_string}\"},\"query-input\":{\"@type\":\"PropertyValueSpecification\",\"valueRequired\":true,\"valueName\":\"search_term_string\"}}],\"inLanguage\":\"es\"},{\"@type\":\"Person\",\"@id\":\"https:\/\/ciudadyregion.com.co\/#\/schema\/person\/04a4954373ebc4051f46e8c65ff78622\",\"name\":\"David Andr\u00e9s Aguirre\",\"image\":{\"@type\":\"ImageObject\",\"inLanguage\":\"es\",\"@id\":\"https:\/\/ciudadyregion.com.co\/#\/schema\/person\/image\/\",\"url\":\"https:\/\/secure.gravatar.com\/avatar\/bc3c655860202182ee6d1b5edd042dbe?s=96&d=mm&r=g\",\"contentUrl\":\"https:\/\/secure.gravatar.com\/avatar\/bc3c655860202182ee6d1b5edd042dbe?s=96&d=mm&r=g\",\"caption\":\"David Andr\u00e9s Aguirre\"},\"url\":\"https:\/\/ciudadyregion.com.co\/index.php\/author\/diegoaguirre\/\"}]}<\/script>\n<!-- \/ Yoast SEO plugin. -->","yoast_head_json":{"title":"En el municipio de Icononzo el servicio de transporte escolar no ha parado - Ciudad y Region","robots":{"index":"index","follow":"follow","max-snippet":"max-snippet:-1","max-image-preview":"max-image-preview:large","max-video-preview":"max-video-preview:-1"},"canonical":"https:\/\/ciudadyregion.com.co\/index.php\/en-el-municipio-de-icononzo-el-servicio-de-transporte-escolar-no-ha-parado\/regional\/","og_locale":"es_ES","og_type":"article","og_title":"En el municipio de Icononzo el servicio de transporte escolar no ha parado - Ciudad y Region","og_description":"&nbsp; A trav\u00e9s del convenio 0267 del 9 de febrero del 2024, entre la Gobernaci\u00f3n del Tolima y la alcald\u00eda de Icononzo se ha garantizado el transporte escolar a 540 ni\u00f1os, ni\u00f1as y j\u00f3venes de este municipio al oriente del departamento, desde el primer semestre del a\u00f1o. La prestaci\u00f3n delContinuar Leyendo","og_url":"https:\/\/ciudadyregion.com.co\/index.php\/en-el-municipio-de-icononzo-el-servicio-de-transporte-escolar-no-ha-parado\/regional\/","og_site_name":"Ciudad y Region","article_published_time":"2024-07-19T14:54:04+00:00","og_image":[{"width":809,"height":450,"url":"https:\/\/ciudadyregion.com.co\/wp-content\/uploads\/2024\/07\/En-el-municipio-de-Icononzo-el-servicio-de-transporte-escolar-no-ha-parado.jpg","type":"image\/jpeg"}],"author":"David Andr\u00e9s Aguirre","twitter_card":"summary_large_image","twitter_misc":{"Escrito por":"David Andr\u00e9s Aguirre","Tiempo de lectura":"2 minutos"},"schema":{"@context":"https:\/\/schema.org","@graph":[{"@type":"WebPage","@id":"https:\/\/ciudadyregion.com.co\/index.php\/en-el-municipio-de-icononzo-el-servicio-de-transporte-escolar-no-ha-parado\/regional\/","url":"https:\/\/ciudadyregion.com.co\/index.php\/en-el-municipio-de-icononzo-el-servicio-de-transporte-escolar-no-ha-parado\/regional\/","name":"En el municipio de Icononzo el servicio de transporte escolar no ha parado - Ciudad y Region","isPartOf":{"@id":"https:\/\/ciudadyregion.com.co\/#website"},"primaryImageOfPage":{"@id":"https:\/\/ciudadyregion.com.co\/index.php\/en-el-municipio-de-icononzo-el-servicio-de-transporte-escolar-no-ha-parado\/regional\/#primaryimage"},"image":{"@id":"https:\/\/ciudadyregion.com.co\/index.php\/en-el-municipio-de-icononzo-el-servicio-de-transporte-escolar-no-ha-parado\/regional\/#primaryimage"},"thumbnailUrl":"https:\/\/i0.wp.com\/ciudadyregion.com.co\/wp-content\/uploads\/2024\/07\/En-el-municipio-de-Icononzo-el-servicio-de-transporte-escolar-no-ha-parado.jpg?fit=809%2C450&ssl=1","datePublished":"2024-07-19T14:54:04+00:00","dateModified":"2024-07-19T14:54:04+00:00","author":{"@id":"https:\/\/ciudadyregion.com.co\/#\/schema\/person\/04a4954373ebc4051f46e8c65ff78622"},"breadcrumb":{"@id":"https:\/\/ciudadyregion.com.co\/index.php\/en-el-municipio-de-icononzo-el-servicio-de-transporte-escolar-no-ha-parado\/regional\/#breadcrumb"},"inLanguage":"es","potentialAction":[{"@type":"ReadAction","target":["https:\/\/ciudadyregion.com.co\/index.php\/en-el-municipio-de-icononzo-el-servicio-de-transporte-escolar-no-ha-parado\/regional\/"]}]},{"@type":"ImageObject","inLanguage":"es","@id":"https:\/\/ciudadyregion.com.co\/index.php\/en-el-municipio-de-icononzo-el-servicio-de-transporte-escolar-no-ha-parado\/regional\/#primaryimage","url":"https:\/\/i0.wp.com\/ciudadyregion.com.co\/wp-content\/uploads\/2024\/07\/En-el-municipio-de-Icononzo-el-servicio-de-transporte-escolar-no-ha-parado.jpg?fit=809%2C450&ssl=1","contentUrl":"https:\/\/i0.wp.com\/ciudadyregion.com.co\/wp-content\/uploads\/2024\/07\/En-el-municipio-de-Icononzo-el-servicio-de-transporte-escolar-no-ha-parado.jpg?fit=809%2C450&ssl=1","width":809,"height":450},{"@type":"BreadcrumbList","@id":"https:\/\/ciudadyregion.com.co\/index.php\/en-el-municipio-de-icononzo-el-servicio-de-transporte-escolar-no-ha-parado\/regional\/#breadcrumb","itemListElement":[{"@type":"ListItem","position":1,"name":"Portada","item":"https:\/\/ciudadyregion.com.co\/"},{"@type":"ListItem","position":2,"name":"En el municipio de Icononzo el servicio de transporte escolar no ha parado"}]},{"@type":"WebSite","@id":"https:\/\/ciudadyregion.com.co\/#website","url":"https:\/\/ciudadyregion.com.co\/","name":"Ciudad y Region","description":"","potentialAction":[{"@type":"SearchAction","target":{"@type":"EntryPoint","urlTemplate":"https:\/\/ciudadyregion.com.co\/?s={search_term_string}"},"query-input":{"@type":"PropertyValueSpecification","valueRequired":true,"valueName":"search_term_string"}}],"inLanguage":"es"},{"@type":"Person","@id":"https:\/\/ciudadyregion.com.co\/#\/schema\/person\/04a4954373ebc4051f46e8c65ff78622","name":"David Andr\u00e9s Aguirre","image":{"@type":"ImageObject","inLanguage":"es","@id":"https:\/\/ciudadyregion.com.co\/#\/schema\/person\/image\/","url":"https:\/\/secure.gravatar.com\/avatar\/bc3c655860202182ee6d1b5edd042dbe?s=96&d=mm&r=g","contentUrl":"https:\/\/secure.gravatar.com\/avatar\/bc3c655860202182ee6d1b5edd042dbe?s=96&d=mm&r=g","caption":"David Andr\u00e9s Aguirre"},"url":"https:\/\/ciudadyregion.com.co\/index.php\/author\/diegoaguirre\/"}]}},"jetpack_featured_media_url":"https:\/\/i0.wp.com\/ciudadyregion.com.co\/wp-content\/uploads\/2024\/07\/En-el-municipio-de-Icononzo-el-servicio-de-transporte-escolar-no-ha-parado.jpg?fit=809%2C450&ssl=1","jetpack_sharing_enabled":true,"jetpack_shortlink":"https:\/\/wp.me\/pbS7hh-4JG","jetpack-related-posts":[],"_links":{"self":[{"href":"https:\/\/ciudadyregion.com.co\/index.php\/wp-json\/wp\/v2\/posts\/18208"}],"collection":[{"href":"https:\/\/ciudadyregion.com.co\/index.php\/wp-json\/wp\/v2\/posts"}],"about":[{"href":"https:\/\/ciudadyregion.com.co\/index.php\/wp-json\/wp\/v2\/types\/post"}],"author":[{"embeddable":true,"href":"https:\/\/ciudadyregion.com.co\/index.php\/wp-json\/wp\/v2\/users\/2"}],"replies":[{"embeddable":true,"href":"https:\/\/ciudadyregion.com.co\/index.php\/wp-json\/wp\/v2\/comments?post=18208"}],"version-history":[{"count":1,"href":"https:\/\/ciudadyregion.com.co\/index.php\/wp-json\/wp\/v2\/posts\/18208\/revisions"}],"predecessor-version":[{"id":18210,"href":"https:\/\/ciudadyregion.com.co\/index.php\/wp-json\/wp\/v2\/posts\/18208\/revisions\/18210"}],"wp:featuredmedia":[{"embeddable":true,"href":"https:\/\/ciudadyregion.com.co\/index.php\/wp-json\/wp\/v2\/media\/18209"}],"wp:attachment":[{"href":"https:\/\/ciudadyregion.com.co\/index.php\/wp-json\/wp\/v2\/media?parent=18208"}],"wp:term":[{"taxonomy":"category","embeddable":true,"href":"https:\/\/ciudadyregion.com.co\/index.php\/wp-json\/wp\/v2\/categories?post=18208"},{"taxonomy":"post_tag","embeddable":true,"href":"https:\/\/ciudadyregion.com.co\/index.php\/wp-json\/wp\/v2\/tags?post=18208"}],"curies":[{"name":"wp","href":"https:\/\/api.w.org\/{rel}","templated":true}]}}