{"id":18203,"date":"2024-07-19T09:49:11","date_gmt":"2024-07-19T14:49:11","guid":{"rendered":"https:\/\/ciudadyregion.com.co\/?p=18203"},"modified":"2024-07-19T09:49:11","modified_gmt":"2024-07-19T14:49:11","slug":"unidos-para-mantener-la-seguridad-vial-y-la-movilidad-en-la-cordillera-central-durante-la-temporada-de-lluvias","status":"publish","type":"post","link":"https:\/\/ciudadyregion.com.co\/index.php\/unidos-para-mantener-la-seguridad-vial-y-la-movilidad-en-la-cordillera-central-durante-la-temporada-de-lluvias\/regional\/","title":{"rendered":"Unidos para mantener la seguridad vial y la movilidad en la Cordillera Central durante la temporada de lluvias"},"content":{"rendered":"<p>Por iniciativa de la Gobernaci\u00f2n del Tolima, INV\u00cdAS, autoridades del Quind\u00edo y del Tolima, instalaron un PMU permanente para asegurar el paso por la v\u00eda que une el centro con el occidente del pa\u00eds durante la entrante temporada de lluvias.<\/p>\n<p>En el centro de control del paso de la Cordillera Central, entre los departamentos del Tolima y Quind\u00edo, se llev\u00f3 a cabo la instalaci\u00f3n del Puesto de Mando Unificado (PMU) liderado por INV\u00cdAS, con el objetivo de abordar las situaciones presentadas durante los \u00faltimos 15 d\u00edas en relaci\u00f3n con la remoci\u00f3n en masa entre los t\u00faneles del paso de La L\u00ednea y ante la posible llegada de la temporada de m\u00e1s lluvias.<\/p>\n<p>Adem\u00e1s, este encuentro cont\u00f3 con la participaci\u00f3n de los alcaldes de Cajamarca y Calarc\u00e1, la Secretar\u00eda de Tr\u00e1nsito del Tolima, la Corporaci\u00f3n Aut\u00f3noma Regional del Tolima y la Corporaci\u00f3n Aut\u00f3noma del Quind\u00edo, la Polic\u00eda de Tr\u00e1nsito y Transporte del Tolima, y otras autoridades locales.<\/p>\n<p>Durante esta reuni\u00f3n, se exploraron diversas alternativas y se identificaron puntos cr\u00edticos a solucionar. Las entidades involucradas han implementado un cronograma, establecido acuerdos y tareas a realizar en el futuro pr\u00f3ximo para enfrentar las emergencias que puedan presentarse.<\/p>\n<p>Conclusiones y elementos Claves<\/p>\n<p>Como resultado de este PMU, se determinaron tres elementos claves:<\/p>\n<p>Comunicaci\u00f3n Eficaz: Se estableci\u00f3 un canal de comunicaci\u00f3n constante entre INV\u00cdAS, la Gobernaci\u00f3n del Tolima, el Municipio de Cajamarca, el Municipio de Calarc\u00e1, la Polic\u00eda de Tr\u00e1nsito y Transporte del Tolima, el operador vial y el subcomit\u00e9 regional de seguridad vial, liderado por el Ministerio de Transporte y la Direcci\u00f3n Operativa de Tr\u00e1nsito del Tolima.<\/p>\n<p>Este canal permitir\u00e1 tomar decisiones oportunas y minimizar el impacto en los usuarios de esta v\u00eda crucial y en los municipios de Calarc\u00e1 y Cajamarca, que suelen verse afectados por los cierres viales.<\/p>\n<p>Seguridad Vial: Se discuti\u00f3 la implementaci\u00f3n de rampas de frenado en sectores con altos niveles de accidentalidad, especialmente en el municipio de Cajamarca, as\u00ed como en el descenso hacia el municipio de Calarc\u00e1.<\/p>\n<p>Colaboraci\u00f3n Interinstitucional: Se destac\u00f3 la importancia de la colaboraci\u00f3n entre INV\u00cdAS, las gobernaciones del Tolima y del Quind\u00edo, el Delegado Nacional, el Ministerio de Transporte, el Alcalde de Cajamarca, el Consorcio La L\u00ednea, y otras entidades.<\/p>\n<p>Trabajar conjuntamente permite generar soluciones r\u00e1pidas y efectivas, beneficiando no solo a quienes transitan por esta v\u00eda, sino a toda Colombia que depende en gran parte de este importante corredor.<\/p>\n<p>El director operativo de tr\u00e1nsito del Tolima, Miguel Berm\u00fadez, manifest\u00f3: \u00abDe acuerdo a la instrucci\u00f3n directa de nuestra gobernadora, convocamos a un PMU con las autoridades nacionales y departamentales del Tolima y del Quind\u00edo. Discutimos, construimos y organizamos todo un plan de contingencia para garantizar la movilidad en este corredor vial. Es importante recordar que la temporada de lluvias se avecina y por eso hoy estamos ac\u00e1 reunidos, prospectando lo que tenemos que hacer como instituciones, como ciudadanos y como departamento del Tolima.\u00bb<\/p>\n<p>La Gobernaci\u00f3n del Tolima reitera su compromiso con la seguridad vial y la movilidad de todos los ciudadanos, trabajando de manera conjunta con diversas entidades para superar los desaf\u00edos y asegurar un tr\u00e1nsito seguro y eficiente por el cruce de la Cordillera Central.<\/p>\n","protected":false},"excerpt":{"rendered":"<p>Por iniciativa de la Gobernaci\u00f2n del Tolima, INV\u00cdAS, autoridades del Quind\u00edo y del Tolima, instalaron un PMU permanente para asegurar el paso por la v\u00eda que une el centro con el occidente del pa\u00eds durante la entrante temporada de lluvias. En el centro de control del paso de la Cordillera<span class=\"more-link\"><a href=\"https:\/\/ciudadyregion.com.co\/index.php\/unidos-para-mantener-la-seguridad-vial-y-la-movilidad-en-la-cordillera-central-durante-la-temporada-de-lluvias\/regional\/\">Continuar Leyendo<\/a><\/span><\/p>\n","protected":false},"author":2,"featured_media":12363,"comment_status":"open","ping_status":"open","sticky":false,"template":"","format":"standard","meta":{"_uf_show_specific_survey":0,"_uf_disable_surveys":false,"_jetpack_memberships_contains_paid_content":false,"footnotes":"","jetpack_publicize_message":"","jetpack_publicize_feature_enabled":true,"jetpack_social_post_already_shared":true,"jetpack_social_options":{"image_generator_settings":{"template":"highway","enabled":false},"version":2}},"categories":[13],"tags":[],"class_list":["entry","author-diegoaguirre","post-18203","post","type-post","status-publish","format-standard","has-post-thumbnail","category-regional"],"jetpack_publicize_connections":[],"yoast_head":"<!-- This site is optimized with the Yoast SEO plugin v24.3 - https:\/\/yoast.com\/wordpress\/plugins\/seo\/ -->\n<title>Unidos para mantener la seguridad vial y la movilidad en la Cordillera Central durante la temporada de lluvias - Ciudad y Region<\/title>\n<meta name=\"robots\" content=\"index, follow, max-snippet:-1, max-image-preview:large, max-video-preview:-1\" \/>\n<link rel=\"canonical\" href=\"https:\/\/ciudadyregion.com.co\/index.php\/unidos-para-mantener-la-seguridad-vial-y-la-movilidad-en-la-cordillera-central-durante-la-temporada-de-lluvias\/regional\/\" \/>\n<meta property=\"og:locale\" content=\"es_ES\" \/>\n<meta property=\"og:type\" content=\"article\" \/>\n<meta property=\"og:title\" content=\"Unidos para mantener la seguridad vial y la movilidad en la Cordillera Central durante la temporada de lluvias - Ciudad y Region\" \/>\n<meta property=\"og:description\" content=\"Por iniciativa de la Gobernaci\u00f2n del Tolima, INV\u00cdAS, autoridades del Quind\u00edo y del Tolima, instalaron un PMU permanente para asegurar el paso por la v\u00eda que une el centro con el occidente del pa\u00eds durante la entrante temporada de lluvias. En el centro de control del paso de la CordilleraContinuar Leyendo\" \/>\n<meta property=\"og:url\" content=\"https:\/\/ciudadyregion.com.co\/index.php\/unidos-para-mantener-la-seguridad-vial-y-la-movilidad-en-la-cordillera-central-durante-la-temporada-de-lluvias\/regional\/\" \/>\n<meta property=\"og:site_name\" content=\"Ciudad y Region\" \/>\n<meta property=\"article:published_time\" content=\"2024-07-19T14:49:11+00:00\" \/>\n<meta property=\"og:image\" content=\"https:\/\/ciudadyregion.com.co\/wp-content\/uploads\/2024\/04\/3-lluvias-fenomeno-de-la-nina-invierno.jpg\" \/>\n\t<meta property=\"og:image:width\" content=\"800\" \/>\n\t<meta property=\"og:image:height\" content=\"445\" \/>\n\t<meta property=\"og:image:type\" content=\"image\/jpeg\" \/>\n<meta name=\"author\" content=\"David Andr\u00e9s Aguirre\" \/>\n<meta name=\"twitter:card\" content=\"summary_large_image\" \/>\n<meta name=\"twitter:label1\" content=\"Escrito por\" \/>\n\t<meta name=\"twitter:data1\" content=\"David Andr\u00e9s Aguirre\" \/>\n\t<meta name=\"twitter:label2\" content=\"Tiempo de lectura\" \/>\n\t<meta name=\"twitter:data2\" content=\"3 minutos\" \/>\n<script type=\"application\/ld+json\" class=\"yoast-schema-graph\">{\"@context\":\"https:\/\/schema.org\",\"@graph\":[{\"@type\":\"WebPage\",\"@id\":\"https:\/\/ciudadyregion.com.co\/index.php\/unidos-para-mantener-la-seguridad-vial-y-la-movilidad-en-la-cordillera-central-durante-la-temporada-de-lluvias\/regional\/\",\"url\":\"https:\/\/ciudadyregion.com.co\/index.php\/unidos-para-mantener-la-seguridad-vial-y-la-movilidad-en-la-cordillera-central-durante-la-temporada-de-lluvias\/regional\/\",\"name\":\"Unidos para mantener la seguridad vial y la movilidad en la Cordillera Central durante la temporada de lluvias - Ciudad y Region\",\"isPartOf\":{\"@id\":\"https:\/\/ciudadyregion.com.co\/#website\"},\"primaryImageOfPage\":{\"@id\":\"https:\/\/ciudadyregion.com.co\/index.php\/unidos-para-mantener-la-seguridad-vial-y-la-movilidad-en-la-cordillera-central-durante-la-temporada-de-lluvias\/regional\/#primaryimage\"},\"image\":{\"@id\":\"https:\/\/ciudadyregion.com.co\/index.php\/unidos-para-mantener-la-seguridad-vial-y-la-movilidad-en-la-cordillera-central-durante-la-temporada-de-lluvias\/regional\/#primaryimage\"},\"thumbnailUrl\":\"https:\/\/i0.wp.com\/ciudadyregion.com.co\/wp-content\/uploads\/2024\/04\/3-lluvias-fenomeno-de-la-nina-invierno.jpg?fit=800%2C445&ssl=1\",\"datePublished\":\"2024-07-19T14:49:11+00:00\",\"dateModified\":\"2024-07-19T14:49:11+00:00\",\"author\":{\"@id\":\"https:\/\/ciudadyregion.com.co\/#\/schema\/person\/04a4954373ebc4051f46e8c65ff78622\"},\"breadcrumb\":{\"@id\":\"https:\/\/ciudadyregion.com.co\/index.php\/unidos-para-mantener-la-seguridad-vial-y-la-movilidad-en-la-cordillera-central-durante-la-temporada-de-lluvias\/regional\/#breadcrumb\"},\"inLanguage\":\"es\",\"potentialAction\":[{\"@type\":\"ReadAction\",\"target\":[\"https:\/\/ciudadyregion.com.co\/index.php\/unidos-para-mantener-la-seguridad-vial-y-la-movilidad-en-la-cordillera-central-durante-la-temporada-de-lluvias\/regional\/\"]}]},{\"@type\":\"ImageObject\",\"inLanguage\":\"es\",\"@id\":\"https:\/\/ciudadyregion.com.co\/index.php\/unidos-para-mantener-la-seguridad-vial-y-la-movilidad-en-la-cordillera-central-durante-la-temporada-de-lluvias\/regional\/#primaryimage\",\"url\":\"https:\/\/i0.wp.com\/ciudadyregion.com.co\/wp-content\/uploads\/2024\/04\/3-lluvias-fenomeno-de-la-nina-invierno.jpg?fit=800%2C445&ssl=1\",\"contentUrl\":\"https:\/\/i0.wp.com\/ciudadyregion.com.co\/wp-content\/uploads\/2024\/04\/3-lluvias-fenomeno-de-la-nina-invierno.jpg?fit=800%2C445&ssl=1\",\"width\":800,\"height\":445},{\"@type\":\"BreadcrumbList\",\"@id\":\"https:\/\/ciudadyregion.com.co\/index.php\/unidos-para-mantener-la-seguridad-vial-y-la-movilidad-en-la-cordillera-central-durante-la-temporada-de-lluvias\/regional\/#breadcrumb\",\"itemListElement\":[{\"@type\":\"ListItem\",\"position\":1,\"name\":\"Portada\",\"item\":\"https:\/\/ciudadyregion.com.co\/\"},{\"@type\":\"ListItem\",\"position\":2,\"name\":\"Unidos para mantener la seguridad vial y la movilidad en la Cordillera Central durante la temporada de lluvias\"}]},{\"@type\":\"WebSite\",\"@id\":\"https:\/\/ciudadyregion.com.co\/#website\",\"url\":\"https:\/\/ciudadyregion.com.co\/\",\"name\":\"Ciudad y Region\",\"description\":\"\",\"potentialAction\":[{\"@type\":\"SearchAction\",\"target\":{\"@type\":\"EntryPoint\",\"urlTemplate\":\"https:\/\/ciudadyregion.com.co\/?s={search_term_string}\"},\"query-input\":{\"@type\":\"PropertyValueSpecification\",\"valueRequired\":true,\"valueName\":\"search_term_string\"}}],\"inLanguage\":\"es\"},{\"@type\":\"Person\",\"@id\":\"https:\/\/ciudadyregion.com.co\/#\/schema\/person\/04a4954373ebc4051f46e8c65ff78622\",\"name\":\"David Andr\u00e9s Aguirre\",\"image\":{\"@type\":\"ImageObject\",\"inLanguage\":\"es\",\"@id\":\"https:\/\/ciudadyregion.com.co\/#\/schema\/person\/image\/\",\"url\":\"https:\/\/secure.gravatar.com\/avatar\/bc3c655860202182ee6d1b5edd042dbe?s=96&d=mm&r=g\",\"contentUrl\":\"https:\/\/secure.gravatar.com\/avatar\/bc3c655860202182ee6d1b5edd042dbe?s=96&d=mm&r=g\",\"caption\":\"David Andr\u00e9s Aguirre\"},\"url\":\"https:\/\/ciudadyregion.com.co\/index.php\/author\/diegoaguirre\/\"}]}<\/script>\n<!-- \/ Yoast SEO plugin. -->","yoast_head_json":{"title":"Unidos para mantener la seguridad vial y la movilidad en la Cordillera Central durante la temporada de lluvias - Ciudad y Region","robots":{"index":"index","follow":"follow","max-snippet":"max-snippet:-1","max-image-preview":"max-image-preview:large","max-video-preview":"max-video-preview:-1"},"canonical":"https:\/\/ciudadyregion.com.co\/index.php\/unidos-para-mantener-la-seguridad-vial-y-la-movilidad-en-la-cordillera-central-durante-la-temporada-de-lluvias\/regional\/","og_locale":"es_ES","og_type":"article","og_title":"Unidos para mantener la seguridad vial y la movilidad en la Cordillera Central durante la temporada de lluvias - Ciudad y Region","og_description":"Por iniciativa de la Gobernaci\u00f2n del Tolima, INV\u00cdAS, autoridades del Quind\u00edo y del Tolima, instalaron un PMU permanente para asegurar el paso por la v\u00eda que une el centro con el occidente del pa\u00eds durante la entrante temporada de lluvias. En el centro de control del paso de la CordilleraContinuar Leyendo","og_url":"https:\/\/ciudadyregion.com.co\/index.php\/unidos-para-mantener-la-seguridad-vial-y-la-movilidad-en-la-cordillera-central-durante-la-temporada-de-lluvias\/regional\/","og_site_name":"Ciudad y Region","article_published_time":"2024-07-19T14:49:11+00:00","og_image":[{"width":800,"height":445,"url":"https:\/\/ciudadyregion.com.co\/wp-content\/uploads\/2024\/04\/3-lluvias-fenomeno-de-la-nina-invierno.jpg","type":"image\/jpeg"}],"author":"David Andr\u00e9s Aguirre","twitter_card":"summary_large_image","twitter_misc":{"Escrito por":"David Andr\u00e9s Aguirre","Tiempo de lectura":"3 minutos"},"schema":{"@context":"https:\/\/schema.org","@graph":[{"@type":"WebPage","@id":"https:\/\/ciudadyregion.com.co\/index.php\/unidos-para-mantener-la-seguridad-vial-y-la-movilidad-en-la-cordillera-central-durante-la-temporada-de-lluvias\/regional\/","url":"https:\/\/ciudadyregion.com.co\/index.php\/unidos-para-mantener-la-seguridad-vial-y-la-movilidad-en-la-cordillera-central-durante-la-temporada-de-lluvias\/regional\/","name":"Unidos para mantener la seguridad vial y la movilidad en la Cordillera Central durante la temporada de lluvias - Ciudad y Region","isPartOf":{"@id":"https:\/\/ciudadyregion.com.co\/#website"},"primaryImageOfPage":{"@id":"https:\/\/ciudadyregion.com.co\/index.php\/unidos-para-mantener-la-seguridad-vial-y-la-movilidad-en-la-cordillera-central-durante-la-temporada-de-lluvias\/regional\/#primaryimage"},"image":{"@id":"https:\/\/ciudadyregion.com.co\/index.php\/unidos-para-mantener-la-seguridad-vial-y-la-movilidad-en-la-cordillera-central-durante-la-temporada-de-lluvias\/regional\/#primaryimage"},"thumbnailUrl":"https:\/\/i0.wp.com\/ciudadyregion.com.co\/wp-content\/uploads\/2024\/04\/3-lluvias-fenomeno-de-la-nina-invierno.jpg?fit=800%2C445&ssl=1","datePublished":"2024-07-19T14:49:11+00:00","dateModified":"2024-07-19T14:49:11+00:00","author":{"@id":"https:\/\/ciudadyregion.com.co\/#\/schema\/person\/04a4954373ebc4051f46e8c65ff78622"},"breadcrumb":{"@id":"https:\/\/ciudadyregion.com.co\/index.php\/unidos-para-mantener-la-seguridad-vial-y-la-movilidad-en-la-cordillera-central-durante-la-temporada-de-lluvias\/regional\/#breadcrumb"},"inLanguage":"es","potentialAction":[{"@type":"ReadAction","target":["https:\/\/ciudadyregion.com.co\/index.php\/unidos-para-mantener-la-seguridad-vial-y-la-movilidad-en-la-cordillera-central-durante-la-temporada-de-lluvias\/regional\/"]}]},{"@type":"ImageObject","inLanguage":"es","@id":"https:\/\/ciudadyregion.com.co\/index.php\/unidos-para-mantener-la-seguridad-vial-y-la-movilidad-en-la-cordillera-central-durante-la-temporada-de-lluvias\/regional\/#primaryimage","url":"https:\/\/i0.wp.com\/ciudadyregion.com.co\/wp-content\/uploads\/2024\/04\/3-lluvias-fenomeno-de-la-nina-invierno.jpg?fit=800%2C445&ssl=1","contentUrl":"https:\/\/i0.wp.com\/ciudadyregion.com.co\/wp-content\/uploads\/2024\/04\/3-lluvias-fenomeno-de-la-nina-invierno.jpg?fit=800%2C445&ssl=1","width":800,"height":445},{"@type":"BreadcrumbList","@id":"https:\/\/ciudadyregion.com.co\/index.php\/unidos-para-mantener-la-seguridad-vial-y-la-movilidad-en-la-cordillera-central-durante-la-temporada-de-lluvias\/regional\/#breadcrumb","itemListElement":[{"@type":"ListItem","position":1,"name":"Portada","item":"https:\/\/ciudadyregion.com.co\/"},{"@type":"ListItem","position":2,"name":"Unidos para mantener la seguridad vial y la movilidad en la Cordillera Central durante la temporada de lluvias"}]},{"@type":"WebSite","@id":"https:\/\/ciudadyregion.com.co\/#website","url":"https:\/\/ciudadyregion.com.co\/","name":"Ciudad y Region","description":"","potentialAction":[{"@type":"SearchAction","target":{"@type":"EntryPoint","urlTemplate":"https:\/\/ciudadyregion.com.co\/?s={search_term_string}"},"query-input":{"@type":"PropertyValueSpecification","valueRequired":true,"valueName":"search_term_string"}}],"inLanguage":"es"},{"@type":"Person","@id":"https:\/\/ciudadyregion.com.co\/#\/schema\/person\/04a4954373ebc4051f46e8c65ff78622","name":"David Andr\u00e9s Aguirre","image":{"@type":"ImageObject","inLanguage":"es","@id":"https:\/\/ciudadyregion.com.co\/#\/schema\/person\/image\/","url":"https:\/\/secure.gravatar.com\/avatar\/bc3c655860202182ee6d1b5edd042dbe?s=96&d=mm&r=g","contentUrl":"https:\/\/secure.gravatar.com\/avatar\/bc3c655860202182ee6d1b5edd042dbe?s=96&d=mm&r=g","caption":"David Andr\u00e9s Aguirre"},"url":"https:\/\/ciudadyregion.com.co\/index.php\/author\/diegoaguirre\/"}]}},"jetpack_featured_media_url":"https:\/\/i0.wp.com\/ciudadyregion.com.co\/wp-content\/uploads\/2024\/04\/3-lluvias-fenomeno-de-la-nina-invierno.jpg?fit=800%2C445&ssl=1","jetpack_sharing_enabled":true,"jetpack_shortlink":"https:\/\/wp.me\/pbS7hh-4JB","jetpack-related-posts":[],"_links":{"self":[{"href":"https:\/\/ciudadyregion.com.co\/index.php\/wp-json\/wp\/v2\/posts\/18203"}],"collection":[{"href":"https:\/\/ciudadyregion.com.co\/index.php\/wp-json\/wp\/v2\/posts"}],"about":[{"href":"https:\/\/ciudadyregion.com.co\/index.php\/wp-json\/wp\/v2\/types\/post"}],"author":[{"embeddable":true,"href":"https:\/\/ciudadyregion.com.co\/index.php\/wp-json\/wp\/v2\/users\/2"}],"replies":[{"embeddable":true,"href":"https:\/\/ciudadyregion.com.co\/index.php\/wp-json\/wp\/v2\/comments?post=18203"}],"version-history":[{"count":1,"href":"https:\/\/ciudadyregion.com.co\/index.php\/wp-json\/wp\/v2\/posts\/18203\/revisions"}],"predecessor-version":[{"id":18204,"href":"https:\/\/ciudadyregion.com.co\/index.php\/wp-json\/wp\/v2\/posts\/18203\/revisions\/18204"}],"wp:featuredmedia":[{"embeddable":true,"href":"https:\/\/ciudadyregion.com.co\/index.php\/wp-json\/wp\/v2\/media\/12363"}],"wp:attachment":[{"href":"https:\/\/ciudadyregion.com.co\/index.php\/wp-json\/wp\/v2\/media?parent=18203"}],"wp:term":[{"taxonomy":"category","embeddable":true,"href":"https:\/\/ciudadyregion.com.co\/index.php\/wp-json\/wp\/v2\/categories?post=18203"},{"taxonomy":"post_tag","embeddable":true,"href":"https:\/\/ciudadyregion.com.co\/index.php\/wp-json\/wp\/v2\/tags?post=18203"}],"curies":[{"name":"wp","href":"https:\/\/api.w.org\/{rel}","templated":true}]}}