{"id":18200,"date":"2024-07-19T09:45:32","date_gmt":"2024-07-19T14:45:32","guid":{"rendered":"https:\/\/ciudadyregion.com.co\/?p=18200"},"modified":"2024-07-19T09:45:32","modified_gmt":"2024-07-19T14:45:32","slug":"gobernacion-del-tolima-reconocio-la-dedicacion-de-sus-servidores-publicos-en-un-quinquenio-mas-de-servicio","status":"publish","type":"post","link":"https:\/\/ciudadyregion.com.co\/index.php\/gobernacion-del-tolima-reconocio-la-dedicacion-de-sus-servidores-publicos-en-un-quinquenio-mas-de-servicio\/regional\/","title":{"rendered":"Gobernaci\u00f3n del Tolima reconoci\u00f3 la dedicaci\u00f3n de sus servidores p\u00fablicos en un quinquenio m\u00e1s de servicio"},"content":{"rendered":"<p>Bajo el marco de la conmemoraci\u00f3n del D\u00eda del Servidor P\u00fablico, el gobierno departamental exalt\u00f3 la dedicaci\u00f3n y esfuerzo de su equipo de funcionarios.<\/p>\n<p>La Gobernaci\u00f3n del Tolima hizo un reconocimiento a 57 de sus funcionarios que completaron un quinquenio m\u00e1s de servicio en la entidad. Durante esos cinco a\u00f1os, acumularon valiosas experiencias, aprendizaje constante y, sobre todo, demostraron un profundo amor por el trabajo que realizan d\u00eda a d\u00eda.<\/p>\n<p>En el marco de la conmemoraci\u00f3n del D\u00eda del Servidor P\u00fablico, la Gobernaci\u00f3n del Tolima hizo un reconocimiento especial a estos trabajadores por su dedicaci\u00f3n y entrega diaria. Gracias a su esfuerzo, la Gobernaci\u00f3n logr\u00f3 llevar m\u00e1s soluciones y mejorar la calidad de vida de todos los tolimenses.<\/p>\n<p>El director de Talento Humano, Mauricio Hern\u00e1ndez, destac\u00f3 la importancia de la labor de estos servidores p\u00fablicos, quienes con su compromiso y profesionalismo contribuyeron significativamente al desarrollo del departamento. \u00abHoy celebramos y agradecemos a nuestros compa\u00f1eros que, con su trabajo incansable, hacen posible que cada d\u00eda la Gobernaci\u00f3n del Tolima est\u00e9 m\u00e1s cerca de su gente\u00bb, afirm\u00f3.<\/p>\n<p>Los 57 exaltados fueron homenajeados en un acto especial donde se resalt\u00f3 su valiosa contribuci\u00f3n a la administraci\u00f3n p\u00fablica. Este reconocimiento no solo subray\u00f3 su trayectoria, sino que tambi\u00e9n motiv\u00f3 a todos los servidores p\u00fablicos a continuar trabajando con pasi\u00f3n y dedicaci\u00f3n.<\/p>\n","protected":false},"excerpt":{"rendered":"<p>Bajo el marco de la conmemoraci\u00f3n del D\u00eda del Servidor P\u00fablico, el gobierno departamental exalt\u00f3 la dedicaci\u00f3n y esfuerzo de su equipo de funcionarios. La Gobernaci\u00f3n del Tolima hizo un reconocimiento a 57 de sus funcionarios que completaron un quinquenio m\u00e1s de servicio en la entidad. Durante esos cinco a\u00f1os,<span class=\"more-link\"><a href=\"https:\/\/ciudadyregion.com.co\/index.php\/gobernacion-del-tolima-reconocio-la-dedicacion-de-sus-servidores-publicos-en-un-quinquenio-mas-de-servicio\/regional\/\">Continuar Leyendo<\/a><\/span><\/p>\n","protected":false},"author":2,"featured_media":18201,"comment_status":"open","ping_status":"open","sticky":false,"template":"","format":"standard","meta":{"_uf_show_specific_survey":0,"_uf_disable_surveys":false,"_jetpack_memberships_contains_paid_content":false,"footnotes":"","jetpack_publicize_message":"","jetpack_publicize_feature_enabled":true,"jetpack_social_post_already_shared":true,"jetpack_social_options":{"image_generator_settings":{"template":"highway","enabled":false},"version":2}},"categories":[13],"tags":[],"class_list":["entry","author-diegoaguirre","post-18200","post","type-post","status-publish","format-standard","has-post-thumbnail","category-regional"],"jetpack_publicize_connections":[],"yoast_head":"<!-- This site is optimized with the Yoast SEO plugin v24.3 - https:\/\/yoast.com\/wordpress\/plugins\/seo\/ -->\n<title>Gobernaci\u00f3n del Tolima reconoci\u00f3 la dedicaci\u00f3n de sus servidores p\u00fablicos en un quinquenio m\u00e1s de servicio - Ciudad y Region<\/title>\n<meta name=\"robots\" content=\"index, follow, max-snippet:-1, max-image-preview:large, max-video-preview:-1\" \/>\n<link rel=\"canonical\" href=\"https:\/\/ciudadyregion.com.co\/index.php\/gobernacion-del-tolima-reconocio-la-dedicacion-de-sus-servidores-publicos-en-un-quinquenio-mas-de-servicio\/regional\/\" \/>\n<meta property=\"og:locale\" content=\"es_ES\" \/>\n<meta property=\"og:type\" content=\"article\" \/>\n<meta property=\"og:title\" content=\"Gobernaci\u00f3n del Tolima reconoci\u00f3 la dedicaci\u00f3n de sus servidores p\u00fablicos en un quinquenio m\u00e1s de servicio - Ciudad y Region\" \/>\n<meta property=\"og:description\" content=\"Bajo el marco de la conmemoraci\u00f3n del D\u00eda del Servidor P\u00fablico, el gobierno departamental exalt\u00f3 la dedicaci\u00f3n y esfuerzo de su equipo de funcionarios. La Gobernaci\u00f3n del Tolima hizo un reconocimiento a 57 de sus funcionarios que completaron un quinquenio m\u00e1s de servicio en la entidad. Durante esos cinco a\u00f1os,Continuar Leyendo\" \/>\n<meta property=\"og:url\" content=\"https:\/\/ciudadyregion.com.co\/index.php\/gobernacion-del-tolima-reconocio-la-dedicacion-de-sus-servidores-publicos-en-un-quinquenio-mas-de-servicio\/regional\/\" \/>\n<meta property=\"og:site_name\" content=\"Ciudad y Region\" \/>\n<meta property=\"article:published_time\" content=\"2024-07-19T14:45:32+00:00\" \/>\n<meta property=\"og:image\" content=\"https:\/\/ciudadyregion.com.co\/wp-content\/uploads\/2024\/07\/Gobernacion-del-Tolima-reconocio-la-dedicacion-de-sus-servidores-publicos-en-un-quinquenio-mas-de-servicio.jpg\" \/>\n\t<meta property=\"og:image:width\" content=\"809\" \/>\n\t<meta property=\"og:image:height\" content=\"450\" \/>\n\t<meta property=\"og:image:type\" content=\"image\/jpeg\" \/>\n<meta name=\"author\" content=\"David Andr\u00e9s Aguirre\" \/>\n<meta name=\"twitter:card\" content=\"summary_large_image\" \/>\n<meta name=\"twitter:label1\" content=\"Escrito por\" \/>\n\t<meta name=\"twitter:data1\" content=\"David Andr\u00e9s Aguirre\" \/>\n\t<meta name=\"twitter:label2\" content=\"Tiempo de lectura\" \/>\n\t<meta name=\"twitter:data2\" content=\"1 minuto\" \/>\n<script type=\"application\/ld+json\" class=\"yoast-schema-graph\">{\"@context\":\"https:\/\/schema.org\",\"@graph\":[{\"@type\":\"WebPage\",\"@id\":\"https:\/\/ciudadyregion.com.co\/index.php\/gobernacion-del-tolima-reconocio-la-dedicacion-de-sus-servidores-publicos-en-un-quinquenio-mas-de-servicio\/regional\/\",\"url\":\"https:\/\/ciudadyregion.com.co\/index.php\/gobernacion-del-tolima-reconocio-la-dedicacion-de-sus-servidores-publicos-en-un-quinquenio-mas-de-servicio\/regional\/\",\"name\":\"Gobernaci\u00f3n del Tolima reconoci\u00f3 la dedicaci\u00f3n de sus servidores p\u00fablicos en un quinquenio m\u00e1s de servicio - Ciudad y Region\",\"isPartOf\":{\"@id\":\"https:\/\/ciudadyregion.com.co\/#website\"},\"primaryImageOfPage\":{\"@id\":\"https:\/\/ciudadyregion.com.co\/index.php\/gobernacion-del-tolima-reconocio-la-dedicacion-de-sus-servidores-publicos-en-un-quinquenio-mas-de-servicio\/regional\/#primaryimage\"},\"image\":{\"@id\":\"https:\/\/ciudadyregion.com.co\/index.php\/gobernacion-del-tolima-reconocio-la-dedicacion-de-sus-servidores-publicos-en-un-quinquenio-mas-de-servicio\/regional\/#primaryimage\"},\"thumbnailUrl\":\"https:\/\/i0.wp.com\/ciudadyregion.com.co\/wp-content\/uploads\/2024\/07\/Gobernacion-del-Tolima-reconocio-la-dedicacion-de-sus-servidores-publicos-en-un-quinquenio-mas-de-servicio.jpg?fit=809%2C450&ssl=1\",\"datePublished\":\"2024-07-19T14:45:32+00:00\",\"dateModified\":\"2024-07-19T14:45:32+00:00\",\"author\":{\"@id\":\"https:\/\/ciudadyregion.com.co\/#\/schema\/person\/04a4954373ebc4051f46e8c65ff78622\"},\"breadcrumb\":{\"@id\":\"https:\/\/ciudadyregion.com.co\/index.php\/gobernacion-del-tolima-reconocio-la-dedicacion-de-sus-servidores-publicos-en-un-quinquenio-mas-de-servicio\/regional\/#breadcrumb\"},\"inLanguage\":\"es\",\"potentialAction\":[{\"@type\":\"ReadAction\",\"target\":[\"https:\/\/ciudadyregion.com.co\/index.php\/gobernacion-del-tolima-reconocio-la-dedicacion-de-sus-servidores-publicos-en-un-quinquenio-mas-de-servicio\/regional\/\"]}]},{\"@type\":\"ImageObject\",\"inLanguage\":\"es\",\"@id\":\"https:\/\/ciudadyregion.com.co\/index.php\/gobernacion-del-tolima-reconocio-la-dedicacion-de-sus-servidores-publicos-en-un-quinquenio-mas-de-servicio\/regional\/#primaryimage\",\"url\":\"https:\/\/i0.wp.com\/ciudadyregion.com.co\/wp-content\/uploads\/2024\/07\/Gobernacion-del-Tolima-reconocio-la-dedicacion-de-sus-servidores-publicos-en-un-quinquenio-mas-de-servicio.jpg?fit=809%2C450&ssl=1\",\"contentUrl\":\"https:\/\/i0.wp.com\/ciudadyregion.com.co\/wp-content\/uploads\/2024\/07\/Gobernacion-del-Tolima-reconocio-la-dedicacion-de-sus-servidores-publicos-en-un-quinquenio-mas-de-servicio.jpg?fit=809%2C450&ssl=1\",\"width\":809,\"height\":450},{\"@type\":\"BreadcrumbList\",\"@id\":\"https:\/\/ciudadyregion.com.co\/index.php\/gobernacion-del-tolima-reconocio-la-dedicacion-de-sus-servidores-publicos-en-un-quinquenio-mas-de-servicio\/regional\/#breadcrumb\",\"itemListElement\":[{\"@type\":\"ListItem\",\"position\":1,\"name\":\"Portada\",\"item\":\"https:\/\/ciudadyregion.com.co\/\"},{\"@type\":\"ListItem\",\"position\":2,\"name\":\"Gobernaci\u00f3n del Tolima reconoci\u00f3 la dedicaci\u00f3n de sus servidores p\u00fablicos en un quinquenio m\u00e1s de servicio\"}]},{\"@type\":\"WebSite\",\"@id\":\"https:\/\/ciudadyregion.com.co\/#website\",\"url\":\"https:\/\/ciudadyregion.com.co\/\",\"name\":\"Ciudad y Region\",\"description\":\"\",\"potentialAction\":[{\"@type\":\"SearchAction\",\"target\":{\"@type\":\"EntryPoint\",\"urlTemplate\":\"https:\/\/ciudadyregion.com.co\/?s={search_term_string}\"},\"query-input\":{\"@type\":\"PropertyValueSpecification\",\"valueRequired\":true,\"valueName\":\"search_term_string\"}}],\"inLanguage\":\"es\"},{\"@type\":\"Person\",\"@id\":\"https:\/\/ciudadyregion.com.co\/#\/schema\/person\/04a4954373ebc4051f46e8c65ff78622\",\"name\":\"David Andr\u00e9s Aguirre\",\"image\":{\"@type\":\"ImageObject\",\"inLanguage\":\"es\",\"@id\":\"https:\/\/ciudadyregion.com.co\/#\/schema\/person\/image\/\",\"url\":\"https:\/\/secure.gravatar.com\/avatar\/bc3c655860202182ee6d1b5edd042dbe?s=96&d=mm&r=g\",\"contentUrl\":\"https:\/\/secure.gravatar.com\/avatar\/bc3c655860202182ee6d1b5edd042dbe?s=96&d=mm&r=g\",\"caption\":\"David Andr\u00e9s Aguirre\"},\"url\":\"https:\/\/ciudadyregion.com.co\/index.php\/author\/diegoaguirre\/\"}]}<\/script>\n<!-- \/ Yoast SEO plugin. -->","yoast_head_json":{"title":"Gobernaci\u00f3n del Tolima reconoci\u00f3 la dedicaci\u00f3n de sus servidores p\u00fablicos en un quinquenio m\u00e1s de servicio - Ciudad y Region","robots":{"index":"index","follow":"follow","max-snippet":"max-snippet:-1","max-image-preview":"max-image-preview:large","max-video-preview":"max-video-preview:-1"},"canonical":"https:\/\/ciudadyregion.com.co\/index.php\/gobernacion-del-tolima-reconocio-la-dedicacion-de-sus-servidores-publicos-en-un-quinquenio-mas-de-servicio\/regional\/","og_locale":"es_ES","og_type":"article","og_title":"Gobernaci\u00f3n del Tolima reconoci\u00f3 la dedicaci\u00f3n de sus servidores p\u00fablicos en un quinquenio m\u00e1s de servicio - Ciudad y Region","og_description":"Bajo el marco de la conmemoraci\u00f3n del D\u00eda del Servidor P\u00fablico, el gobierno departamental exalt\u00f3 la dedicaci\u00f3n y esfuerzo de su equipo de funcionarios. La Gobernaci\u00f3n del Tolima hizo un reconocimiento a 57 de sus funcionarios que completaron un quinquenio m\u00e1s de servicio en la entidad. Durante esos cinco a\u00f1os,Continuar Leyendo","og_url":"https:\/\/ciudadyregion.com.co\/index.php\/gobernacion-del-tolima-reconocio-la-dedicacion-de-sus-servidores-publicos-en-un-quinquenio-mas-de-servicio\/regional\/","og_site_name":"Ciudad y Region","article_published_time":"2024-07-19T14:45:32+00:00","og_image":[{"width":809,"height":450,"url":"https:\/\/ciudadyregion.com.co\/wp-content\/uploads\/2024\/07\/Gobernacion-del-Tolima-reconocio-la-dedicacion-de-sus-servidores-publicos-en-un-quinquenio-mas-de-servicio.jpg","type":"image\/jpeg"}],"author":"David Andr\u00e9s Aguirre","twitter_card":"summary_large_image","twitter_misc":{"Escrito por":"David Andr\u00e9s Aguirre","Tiempo de lectura":"1 minuto"},"schema":{"@context":"https:\/\/schema.org","@graph":[{"@type":"WebPage","@id":"https:\/\/ciudadyregion.com.co\/index.php\/gobernacion-del-tolima-reconocio-la-dedicacion-de-sus-servidores-publicos-en-un-quinquenio-mas-de-servicio\/regional\/","url":"https:\/\/ciudadyregion.com.co\/index.php\/gobernacion-del-tolima-reconocio-la-dedicacion-de-sus-servidores-publicos-en-un-quinquenio-mas-de-servicio\/regional\/","name":"Gobernaci\u00f3n del Tolima reconoci\u00f3 la dedicaci\u00f3n de sus servidores p\u00fablicos en un quinquenio m\u00e1s de servicio - Ciudad y Region","isPartOf":{"@id":"https:\/\/ciudadyregion.com.co\/#website"},"primaryImageOfPage":{"@id":"https:\/\/ciudadyregion.com.co\/index.php\/gobernacion-del-tolima-reconocio-la-dedicacion-de-sus-servidores-publicos-en-un-quinquenio-mas-de-servicio\/regional\/#primaryimage"},"image":{"@id":"https:\/\/ciudadyregion.com.co\/index.php\/gobernacion-del-tolima-reconocio-la-dedicacion-de-sus-servidores-publicos-en-un-quinquenio-mas-de-servicio\/regional\/#primaryimage"},"thumbnailUrl":"https:\/\/i0.wp.com\/ciudadyregion.com.co\/wp-content\/uploads\/2024\/07\/Gobernacion-del-Tolima-reconocio-la-dedicacion-de-sus-servidores-publicos-en-un-quinquenio-mas-de-servicio.jpg?fit=809%2C450&ssl=1","datePublished":"2024-07-19T14:45:32+00:00","dateModified":"2024-07-19T14:45:32+00:00","author":{"@id":"https:\/\/ciudadyregion.com.co\/#\/schema\/person\/04a4954373ebc4051f46e8c65ff78622"},"breadcrumb":{"@id":"https:\/\/ciudadyregion.com.co\/index.php\/gobernacion-del-tolima-reconocio-la-dedicacion-de-sus-servidores-publicos-en-un-quinquenio-mas-de-servicio\/regional\/#breadcrumb"},"inLanguage":"es","potentialAction":[{"@type":"ReadAction","target":["https:\/\/ciudadyregion.com.co\/index.php\/gobernacion-del-tolima-reconocio-la-dedicacion-de-sus-servidores-publicos-en-un-quinquenio-mas-de-servicio\/regional\/"]}]},{"@type":"ImageObject","inLanguage":"es","@id":"https:\/\/ciudadyregion.com.co\/index.php\/gobernacion-del-tolima-reconocio-la-dedicacion-de-sus-servidores-publicos-en-un-quinquenio-mas-de-servicio\/regional\/#primaryimage","url":"https:\/\/i0.wp.com\/ciudadyregion.com.co\/wp-content\/uploads\/2024\/07\/Gobernacion-del-Tolima-reconocio-la-dedicacion-de-sus-servidores-publicos-en-un-quinquenio-mas-de-servicio.jpg?fit=809%2C450&ssl=1","contentUrl":"https:\/\/i0.wp.com\/ciudadyregion.com.co\/wp-content\/uploads\/2024\/07\/Gobernacion-del-Tolima-reconocio-la-dedicacion-de-sus-servidores-publicos-en-un-quinquenio-mas-de-servicio.jpg?fit=809%2C450&ssl=1","width":809,"height":450},{"@type":"BreadcrumbList","@id":"https:\/\/ciudadyregion.com.co\/index.php\/gobernacion-del-tolima-reconocio-la-dedicacion-de-sus-servidores-publicos-en-un-quinquenio-mas-de-servicio\/regional\/#breadcrumb","itemListElement":[{"@type":"ListItem","position":1,"name":"Portada","item":"https:\/\/ciudadyregion.com.co\/"},{"@type":"ListItem","position":2,"name":"Gobernaci\u00f3n del Tolima reconoci\u00f3 la dedicaci\u00f3n de sus servidores p\u00fablicos en un quinquenio m\u00e1s de servicio"}]},{"@type":"WebSite","@id":"https:\/\/ciudadyregion.com.co\/#website","url":"https:\/\/ciudadyregion.com.co\/","name":"Ciudad y Region","description":"","potentialAction":[{"@type":"SearchAction","target":{"@type":"EntryPoint","urlTemplate":"https:\/\/ciudadyregion.com.co\/?s={search_term_string}"},"query-input":{"@type":"PropertyValueSpecification","valueRequired":true,"valueName":"search_term_string"}}],"inLanguage":"es"},{"@type":"Person","@id":"https:\/\/ciudadyregion.com.co\/#\/schema\/person\/04a4954373ebc4051f46e8c65ff78622","name":"David Andr\u00e9s Aguirre","image":{"@type":"ImageObject","inLanguage":"es","@id":"https:\/\/ciudadyregion.com.co\/#\/schema\/person\/image\/","url":"https:\/\/secure.gravatar.com\/avatar\/bc3c655860202182ee6d1b5edd042dbe?s=96&d=mm&r=g","contentUrl":"https:\/\/secure.gravatar.com\/avatar\/bc3c655860202182ee6d1b5edd042dbe?s=96&d=mm&r=g","caption":"David Andr\u00e9s Aguirre"},"url":"https:\/\/ciudadyregion.com.co\/index.php\/author\/diegoaguirre\/"}]}},"jetpack_featured_media_url":"https:\/\/i0.wp.com\/ciudadyregion.com.co\/wp-content\/uploads\/2024\/07\/Gobernacion-del-Tolima-reconocio-la-dedicacion-de-sus-servidores-publicos-en-un-quinquenio-mas-de-servicio.jpg?fit=809%2C450&ssl=1","jetpack_sharing_enabled":true,"jetpack_shortlink":"https:\/\/wp.me\/pbS7hh-4Jy","jetpack-related-posts":[],"_links":{"self":[{"href":"https:\/\/ciudadyregion.com.co\/index.php\/wp-json\/wp\/v2\/posts\/18200"}],"collection":[{"href":"https:\/\/ciudadyregion.com.co\/index.php\/wp-json\/wp\/v2\/posts"}],"about":[{"href":"https:\/\/ciudadyregion.com.co\/index.php\/wp-json\/wp\/v2\/types\/post"}],"author":[{"embeddable":true,"href":"https:\/\/ciudadyregion.com.co\/index.php\/wp-json\/wp\/v2\/users\/2"}],"replies":[{"embeddable":true,"href":"https:\/\/ciudadyregion.com.co\/index.php\/wp-json\/wp\/v2\/comments?post=18200"}],"version-history":[{"count":1,"href":"https:\/\/ciudadyregion.com.co\/index.php\/wp-json\/wp\/v2\/posts\/18200\/revisions"}],"predecessor-version":[{"id":18202,"href":"https:\/\/ciudadyregion.com.co\/index.php\/wp-json\/wp\/v2\/posts\/18200\/revisions\/18202"}],"wp:featuredmedia":[{"embeddable":true,"href":"https:\/\/ciudadyregion.com.co\/index.php\/wp-json\/wp\/v2\/media\/18201"}],"wp:attachment":[{"href":"https:\/\/ciudadyregion.com.co\/index.php\/wp-json\/wp\/v2\/media?parent=18200"}],"wp:term":[{"taxonomy":"category","embeddable":true,"href":"https:\/\/ciudadyregion.com.co\/index.php\/wp-json\/wp\/v2\/categories?post=18200"},{"taxonomy":"post_tag","embeddable":true,"href":"https:\/\/ciudadyregion.com.co\/index.php\/wp-json\/wp\/v2\/tags?post=18200"}],"curies":[{"name":"wp","href":"https:\/\/api.w.org\/{rel}","templated":true}]}}