{"id":18197,"date":"2024-07-19T09:43:41","date_gmt":"2024-07-19T14:43:41","guid":{"rendered":"https:\/\/ciudadyregion.com.co\/?p=18197"},"modified":"2024-07-19T09:43:41","modified_gmt":"2024-07-19T14:43:41","slug":"gobernadora-matiz-socializo-en-planadas-lo-que-sera-la-feria-internacional-expo-tolima-corazon-cafetero-2024","status":"publish","type":"post","link":"https:\/\/ciudadyregion.com.co\/index.php\/gobernadora-matiz-socializo-en-planadas-lo-que-sera-la-feria-internacional-expo-tolima-corazon-cafetero-2024\/regional\/","title":{"rendered":"Gobernadora Matiz socializ\u00f3 en Planadas lo que ser\u00e1 la Feria Internacional Expo Tolima Coraz\u00f3n Cafetero 2024"},"content":{"rendered":"<p>El evento, que se llevar\u00e1 a cabo del primero al 3 de noviembre, no solo busca dinamizar la econom\u00eda local, tambi\u00e9n tiene el objetivo de atraer inversiones de diferentes regiones del mundo.<\/p>\n<p>La gobernadora del Tolima, Adriana Magali Matiz, present\u00f3 oficialmente en el municipio de Planadas los preparativos para la Feria Internacional del Caf\u00e9, que se llevar\u00e1 a cabo del primero al 3 de noviembre.<\/p>\n<p>Matiz acompa\u00f1ada por su equipo de trabajo, invit\u00f3 a los planadunos para que se unan a la organizaci\u00f3n de la feria que servir\u00e1 como vitrina internacional para los caf\u00e9s de la regi\u00f3n.<\/p>\n<p>\u201cQueremos que la gente se sienta segura viniendo a este departamento, se sienta segura viniendo aqu\u00ed a Planadas y que vengan y conozcan. Estamos haciendo una tarea con las embajadas para que venga mucha gente de otros pa\u00edses, ojal\u00e1 muchos compradores, y ac\u00e1 nos est\u00e1n ayudando tambi\u00e9n quienes tienen toda la experiencia. Tenemos que ponernos la camiseta para que esta feria sea un \u00e9xito rotundo\u201d, expres\u00f3 Matiz durante su intervenci\u00f3n.<\/p>\n<p>En el encuentro, que cont\u00f3 con la presencia de l\u00edderes de asociaciones y comerciantes del municipio, se discutieron los principales lineamientos de lo que ser\u00e1 la Feria Internacional, Expo Tolima Coraz\u00f3n Cafetero 2024.<\/p>\n<p>Juan Camilo Garc\u00eda, director de Desarrollo Rural, destac\u00f3 la importancia de este evento para la regi\u00f3n y los preparativos en hoteles y restaurantes para que puedan garantizar a los asistentes un servicio de calidad y oportuno.<\/p>\n<p>\u201cBueno, el d\u00eda de hoy estuvimos socializando todo lo que van a ser los lineamientos, las l\u00edneas gruesas, la planimetr\u00eda de la Feria Internacional Expo Tolima Coraz\u00f3n Cafetero 2024 en el municipio de Planadas. Se socializaron con transportadores, l\u00edderes de asociaciones, comerciantes, de todo lo que tiene que ver con gastro y hoteler\u00eda\u201d, coment\u00f3 Garc\u00eda.<\/p>\n<p>Del mismo modo, el director asegur\u00f3 que se adelantar\u00e1n algunas alianzas con el Ministerio de Agricultura y el Ministerio de Cultura, con el fin de atraer recursos desde diferentes fuentes de financiaci\u00f3n para garantizar el \u00e9xito del evento.<\/p>\n<p>La Feria Internacional del Caf\u00e9 en Planadas promete ser un evento de gran relevancia, no solo para exhibir la calidad del caf\u00e9 tolimense, sino tambi\u00e9n para fortalecer la econom\u00eda local y atraer inversiones nacionales e internacionales.<\/p>\n","protected":false},"excerpt":{"rendered":"<p>El evento, que se llevar\u00e1 a cabo del primero al 3 de noviembre, no solo busca dinamizar la econom\u00eda local, tambi\u00e9n tiene el objetivo de atraer inversiones de diferentes regiones del mundo. La gobernadora del Tolima, Adriana Magali Matiz, present\u00f3 oficialmente en el municipio de Planadas los preparativos para la<span class=\"more-link\"><a href=\"https:\/\/ciudadyregion.com.co\/index.php\/gobernadora-matiz-socializo-en-planadas-lo-que-sera-la-feria-internacional-expo-tolima-corazon-cafetero-2024\/regional\/\">Continuar Leyendo<\/a><\/span><\/p>\n","protected":false},"author":2,"featured_media":18198,"comment_status":"open","ping_status":"open","sticky":false,"template":"","format":"standard","meta":{"_uf_show_specific_survey":0,"_uf_disable_surveys":false,"_jetpack_memberships_contains_paid_content":false,"footnotes":"","jetpack_publicize_message":"","jetpack_publicize_feature_enabled":true,"jetpack_social_post_already_shared":true,"jetpack_social_options":{"image_generator_settings":{"template":"highway","enabled":false},"version":2}},"categories":[13],"tags":[],"class_list":["entry","author-diegoaguirre","post-18197","post","type-post","status-publish","format-standard","has-post-thumbnail","category-regional"],"jetpack_publicize_connections":[],"yoast_head":"<!-- This site is optimized with the Yoast SEO plugin v24.3 - https:\/\/yoast.com\/wordpress\/plugins\/seo\/ -->\n<title>Gobernadora Matiz socializ\u00f3 en Planadas lo que ser\u00e1 la Feria Internacional Expo Tolima Coraz\u00f3n Cafetero 2024 - Ciudad y Region<\/title>\n<meta name=\"robots\" content=\"index, follow, max-snippet:-1, max-image-preview:large, max-video-preview:-1\" \/>\n<link rel=\"canonical\" href=\"https:\/\/ciudadyregion.com.co\/index.php\/gobernadora-matiz-socializo-en-planadas-lo-que-sera-la-feria-internacional-expo-tolima-corazon-cafetero-2024\/regional\/\" \/>\n<meta property=\"og:locale\" content=\"es_ES\" \/>\n<meta property=\"og:type\" content=\"article\" \/>\n<meta property=\"og:title\" content=\"Gobernadora Matiz socializ\u00f3 en Planadas lo que ser\u00e1 la Feria Internacional Expo Tolima Coraz\u00f3n Cafetero 2024 - Ciudad y Region\" \/>\n<meta property=\"og:description\" content=\"El evento, que se llevar\u00e1 a cabo del primero al 3 de noviembre, no solo busca dinamizar la econom\u00eda local, tambi\u00e9n tiene el objetivo de atraer inversiones de diferentes regiones del mundo. La gobernadora del Tolima, Adriana Magali Matiz, present\u00f3 oficialmente en el municipio de Planadas los preparativos para laContinuar Leyendo\" \/>\n<meta property=\"og:url\" content=\"https:\/\/ciudadyregion.com.co\/index.php\/gobernadora-matiz-socializo-en-planadas-lo-que-sera-la-feria-internacional-expo-tolima-corazon-cafetero-2024\/regional\/\" \/>\n<meta property=\"og:site_name\" content=\"Ciudad y Region\" \/>\n<meta property=\"article:published_time\" content=\"2024-07-19T14:43:41+00:00\" \/>\n<meta property=\"og:image\" content=\"https:\/\/ciudadyregion.com.co\/wp-content\/uploads\/2024\/07\/Gobernadora-Matiz-socializo-en-Planadas-lo-que-sera-la-Feria-Internacional-Expo-Tolima-Corazon-Cafetero-2024.jpg\" \/>\n\t<meta property=\"og:image:width\" content=\"809\" \/>\n\t<meta property=\"og:image:height\" content=\"450\" \/>\n\t<meta property=\"og:image:type\" content=\"image\/jpeg\" \/>\n<meta name=\"author\" content=\"David Andr\u00e9s Aguirre\" \/>\n<meta name=\"twitter:card\" content=\"summary_large_image\" \/>\n<meta name=\"twitter:label1\" content=\"Escrito por\" \/>\n\t<meta name=\"twitter:data1\" content=\"David Andr\u00e9s Aguirre\" \/>\n\t<meta name=\"twitter:label2\" content=\"Tiempo de lectura\" \/>\n\t<meta name=\"twitter:data2\" content=\"2 minutos\" \/>\n<script type=\"application\/ld+json\" class=\"yoast-schema-graph\">{\"@context\":\"https:\/\/schema.org\",\"@graph\":[{\"@type\":\"WebPage\",\"@id\":\"https:\/\/ciudadyregion.com.co\/index.php\/gobernadora-matiz-socializo-en-planadas-lo-que-sera-la-feria-internacional-expo-tolima-corazon-cafetero-2024\/regional\/\",\"url\":\"https:\/\/ciudadyregion.com.co\/index.php\/gobernadora-matiz-socializo-en-planadas-lo-que-sera-la-feria-internacional-expo-tolima-corazon-cafetero-2024\/regional\/\",\"name\":\"Gobernadora Matiz socializ\u00f3 en Planadas lo que ser\u00e1 la Feria Internacional Expo Tolima Coraz\u00f3n Cafetero 2024 - Ciudad y Region\",\"isPartOf\":{\"@id\":\"https:\/\/ciudadyregion.com.co\/#website\"},\"primaryImageOfPage\":{\"@id\":\"https:\/\/ciudadyregion.com.co\/index.php\/gobernadora-matiz-socializo-en-planadas-lo-que-sera-la-feria-internacional-expo-tolima-corazon-cafetero-2024\/regional\/#primaryimage\"},\"image\":{\"@id\":\"https:\/\/ciudadyregion.com.co\/index.php\/gobernadora-matiz-socializo-en-planadas-lo-que-sera-la-feria-internacional-expo-tolima-corazon-cafetero-2024\/regional\/#primaryimage\"},\"thumbnailUrl\":\"https:\/\/i0.wp.com\/ciudadyregion.com.co\/wp-content\/uploads\/2024\/07\/Gobernadora-Matiz-socializo-en-Planadas-lo-que-sera-la-Feria-Internacional-Expo-Tolima-Corazon-Cafetero-2024.jpg?fit=809%2C450&ssl=1\",\"datePublished\":\"2024-07-19T14:43:41+00:00\",\"dateModified\":\"2024-07-19T14:43:41+00:00\",\"author\":{\"@id\":\"https:\/\/ciudadyregion.com.co\/#\/schema\/person\/04a4954373ebc4051f46e8c65ff78622\"},\"breadcrumb\":{\"@id\":\"https:\/\/ciudadyregion.com.co\/index.php\/gobernadora-matiz-socializo-en-planadas-lo-que-sera-la-feria-internacional-expo-tolima-corazon-cafetero-2024\/regional\/#breadcrumb\"},\"inLanguage\":\"es\",\"potentialAction\":[{\"@type\":\"ReadAction\",\"target\":[\"https:\/\/ciudadyregion.com.co\/index.php\/gobernadora-matiz-socializo-en-planadas-lo-que-sera-la-feria-internacional-expo-tolima-corazon-cafetero-2024\/regional\/\"]}]},{\"@type\":\"ImageObject\",\"inLanguage\":\"es\",\"@id\":\"https:\/\/ciudadyregion.com.co\/index.php\/gobernadora-matiz-socializo-en-planadas-lo-que-sera-la-feria-internacional-expo-tolima-corazon-cafetero-2024\/regional\/#primaryimage\",\"url\":\"https:\/\/i0.wp.com\/ciudadyregion.com.co\/wp-content\/uploads\/2024\/07\/Gobernadora-Matiz-socializo-en-Planadas-lo-que-sera-la-Feria-Internacional-Expo-Tolima-Corazon-Cafetero-2024.jpg?fit=809%2C450&ssl=1\",\"contentUrl\":\"https:\/\/i0.wp.com\/ciudadyregion.com.co\/wp-content\/uploads\/2024\/07\/Gobernadora-Matiz-socializo-en-Planadas-lo-que-sera-la-Feria-Internacional-Expo-Tolima-Corazon-Cafetero-2024.jpg?fit=809%2C450&ssl=1\",\"width\":809,\"height\":450},{\"@type\":\"BreadcrumbList\",\"@id\":\"https:\/\/ciudadyregion.com.co\/index.php\/gobernadora-matiz-socializo-en-planadas-lo-que-sera-la-feria-internacional-expo-tolima-corazon-cafetero-2024\/regional\/#breadcrumb\",\"itemListElement\":[{\"@type\":\"ListItem\",\"position\":1,\"name\":\"Portada\",\"item\":\"https:\/\/ciudadyregion.com.co\/\"},{\"@type\":\"ListItem\",\"position\":2,\"name\":\"Gobernadora Matiz socializ\u00f3 en Planadas lo que ser\u00e1 la Feria Internacional Expo Tolima Coraz\u00f3n Cafetero 2024\"}]},{\"@type\":\"WebSite\",\"@id\":\"https:\/\/ciudadyregion.com.co\/#website\",\"url\":\"https:\/\/ciudadyregion.com.co\/\",\"name\":\"Ciudad y Region\",\"description\":\"\",\"potentialAction\":[{\"@type\":\"SearchAction\",\"target\":{\"@type\":\"EntryPoint\",\"urlTemplate\":\"https:\/\/ciudadyregion.com.co\/?s={search_term_string}\"},\"query-input\":{\"@type\":\"PropertyValueSpecification\",\"valueRequired\":true,\"valueName\":\"search_term_string\"}}],\"inLanguage\":\"es\"},{\"@type\":\"Person\",\"@id\":\"https:\/\/ciudadyregion.com.co\/#\/schema\/person\/04a4954373ebc4051f46e8c65ff78622\",\"name\":\"David Andr\u00e9s Aguirre\",\"image\":{\"@type\":\"ImageObject\",\"inLanguage\":\"es\",\"@id\":\"https:\/\/ciudadyregion.com.co\/#\/schema\/person\/image\/\",\"url\":\"https:\/\/secure.gravatar.com\/avatar\/bc3c655860202182ee6d1b5edd042dbe?s=96&d=mm&r=g\",\"contentUrl\":\"https:\/\/secure.gravatar.com\/avatar\/bc3c655860202182ee6d1b5edd042dbe?s=96&d=mm&r=g\",\"caption\":\"David Andr\u00e9s Aguirre\"},\"url\":\"https:\/\/ciudadyregion.com.co\/index.php\/author\/diegoaguirre\/\"}]}<\/script>\n<!-- \/ Yoast SEO plugin. -->","yoast_head_json":{"title":"Gobernadora Matiz socializ\u00f3 en Planadas lo que ser\u00e1 la Feria Internacional Expo Tolima Coraz\u00f3n Cafetero 2024 - Ciudad y Region","robots":{"index":"index","follow":"follow","max-snippet":"max-snippet:-1","max-image-preview":"max-image-preview:large","max-video-preview":"max-video-preview:-1"},"canonical":"https:\/\/ciudadyregion.com.co\/index.php\/gobernadora-matiz-socializo-en-planadas-lo-que-sera-la-feria-internacional-expo-tolima-corazon-cafetero-2024\/regional\/","og_locale":"es_ES","og_type":"article","og_title":"Gobernadora Matiz socializ\u00f3 en Planadas lo que ser\u00e1 la Feria Internacional Expo Tolima Coraz\u00f3n Cafetero 2024 - Ciudad y Region","og_description":"El evento, que se llevar\u00e1 a cabo del primero al 3 de noviembre, no solo busca dinamizar la econom\u00eda local, tambi\u00e9n tiene el objetivo de atraer inversiones de diferentes regiones del mundo. La gobernadora del Tolima, Adriana Magali Matiz, present\u00f3 oficialmente en el municipio de Planadas los preparativos para laContinuar Leyendo","og_url":"https:\/\/ciudadyregion.com.co\/index.php\/gobernadora-matiz-socializo-en-planadas-lo-que-sera-la-feria-internacional-expo-tolima-corazon-cafetero-2024\/regional\/","og_site_name":"Ciudad y Region","article_published_time":"2024-07-19T14:43:41+00:00","og_image":[{"width":809,"height":450,"url":"https:\/\/ciudadyregion.com.co\/wp-content\/uploads\/2024\/07\/Gobernadora-Matiz-socializo-en-Planadas-lo-que-sera-la-Feria-Internacional-Expo-Tolima-Corazon-Cafetero-2024.jpg","type":"image\/jpeg"}],"author":"David Andr\u00e9s Aguirre","twitter_card":"summary_large_image","twitter_misc":{"Escrito por":"David Andr\u00e9s Aguirre","Tiempo de lectura":"2 minutos"},"schema":{"@context":"https:\/\/schema.org","@graph":[{"@type":"WebPage","@id":"https:\/\/ciudadyregion.com.co\/index.php\/gobernadora-matiz-socializo-en-planadas-lo-que-sera-la-feria-internacional-expo-tolima-corazon-cafetero-2024\/regional\/","url":"https:\/\/ciudadyregion.com.co\/index.php\/gobernadora-matiz-socializo-en-planadas-lo-que-sera-la-feria-internacional-expo-tolima-corazon-cafetero-2024\/regional\/","name":"Gobernadora Matiz socializ\u00f3 en Planadas lo que ser\u00e1 la Feria Internacional Expo Tolima Coraz\u00f3n Cafetero 2024 - Ciudad y Region","isPartOf":{"@id":"https:\/\/ciudadyregion.com.co\/#website"},"primaryImageOfPage":{"@id":"https:\/\/ciudadyregion.com.co\/index.php\/gobernadora-matiz-socializo-en-planadas-lo-que-sera-la-feria-internacional-expo-tolima-corazon-cafetero-2024\/regional\/#primaryimage"},"image":{"@id":"https:\/\/ciudadyregion.com.co\/index.php\/gobernadora-matiz-socializo-en-planadas-lo-que-sera-la-feria-internacional-expo-tolima-corazon-cafetero-2024\/regional\/#primaryimage"},"thumbnailUrl":"https:\/\/i0.wp.com\/ciudadyregion.com.co\/wp-content\/uploads\/2024\/07\/Gobernadora-Matiz-socializo-en-Planadas-lo-que-sera-la-Feria-Internacional-Expo-Tolima-Corazon-Cafetero-2024.jpg?fit=809%2C450&ssl=1","datePublished":"2024-07-19T14:43:41+00:00","dateModified":"2024-07-19T14:43:41+00:00","author":{"@id":"https:\/\/ciudadyregion.com.co\/#\/schema\/person\/04a4954373ebc4051f46e8c65ff78622"},"breadcrumb":{"@id":"https:\/\/ciudadyregion.com.co\/index.php\/gobernadora-matiz-socializo-en-planadas-lo-que-sera-la-feria-internacional-expo-tolima-corazon-cafetero-2024\/regional\/#breadcrumb"},"inLanguage":"es","potentialAction":[{"@type":"ReadAction","target":["https:\/\/ciudadyregion.com.co\/index.php\/gobernadora-matiz-socializo-en-planadas-lo-que-sera-la-feria-internacional-expo-tolima-corazon-cafetero-2024\/regional\/"]}]},{"@type":"ImageObject","inLanguage":"es","@id":"https:\/\/ciudadyregion.com.co\/index.php\/gobernadora-matiz-socializo-en-planadas-lo-que-sera-la-feria-internacional-expo-tolima-corazon-cafetero-2024\/regional\/#primaryimage","url":"https:\/\/i0.wp.com\/ciudadyregion.com.co\/wp-content\/uploads\/2024\/07\/Gobernadora-Matiz-socializo-en-Planadas-lo-que-sera-la-Feria-Internacional-Expo-Tolima-Corazon-Cafetero-2024.jpg?fit=809%2C450&ssl=1","contentUrl":"https:\/\/i0.wp.com\/ciudadyregion.com.co\/wp-content\/uploads\/2024\/07\/Gobernadora-Matiz-socializo-en-Planadas-lo-que-sera-la-Feria-Internacional-Expo-Tolima-Corazon-Cafetero-2024.jpg?fit=809%2C450&ssl=1","width":809,"height":450},{"@type":"BreadcrumbList","@id":"https:\/\/ciudadyregion.com.co\/index.php\/gobernadora-matiz-socializo-en-planadas-lo-que-sera-la-feria-internacional-expo-tolima-corazon-cafetero-2024\/regional\/#breadcrumb","itemListElement":[{"@type":"ListItem","position":1,"name":"Portada","item":"https:\/\/ciudadyregion.com.co\/"},{"@type":"ListItem","position":2,"name":"Gobernadora Matiz socializ\u00f3 en Planadas lo que ser\u00e1 la Feria Internacional Expo Tolima Coraz\u00f3n Cafetero 2024"}]},{"@type":"WebSite","@id":"https:\/\/ciudadyregion.com.co\/#website","url":"https:\/\/ciudadyregion.com.co\/","name":"Ciudad y Region","description":"","potentialAction":[{"@type":"SearchAction","target":{"@type":"EntryPoint","urlTemplate":"https:\/\/ciudadyregion.com.co\/?s={search_term_string}"},"query-input":{"@type":"PropertyValueSpecification","valueRequired":true,"valueName":"search_term_string"}}],"inLanguage":"es"},{"@type":"Person","@id":"https:\/\/ciudadyregion.com.co\/#\/schema\/person\/04a4954373ebc4051f46e8c65ff78622","name":"David Andr\u00e9s Aguirre","image":{"@type":"ImageObject","inLanguage":"es","@id":"https:\/\/ciudadyregion.com.co\/#\/schema\/person\/image\/","url":"https:\/\/secure.gravatar.com\/avatar\/bc3c655860202182ee6d1b5edd042dbe?s=96&d=mm&r=g","contentUrl":"https:\/\/secure.gravatar.com\/avatar\/bc3c655860202182ee6d1b5edd042dbe?s=96&d=mm&r=g","caption":"David Andr\u00e9s Aguirre"},"url":"https:\/\/ciudadyregion.com.co\/index.php\/author\/diegoaguirre\/"}]}},"jetpack_featured_media_url":"https:\/\/i0.wp.com\/ciudadyregion.com.co\/wp-content\/uploads\/2024\/07\/Gobernadora-Matiz-socializo-en-Planadas-lo-que-sera-la-Feria-Internacional-Expo-Tolima-Corazon-Cafetero-2024.jpg?fit=809%2C450&ssl=1","jetpack_sharing_enabled":true,"jetpack_shortlink":"https:\/\/wp.me\/pbS7hh-4Jv","jetpack-related-posts":[],"_links":{"self":[{"href":"https:\/\/ciudadyregion.com.co\/index.php\/wp-json\/wp\/v2\/posts\/18197"}],"collection":[{"href":"https:\/\/ciudadyregion.com.co\/index.php\/wp-json\/wp\/v2\/posts"}],"about":[{"href":"https:\/\/ciudadyregion.com.co\/index.php\/wp-json\/wp\/v2\/types\/post"}],"author":[{"embeddable":true,"href":"https:\/\/ciudadyregion.com.co\/index.php\/wp-json\/wp\/v2\/users\/2"}],"replies":[{"embeddable":true,"href":"https:\/\/ciudadyregion.com.co\/index.php\/wp-json\/wp\/v2\/comments?post=18197"}],"version-history":[{"count":1,"href":"https:\/\/ciudadyregion.com.co\/index.php\/wp-json\/wp\/v2\/posts\/18197\/revisions"}],"predecessor-version":[{"id":18199,"href":"https:\/\/ciudadyregion.com.co\/index.php\/wp-json\/wp\/v2\/posts\/18197\/revisions\/18199"}],"wp:featuredmedia":[{"embeddable":true,"href":"https:\/\/ciudadyregion.com.co\/index.php\/wp-json\/wp\/v2\/media\/18198"}],"wp:attachment":[{"href":"https:\/\/ciudadyregion.com.co\/index.php\/wp-json\/wp\/v2\/media?parent=18197"}],"wp:term":[{"taxonomy":"category","embeddable":true,"href":"https:\/\/ciudadyregion.com.co\/index.php\/wp-json\/wp\/v2\/categories?post=18197"},{"taxonomy":"post_tag","embeddable":true,"href":"https:\/\/ciudadyregion.com.co\/index.php\/wp-json\/wp\/v2\/tags?post=18197"}],"curies":[{"name":"wp","href":"https:\/\/api.w.org\/{rel}","templated":true}]}}