{"id":18188,"date":"2024-07-19T09:28:07","date_gmt":"2024-07-19T14:28:07","guid":{"rendered":"https:\/\/ciudadyregion.com.co\/?p=18188"},"modified":"2024-07-19T09:28:07","modified_gmt":"2024-07-19T14:28:07","slug":"autoridades-del-tolima-y-el-quindio-unifican-esfuerzos-para-atender-emergencias-viales-en-la-cordillera-central","status":"publish","type":"post","link":"https:\/\/ciudadyregion.com.co\/index.php\/autoridades-del-tolima-y-el-quindio-unifican-esfuerzos-para-atender-emergencias-viales-en-la-cordillera-central\/regional\/","title":{"rendered":"Autoridades del Tolima y el Quind\u00edo unifican esfuerzos para atender emergencias viales en la Cordillera Central"},"content":{"rendered":"<p>Se instal\u00f2 el Puesto de Mando Unificado en compa\u00f1\u00eda de representantes del INVIAS y autoridades departamentales.<\/p>\n<p>En las oficinas del Consorcio La L\u00ednea en Cajamarca, Tolima, se di\u00f2 inicio a la reuni\u00f3n del Puesto de Mando Unificado para abordar las condiciones de seguridad vial, gesti\u00f3n del riesgo, plan de contingencia y orden p\u00fablico frente a las emergencias viales que afectan la v\u00eda nacional cruce de la Cordillera Central, en el marco de la temporada de lluvias.<\/p>\n<p>El pasado viernes 5 de julio, una avalancha de lodo y material vegetal en el kil\u00f3metro 29 (t\u00fanel Tigrillo Lanudo) gener\u00f3 el cierre total de la movilidad terrestre en la v\u00eda que comunica el departamento del Quind\u00edo con el departamento del Tolima. Esta situaci\u00f3n provoc\u00f3 serias dificultades para el tr\u00e1nsito en la regi\u00f3n, haciendo necesario establecer medidas urgentes y efectivas.<\/p>\n<p>Por tanto, este PMU tendr\u00e1 como objetivo principal la Coordinaci\u00f3n y establecimiento del comando central para gestionar las emergencias viales que se puedan presentar, producto de la entrante temporada de lluvias.<\/p>\n<p>La reuni\u00f3n cuenta con la participaci\u00f3n de representantes del Instituto Nacional de V\u00edas (INVIAS), autoridades locales del Tolima y el Quind\u00edo, y dem\u00e1s entidades involucradas en la gesti\u00f3n de emergencias viales. Se espera que las decisiones y acuerdos tomados en esta reuni\u00f3n permitan garantizar la seguridad de todos los usuarios de la v\u00eda durante la temporada de lluvias que se avecina.<\/p>\n","protected":false},"excerpt":{"rendered":"<p>Se instal\u00f2 el Puesto de Mando Unificado en compa\u00f1\u00eda de representantes del INVIAS y autoridades departamentales. En las oficinas del Consorcio La L\u00ednea en Cajamarca, Tolima, se di\u00f2 inicio a la reuni\u00f3n del Puesto de Mando Unificado para abordar las condiciones de seguridad vial, gesti\u00f3n del riesgo, plan de contingencia<span class=\"more-link\"><a href=\"https:\/\/ciudadyregion.com.co\/index.php\/autoridades-del-tolima-y-el-quindio-unifican-esfuerzos-para-atender-emergencias-viales-en-la-cordillera-central\/regional\/\">Continuar Leyendo<\/a><\/span><\/p>\n","protected":false},"author":2,"featured_media":18189,"comment_status":"open","ping_status":"open","sticky":false,"template":"","format":"standard","meta":{"_uf_show_specific_survey":0,"_uf_disable_surveys":false,"_jetpack_memberships_contains_paid_content":false,"footnotes":"","jetpack_publicize_message":"","jetpack_publicize_feature_enabled":true,"jetpack_social_post_already_shared":true,"jetpack_social_options":{"image_generator_settings":{"template":"highway","enabled":false},"version":2}},"categories":[13],"tags":[],"class_list":["entry","author-diegoaguirre","post-18188","post","type-post","status-publish","format-standard","has-post-thumbnail","category-regional"],"jetpack_publicize_connections":[],"yoast_head":"<!-- This site is optimized with the Yoast SEO plugin v24.3 - https:\/\/yoast.com\/wordpress\/plugins\/seo\/ -->\n<title>Autoridades del Tolima y el Quind\u00edo unifican esfuerzos para atender emergencias viales en la Cordillera Central - Ciudad y Region<\/title>\n<meta name=\"robots\" content=\"index, follow, max-snippet:-1, max-image-preview:large, max-video-preview:-1\" \/>\n<link rel=\"canonical\" href=\"https:\/\/ciudadyregion.com.co\/index.php\/autoridades-del-tolima-y-el-quindio-unifican-esfuerzos-para-atender-emergencias-viales-en-la-cordillera-central\/regional\/\" \/>\n<meta property=\"og:locale\" content=\"es_ES\" \/>\n<meta property=\"og:type\" content=\"article\" \/>\n<meta property=\"og:title\" content=\"Autoridades del Tolima y el Quind\u00edo unifican esfuerzos para atender emergencias viales en la Cordillera Central - Ciudad y Region\" \/>\n<meta property=\"og:description\" content=\"Se instal\u00f2 el Puesto de Mando Unificado en compa\u00f1\u00eda de representantes del INVIAS y autoridades departamentales. En las oficinas del Consorcio La L\u00ednea en Cajamarca, Tolima, se di\u00f2 inicio a la reuni\u00f3n del Puesto de Mando Unificado para abordar las condiciones de seguridad vial, gesti\u00f3n del riesgo, plan de contingenciaContinuar Leyendo\" \/>\n<meta property=\"og:url\" content=\"https:\/\/ciudadyregion.com.co\/index.php\/autoridades-del-tolima-y-el-quindio-unifican-esfuerzos-para-atender-emergencias-viales-en-la-cordillera-central\/regional\/\" \/>\n<meta property=\"og:site_name\" content=\"Ciudad y Region\" \/>\n<meta property=\"article:published_time\" content=\"2024-07-19T14:28:07+00:00\" \/>\n<meta property=\"og:image\" content=\"https:\/\/ciudadyregion.com.co\/wp-content\/uploads\/2024\/07\/Autoridades-del-Tolima-y-el-Quindio-unifican-esfuerzos-para-atender-emergencias-viales-en-la-Cordillera-Central.jpg\" \/>\n\t<meta property=\"og:image:width\" content=\"800\" \/>\n\t<meta property=\"og:image:height\" content=\"445\" \/>\n\t<meta property=\"og:image:type\" content=\"image\/jpeg\" \/>\n<meta name=\"author\" content=\"David Andr\u00e9s Aguirre\" \/>\n<meta name=\"twitter:card\" content=\"summary_large_image\" \/>\n<meta name=\"twitter:label1\" content=\"Escrito por\" \/>\n\t<meta name=\"twitter:data1\" content=\"David Andr\u00e9s Aguirre\" \/>\n\t<meta name=\"twitter:label2\" content=\"Tiempo de lectura\" \/>\n\t<meta name=\"twitter:data2\" content=\"2 minutos\" \/>\n<script type=\"application\/ld+json\" class=\"yoast-schema-graph\">{\"@context\":\"https:\/\/schema.org\",\"@graph\":[{\"@type\":\"WebPage\",\"@id\":\"https:\/\/ciudadyregion.com.co\/index.php\/autoridades-del-tolima-y-el-quindio-unifican-esfuerzos-para-atender-emergencias-viales-en-la-cordillera-central\/regional\/\",\"url\":\"https:\/\/ciudadyregion.com.co\/index.php\/autoridades-del-tolima-y-el-quindio-unifican-esfuerzos-para-atender-emergencias-viales-en-la-cordillera-central\/regional\/\",\"name\":\"Autoridades del Tolima y el Quind\u00edo unifican esfuerzos para atender emergencias viales en la Cordillera Central - Ciudad y Region\",\"isPartOf\":{\"@id\":\"https:\/\/ciudadyregion.com.co\/#website\"},\"primaryImageOfPage\":{\"@id\":\"https:\/\/ciudadyregion.com.co\/index.php\/autoridades-del-tolima-y-el-quindio-unifican-esfuerzos-para-atender-emergencias-viales-en-la-cordillera-central\/regional\/#primaryimage\"},\"image\":{\"@id\":\"https:\/\/ciudadyregion.com.co\/index.php\/autoridades-del-tolima-y-el-quindio-unifican-esfuerzos-para-atender-emergencias-viales-en-la-cordillera-central\/regional\/#primaryimage\"},\"thumbnailUrl\":\"https:\/\/i0.wp.com\/ciudadyregion.com.co\/wp-content\/uploads\/2024\/07\/Autoridades-del-Tolima-y-el-Quindio-unifican-esfuerzos-para-atender-emergencias-viales-en-la-Cordillera-Central.jpg?fit=800%2C445&ssl=1\",\"datePublished\":\"2024-07-19T14:28:07+00:00\",\"dateModified\":\"2024-07-19T14:28:07+00:00\",\"author\":{\"@id\":\"https:\/\/ciudadyregion.com.co\/#\/schema\/person\/04a4954373ebc4051f46e8c65ff78622\"},\"breadcrumb\":{\"@id\":\"https:\/\/ciudadyregion.com.co\/index.php\/autoridades-del-tolima-y-el-quindio-unifican-esfuerzos-para-atender-emergencias-viales-en-la-cordillera-central\/regional\/#breadcrumb\"},\"inLanguage\":\"es\",\"potentialAction\":[{\"@type\":\"ReadAction\",\"target\":[\"https:\/\/ciudadyregion.com.co\/index.php\/autoridades-del-tolima-y-el-quindio-unifican-esfuerzos-para-atender-emergencias-viales-en-la-cordillera-central\/regional\/\"]}]},{\"@type\":\"ImageObject\",\"inLanguage\":\"es\",\"@id\":\"https:\/\/ciudadyregion.com.co\/index.php\/autoridades-del-tolima-y-el-quindio-unifican-esfuerzos-para-atender-emergencias-viales-en-la-cordillera-central\/regional\/#primaryimage\",\"url\":\"https:\/\/i0.wp.com\/ciudadyregion.com.co\/wp-content\/uploads\/2024\/07\/Autoridades-del-Tolima-y-el-Quindio-unifican-esfuerzos-para-atender-emergencias-viales-en-la-Cordillera-Central.jpg?fit=800%2C445&ssl=1\",\"contentUrl\":\"https:\/\/i0.wp.com\/ciudadyregion.com.co\/wp-content\/uploads\/2024\/07\/Autoridades-del-Tolima-y-el-Quindio-unifican-esfuerzos-para-atender-emergencias-viales-en-la-Cordillera-Central.jpg?fit=800%2C445&ssl=1\",\"width\":800,\"height\":445},{\"@type\":\"BreadcrumbList\",\"@id\":\"https:\/\/ciudadyregion.com.co\/index.php\/autoridades-del-tolima-y-el-quindio-unifican-esfuerzos-para-atender-emergencias-viales-en-la-cordillera-central\/regional\/#breadcrumb\",\"itemListElement\":[{\"@type\":\"ListItem\",\"position\":1,\"name\":\"Portada\",\"item\":\"https:\/\/ciudadyregion.com.co\/\"},{\"@type\":\"ListItem\",\"position\":2,\"name\":\"Autoridades del Tolima y el Quind\u00edo unifican esfuerzos para atender emergencias viales en la Cordillera Central\"}]},{\"@type\":\"WebSite\",\"@id\":\"https:\/\/ciudadyregion.com.co\/#website\",\"url\":\"https:\/\/ciudadyregion.com.co\/\",\"name\":\"Ciudad y Region\",\"description\":\"\",\"potentialAction\":[{\"@type\":\"SearchAction\",\"target\":{\"@type\":\"EntryPoint\",\"urlTemplate\":\"https:\/\/ciudadyregion.com.co\/?s={search_term_string}\"},\"query-input\":{\"@type\":\"PropertyValueSpecification\",\"valueRequired\":true,\"valueName\":\"search_term_string\"}}],\"inLanguage\":\"es\"},{\"@type\":\"Person\",\"@id\":\"https:\/\/ciudadyregion.com.co\/#\/schema\/person\/04a4954373ebc4051f46e8c65ff78622\",\"name\":\"David Andr\u00e9s Aguirre\",\"image\":{\"@type\":\"ImageObject\",\"inLanguage\":\"es\",\"@id\":\"https:\/\/ciudadyregion.com.co\/#\/schema\/person\/image\/\",\"url\":\"https:\/\/secure.gravatar.com\/avatar\/bc3c655860202182ee6d1b5edd042dbe?s=96&d=mm&r=g\",\"contentUrl\":\"https:\/\/secure.gravatar.com\/avatar\/bc3c655860202182ee6d1b5edd042dbe?s=96&d=mm&r=g\",\"caption\":\"David Andr\u00e9s Aguirre\"},\"url\":\"https:\/\/ciudadyregion.com.co\/index.php\/author\/diegoaguirre\/\"}]}<\/script>\n<!-- \/ Yoast SEO plugin. -->","yoast_head_json":{"title":"Autoridades del Tolima y el Quind\u00edo unifican esfuerzos para atender emergencias viales en la Cordillera Central - Ciudad y Region","robots":{"index":"index","follow":"follow","max-snippet":"max-snippet:-1","max-image-preview":"max-image-preview:large","max-video-preview":"max-video-preview:-1"},"canonical":"https:\/\/ciudadyregion.com.co\/index.php\/autoridades-del-tolima-y-el-quindio-unifican-esfuerzos-para-atender-emergencias-viales-en-la-cordillera-central\/regional\/","og_locale":"es_ES","og_type":"article","og_title":"Autoridades del Tolima y el Quind\u00edo unifican esfuerzos para atender emergencias viales en la Cordillera Central - Ciudad y Region","og_description":"Se instal\u00f2 el Puesto de Mando Unificado en compa\u00f1\u00eda de representantes del INVIAS y autoridades departamentales. En las oficinas del Consorcio La L\u00ednea en Cajamarca, Tolima, se di\u00f2 inicio a la reuni\u00f3n del Puesto de Mando Unificado para abordar las condiciones de seguridad vial, gesti\u00f3n del riesgo, plan de contingenciaContinuar Leyendo","og_url":"https:\/\/ciudadyregion.com.co\/index.php\/autoridades-del-tolima-y-el-quindio-unifican-esfuerzos-para-atender-emergencias-viales-en-la-cordillera-central\/regional\/","og_site_name":"Ciudad y Region","article_published_time":"2024-07-19T14:28:07+00:00","og_image":[{"width":800,"height":445,"url":"https:\/\/ciudadyregion.com.co\/wp-content\/uploads\/2024\/07\/Autoridades-del-Tolima-y-el-Quindio-unifican-esfuerzos-para-atender-emergencias-viales-en-la-Cordillera-Central.jpg","type":"image\/jpeg"}],"author":"David Andr\u00e9s Aguirre","twitter_card":"summary_large_image","twitter_misc":{"Escrito por":"David Andr\u00e9s Aguirre","Tiempo de lectura":"2 minutos"},"schema":{"@context":"https:\/\/schema.org","@graph":[{"@type":"WebPage","@id":"https:\/\/ciudadyregion.com.co\/index.php\/autoridades-del-tolima-y-el-quindio-unifican-esfuerzos-para-atender-emergencias-viales-en-la-cordillera-central\/regional\/","url":"https:\/\/ciudadyregion.com.co\/index.php\/autoridades-del-tolima-y-el-quindio-unifican-esfuerzos-para-atender-emergencias-viales-en-la-cordillera-central\/regional\/","name":"Autoridades del Tolima y el Quind\u00edo unifican esfuerzos para atender emergencias viales en la Cordillera Central - Ciudad y Region","isPartOf":{"@id":"https:\/\/ciudadyregion.com.co\/#website"},"primaryImageOfPage":{"@id":"https:\/\/ciudadyregion.com.co\/index.php\/autoridades-del-tolima-y-el-quindio-unifican-esfuerzos-para-atender-emergencias-viales-en-la-cordillera-central\/regional\/#primaryimage"},"image":{"@id":"https:\/\/ciudadyregion.com.co\/index.php\/autoridades-del-tolima-y-el-quindio-unifican-esfuerzos-para-atender-emergencias-viales-en-la-cordillera-central\/regional\/#primaryimage"},"thumbnailUrl":"https:\/\/i0.wp.com\/ciudadyregion.com.co\/wp-content\/uploads\/2024\/07\/Autoridades-del-Tolima-y-el-Quindio-unifican-esfuerzos-para-atender-emergencias-viales-en-la-Cordillera-Central.jpg?fit=800%2C445&ssl=1","datePublished":"2024-07-19T14:28:07+00:00","dateModified":"2024-07-19T14:28:07+00:00","author":{"@id":"https:\/\/ciudadyregion.com.co\/#\/schema\/person\/04a4954373ebc4051f46e8c65ff78622"},"breadcrumb":{"@id":"https:\/\/ciudadyregion.com.co\/index.php\/autoridades-del-tolima-y-el-quindio-unifican-esfuerzos-para-atender-emergencias-viales-en-la-cordillera-central\/regional\/#breadcrumb"},"inLanguage":"es","potentialAction":[{"@type":"ReadAction","target":["https:\/\/ciudadyregion.com.co\/index.php\/autoridades-del-tolima-y-el-quindio-unifican-esfuerzos-para-atender-emergencias-viales-en-la-cordillera-central\/regional\/"]}]},{"@type":"ImageObject","inLanguage":"es","@id":"https:\/\/ciudadyregion.com.co\/index.php\/autoridades-del-tolima-y-el-quindio-unifican-esfuerzos-para-atender-emergencias-viales-en-la-cordillera-central\/regional\/#primaryimage","url":"https:\/\/i0.wp.com\/ciudadyregion.com.co\/wp-content\/uploads\/2024\/07\/Autoridades-del-Tolima-y-el-Quindio-unifican-esfuerzos-para-atender-emergencias-viales-en-la-Cordillera-Central.jpg?fit=800%2C445&ssl=1","contentUrl":"https:\/\/i0.wp.com\/ciudadyregion.com.co\/wp-content\/uploads\/2024\/07\/Autoridades-del-Tolima-y-el-Quindio-unifican-esfuerzos-para-atender-emergencias-viales-en-la-Cordillera-Central.jpg?fit=800%2C445&ssl=1","width":800,"height":445},{"@type":"BreadcrumbList","@id":"https:\/\/ciudadyregion.com.co\/index.php\/autoridades-del-tolima-y-el-quindio-unifican-esfuerzos-para-atender-emergencias-viales-en-la-cordillera-central\/regional\/#breadcrumb","itemListElement":[{"@type":"ListItem","position":1,"name":"Portada","item":"https:\/\/ciudadyregion.com.co\/"},{"@type":"ListItem","position":2,"name":"Autoridades del Tolima y el Quind\u00edo unifican esfuerzos para atender emergencias viales en la Cordillera Central"}]},{"@type":"WebSite","@id":"https:\/\/ciudadyregion.com.co\/#website","url":"https:\/\/ciudadyregion.com.co\/","name":"Ciudad y Region","description":"","potentialAction":[{"@type":"SearchAction","target":{"@type":"EntryPoint","urlTemplate":"https:\/\/ciudadyregion.com.co\/?s={search_term_string}"},"query-input":{"@type":"PropertyValueSpecification","valueRequired":true,"valueName":"search_term_string"}}],"inLanguage":"es"},{"@type":"Person","@id":"https:\/\/ciudadyregion.com.co\/#\/schema\/person\/04a4954373ebc4051f46e8c65ff78622","name":"David Andr\u00e9s Aguirre","image":{"@type":"ImageObject","inLanguage":"es","@id":"https:\/\/ciudadyregion.com.co\/#\/schema\/person\/image\/","url":"https:\/\/secure.gravatar.com\/avatar\/bc3c655860202182ee6d1b5edd042dbe?s=96&d=mm&r=g","contentUrl":"https:\/\/secure.gravatar.com\/avatar\/bc3c655860202182ee6d1b5edd042dbe?s=96&d=mm&r=g","caption":"David Andr\u00e9s Aguirre"},"url":"https:\/\/ciudadyregion.com.co\/index.php\/author\/diegoaguirre\/"}]}},"jetpack_featured_media_url":"https:\/\/i0.wp.com\/ciudadyregion.com.co\/wp-content\/uploads\/2024\/07\/Autoridades-del-Tolima-y-el-Quindio-unifican-esfuerzos-para-atender-emergencias-viales-en-la-Cordillera-Central.jpg?fit=800%2C445&ssl=1","jetpack_sharing_enabled":true,"jetpack_shortlink":"https:\/\/wp.me\/pbS7hh-4Jm","jetpack-related-posts":[],"_links":{"self":[{"href":"https:\/\/ciudadyregion.com.co\/index.php\/wp-json\/wp\/v2\/posts\/18188"}],"collection":[{"href":"https:\/\/ciudadyregion.com.co\/index.php\/wp-json\/wp\/v2\/posts"}],"about":[{"href":"https:\/\/ciudadyregion.com.co\/index.php\/wp-json\/wp\/v2\/types\/post"}],"author":[{"embeddable":true,"href":"https:\/\/ciudadyregion.com.co\/index.php\/wp-json\/wp\/v2\/users\/2"}],"replies":[{"embeddable":true,"href":"https:\/\/ciudadyregion.com.co\/index.php\/wp-json\/wp\/v2\/comments?post=18188"}],"version-history":[{"count":1,"href":"https:\/\/ciudadyregion.com.co\/index.php\/wp-json\/wp\/v2\/posts\/18188\/revisions"}],"predecessor-version":[{"id":18190,"href":"https:\/\/ciudadyregion.com.co\/index.php\/wp-json\/wp\/v2\/posts\/18188\/revisions\/18190"}],"wp:featuredmedia":[{"embeddable":true,"href":"https:\/\/ciudadyregion.com.co\/index.php\/wp-json\/wp\/v2\/media\/18189"}],"wp:attachment":[{"href":"https:\/\/ciudadyregion.com.co\/index.php\/wp-json\/wp\/v2\/media?parent=18188"}],"wp:term":[{"taxonomy":"category","embeddable":true,"href":"https:\/\/ciudadyregion.com.co\/index.php\/wp-json\/wp\/v2\/categories?post=18188"},{"taxonomy":"post_tag","embeddable":true,"href":"https:\/\/ciudadyregion.com.co\/index.php\/wp-json\/wp\/v2\/tags?post=18188"}],"curies":[{"name":"wp","href":"https:\/\/api.w.org\/{rel}","templated":true}]}}