{"id":1818,"date":"2023-11-14T10:39:33","date_gmt":"2023-11-14T15:39:33","guid":{"rendered":"https:\/\/ciudadyregion.com.co\/?p=1818"},"modified":"2023-11-14T10:39:33","modified_gmt":"2023-11-14T15:39:33","slug":"con-folclor-y-rumba-asi-celebro-melgar-los-151-anos-este-municipio-durante-este-puente-festivo","status":"publish","type":"post","link":"https:\/\/ciudadyregion.com.co\/index.php\/con-folclor-y-rumba-asi-celebro-melgar-los-151-anos-este-municipio-durante-este-puente-festivo\/regional\/","title":{"rendered":"Con folclor y rumba, as\u00ed celebr\u00f3 Melgar los 151 a\u00f1os este municipio durante este puente festivo"},"content":{"rendered":"<p>El d\u00eda de ayer el municipio celebr\u00f3 la elegancia y gracia que iluminaron la plazoleta Gustavo Rojas Pinilla en las fiestas de los 151 a\u00f1os de Melgar. La elecci\u00f3n y coronaci\u00f3n de la Srta. Melgar se realiz\u00f3 con distinci\u00f3n, representando lo mejor de la cultura, belleza y tradici\u00f3n nuestro querido municipio.<\/p>\n<p><img decoding=\"async\" src=\"https:\/\/scontent.fbog2-4.fna.fbcdn.net\/v\/t39.30808-6\/400069489_658464546457635_7939247869930931198_n.jpg?_nc_cat=107&amp;ccb=1-7&amp;_nc_sid=5f2048&amp;_nc_ohc=Ar_5u4MPJt4AX98jgBg&amp;_nc_ht=scontent.fbog2-4.fna&amp;oh=00_AfBcNjHmfwQHmnb5jyAfK5UkuYmQr_VmN51YNyp_D0sF8w&amp;oe=6557DA12\" alt=\"Puede ser una imagen de 7 personas, personas bailando e iluminaci\u00f3n\" \/><\/p>\n<div>Tambi\u00e9n Melgar vivi\u00f3 la emoci\u00f3n en cada kil\u00f3metro. El fabuloso &#8216;moto paseo&#8217; de ayer fue la chispa que encendi\u00f3 la celebraci\u00f3n de los 151 a\u00f1os.<\/div>\n<div><\/div>\n<div><img decoding=\"async\" src=\"https:\/\/scontent.fbog2-4.fna.fbcdn.net\/v\/t39.30808-6\/400054120_658201899817233_7365404052158175471_n.jpg?_nc_cat=108&amp;ccb=1-7&amp;_nc_sid=5f2048&amp;_nc_ohc=azBw0_kvrNIAX9kFzI0&amp;_nc_ht=scontent.fbog2-4.fna&amp;oh=00_AfAsigiinzEzzsFA9T92Z4cHhzQO_g_idsJPgjBMgxbb7g&amp;oe=6558C6E2\" alt=\"Puede ser una imagen de 5 personas, moto, scooter y texto\" \/><\/div>\n<div><img decoding=\"async\" src=\"https:\/\/scontent.fbog2-4.fna.fbcdn.net\/v\/t39.30808-6\/399863005_658210193149737_8925065060882544092_n.jpg?_nc_cat=100&amp;ccb=1-7&amp;_nc_sid=5f2048&amp;_nc_ohc=r-7DU243qy8AX_vtCmY&amp;_nc_ht=scontent.fbog2-4.fna&amp;oh=00_AfB2OGMt2h-MDYECX62JRfKBJQSsLlpzjx8e0dZeEHSjNA&amp;oe=6558078F\" alt=\"Puede ser una imagen de 8 personas, scooter y moto\" \/><\/div>\n<div><\/div>\n<div>\u00a1Los melgarenses escribieron juntos una p\u00e1gina llena de adrenalina y diversi\u00f3n!<\/div>\n","protected":false},"excerpt":{"rendered":"<p>El d\u00eda de ayer el municipio celebr\u00f3 la elegancia y gracia que iluminaron la plazoleta Gustavo Rojas Pinilla en las fiestas de los 151 a\u00f1os de Melgar. La elecci\u00f3n y coronaci\u00f3n de la Srta. Melgar se realiz\u00f3 con distinci\u00f3n, representando lo mejor de la cultura, belleza y tradici\u00f3n nuestro querido<span class=\"more-link\"><a href=\"https:\/\/ciudadyregion.com.co\/index.php\/con-folclor-y-rumba-asi-celebro-melgar-los-151-anos-este-municipio-durante-este-puente-festivo\/regional\/\">Continuar Leyendo<\/a><\/span><\/p>\n","protected":false},"author":2,"featured_media":1819,"comment_status":"open","ping_status":"open","sticky":false,"template":"","format":"standard","meta":{"_uf_show_specific_survey":0,"_uf_disable_surveys":false,"_jetpack_memberships_contains_paid_content":false,"footnotes":"","jetpack_publicize_message":"","jetpack_publicize_feature_enabled":true,"jetpack_social_post_already_shared":false,"jetpack_social_options":{"image_generator_settings":{"template":"highway","enabled":false},"version":2}},"categories":[13],"tags":[],"class_list":["entry","author-diegoaguirre","post-1818","post","type-post","status-publish","format-standard","has-post-thumbnail","category-regional"],"jetpack_publicize_connections":[],"yoast_head":"<!-- This site is optimized with the Yoast SEO plugin v24.3 - https:\/\/yoast.com\/wordpress\/plugins\/seo\/ -->\n<title>Con folclor y rumba, as\u00ed celebr\u00f3 Melgar los 151 a\u00f1os este municipio durante este puente festivo - Ciudad y Region<\/title>\n<meta name=\"robots\" content=\"index, follow, max-snippet:-1, max-image-preview:large, max-video-preview:-1\" \/>\n<link rel=\"canonical\" href=\"https:\/\/ciudadyregion.com.co\/index.php\/con-folclor-y-rumba-asi-celebro-melgar-los-151-anos-este-municipio-durante-este-puente-festivo\/regional\/\" \/>\n<meta property=\"og:locale\" content=\"es_ES\" \/>\n<meta property=\"og:type\" content=\"article\" \/>\n<meta property=\"og:title\" content=\"Con folclor y rumba, as\u00ed celebr\u00f3 Melgar los 151 a\u00f1os este municipio durante este puente festivo - Ciudad y Region\" \/>\n<meta property=\"og:description\" content=\"El d\u00eda de ayer el municipio celebr\u00f3 la elegancia y gracia que iluminaron la plazoleta Gustavo Rojas Pinilla en las fiestas de los 151 a\u00f1os de Melgar. La elecci\u00f3n y coronaci\u00f3n de la Srta. Melgar se realiz\u00f3 con distinci\u00f3n, representando lo mejor de la cultura, belleza y tradici\u00f3n nuestro queridoContinuar Leyendo\" \/>\n<meta property=\"og:url\" content=\"https:\/\/ciudadyregion.com.co\/index.php\/con-folclor-y-rumba-asi-celebro-melgar-los-151-anos-este-municipio-durante-este-puente-festivo\/regional\/\" \/>\n<meta property=\"og:site_name\" content=\"Ciudad y Region\" \/>\n<meta property=\"article:published_time\" content=\"2023-11-14T15:39:33+00:00\" \/>\n<meta property=\"og:image\" content=\"https:\/\/ciudadyregion.com.co\/wp-content\/uploads\/2023\/11\/8-4.jpg\" \/>\n\t<meta property=\"og:image:width\" content=\"800\" \/>\n\t<meta property=\"og:image:height\" content=\"445\" \/>\n\t<meta property=\"og:image:type\" content=\"image\/jpeg\" \/>\n<meta name=\"author\" content=\"David Andr\u00e9s Aguirre\" \/>\n<meta name=\"twitter:card\" content=\"summary_large_image\" \/>\n<meta name=\"twitter:label1\" content=\"Escrito por\" \/>\n\t<meta name=\"twitter:data1\" content=\"David Andr\u00e9s Aguirre\" \/>\n<script type=\"application\/ld+json\" class=\"yoast-schema-graph\">{\"@context\":\"https:\/\/schema.org\",\"@graph\":[{\"@type\":\"WebPage\",\"@id\":\"https:\/\/ciudadyregion.com.co\/index.php\/con-folclor-y-rumba-asi-celebro-melgar-los-151-anos-este-municipio-durante-este-puente-festivo\/regional\/\",\"url\":\"https:\/\/ciudadyregion.com.co\/index.php\/con-folclor-y-rumba-asi-celebro-melgar-los-151-anos-este-municipio-durante-este-puente-festivo\/regional\/\",\"name\":\"Con folclor y rumba, as\u00ed celebr\u00f3 Melgar los 151 a\u00f1os este municipio durante este puente festivo - Ciudad y Region\",\"isPartOf\":{\"@id\":\"https:\/\/ciudadyregion.com.co\/#website\"},\"primaryImageOfPage\":{\"@id\":\"https:\/\/ciudadyregion.com.co\/index.php\/con-folclor-y-rumba-asi-celebro-melgar-los-151-anos-este-municipio-durante-este-puente-festivo\/regional\/#primaryimage\"},\"image\":{\"@id\":\"https:\/\/ciudadyregion.com.co\/index.php\/con-folclor-y-rumba-asi-celebro-melgar-los-151-anos-este-municipio-durante-este-puente-festivo\/regional\/#primaryimage\"},\"thumbnailUrl\":\"https:\/\/i0.wp.com\/ciudadyregion.com.co\/wp-content\/uploads\/2023\/11\/8-4.jpg?fit=800%2C445&ssl=1\",\"datePublished\":\"2023-11-14T15:39:33+00:00\",\"dateModified\":\"2023-11-14T15:39:33+00:00\",\"author\":{\"@id\":\"https:\/\/ciudadyregion.com.co\/#\/schema\/person\/04a4954373ebc4051f46e8c65ff78622\"},\"breadcrumb\":{\"@id\":\"https:\/\/ciudadyregion.com.co\/index.php\/con-folclor-y-rumba-asi-celebro-melgar-los-151-anos-este-municipio-durante-este-puente-festivo\/regional\/#breadcrumb\"},\"inLanguage\":\"es\",\"potentialAction\":[{\"@type\":\"ReadAction\",\"target\":[\"https:\/\/ciudadyregion.com.co\/index.php\/con-folclor-y-rumba-asi-celebro-melgar-los-151-anos-este-municipio-durante-este-puente-festivo\/regional\/\"]}]},{\"@type\":\"ImageObject\",\"inLanguage\":\"es\",\"@id\":\"https:\/\/ciudadyregion.com.co\/index.php\/con-folclor-y-rumba-asi-celebro-melgar-los-151-anos-este-municipio-durante-este-puente-festivo\/regional\/#primaryimage\",\"url\":\"https:\/\/i0.wp.com\/ciudadyregion.com.co\/wp-content\/uploads\/2023\/11\/8-4.jpg?fit=800%2C445&ssl=1\",\"contentUrl\":\"https:\/\/i0.wp.com\/ciudadyregion.com.co\/wp-content\/uploads\/2023\/11\/8-4.jpg?fit=800%2C445&ssl=1\",\"width\":800,\"height\":445},{\"@type\":\"BreadcrumbList\",\"@id\":\"https:\/\/ciudadyregion.com.co\/index.php\/con-folclor-y-rumba-asi-celebro-melgar-los-151-anos-este-municipio-durante-este-puente-festivo\/regional\/#breadcrumb\",\"itemListElement\":[{\"@type\":\"ListItem\",\"position\":1,\"name\":\"Portada\",\"item\":\"https:\/\/ciudadyregion.com.co\/\"},{\"@type\":\"ListItem\",\"position\":2,\"name\":\"Con folclor y rumba, as\u00ed celebr\u00f3 Melgar los 151 a\u00f1os este municipio durante este puente festivo\"}]},{\"@type\":\"WebSite\",\"@id\":\"https:\/\/ciudadyregion.com.co\/#website\",\"url\":\"https:\/\/ciudadyregion.com.co\/\",\"name\":\"Ciudad y Region\",\"description\":\"\",\"potentialAction\":[{\"@type\":\"SearchAction\",\"target\":{\"@type\":\"EntryPoint\",\"urlTemplate\":\"https:\/\/ciudadyregion.com.co\/?s={search_term_string}\"},\"query-input\":{\"@type\":\"PropertyValueSpecification\",\"valueRequired\":true,\"valueName\":\"search_term_string\"}}],\"inLanguage\":\"es\"},{\"@type\":\"Person\",\"@id\":\"https:\/\/ciudadyregion.com.co\/#\/schema\/person\/04a4954373ebc4051f46e8c65ff78622\",\"name\":\"David Andr\u00e9s Aguirre\",\"image\":{\"@type\":\"ImageObject\",\"inLanguage\":\"es\",\"@id\":\"https:\/\/ciudadyregion.com.co\/#\/schema\/person\/image\/\",\"url\":\"https:\/\/secure.gravatar.com\/avatar\/bc3c655860202182ee6d1b5edd042dbe?s=96&d=mm&r=g\",\"contentUrl\":\"https:\/\/secure.gravatar.com\/avatar\/bc3c655860202182ee6d1b5edd042dbe?s=96&d=mm&r=g\",\"caption\":\"David Andr\u00e9s Aguirre\"},\"url\":\"https:\/\/ciudadyregion.com.co\/index.php\/author\/diegoaguirre\/\"}]}<\/script>\n<!-- \/ Yoast SEO plugin. -->","yoast_head_json":{"title":"Con folclor y rumba, as\u00ed celebr\u00f3 Melgar los 151 a\u00f1os este municipio durante este puente festivo - Ciudad y Region","robots":{"index":"index","follow":"follow","max-snippet":"max-snippet:-1","max-image-preview":"max-image-preview:large","max-video-preview":"max-video-preview:-1"},"canonical":"https:\/\/ciudadyregion.com.co\/index.php\/con-folclor-y-rumba-asi-celebro-melgar-los-151-anos-este-municipio-durante-este-puente-festivo\/regional\/","og_locale":"es_ES","og_type":"article","og_title":"Con folclor y rumba, as\u00ed celebr\u00f3 Melgar los 151 a\u00f1os este municipio durante este puente festivo - Ciudad y Region","og_description":"El d\u00eda de ayer el municipio celebr\u00f3 la elegancia y gracia que iluminaron la plazoleta Gustavo Rojas Pinilla en las fiestas de los 151 a\u00f1os de Melgar. La elecci\u00f3n y coronaci\u00f3n de la Srta. Melgar se realiz\u00f3 con distinci\u00f3n, representando lo mejor de la cultura, belleza y tradici\u00f3n nuestro queridoContinuar Leyendo","og_url":"https:\/\/ciudadyregion.com.co\/index.php\/con-folclor-y-rumba-asi-celebro-melgar-los-151-anos-este-municipio-durante-este-puente-festivo\/regional\/","og_site_name":"Ciudad y Region","article_published_time":"2023-11-14T15:39:33+00:00","og_image":[{"width":800,"height":445,"url":"https:\/\/ciudadyregion.com.co\/wp-content\/uploads\/2023\/11\/8-4.jpg","type":"image\/jpeg"}],"author":"David Andr\u00e9s Aguirre","twitter_card":"summary_large_image","twitter_misc":{"Escrito por":"David Andr\u00e9s Aguirre"},"schema":{"@context":"https:\/\/schema.org","@graph":[{"@type":"WebPage","@id":"https:\/\/ciudadyregion.com.co\/index.php\/con-folclor-y-rumba-asi-celebro-melgar-los-151-anos-este-municipio-durante-este-puente-festivo\/regional\/","url":"https:\/\/ciudadyregion.com.co\/index.php\/con-folclor-y-rumba-asi-celebro-melgar-los-151-anos-este-municipio-durante-este-puente-festivo\/regional\/","name":"Con folclor y rumba, as\u00ed celebr\u00f3 Melgar los 151 a\u00f1os este municipio durante este puente festivo - Ciudad y Region","isPartOf":{"@id":"https:\/\/ciudadyregion.com.co\/#website"},"primaryImageOfPage":{"@id":"https:\/\/ciudadyregion.com.co\/index.php\/con-folclor-y-rumba-asi-celebro-melgar-los-151-anos-este-municipio-durante-este-puente-festivo\/regional\/#primaryimage"},"image":{"@id":"https:\/\/ciudadyregion.com.co\/index.php\/con-folclor-y-rumba-asi-celebro-melgar-los-151-anos-este-municipio-durante-este-puente-festivo\/regional\/#primaryimage"},"thumbnailUrl":"https:\/\/i0.wp.com\/ciudadyregion.com.co\/wp-content\/uploads\/2023\/11\/8-4.jpg?fit=800%2C445&ssl=1","datePublished":"2023-11-14T15:39:33+00:00","dateModified":"2023-11-14T15:39:33+00:00","author":{"@id":"https:\/\/ciudadyregion.com.co\/#\/schema\/person\/04a4954373ebc4051f46e8c65ff78622"},"breadcrumb":{"@id":"https:\/\/ciudadyregion.com.co\/index.php\/con-folclor-y-rumba-asi-celebro-melgar-los-151-anos-este-municipio-durante-este-puente-festivo\/regional\/#breadcrumb"},"inLanguage":"es","potentialAction":[{"@type":"ReadAction","target":["https:\/\/ciudadyregion.com.co\/index.php\/con-folclor-y-rumba-asi-celebro-melgar-los-151-anos-este-municipio-durante-este-puente-festivo\/regional\/"]}]},{"@type":"ImageObject","inLanguage":"es","@id":"https:\/\/ciudadyregion.com.co\/index.php\/con-folclor-y-rumba-asi-celebro-melgar-los-151-anos-este-municipio-durante-este-puente-festivo\/regional\/#primaryimage","url":"https:\/\/i0.wp.com\/ciudadyregion.com.co\/wp-content\/uploads\/2023\/11\/8-4.jpg?fit=800%2C445&ssl=1","contentUrl":"https:\/\/i0.wp.com\/ciudadyregion.com.co\/wp-content\/uploads\/2023\/11\/8-4.jpg?fit=800%2C445&ssl=1","width":800,"height":445},{"@type":"BreadcrumbList","@id":"https:\/\/ciudadyregion.com.co\/index.php\/con-folclor-y-rumba-asi-celebro-melgar-los-151-anos-este-municipio-durante-este-puente-festivo\/regional\/#breadcrumb","itemListElement":[{"@type":"ListItem","position":1,"name":"Portada","item":"https:\/\/ciudadyregion.com.co\/"},{"@type":"ListItem","position":2,"name":"Con folclor y rumba, as\u00ed celebr\u00f3 Melgar los 151 a\u00f1os este municipio durante este puente festivo"}]},{"@type":"WebSite","@id":"https:\/\/ciudadyregion.com.co\/#website","url":"https:\/\/ciudadyregion.com.co\/","name":"Ciudad y Region","description":"","potentialAction":[{"@type":"SearchAction","target":{"@type":"EntryPoint","urlTemplate":"https:\/\/ciudadyregion.com.co\/?s={search_term_string}"},"query-input":{"@type":"PropertyValueSpecification","valueRequired":true,"valueName":"search_term_string"}}],"inLanguage":"es"},{"@type":"Person","@id":"https:\/\/ciudadyregion.com.co\/#\/schema\/person\/04a4954373ebc4051f46e8c65ff78622","name":"David Andr\u00e9s Aguirre","image":{"@type":"ImageObject","inLanguage":"es","@id":"https:\/\/ciudadyregion.com.co\/#\/schema\/person\/image\/","url":"https:\/\/secure.gravatar.com\/avatar\/bc3c655860202182ee6d1b5edd042dbe?s=96&d=mm&r=g","contentUrl":"https:\/\/secure.gravatar.com\/avatar\/bc3c655860202182ee6d1b5edd042dbe?s=96&d=mm&r=g","caption":"David Andr\u00e9s Aguirre"},"url":"https:\/\/ciudadyregion.com.co\/index.php\/author\/diegoaguirre\/"}]}},"jetpack_featured_media_url":"https:\/\/i0.wp.com\/ciudadyregion.com.co\/wp-content\/uploads\/2023\/11\/8-4.jpg?fit=800%2C445&ssl=1","jetpack_sharing_enabled":true,"jetpack_shortlink":"https:\/\/wp.me\/pbS7hh-tk","jetpack-related-posts":[],"_links":{"self":[{"href":"https:\/\/ciudadyregion.com.co\/index.php\/wp-json\/wp\/v2\/posts\/1818"}],"collection":[{"href":"https:\/\/ciudadyregion.com.co\/index.php\/wp-json\/wp\/v2\/posts"}],"about":[{"href":"https:\/\/ciudadyregion.com.co\/index.php\/wp-json\/wp\/v2\/types\/post"}],"author":[{"embeddable":true,"href":"https:\/\/ciudadyregion.com.co\/index.php\/wp-json\/wp\/v2\/users\/2"}],"replies":[{"embeddable":true,"href":"https:\/\/ciudadyregion.com.co\/index.php\/wp-json\/wp\/v2\/comments?post=1818"}],"version-history":[{"count":1,"href":"https:\/\/ciudadyregion.com.co\/index.php\/wp-json\/wp\/v2\/posts\/1818\/revisions"}],"predecessor-version":[{"id":1820,"href":"https:\/\/ciudadyregion.com.co\/index.php\/wp-json\/wp\/v2\/posts\/1818\/revisions\/1820"}],"wp:featuredmedia":[{"embeddable":true,"href":"https:\/\/ciudadyregion.com.co\/index.php\/wp-json\/wp\/v2\/media\/1819"}],"wp:attachment":[{"href":"https:\/\/ciudadyregion.com.co\/index.php\/wp-json\/wp\/v2\/media?parent=1818"}],"wp:term":[{"taxonomy":"category","embeddable":true,"href":"https:\/\/ciudadyregion.com.co\/index.php\/wp-json\/wp\/v2\/categories?post=1818"},{"taxonomy":"post_tag","embeddable":true,"href":"https:\/\/ciudadyregion.com.co\/index.php\/wp-json\/wp\/v2\/tags?post=1818"}],"curies":[{"name":"wp","href":"https:\/\/api.w.org\/{rel}","templated":true}]}}