{"id":1803,"date":"2023-11-14T10:14:36","date_gmt":"2023-11-14T15:14:36","guid":{"rendered":"https:\/\/ciudadyregion.com.co\/?p=1803"},"modified":"2023-11-14T10:14:36","modified_gmt":"2023-11-14T15:14:36","slug":"policia-nacional-conmemoro-los-38-anos-de-la-tragedia-de-armero-y-rindio-honores-a-33-uniformados-fallecidos","status":"publish","type":"post","link":"https:\/\/ciudadyregion.com.co\/index.php\/policia-nacional-conmemoro-los-38-anos-de-la-tragedia-de-armero-y-rindio-honores-a-33-uniformados-fallecidos\/regional\/","title":{"rendered":"Polic\u00eda Nacional conmemor\u00f3 los 38 a\u00f1os de la tragedia de armero y rindi\u00f3 honores a 33 uniformados fallecidos"},"content":{"rendered":"<p>En el acto conmemorativo se realiz\u00f3 una ofrenda floral recordando este d\u00eda como cada a\u00f1o en la memoria a las v\u00edctimas, entre ellos estos 33 polic\u00edas quienes ofrendaron sus vidas en el cumplimiento del deber.<\/p>\n<p>Teniendo en cuenta que en la noche del 13 de noviembre de 1985 nuestro pa\u00eds sufri\u00f3 la tragedia de Armero, lugar donde fallecieron m\u00e1s de 25.000 personas entre ellas 33 integrantes de la Polic\u00eda Nacional, es por esto que se realiz\u00f3 hoy lunes un homenaje a estos hombres y mujeres, los cuales alguna vez vistieron el uniforme policial, quienes sirvieron con amor a la patria y al pueblo Tolimense, pero quienes por hechos de la naturaleza perdieron la vida en ese d\u00eda tr\u00e1gico.<\/p>\n<p>Es por esto que el comando de departamento de Polic\u00eda Tolima, en cabeza del coronel Libardo Fabio Ojeda Eraso, acompa\u00f1ado del Doctor Jos\u00e9 Diego Ram\u00edrez Guti\u00e9rrez director de Derechos Humanos de la Gobernaci\u00f3n y el se\u00f1or Comisario Jaime Enrique Pe\u00f1a Tovar, Mando del Nivel ejecutivo de comando; uniformados de la Plana Mayor, especialidades, junto a los cuadrantes de Armero Guayabal, escuela de aviaci\u00f3n Policial, escuela Gabriel Gonz\u00e1lez, personal de la Gobernaci\u00f3n y Alcald\u00eda Municipal, rindieron homenaje a las personas fallecidas en este lugar.<\/p>\n<p>En el acto conmemorativo se realiz\u00f3 una ofrenda floral recordando este d\u00eda como cada a\u00f1o en la memoria a las v\u00edctimas, entre ellos estos 33 polic\u00edas quienes ofrendaron sus vidas en el cumplimiento del deber.<\/p>\n","protected":false},"excerpt":{"rendered":"<p>En el acto conmemorativo se realiz\u00f3 una ofrenda floral recordando este d\u00eda como cada a\u00f1o en la memoria a las v\u00edctimas, entre ellos estos 33 polic\u00edas quienes ofrendaron sus vidas en el cumplimiento del deber. Teniendo en cuenta que en la noche del 13 de noviembre de 1985 nuestro pa\u00eds<span class=\"more-link\"><a href=\"https:\/\/ciudadyregion.com.co\/index.php\/policia-nacional-conmemoro-los-38-anos-de-la-tragedia-de-armero-y-rindio-honores-a-33-uniformados-fallecidos\/regional\/\">Continuar Leyendo<\/a><\/span><\/p>\n","protected":false},"author":2,"featured_media":1804,"comment_status":"open","ping_status":"open","sticky":false,"template":"","format":"standard","meta":{"_uf_show_specific_survey":0,"_uf_disable_surveys":false,"_jetpack_memberships_contains_paid_content":false,"footnotes":"","jetpack_publicize_message":"","jetpack_publicize_feature_enabled":true,"jetpack_social_post_already_shared":false,"jetpack_social_options":{"image_generator_settings":{"template":"highway","enabled":false},"version":2}},"categories":[13],"tags":[],"class_list":["entry","author-diegoaguirre","post-1803","post","type-post","status-publish","format-standard","has-post-thumbnail","category-regional"],"jetpack_publicize_connections":[],"yoast_head":"<!-- This site is optimized with the Yoast SEO plugin v24.3 - https:\/\/yoast.com\/wordpress\/plugins\/seo\/ -->\n<title>Polic\u00eda Nacional conmemor\u00f3 los 38 a\u00f1os de la tragedia de armero y rindi\u00f3 honores a 33 uniformados fallecidos - Ciudad y Region<\/title>\n<meta name=\"robots\" content=\"index, follow, max-snippet:-1, max-image-preview:large, max-video-preview:-1\" \/>\n<link rel=\"canonical\" href=\"https:\/\/ciudadyregion.com.co\/index.php\/policia-nacional-conmemoro-los-38-anos-de-la-tragedia-de-armero-y-rindio-honores-a-33-uniformados-fallecidos\/regional\/\" \/>\n<meta property=\"og:locale\" content=\"es_ES\" \/>\n<meta property=\"og:type\" content=\"article\" \/>\n<meta property=\"og:title\" content=\"Polic\u00eda Nacional conmemor\u00f3 los 38 a\u00f1os de la tragedia de armero y rindi\u00f3 honores a 33 uniformados fallecidos - Ciudad y Region\" \/>\n<meta property=\"og:description\" content=\"En el acto conmemorativo se realiz\u00f3 una ofrenda floral recordando este d\u00eda como cada a\u00f1o en la memoria a las v\u00edctimas, entre ellos estos 33 polic\u00edas quienes ofrendaron sus vidas en el cumplimiento del deber. Teniendo en cuenta que en la noche del 13 de noviembre de 1985 nuestro pa\u00edsContinuar Leyendo\" \/>\n<meta property=\"og:url\" content=\"https:\/\/ciudadyregion.com.co\/index.php\/policia-nacional-conmemoro-los-38-anos-de-la-tragedia-de-armero-y-rindio-honores-a-33-uniformados-fallecidos\/regional\/\" \/>\n<meta property=\"og:site_name\" content=\"Ciudad y Region\" \/>\n<meta property=\"article:published_time\" content=\"2023-11-14T15:14:36+00:00\" \/>\n<meta property=\"og:image\" content=\"https:\/\/ciudadyregion.com.co\/wp-content\/uploads\/2023\/11\/2-15.jpg\" \/>\n\t<meta property=\"og:image:width\" content=\"800\" \/>\n\t<meta property=\"og:image:height\" content=\"445\" \/>\n\t<meta property=\"og:image:type\" content=\"image\/jpeg\" \/>\n<meta name=\"author\" content=\"David Andr\u00e9s Aguirre\" \/>\n<meta name=\"twitter:card\" content=\"summary_large_image\" \/>\n<meta name=\"twitter:label1\" content=\"Escrito por\" \/>\n\t<meta name=\"twitter:data1\" content=\"David Andr\u00e9s Aguirre\" \/>\n\t<meta name=\"twitter:label2\" content=\"Tiempo de lectura\" \/>\n\t<meta name=\"twitter:data2\" content=\"1 minuto\" \/>\n<script type=\"application\/ld+json\" class=\"yoast-schema-graph\">{\"@context\":\"https:\/\/schema.org\",\"@graph\":[{\"@type\":\"WebPage\",\"@id\":\"https:\/\/ciudadyregion.com.co\/index.php\/policia-nacional-conmemoro-los-38-anos-de-la-tragedia-de-armero-y-rindio-honores-a-33-uniformados-fallecidos\/regional\/\",\"url\":\"https:\/\/ciudadyregion.com.co\/index.php\/policia-nacional-conmemoro-los-38-anos-de-la-tragedia-de-armero-y-rindio-honores-a-33-uniformados-fallecidos\/regional\/\",\"name\":\"Polic\u00eda Nacional conmemor\u00f3 los 38 a\u00f1os de la tragedia de armero y rindi\u00f3 honores a 33 uniformados fallecidos - Ciudad y Region\",\"isPartOf\":{\"@id\":\"https:\/\/ciudadyregion.com.co\/#website\"},\"primaryImageOfPage\":{\"@id\":\"https:\/\/ciudadyregion.com.co\/index.php\/policia-nacional-conmemoro-los-38-anos-de-la-tragedia-de-armero-y-rindio-honores-a-33-uniformados-fallecidos\/regional\/#primaryimage\"},\"image\":{\"@id\":\"https:\/\/ciudadyregion.com.co\/index.php\/policia-nacional-conmemoro-los-38-anos-de-la-tragedia-de-armero-y-rindio-honores-a-33-uniformados-fallecidos\/regional\/#primaryimage\"},\"thumbnailUrl\":\"https:\/\/i0.wp.com\/ciudadyregion.com.co\/wp-content\/uploads\/2023\/11\/2-15.jpg?fit=800%2C445&ssl=1\",\"datePublished\":\"2023-11-14T15:14:36+00:00\",\"dateModified\":\"2023-11-14T15:14:36+00:00\",\"author\":{\"@id\":\"https:\/\/ciudadyregion.com.co\/#\/schema\/person\/04a4954373ebc4051f46e8c65ff78622\"},\"breadcrumb\":{\"@id\":\"https:\/\/ciudadyregion.com.co\/index.php\/policia-nacional-conmemoro-los-38-anos-de-la-tragedia-de-armero-y-rindio-honores-a-33-uniformados-fallecidos\/regional\/#breadcrumb\"},\"inLanguage\":\"es\",\"potentialAction\":[{\"@type\":\"ReadAction\",\"target\":[\"https:\/\/ciudadyregion.com.co\/index.php\/policia-nacional-conmemoro-los-38-anos-de-la-tragedia-de-armero-y-rindio-honores-a-33-uniformados-fallecidos\/regional\/\"]}]},{\"@type\":\"ImageObject\",\"inLanguage\":\"es\",\"@id\":\"https:\/\/ciudadyregion.com.co\/index.php\/policia-nacional-conmemoro-los-38-anos-de-la-tragedia-de-armero-y-rindio-honores-a-33-uniformados-fallecidos\/regional\/#primaryimage\",\"url\":\"https:\/\/i0.wp.com\/ciudadyregion.com.co\/wp-content\/uploads\/2023\/11\/2-15.jpg?fit=800%2C445&ssl=1\",\"contentUrl\":\"https:\/\/i0.wp.com\/ciudadyregion.com.co\/wp-content\/uploads\/2023\/11\/2-15.jpg?fit=800%2C445&ssl=1\",\"width\":800,\"height\":445},{\"@type\":\"BreadcrumbList\",\"@id\":\"https:\/\/ciudadyregion.com.co\/index.php\/policia-nacional-conmemoro-los-38-anos-de-la-tragedia-de-armero-y-rindio-honores-a-33-uniformados-fallecidos\/regional\/#breadcrumb\",\"itemListElement\":[{\"@type\":\"ListItem\",\"position\":1,\"name\":\"Portada\",\"item\":\"https:\/\/ciudadyregion.com.co\/\"},{\"@type\":\"ListItem\",\"position\":2,\"name\":\"Polic\u00eda Nacional conmemor\u00f3 los 38 a\u00f1os de la tragedia de armero y rindi\u00f3 honores a 33 uniformados fallecidos\"}]},{\"@type\":\"WebSite\",\"@id\":\"https:\/\/ciudadyregion.com.co\/#website\",\"url\":\"https:\/\/ciudadyregion.com.co\/\",\"name\":\"Ciudad y Region\",\"description\":\"\",\"potentialAction\":[{\"@type\":\"SearchAction\",\"target\":{\"@type\":\"EntryPoint\",\"urlTemplate\":\"https:\/\/ciudadyregion.com.co\/?s={search_term_string}\"},\"query-input\":{\"@type\":\"PropertyValueSpecification\",\"valueRequired\":true,\"valueName\":\"search_term_string\"}}],\"inLanguage\":\"es\"},{\"@type\":\"Person\",\"@id\":\"https:\/\/ciudadyregion.com.co\/#\/schema\/person\/04a4954373ebc4051f46e8c65ff78622\",\"name\":\"David Andr\u00e9s Aguirre\",\"image\":{\"@type\":\"ImageObject\",\"inLanguage\":\"es\",\"@id\":\"https:\/\/ciudadyregion.com.co\/#\/schema\/person\/image\/\",\"url\":\"https:\/\/secure.gravatar.com\/avatar\/bc3c655860202182ee6d1b5edd042dbe?s=96&d=mm&r=g\",\"contentUrl\":\"https:\/\/secure.gravatar.com\/avatar\/bc3c655860202182ee6d1b5edd042dbe?s=96&d=mm&r=g\",\"caption\":\"David Andr\u00e9s Aguirre\"},\"url\":\"https:\/\/ciudadyregion.com.co\/index.php\/author\/diegoaguirre\/\"}]}<\/script>\n<!-- \/ Yoast SEO plugin. -->","yoast_head_json":{"title":"Polic\u00eda Nacional conmemor\u00f3 los 38 a\u00f1os de la tragedia de armero y rindi\u00f3 honores a 33 uniformados fallecidos - Ciudad y Region","robots":{"index":"index","follow":"follow","max-snippet":"max-snippet:-1","max-image-preview":"max-image-preview:large","max-video-preview":"max-video-preview:-1"},"canonical":"https:\/\/ciudadyregion.com.co\/index.php\/policia-nacional-conmemoro-los-38-anos-de-la-tragedia-de-armero-y-rindio-honores-a-33-uniformados-fallecidos\/regional\/","og_locale":"es_ES","og_type":"article","og_title":"Polic\u00eda Nacional conmemor\u00f3 los 38 a\u00f1os de la tragedia de armero y rindi\u00f3 honores a 33 uniformados fallecidos - Ciudad y Region","og_description":"En el acto conmemorativo se realiz\u00f3 una ofrenda floral recordando este d\u00eda como cada a\u00f1o en la memoria a las v\u00edctimas, entre ellos estos 33 polic\u00edas quienes ofrendaron sus vidas en el cumplimiento del deber. Teniendo en cuenta que en la noche del 13 de noviembre de 1985 nuestro pa\u00edsContinuar Leyendo","og_url":"https:\/\/ciudadyregion.com.co\/index.php\/policia-nacional-conmemoro-los-38-anos-de-la-tragedia-de-armero-y-rindio-honores-a-33-uniformados-fallecidos\/regional\/","og_site_name":"Ciudad y Region","article_published_time":"2023-11-14T15:14:36+00:00","og_image":[{"width":800,"height":445,"url":"https:\/\/ciudadyregion.com.co\/wp-content\/uploads\/2023\/11\/2-15.jpg","type":"image\/jpeg"}],"author":"David Andr\u00e9s Aguirre","twitter_card":"summary_large_image","twitter_misc":{"Escrito por":"David Andr\u00e9s Aguirre","Tiempo de lectura":"1 minuto"},"schema":{"@context":"https:\/\/schema.org","@graph":[{"@type":"WebPage","@id":"https:\/\/ciudadyregion.com.co\/index.php\/policia-nacional-conmemoro-los-38-anos-de-la-tragedia-de-armero-y-rindio-honores-a-33-uniformados-fallecidos\/regional\/","url":"https:\/\/ciudadyregion.com.co\/index.php\/policia-nacional-conmemoro-los-38-anos-de-la-tragedia-de-armero-y-rindio-honores-a-33-uniformados-fallecidos\/regional\/","name":"Polic\u00eda Nacional conmemor\u00f3 los 38 a\u00f1os de la tragedia de armero y rindi\u00f3 honores a 33 uniformados fallecidos - Ciudad y Region","isPartOf":{"@id":"https:\/\/ciudadyregion.com.co\/#website"},"primaryImageOfPage":{"@id":"https:\/\/ciudadyregion.com.co\/index.php\/policia-nacional-conmemoro-los-38-anos-de-la-tragedia-de-armero-y-rindio-honores-a-33-uniformados-fallecidos\/regional\/#primaryimage"},"image":{"@id":"https:\/\/ciudadyregion.com.co\/index.php\/policia-nacional-conmemoro-los-38-anos-de-la-tragedia-de-armero-y-rindio-honores-a-33-uniformados-fallecidos\/regional\/#primaryimage"},"thumbnailUrl":"https:\/\/i0.wp.com\/ciudadyregion.com.co\/wp-content\/uploads\/2023\/11\/2-15.jpg?fit=800%2C445&ssl=1","datePublished":"2023-11-14T15:14:36+00:00","dateModified":"2023-11-14T15:14:36+00:00","author":{"@id":"https:\/\/ciudadyregion.com.co\/#\/schema\/person\/04a4954373ebc4051f46e8c65ff78622"},"breadcrumb":{"@id":"https:\/\/ciudadyregion.com.co\/index.php\/policia-nacional-conmemoro-los-38-anos-de-la-tragedia-de-armero-y-rindio-honores-a-33-uniformados-fallecidos\/regional\/#breadcrumb"},"inLanguage":"es","potentialAction":[{"@type":"ReadAction","target":["https:\/\/ciudadyregion.com.co\/index.php\/policia-nacional-conmemoro-los-38-anos-de-la-tragedia-de-armero-y-rindio-honores-a-33-uniformados-fallecidos\/regional\/"]}]},{"@type":"ImageObject","inLanguage":"es","@id":"https:\/\/ciudadyregion.com.co\/index.php\/policia-nacional-conmemoro-los-38-anos-de-la-tragedia-de-armero-y-rindio-honores-a-33-uniformados-fallecidos\/regional\/#primaryimage","url":"https:\/\/i0.wp.com\/ciudadyregion.com.co\/wp-content\/uploads\/2023\/11\/2-15.jpg?fit=800%2C445&ssl=1","contentUrl":"https:\/\/i0.wp.com\/ciudadyregion.com.co\/wp-content\/uploads\/2023\/11\/2-15.jpg?fit=800%2C445&ssl=1","width":800,"height":445},{"@type":"BreadcrumbList","@id":"https:\/\/ciudadyregion.com.co\/index.php\/policia-nacional-conmemoro-los-38-anos-de-la-tragedia-de-armero-y-rindio-honores-a-33-uniformados-fallecidos\/regional\/#breadcrumb","itemListElement":[{"@type":"ListItem","position":1,"name":"Portada","item":"https:\/\/ciudadyregion.com.co\/"},{"@type":"ListItem","position":2,"name":"Polic\u00eda Nacional conmemor\u00f3 los 38 a\u00f1os de la tragedia de armero y rindi\u00f3 honores a 33 uniformados fallecidos"}]},{"@type":"WebSite","@id":"https:\/\/ciudadyregion.com.co\/#website","url":"https:\/\/ciudadyregion.com.co\/","name":"Ciudad y Region","description":"","potentialAction":[{"@type":"SearchAction","target":{"@type":"EntryPoint","urlTemplate":"https:\/\/ciudadyregion.com.co\/?s={search_term_string}"},"query-input":{"@type":"PropertyValueSpecification","valueRequired":true,"valueName":"search_term_string"}}],"inLanguage":"es"},{"@type":"Person","@id":"https:\/\/ciudadyregion.com.co\/#\/schema\/person\/04a4954373ebc4051f46e8c65ff78622","name":"David Andr\u00e9s Aguirre","image":{"@type":"ImageObject","inLanguage":"es","@id":"https:\/\/ciudadyregion.com.co\/#\/schema\/person\/image\/","url":"https:\/\/secure.gravatar.com\/avatar\/bc3c655860202182ee6d1b5edd042dbe?s=96&d=mm&r=g","contentUrl":"https:\/\/secure.gravatar.com\/avatar\/bc3c655860202182ee6d1b5edd042dbe?s=96&d=mm&r=g","caption":"David Andr\u00e9s Aguirre"},"url":"https:\/\/ciudadyregion.com.co\/index.php\/author\/diegoaguirre\/"}]}},"jetpack_featured_media_url":"https:\/\/i0.wp.com\/ciudadyregion.com.co\/wp-content\/uploads\/2023\/11\/2-15.jpg?fit=800%2C445&ssl=1","jetpack_sharing_enabled":true,"jetpack_shortlink":"https:\/\/wp.me\/pbS7hh-t5","jetpack-related-posts":[],"_links":{"self":[{"href":"https:\/\/ciudadyregion.com.co\/index.php\/wp-json\/wp\/v2\/posts\/1803"}],"collection":[{"href":"https:\/\/ciudadyregion.com.co\/index.php\/wp-json\/wp\/v2\/posts"}],"about":[{"href":"https:\/\/ciudadyregion.com.co\/index.php\/wp-json\/wp\/v2\/types\/post"}],"author":[{"embeddable":true,"href":"https:\/\/ciudadyregion.com.co\/index.php\/wp-json\/wp\/v2\/users\/2"}],"replies":[{"embeddable":true,"href":"https:\/\/ciudadyregion.com.co\/index.php\/wp-json\/wp\/v2\/comments?post=1803"}],"version-history":[{"count":1,"href":"https:\/\/ciudadyregion.com.co\/index.php\/wp-json\/wp\/v2\/posts\/1803\/revisions"}],"predecessor-version":[{"id":1805,"href":"https:\/\/ciudadyregion.com.co\/index.php\/wp-json\/wp\/v2\/posts\/1803\/revisions\/1805"}],"wp:featuredmedia":[{"embeddable":true,"href":"https:\/\/ciudadyregion.com.co\/index.php\/wp-json\/wp\/v2\/media\/1804"}],"wp:attachment":[{"href":"https:\/\/ciudadyregion.com.co\/index.php\/wp-json\/wp\/v2\/media?parent=1803"}],"wp:term":[{"taxonomy":"category","embeddable":true,"href":"https:\/\/ciudadyregion.com.co\/index.php\/wp-json\/wp\/v2\/categories?post=1803"},{"taxonomy":"post_tag","embeddable":true,"href":"https:\/\/ciudadyregion.com.co\/index.php\/wp-json\/wp\/v2\/tags?post=1803"}],"curies":[{"name":"wp","href":"https:\/\/api.w.org\/{rel}","templated":true}]}}