{"id":1800,"date":"2023-11-14T10:11:24","date_gmt":"2023-11-14T15:11:24","guid":{"rendered":"https:\/\/ciudadyregion.com.co\/?p=1800"},"modified":"2023-11-14T10:11:24","modified_gmt":"2023-11-14T15:11:24","slug":"ya-estan-abiertas-las-inscripciones-para-formar-parte-del-consejo-de-adulto-mayor-de-ibague","status":"publish","type":"post","link":"https:\/\/ciudadyregion.com.co\/index.php\/ya-estan-abiertas-las-inscripciones-para-formar-parte-del-consejo-de-adulto-mayor-de-ibague\/ibague\/","title":{"rendered":"\u00a0Ya est\u00e1n abiertas las inscripciones para formar parte del &#8216;Consejo de Adulto Mayor&#8217; de Ibagu\u00e9"},"content":{"rendered":"<ul>\n<li>Seg\u00fan el Acuerdo 012 del 2013, se establece este proceso de participaci\u00f3n como mecanismo para las decisiones en beneficio de este grupo poblacional.<\/li>\n<\/ul>\n<p>Este consejo fue establecido por medio del Acuerdo 012 del 2013, el cual brinda la posibilidad de participaci\u00f3n a las organizaciones no gubernamentales, Comit\u00e9 Regional de la Red Colombiana de Envejecimiento Activo y Digno, asociaciones de pensionados del municipio, representantes de etnias, asociaciones de adultos mayores del \u00e1rea urbana, asociaciones de adultos mayores del \u00e1rea rural y asociaciones de adultos mayores con discapacidad con el fin de fomentar y fortalecer los derechos de este sector poblacional.<\/p>\n<p>\u00abInvitamos a que hagan parte del Consejo del Adulto Mayor. Recordar que las inscripciones se encuentran abiertas hasta el 15 de noviembre en las instalaciones de la Secretar\u00eda de Desarrollo Social Comunitario, en la calle 17 con carrera Segunda, cuarto piso. S\u00e9 parte del cambio por nuestros h\u00e9roes de cabello blanco\u00bb, indic\u00f3 Oscar Huertas, secretario de Desarrollo Social Comunitario.<\/p>\n<p>Los requisitos para participar son los siguientes:<br \/>\n&#8211; Tener 60 o m\u00e1s a\u00f1os de edad.<br \/>\n&#8211; Ser natural del municipio o residir en \u00e9l los \u00faltimos 5 a\u00f1os.<br \/>\n&#8211; Pertenecer a un grupo o asociaci\u00f3n legalmente constituida reconocida y certificada por la entidad competente del \u00e1rea urbana rural y de los sectores representados con una trayectoria de trabajo con la comunidad ibaguere\u00f1a m\u00ednima.<br \/>\n&#8211; Inscribirse como candidato al Consejo de Adulto Mayor.<br \/>\n&#8211; Ser ciudadano en ejercicio, no tener suspendido sus derechos civiles ni asuntos pendientes con la justicia.<br \/>\n&#8211; No ser funcionario p\u00fablico.<br \/>\n&#8211; Presentar fotocopia de la c\u00e9dula de ciudadan\u00eda.<br \/>\n&#8211; Tener m\u00ednimo de capacitaci\u00f3n en torno al envejecimiento y vejez.<br \/>\n&#8211; Presentar un plan de trabajo para desarrollar acorde a la pol\u00edtica de envejecimiento y vejez.<\/p>\n<p>Las postulaciones se recibir\u00e1n hasta este 15 de noviembre.<\/p>\n<p>Los interesados deben enviar su hoja de vida, fotocopia de la c\u00e9dula de ciudadan\u00eda y el plan de trabajo al correo electr\u00f3nico adultomayor@ibague.gov.co.<\/p>\n","protected":false},"excerpt":{"rendered":"<p>Seg\u00fan el Acuerdo 012 del 2013, se establece este proceso de participaci\u00f3n como mecanismo para las decisiones en beneficio de este grupo poblacional. Este consejo fue establecido por medio del Acuerdo 012 del 2013, el cual brinda la posibilidad de participaci\u00f3n a las organizaciones no gubernamentales, Comit\u00e9 Regional de la<span class=\"more-link\"><a href=\"https:\/\/ciudadyregion.com.co\/index.php\/ya-estan-abiertas-las-inscripciones-para-formar-parte-del-consejo-de-adulto-mayor-de-ibague\/ibague\/\">Continuar Leyendo<\/a><\/span><\/p>\n","protected":false},"author":2,"featured_media":1801,"comment_status":"open","ping_status":"open","sticky":false,"template":"","format":"standard","meta":{"_uf_show_specific_survey":0,"_uf_disable_surveys":false,"_jetpack_memberships_contains_paid_content":false,"footnotes":"","jetpack_publicize_message":"","jetpack_publicize_feature_enabled":true,"jetpack_social_post_already_shared":false,"jetpack_social_options":{"image_generator_settings":{"template":"highway","enabled":false},"version":2}},"categories":[14],"tags":[],"class_list":["entry","author-diegoaguirre","post-1800","post","type-post","status-publish","format-standard","has-post-thumbnail","category-ibague"],"jetpack_publicize_connections":[],"yoast_head":"<!-- This site is optimized with the Yoast SEO plugin v24.3 - https:\/\/yoast.com\/wordpress\/plugins\/seo\/ -->\n<title>\u00a0Ya est\u00e1n abiertas las inscripciones para formar parte del &#039;Consejo de Adulto Mayor&#039; de Ibagu\u00e9 - Ciudad y Region<\/title>\n<meta name=\"robots\" content=\"index, follow, max-snippet:-1, max-image-preview:large, max-video-preview:-1\" \/>\n<link rel=\"canonical\" href=\"https:\/\/ciudadyregion.com.co\/index.php\/ya-estan-abiertas-las-inscripciones-para-formar-parte-del-consejo-de-adulto-mayor-de-ibague\/ibague\/\" \/>\n<meta property=\"og:locale\" content=\"es_ES\" \/>\n<meta property=\"og:type\" content=\"article\" \/>\n<meta property=\"og:title\" content=\"\u00a0Ya est\u00e1n abiertas las inscripciones para formar parte del &#039;Consejo de Adulto Mayor&#039; de Ibagu\u00e9 - Ciudad y Region\" \/>\n<meta property=\"og:description\" content=\"Seg\u00fan el Acuerdo 012 del 2013, se establece este proceso de participaci\u00f3n como mecanismo para las decisiones en beneficio de este grupo poblacional. Este consejo fue establecido por medio del Acuerdo 012 del 2013, el cual brinda la posibilidad de participaci\u00f3n a las organizaciones no gubernamentales, Comit\u00e9 Regional de laContinuar Leyendo\" \/>\n<meta property=\"og:url\" content=\"https:\/\/ciudadyregion.com.co\/index.php\/ya-estan-abiertas-las-inscripciones-para-formar-parte-del-consejo-de-adulto-mayor-de-ibague\/ibague\/\" \/>\n<meta property=\"og:site_name\" content=\"Ciudad y Region\" \/>\n<meta property=\"article:published_time\" content=\"2023-11-14T15:11:24+00:00\" \/>\n<meta property=\"og:image\" content=\"https:\/\/ciudadyregion.com.co\/wp-content\/uploads\/2023\/11\/1-adulto-mayor.jpg\" \/>\n\t<meta property=\"og:image:width\" content=\"800\" \/>\n\t<meta property=\"og:image:height\" content=\"445\" \/>\n\t<meta property=\"og:image:type\" content=\"image\/jpeg\" \/>\n<meta name=\"author\" content=\"David Andr\u00e9s Aguirre\" \/>\n<meta name=\"twitter:card\" content=\"summary_large_image\" \/>\n<meta name=\"twitter:label1\" content=\"Escrito por\" \/>\n\t<meta name=\"twitter:data1\" content=\"David Andr\u00e9s Aguirre\" \/>\n\t<meta name=\"twitter:label2\" content=\"Tiempo de lectura\" \/>\n\t<meta name=\"twitter:data2\" content=\"2 minutos\" \/>\n<script type=\"application\/ld+json\" class=\"yoast-schema-graph\">{\"@context\":\"https:\/\/schema.org\",\"@graph\":[{\"@type\":\"WebPage\",\"@id\":\"https:\/\/ciudadyregion.com.co\/index.php\/ya-estan-abiertas-las-inscripciones-para-formar-parte-del-consejo-de-adulto-mayor-de-ibague\/ibague\/\",\"url\":\"https:\/\/ciudadyregion.com.co\/index.php\/ya-estan-abiertas-las-inscripciones-para-formar-parte-del-consejo-de-adulto-mayor-de-ibague\/ibague\/\",\"name\":\"\u00a0Ya est\u00e1n abiertas las inscripciones para formar parte del 'Consejo de Adulto Mayor' de Ibagu\u00e9 - Ciudad y Region\",\"isPartOf\":{\"@id\":\"https:\/\/ciudadyregion.com.co\/#website\"},\"primaryImageOfPage\":{\"@id\":\"https:\/\/ciudadyregion.com.co\/index.php\/ya-estan-abiertas-las-inscripciones-para-formar-parte-del-consejo-de-adulto-mayor-de-ibague\/ibague\/#primaryimage\"},\"image\":{\"@id\":\"https:\/\/ciudadyregion.com.co\/index.php\/ya-estan-abiertas-las-inscripciones-para-formar-parte-del-consejo-de-adulto-mayor-de-ibague\/ibague\/#primaryimage\"},\"thumbnailUrl\":\"https:\/\/i0.wp.com\/ciudadyregion.com.co\/wp-content\/uploads\/2023\/11\/1-adulto-mayor.jpg?fit=800%2C445&ssl=1\",\"datePublished\":\"2023-11-14T15:11:24+00:00\",\"dateModified\":\"2023-11-14T15:11:24+00:00\",\"author\":{\"@id\":\"https:\/\/ciudadyregion.com.co\/#\/schema\/person\/04a4954373ebc4051f46e8c65ff78622\"},\"breadcrumb\":{\"@id\":\"https:\/\/ciudadyregion.com.co\/index.php\/ya-estan-abiertas-las-inscripciones-para-formar-parte-del-consejo-de-adulto-mayor-de-ibague\/ibague\/#breadcrumb\"},\"inLanguage\":\"es\",\"potentialAction\":[{\"@type\":\"ReadAction\",\"target\":[\"https:\/\/ciudadyregion.com.co\/index.php\/ya-estan-abiertas-las-inscripciones-para-formar-parte-del-consejo-de-adulto-mayor-de-ibague\/ibague\/\"]}]},{\"@type\":\"ImageObject\",\"inLanguage\":\"es\",\"@id\":\"https:\/\/ciudadyregion.com.co\/index.php\/ya-estan-abiertas-las-inscripciones-para-formar-parte-del-consejo-de-adulto-mayor-de-ibague\/ibague\/#primaryimage\",\"url\":\"https:\/\/i0.wp.com\/ciudadyregion.com.co\/wp-content\/uploads\/2023\/11\/1-adulto-mayor.jpg?fit=800%2C445&ssl=1\",\"contentUrl\":\"https:\/\/i0.wp.com\/ciudadyregion.com.co\/wp-content\/uploads\/2023\/11\/1-adulto-mayor.jpg?fit=800%2C445&ssl=1\",\"width\":800,\"height\":445},{\"@type\":\"BreadcrumbList\",\"@id\":\"https:\/\/ciudadyregion.com.co\/index.php\/ya-estan-abiertas-las-inscripciones-para-formar-parte-del-consejo-de-adulto-mayor-de-ibague\/ibague\/#breadcrumb\",\"itemListElement\":[{\"@type\":\"ListItem\",\"position\":1,\"name\":\"Portada\",\"item\":\"https:\/\/ciudadyregion.com.co\/\"},{\"@type\":\"ListItem\",\"position\":2,\"name\":\"\u00a0Ya est\u00e1n abiertas las inscripciones para formar parte del &#8216;Consejo de Adulto Mayor&#8217; de Ibagu\u00e9\"}]},{\"@type\":\"WebSite\",\"@id\":\"https:\/\/ciudadyregion.com.co\/#website\",\"url\":\"https:\/\/ciudadyregion.com.co\/\",\"name\":\"Ciudad y Region\",\"description\":\"\",\"potentialAction\":[{\"@type\":\"SearchAction\",\"target\":{\"@type\":\"EntryPoint\",\"urlTemplate\":\"https:\/\/ciudadyregion.com.co\/?s={search_term_string}\"},\"query-input\":{\"@type\":\"PropertyValueSpecification\",\"valueRequired\":true,\"valueName\":\"search_term_string\"}}],\"inLanguage\":\"es\"},{\"@type\":\"Person\",\"@id\":\"https:\/\/ciudadyregion.com.co\/#\/schema\/person\/04a4954373ebc4051f46e8c65ff78622\",\"name\":\"David Andr\u00e9s Aguirre\",\"image\":{\"@type\":\"ImageObject\",\"inLanguage\":\"es\",\"@id\":\"https:\/\/ciudadyregion.com.co\/#\/schema\/person\/image\/\",\"url\":\"https:\/\/secure.gravatar.com\/avatar\/bc3c655860202182ee6d1b5edd042dbe?s=96&d=mm&r=g\",\"contentUrl\":\"https:\/\/secure.gravatar.com\/avatar\/bc3c655860202182ee6d1b5edd042dbe?s=96&d=mm&r=g\",\"caption\":\"David Andr\u00e9s Aguirre\"},\"url\":\"https:\/\/ciudadyregion.com.co\/index.php\/author\/diegoaguirre\/\"}]}<\/script>\n<!-- \/ Yoast SEO plugin. -->","yoast_head_json":{"title":"\u00a0Ya est\u00e1n abiertas las inscripciones para formar parte del 'Consejo de Adulto Mayor' de Ibagu\u00e9 - Ciudad y Region","robots":{"index":"index","follow":"follow","max-snippet":"max-snippet:-1","max-image-preview":"max-image-preview:large","max-video-preview":"max-video-preview:-1"},"canonical":"https:\/\/ciudadyregion.com.co\/index.php\/ya-estan-abiertas-las-inscripciones-para-formar-parte-del-consejo-de-adulto-mayor-de-ibague\/ibague\/","og_locale":"es_ES","og_type":"article","og_title":"\u00a0Ya est\u00e1n abiertas las inscripciones para formar parte del 'Consejo de Adulto Mayor' de Ibagu\u00e9 - Ciudad y Region","og_description":"Seg\u00fan el Acuerdo 012 del 2013, se establece este proceso de participaci\u00f3n como mecanismo para las decisiones en beneficio de este grupo poblacional. Este consejo fue establecido por medio del Acuerdo 012 del 2013, el cual brinda la posibilidad de participaci\u00f3n a las organizaciones no gubernamentales, Comit\u00e9 Regional de laContinuar Leyendo","og_url":"https:\/\/ciudadyregion.com.co\/index.php\/ya-estan-abiertas-las-inscripciones-para-formar-parte-del-consejo-de-adulto-mayor-de-ibague\/ibague\/","og_site_name":"Ciudad y Region","article_published_time":"2023-11-14T15:11:24+00:00","og_image":[{"width":800,"height":445,"url":"https:\/\/ciudadyregion.com.co\/wp-content\/uploads\/2023\/11\/1-adulto-mayor.jpg","type":"image\/jpeg"}],"author":"David Andr\u00e9s Aguirre","twitter_card":"summary_large_image","twitter_misc":{"Escrito por":"David Andr\u00e9s Aguirre","Tiempo de lectura":"2 minutos"},"schema":{"@context":"https:\/\/schema.org","@graph":[{"@type":"WebPage","@id":"https:\/\/ciudadyregion.com.co\/index.php\/ya-estan-abiertas-las-inscripciones-para-formar-parte-del-consejo-de-adulto-mayor-de-ibague\/ibague\/","url":"https:\/\/ciudadyregion.com.co\/index.php\/ya-estan-abiertas-las-inscripciones-para-formar-parte-del-consejo-de-adulto-mayor-de-ibague\/ibague\/","name":"\u00a0Ya est\u00e1n abiertas las inscripciones para formar parte del 'Consejo de Adulto Mayor' de Ibagu\u00e9 - Ciudad y Region","isPartOf":{"@id":"https:\/\/ciudadyregion.com.co\/#website"},"primaryImageOfPage":{"@id":"https:\/\/ciudadyregion.com.co\/index.php\/ya-estan-abiertas-las-inscripciones-para-formar-parte-del-consejo-de-adulto-mayor-de-ibague\/ibague\/#primaryimage"},"image":{"@id":"https:\/\/ciudadyregion.com.co\/index.php\/ya-estan-abiertas-las-inscripciones-para-formar-parte-del-consejo-de-adulto-mayor-de-ibague\/ibague\/#primaryimage"},"thumbnailUrl":"https:\/\/i0.wp.com\/ciudadyregion.com.co\/wp-content\/uploads\/2023\/11\/1-adulto-mayor.jpg?fit=800%2C445&ssl=1","datePublished":"2023-11-14T15:11:24+00:00","dateModified":"2023-11-14T15:11:24+00:00","author":{"@id":"https:\/\/ciudadyregion.com.co\/#\/schema\/person\/04a4954373ebc4051f46e8c65ff78622"},"breadcrumb":{"@id":"https:\/\/ciudadyregion.com.co\/index.php\/ya-estan-abiertas-las-inscripciones-para-formar-parte-del-consejo-de-adulto-mayor-de-ibague\/ibague\/#breadcrumb"},"inLanguage":"es","potentialAction":[{"@type":"ReadAction","target":["https:\/\/ciudadyregion.com.co\/index.php\/ya-estan-abiertas-las-inscripciones-para-formar-parte-del-consejo-de-adulto-mayor-de-ibague\/ibague\/"]}]},{"@type":"ImageObject","inLanguage":"es","@id":"https:\/\/ciudadyregion.com.co\/index.php\/ya-estan-abiertas-las-inscripciones-para-formar-parte-del-consejo-de-adulto-mayor-de-ibague\/ibague\/#primaryimage","url":"https:\/\/i0.wp.com\/ciudadyregion.com.co\/wp-content\/uploads\/2023\/11\/1-adulto-mayor.jpg?fit=800%2C445&ssl=1","contentUrl":"https:\/\/i0.wp.com\/ciudadyregion.com.co\/wp-content\/uploads\/2023\/11\/1-adulto-mayor.jpg?fit=800%2C445&ssl=1","width":800,"height":445},{"@type":"BreadcrumbList","@id":"https:\/\/ciudadyregion.com.co\/index.php\/ya-estan-abiertas-las-inscripciones-para-formar-parte-del-consejo-de-adulto-mayor-de-ibague\/ibague\/#breadcrumb","itemListElement":[{"@type":"ListItem","position":1,"name":"Portada","item":"https:\/\/ciudadyregion.com.co\/"},{"@type":"ListItem","position":2,"name":"\u00a0Ya est\u00e1n abiertas las inscripciones para formar parte del &#8216;Consejo de Adulto Mayor&#8217; de Ibagu\u00e9"}]},{"@type":"WebSite","@id":"https:\/\/ciudadyregion.com.co\/#website","url":"https:\/\/ciudadyregion.com.co\/","name":"Ciudad y Region","description":"","potentialAction":[{"@type":"SearchAction","target":{"@type":"EntryPoint","urlTemplate":"https:\/\/ciudadyregion.com.co\/?s={search_term_string}"},"query-input":{"@type":"PropertyValueSpecification","valueRequired":true,"valueName":"search_term_string"}}],"inLanguage":"es"},{"@type":"Person","@id":"https:\/\/ciudadyregion.com.co\/#\/schema\/person\/04a4954373ebc4051f46e8c65ff78622","name":"David Andr\u00e9s Aguirre","image":{"@type":"ImageObject","inLanguage":"es","@id":"https:\/\/ciudadyregion.com.co\/#\/schema\/person\/image\/","url":"https:\/\/secure.gravatar.com\/avatar\/bc3c655860202182ee6d1b5edd042dbe?s=96&d=mm&r=g","contentUrl":"https:\/\/secure.gravatar.com\/avatar\/bc3c655860202182ee6d1b5edd042dbe?s=96&d=mm&r=g","caption":"David Andr\u00e9s Aguirre"},"url":"https:\/\/ciudadyregion.com.co\/index.php\/author\/diegoaguirre\/"}]}},"jetpack_featured_media_url":"https:\/\/i0.wp.com\/ciudadyregion.com.co\/wp-content\/uploads\/2023\/11\/1-adulto-mayor.jpg?fit=800%2C445&ssl=1","jetpack_sharing_enabled":true,"jetpack_shortlink":"https:\/\/wp.me\/pbS7hh-t2","jetpack-related-posts":[],"_links":{"self":[{"href":"https:\/\/ciudadyregion.com.co\/index.php\/wp-json\/wp\/v2\/posts\/1800"}],"collection":[{"href":"https:\/\/ciudadyregion.com.co\/index.php\/wp-json\/wp\/v2\/posts"}],"about":[{"href":"https:\/\/ciudadyregion.com.co\/index.php\/wp-json\/wp\/v2\/types\/post"}],"author":[{"embeddable":true,"href":"https:\/\/ciudadyregion.com.co\/index.php\/wp-json\/wp\/v2\/users\/2"}],"replies":[{"embeddable":true,"href":"https:\/\/ciudadyregion.com.co\/index.php\/wp-json\/wp\/v2\/comments?post=1800"}],"version-history":[{"count":1,"href":"https:\/\/ciudadyregion.com.co\/index.php\/wp-json\/wp\/v2\/posts\/1800\/revisions"}],"predecessor-version":[{"id":1802,"href":"https:\/\/ciudadyregion.com.co\/index.php\/wp-json\/wp\/v2\/posts\/1800\/revisions\/1802"}],"wp:featuredmedia":[{"embeddable":true,"href":"https:\/\/ciudadyregion.com.co\/index.php\/wp-json\/wp\/v2\/media\/1801"}],"wp:attachment":[{"href":"https:\/\/ciudadyregion.com.co\/index.php\/wp-json\/wp\/v2\/media?parent=1800"}],"wp:term":[{"taxonomy":"category","embeddable":true,"href":"https:\/\/ciudadyregion.com.co\/index.php\/wp-json\/wp\/v2\/categories?post=1800"},{"taxonomy":"post_tag","embeddable":true,"href":"https:\/\/ciudadyregion.com.co\/index.php\/wp-json\/wp\/v2\/tags?post=1800"}],"curies":[{"name":"wp","href":"https:\/\/api.w.org\/{rel}","templated":true}]}}