{"id":17945,"date":"2024-07-09T07:56:39","date_gmt":"2024-07-09T12:56:39","guid":{"rendered":"https:\/\/ciudadyregion.com.co\/?p=17945"},"modified":"2024-07-09T07:56:39","modified_gmt":"2024-07-09T12:56:39","slug":"en-un-intercambio-cultural-dos-mexicanos-aportaron-a-la-conservacion-de-las-fachadas-del-centro-historico-de-ambalema","status":"publish","type":"post","link":"https:\/\/ciudadyregion.com.co\/index.php\/en-un-intercambio-cultural-dos-mexicanos-aportaron-a-la-conservacion-de-las-fachadas-del-centro-historico-de-ambalema\/regional\/","title":{"rendered":"En un intercambio cultural, dos mexicanos aportaron a la conservaci\u00f3n de las fachadas del Centro Hist\u00f3rico de Ambalema"},"content":{"rendered":"<ul>\n<li><em><strong>Irving Hern\u00e1ndez y F\u00e1tima S\u00e1nchez, estudiantes de Maestr\u00eda en Patrimonio Edificado conocieron Ambalema e hicieron trabajo de campo y acad\u00e9mico en el Tolima.<\/strong><\/em><\/li>\n<\/ul>\n<p>Gracias a un intercambio entre la Universidad Aut\u00f3noma de Puebla de M\u00e9xico y la Universidad Nacional de Colombia, dos estudiantes de posgrado del pa\u00eds azteca llegaron a hacer un intercambio cultural y pedag\u00f3gico al Centro Hist\u00f3rico de Ambalema, como parte de sus trabajos de grado de la maestr\u00eda en Arquitectura con Especialidad en Conservaci\u00f3n del Patrimonio Edificado.<\/p>\n<p>Se trata de Irving Hern\u00e1ndez V\u00e1squez y F\u00e1tima Yvonne S\u00e1nchez Hern\u00e1ndez quienes conocieron Ambalema y desde sus conocimientos aportaron a la construcci\u00f3n de la carta de las fachadas del Centro Hist\u00f3rico que tiene este municipio tolimense.<\/p>\n<p>De acuerdo con Catalina Prada Alvis, ingeniera civil y restauradora del patrimonio arquitect\u00f3nico de la Secretar\u00eda de Cultura y Turismo Departamental, la presencia de estos estudiantes de maestr\u00eda aporta a la implementaci\u00f3n del Plan Especial de Manejo y Protecci\u00f3n PEMP de Ambalema, as\u00ed como la generaci\u00f3n de espacios para la formaci\u00f3n en normativa patrimonial, estos, descritos en el Plan de Desarrollo 2024 &#8211; 2027 de la Gobernaci\u00f3n del Tolima.<\/p>\n<blockquote><p>\u201cEllos nos est\u00e1n ayudando a definir la carta de las fachadas del Centro Hist\u00f3rico, que es un trabajo muy interesante. Hay que recalcar c\u00f3mo el patrimonio nos une, y aunque somos de diferentes pa\u00edses con unos niveles culturales muy diferentes, tenemos un patrimonio conjunto y que nos permite intercambiar conocimientos entre un pa\u00eds y el otro\u201d, agreg\u00f3 Prada Alvis.<\/p><\/blockquote>\n<p>Es de destacar que este intercambio fue posible gracias a la Escuela Taller de Boyac\u00e1, quien tiene a cargo la intervenci\u00f3n del inmueble La Factor\u00eda en Ambalema, quien permiti\u00f3 la participaci\u00f3n de estos estudiantes mexicanos en Ambalema, donde ellos adem\u00e1s disfrutaron de un recorrido por Ibagu\u00e9 y otras zonas del departamento.<\/p>\n<blockquote><p>\u201cMi experiencia en el Tolima ha sido muy buena, la gastronom\u00eda deliciosa, los monumentos que hemos visitado son muy interesantes y mucho m\u00e1s el Conservatorio del Tolima; tambi\u00e9n estuvimos en el Festival Folcl\u00f3rico y estuvo muy bueno. Me llevo parte del Tolima a M\u00e9xico\u201d, expres\u00f3 F\u00e1tima S\u00e1nchez, arquitecta mexicana.<\/p><\/blockquote>\n<p>Por su parte, Irving Hern\u00e1ndez V\u00e1squez, estudiante mexicano que particip\u00f3 en el intercambio, destac\u00f3 la importancia para el patrimonio colombiano que tiene Ambalema y la diversidad cultural que le ofreci\u00f3 el Tolima:<\/p>\n<blockquote><p>\u201cnosotros hemos venido a Colombia a aprender de t\u00e9cnicas, el trabajo de elaboraci\u00f3n de la arquitectura en tierra; hemos aprendido tambi\u00e9n de su cultura y de sus tradiciones\u201d, dijo.<\/p><\/blockquote>\n<p>Tenga en cuenta que, dentro de su estrategia del tour de las obras de la Gobernaci\u00f3n del Tolima, la gobernadora, Adriana Magali Matiz visitar\u00e1 este martes 9 de julio Ambalema, para reafirmar su compromiso de tener una sede del Conservatorio del Tolima en la Casa Inglesa y as\u00ed darle vida a este Bien de Inter\u00e9s Cultural.<\/p>\n","protected":false},"excerpt":{"rendered":"<p>Irving Hern\u00e1ndez y F\u00e1tima S\u00e1nchez, estudiantes de Maestr\u00eda en Patrimonio Edificado conocieron Ambalema e hicieron trabajo de campo y acad\u00e9mico en el Tolima. Gracias a un intercambio entre la Universidad Aut\u00f3noma de Puebla de M\u00e9xico y la Universidad Nacional de Colombia, dos estudiantes de posgrado del pa\u00eds azteca llegaron a<span class=\"more-link\"><a href=\"https:\/\/ciudadyregion.com.co\/index.php\/en-un-intercambio-cultural-dos-mexicanos-aportaron-a-la-conservacion-de-las-fachadas-del-centro-historico-de-ambalema\/regional\/\">Continuar Leyendo<\/a><\/span><\/p>\n","protected":false},"author":2,"featured_media":17946,"comment_status":"open","ping_status":"open","sticky":false,"template":"","format":"standard","meta":{"_uf_show_specific_survey":0,"_uf_disable_surveys":false,"_jetpack_memberships_contains_paid_content":false,"footnotes":"","jetpack_publicize_message":"","jetpack_publicize_feature_enabled":true,"jetpack_social_post_already_shared":true,"jetpack_social_options":{"image_generator_settings":{"template":"highway","enabled":false},"version":2}},"categories":[13],"tags":[],"class_list":["entry","author-diegoaguirre","post-17945","post","type-post","status-publish","format-standard","has-post-thumbnail","category-regional"],"jetpack_publicize_connections":[],"yoast_head":"<!-- This site is optimized with the Yoast SEO plugin v24.3 - https:\/\/yoast.com\/wordpress\/plugins\/seo\/ -->\n<title>En un intercambio cultural, dos mexicanos aportaron a la conservaci\u00f3n de las fachadas del Centro Hist\u00f3rico de Ambalema - Ciudad y Region<\/title>\n<meta name=\"robots\" content=\"index, follow, max-snippet:-1, max-image-preview:large, max-video-preview:-1\" \/>\n<link rel=\"canonical\" href=\"https:\/\/ciudadyregion.com.co\/index.php\/en-un-intercambio-cultural-dos-mexicanos-aportaron-a-la-conservacion-de-las-fachadas-del-centro-historico-de-ambalema\/regional\/\" \/>\n<meta property=\"og:locale\" content=\"es_ES\" \/>\n<meta property=\"og:type\" content=\"article\" \/>\n<meta property=\"og:title\" content=\"En un intercambio cultural, dos mexicanos aportaron a la conservaci\u00f3n de las fachadas del Centro Hist\u00f3rico de Ambalema - Ciudad y Region\" \/>\n<meta property=\"og:description\" content=\"Irving Hern\u00e1ndez y F\u00e1tima S\u00e1nchez, estudiantes de Maestr\u00eda en Patrimonio Edificado conocieron Ambalema e hicieron trabajo de campo y acad\u00e9mico en el Tolima. Gracias a un intercambio entre la Universidad Aut\u00f3noma de Puebla de M\u00e9xico y la Universidad Nacional de Colombia, dos estudiantes de posgrado del pa\u00eds azteca llegaron aContinuar Leyendo\" \/>\n<meta property=\"og:url\" content=\"https:\/\/ciudadyregion.com.co\/index.php\/en-un-intercambio-cultural-dos-mexicanos-aportaron-a-la-conservacion-de-las-fachadas-del-centro-historico-de-ambalema\/regional\/\" \/>\n<meta property=\"og:site_name\" content=\"Ciudad y Region\" \/>\n<meta property=\"article:published_time\" content=\"2024-07-09T12:56:39+00:00\" \/>\n<meta property=\"og:image\" content=\"https:\/\/ciudadyregion.com.co\/wp-content\/uploads\/2024\/07\/6-4.jpg\" \/>\n\t<meta property=\"og:image:width\" content=\"800\" \/>\n\t<meta property=\"og:image:height\" content=\"445\" \/>\n\t<meta property=\"og:image:type\" content=\"image\/jpeg\" \/>\n<meta name=\"author\" content=\"David Andr\u00e9s Aguirre\" \/>\n<meta name=\"twitter:card\" content=\"summary_large_image\" \/>\n<meta name=\"twitter:label1\" content=\"Escrito por\" \/>\n\t<meta name=\"twitter:data1\" content=\"David Andr\u00e9s Aguirre\" \/>\n\t<meta name=\"twitter:label2\" content=\"Tiempo de lectura\" \/>\n\t<meta name=\"twitter:data2\" content=\"2 minutos\" \/>\n<script type=\"application\/ld+json\" class=\"yoast-schema-graph\">{\"@context\":\"https:\/\/schema.org\",\"@graph\":[{\"@type\":\"WebPage\",\"@id\":\"https:\/\/ciudadyregion.com.co\/index.php\/en-un-intercambio-cultural-dos-mexicanos-aportaron-a-la-conservacion-de-las-fachadas-del-centro-historico-de-ambalema\/regional\/\",\"url\":\"https:\/\/ciudadyregion.com.co\/index.php\/en-un-intercambio-cultural-dos-mexicanos-aportaron-a-la-conservacion-de-las-fachadas-del-centro-historico-de-ambalema\/regional\/\",\"name\":\"En un intercambio cultural, dos mexicanos aportaron a la conservaci\u00f3n de las fachadas del Centro Hist\u00f3rico de Ambalema - Ciudad y Region\",\"isPartOf\":{\"@id\":\"https:\/\/ciudadyregion.com.co\/#website\"},\"primaryImageOfPage\":{\"@id\":\"https:\/\/ciudadyregion.com.co\/index.php\/en-un-intercambio-cultural-dos-mexicanos-aportaron-a-la-conservacion-de-las-fachadas-del-centro-historico-de-ambalema\/regional\/#primaryimage\"},\"image\":{\"@id\":\"https:\/\/ciudadyregion.com.co\/index.php\/en-un-intercambio-cultural-dos-mexicanos-aportaron-a-la-conservacion-de-las-fachadas-del-centro-historico-de-ambalema\/regional\/#primaryimage\"},\"thumbnailUrl\":\"https:\/\/i0.wp.com\/ciudadyregion.com.co\/wp-content\/uploads\/2024\/07\/6-4.jpg?fit=800%2C445&ssl=1\",\"datePublished\":\"2024-07-09T12:56:39+00:00\",\"dateModified\":\"2024-07-09T12:56:39+00:00\",\"author\":{\"@id\":\"https:\/\/ciudadyregion.com.co\/#\/schema\/person\/04a4954373ebc4051f46e8c65ff78622\"},\"breadcrumb\":{\"@id\":\"https:\/\/ciudadyregion.com.co\/index.php\/en-un-intercambio-cultural-dos-mexicanos-aportaron-a-la-conservacion-de-las-fachadas-del-centro-historico-de-ambalema\/regional\/#breadcrumb\"},\"inLanguage\":\"es\",\"potentialAction\":[{\"@type\":\"ReadAction\",\"target\":[\"https:\/\/ciudadyregion.com.co\/index.php\/en-un-intercambio-cultural-dos-mexicanos-aportaron-a-la-conservacion-de-las-fachadas-del-centro-historico-de-ambalema\/regional\/\"]}]},{\"@type\":\"ImageObject\",\"inLanguage\":\"es\",\"@id\":\"https:\/\/ciudadyregion.com.co\/index.php\/en-un-intercambio-cultural-dos-mexicanos-aportaron-a-la-conservacion-de-las-fachadas-del-centro-historico-de-ambalema\/regional\/#primaryimage\",\"url\":\"https:\/\/i0.wp.com\/ciudadyregion.com.co\/wp-content\/uploads\/2024\/07\/6-4.jpg?fit=800%2C445&ssl=1\",\"contentUrl\":\"https:\/\/i0.wp.com\/ciudadyregion.com.co\/wp-content\/uploads\/2024\/07\/6-4.jpg?fit=800%2C445&ssl=1\",\"width\":800,\"height\":445},{\"@type\":\"BreadcrumbList\",\"@id\":\"https:\/\/ciudadyregion.com.co\/index.php\/en-un-intercambio-cultural-dos-mexicanos-aportaron-a-la-conservacion-de-las-fachadas-del-centro-historico-de-ambalema\/regional\/#breadcrumb\",\"itemListElement\":[{\"@type\":\"ListItem\",\"position\":1,\"name\":\"Portada\",\"item\":\"https:\/\/ciudadyregion.com.co\/\"},{\"@type\":\"ListItem\",\"position\":2,\"name\":\"En un intercambio cultural, dos mexicanos aportaron a la conservaci\u00f3n de las fachadas del Centro Hist\u00f3rico de Ambalema\"}]},{\"@type\":\"WebSite\",\"@id\":\"https:\/\/ciudadyregion.com.co\/#website\",\"url\":\"https:\/\/ciudadyregion.com.co\/\",\"name\":\"Ciudad y Region\",\"description\":\"\",\"potentialAction\":[{\"@type\":\"SearchAction\",\"target\":{\"@type\":\"EntryPoint\",\"urlTemplate\":\"https:\/\/ciudadyregion.com.co\/?s={search_term_string}\"},\"query-input\":{\"@type\":\"PropertyValueSpecification\",\"valueRequired\":true,\"valueName\":\"search_term_string\"}}],\"inLanguage\":\"es\"},{\"@type\":\"Person\",\"@id\":\"https:\/\/ciudadyregion.com.co\/#\/schema\/person\/04a4954373ebc4051f46e8c65ff78622\",\"name\":\"David Andr\u00e9s Aguirre\",\"image\":{\"@type\":\"ImageObject\",\"inLanguage\":\"es\",\"@id\":\"https:\/\/ciudadyregion.com.co\/#\/schema\/person\/image\/\",\"url\":\"https:\/\/secure.gravatar.com\/avatar\/bc3c655860202182ee6d1b5edd042dbe?s=96&d=mm&r=g\",\"contentUrl\":\"https:\/\/secure.gravatar.com\/avatar\/bc3c655860202182ee6d1b5edd042dbe?s=96&d=mm&r=g\",\"caption\":\"David Andr\u00e9s Aguirre\"},\"url\":\"https:\/\/ciudadyregion.com.co\/index.php\/author\/diegoaguirre\/\"}]}<\/script>\n<!-- \/ Yoast SEO plugin. -->","yoast_head_json":{"title":"En un intercambio cultural, dos mexicanos aportaron a la conservaci\u00f3n de las fachadas del Centro Hist\u00f3rico de Ambalema - Ciudad y Region","robots":{"index":"index","follow":"follow","max-snippet":"max-snippet:-1","max-image-preview":"max-image-preview:large","max-video-preview":"max-video-preview:-1"},"canonical":"https:\/\/ciudadyregion.com.co\/index.php\/en-un-intercambio-cultural-dos-mexicanos-aportaron-a-la-conservacion-de-las-fachadas-del-centro-historico-de-ambalema\/regional\/","og_locale":"es_ES","og_type":"article","og_title":"En un intercambio cultural, dos mexicanos aportaron a la conservaci\u00f3n de las fachadas del Centro Hist\u00f3rico de Ambalema - Ciudad y Region","og_description":"Irving Hern\u00e1ndez y F\u00e1tima S\u00e1nchez, estudiantes de Maestr\u00eda en Patrimonio Edificado conocieron Ambalema e hicieron trabajo de campo y acad\u00e9mico en el Tolima. Gracias a un intercambio entre la Universidad Aut\u00f3noma de Puebla de M\u00e9xico y la Universidad Nacional de Colombia, dos estudiantes de posgrado del pa\u00eds azteca llegaron aContinuar Leyendo","og_url":"https:\/\/ciudadyregion.com.co\/index.php\/en-un-intercambio-cultural-dos-mexicanos-aportaron-a-la-conservacion-de-las-fachadas-del-centro-historico-de-ambalema\/regional\/","og_site_name":"Ciudad y Region","article_published_time":"2024-07-09T12:56:39+00:00","og_image":[{"width":800,"height":445,"url":"https:\/\/ciudadyregion.com.co\/wp-content\/uploads\/2024\/07\/6-4.jpg","type":"image\/jpeg"}],"author":"David Andr\u00e9s Aguirre","twitter_card":"summary_large_image","twitter_misc":{"Escrito por":"David Andr\u00e9s Aguirre","Tiempo de lectura":"2 minutos"},"schema":{"@context":"https:\/\/schema.org","@graph":[{"@type":"WebPage","@id":"https:\/\/ciudadyregion.com.co\/index.php\/en-un-intercambio-cultural-dos-mexicanos-aportaron-a-la-conservacion-de-las-fachadas-del-centro-historico-de-ambalema\/regional\/","url":"https:\/\/ciudadyregion.com.co\/index.php\/en-un-intercambio-cultural-dos-mexicanos-aportaron-a-la-conservacion-de-las-fachadas-del-centro-historico-de-ambalema\/regional\/","name":"En un intercambio cultural, dos mexicanos aportaron a la conservaci\u00f3n de las fachadas del Centro Hist\u00f3rico de Ambalema - Ciudad y Region","isPartOf":{"@id":"https:\/\/ciudadyregion.com.co\/#website"},"primaryImageOfPage":{"@id":"https:\/\/ciudadyregion.com.co\/index.php\/en-un-intercambio-cultural-dos-mexicanos-aportaron-a-la-conservacion-de-las-fachadas-del-centro-historico-de-ambalema\/regional\/#primaryimage"},"image":{"@id":"https:\/\/ciudadyregion.com.co\/index.php\/en-un-intercambio-cultural-dos-mexicanos-aportaron-a-la-conservacion-de-las-fachadas-del-centro-historico-de-ambalema\/regional\/#primaryimage"},"thumbnailUrl":"https:\/\/i0.wp.com\/ciudadyregion.com.co\/wp-content\/uploads\/2024\/07\/6-4.jpg?fit=800%2C445&ssl=1","datePublished":"2024-07-09T12:56:39+00:00","dateModified":"2024-07-09T12:56:39+00:00","author":{"@id":"https:\/\/ciudadyregion.com.co\/#\/schema\/person\/04a4954373ebc4051f46e8c65ff78622"},"breadcrumb":{"@id":"https:\/\/ciudadyregion.com.co\/index.php\/en-un-intercambio-cultural-dos-mexicanos-aportaron-a-la-conservacion-de-las-fachadas-del-centro-historico-de-ambalema\/regional\/#breadcrumb"},"inLanguage":"es","potentialAction":[{"@type":"ReadAction","target":["https:\/\/ciudadyregion.com.co\/index.php\/en-un-intercambio-cultural-dos-mexicanos-aportaron-a-la-conservacion-de-las-fachadas-del-centro-historico-de-ambalema\/regional\/"]}]},{"@type":"ImageObject","inLanguage":"es","@id":"https:\/\/ciudadyregion.com.co\/index.php\/en-un-intercambio-cultural-dos-mexicanos-aportaron-a-la-conservacion-de-las-fachadas-del-centro-historico-de-ambalema\/regional\/#primaryimage","url":"https:\/\/i0.wp.com\/ciudadyregion.com.co\/wp-content\/uploads\/2024\/07\/6-4.jpg?fit=800%2C445&ssl=1","contentUrl":"https:\/\/i0.wp.com\/ciudadyregion.com.co\/wp-content\/uploads\/2024\/07\/6-4.jpg?fit=800%2C445&ssl=1","width":800,"height":445},{"@type":"BreadcrumbList","@id":"https:\/\/ciudadyregion.com.co\/index.php\/en-un-intercambio-cultural-dos-mexicanos-aportaron-a-la-conservacion-de-las-fachadas-del-centro-historico-de-ambalema\/regional\/#breadcrumb","itemListElement":[{"@type":"ListItem","position":1,"name":"Portada","item":"https:\/\/ciudadyregion.com.co\/"},{"@type":"ListItem","position":2,"name":"En un intercambio cultural, dos mexicanos aportaron a la conservaci\u00f3n de las fachadas del Centro Hist\u00f3rico de Ambalema"}]},{"@type":"WebSite","@id":"https:\/\/ciudadyregion.com.co\/#website","url":"https:\/\/ciudadyregion.com.co\/","name":"Ciudad y Region","description":"","potentialAction":[{"@type":"SearchAction","target":{"@type":"EntryPoint","urlTemplate":"https:\/\/ciudadyregion.com.co\/?s={search_term_string}"},"query-input":{"@type":"PropertyValueSpecification","valueRequired":true,"valueName":"search_term_string"}}],"inLanguage":"es"},{"@type":"Person","@id":"https:\/\/ciudadyregion.com.co\/#\/schema\/person\/04a4954373ebc4051f46e8c65ff78622","name":"David Andr\u00e9s Aguirre","image":{"@type":"ImageObject","inLanguage":"es","@id":"https:\/\/ciudadyregion.com.co\/#\/schema\/person\/image\/","url":"https:\/\/secure.gravatar.com\/avatar\/bc3c655860202182ee6d1b5edd042dbe?s=96&d=mm&r=g","contentUrl":"https:\/\/secure.gravatar.com\/avatar\/bc3c655860202182ee6d1b5edd042dbe?s=96&d=mm&r=g","caption":"David Andr\u00e9s Aguirre"},"url":"https:\/\/ciudadyregion.com.co\/index.php\/author\/diegoaguirre\/"}]}},"jetpack_featured_media_url":"https:\/\/i0.wp.com\/ciudadyregion.com.co\/wp-content\/uploads\/2024\/07\/6-4.jpg?fit=800%2C445&ssl=1","jetpack_sharing_enabled":true,"jetpack_shortlink":"https:\/\/wp.me\/pbS7hh-4Fr","jetpack-related-posts":[],"_links":{"self":[{"href":"https:\/\/ciudadyregion.com.co\/index.php\/wp-json\/wp\/v2\/posts\/17945"}],"collection":[{"href":"https:\/\/ciudadyregion.com.co\/index.php\/wp-json\/wp\/v2\/posts"}],"about":[{"href":"https:\/\/ciudadyregion.com.co\/index.php\/wp-json\/wp\/v2\/types\/post"}],"author":[{"embeddable":true,"href":"https:\/\/ciudadyregion.com.co\/index.php\/wp-json\/wp\/v2\/users\/2"}],"replies":[{"embeddable":true,"href":"https:\/\/ciudadyregion.com.co\/index.php\/wp-json\/wp\/v2\/comments?post=17945"}],"version-history":[{"count":1,"href":"https:\/\/ciudadyregion.com.co\/index.php\/wp-json\/wp\/v2\/posts\/17945\/revisions"}],"predecessor-version":[{"id":17947,"href":"https:\/\/ciudadyregion.com.co\/index.php\/wp-json\/wp\/v2\/posts\/17945\/revisions\/17947"}],"wp:featuredmedia":[{"embeddable":true,"href":"https:\/\/ciudadyregion.com.co\/index.php\/wp-json\/wp\/v2\/media\/17946"}],"wp:attachment":[{"href":"https:\/\/ciudadyregion.com.co\/index.php\/wp-json\/wp\/v2\/media?parent=17945"}],"wp:term":[{"taxonomy":"category","embeddable":true,"href":"https:\/\/ciudadyregion.com.co\/index.php\/wp-json\/wp\/v2\/categories?post=17945"},{"taxonomy":"post_tag","embeddable":true,"href":"https:\/\/ciudadyregion.com.co\/index.php\/wp-json\/wp\/v2\/tags?post=17945"}],"curies":[{"name":"wp","href":"https:\/\/api.w.org\/{rel}","templated":true}]}}