{"id":17936,"date":"2024-07-09T07:34:57","date_gmt":"2024-07-09T12:34:57","guid":{"rendered":"https:\/\/ciudadyregion.com.co\/?p=17936"},"modified":"2024-07-09T07:34:57","modified_gmt":"2024-07-09T12:34:57","slug":"autoridades-del-tolima-continuan-en-alerta-por-emergencia-en-tuneles-de-la-linea","status":"publish","type":"post","link":"https:\/\/ciudadyregion.com.co\/index.php\/autoridades-del-tolima-continuan-en-alerta-por-emergencia-en-tuneles-de-la-linea\/regional\/","title":{"rendered":"Autoridades del Tolima contin\u00faan en alerta por emergencia en t\u00faneles de La L\u00ednea"},"content":{"rendered":"<ul>\n<li><em><strong>La Secretar\u00eda de Tr\u00e1nsito del Tolima anuncia medidas preventivas y cierres programados para mejorar la movilidad en este tramo del departamento, tras los eventos del fin de semana.<\/strong><\/em><\/li>\n<\/ul>\n<p>En una reuni\u00f3n celebrada este lunes entre la Secretar\u00eda de Tr\u00e1nsito, el operador vial, la Secretar\u00eda de Gesti\u00f3n del Riesgo y diversas autoridades, se analizaron y plantearon medidas preventivas para minimizar el impacto de futuros eventos que afecten la movilidad del departamento.<\/p>\n<p>El director operativo de tr\u00e1nsito, Miguel Berm\u00fadez, inform\u00f3 que, a partir del martes 9 de julio, se reanudar\u00e1n los trabajos de remoci\u00f3n del material presente en los ejes viales.<\/p>\n<p>Estos trabajos se llevar\u00e1n a cabo en horario diurno y contemplan cierres programados que oscilar\u00e1n entre una y dos horas.<\/p>\n<blockquote><p>\u00abEs muy importante que todos tengamos claro que, desde el d\u00eda de ma\u00f1ana, martes, se iniciar\u00e1n de nuevo los trabajos de sacar el material que a\u00fan est\u00e1 sobre la v\u00eda. Por lo tanto, van a haber cierres programados en horario diurno de una hora a dos horas. Le solicitamos a todos los viajeros tener presente esta informaci\u00f3n, manejar con calma en esta v\u00eda, ojo con la velocidad, siempre anticip\u00e1ndonos y generando cultura ciudadana y cultura vial\u00bb, afirm\u00f3 el funcionario.<\/p><\/blockquote>\n<p>Entre las medidas discutidas, se enfatiz\u00f3 en la importancia de:<\/p>\n<ul>\n<li>trabajos programados: Los trabajos de remoci\u00f3n de material se llevar\u00e1n a cabo en horario diurno, con cierres programados de entre una y dos horas.<\/li>\n<li>Precauci\u00f3n al conducir: Se insta a los conductores a mantener la calma, respetar los l\u00edmites de velocidad y estar atentos a las indicaciones.<\/li>\n<li>Cultura vial: Promover la cultura ciudadana y la cultura vial es fundamental para prevenir accidentes y mejorar la seguridad en las v\u00edas.<\/li>\n<\/ul>\n<p>La Gobernaci\u00f3n del Tolima, a trav\u00e9s de su Secretar\u00eda de Tr\u00e1nsito, reitera su compromiso con la seguridad vial y agradece la colaboraci\u00f3n de todos los ciudadanos en este esfuerzo conjunto para garantizar una movilidad segura y eficiente en el departamento.<\/p>\n","protected":false},"excerpt":{"rendered":"<p>La Secretar\u00eda de Tr\u00e1nsito del Tolima anuncia medidas preventivas y cierres programados para mejorar la movilidad en este tramo del departamento, tras los eventos del fin de semana. En una reuni\u00f3n celebrada este lunes entre la Secretar\u00eda de Tr\u00e1nsito, el operador vial, la Secretar\u00eda de Gesti\u00f3n del Riesgo y diversas<span class=\"more-link\"><a href=\"https:\/\/ciudadyregion.com.co\/index.php\/autoridades-del-tolima-continuan-en-alerta-por-emergencia-en-tuneles-de-la-linea\/regional\/\">Continuar Leyendo<\/a><\/span><\/p>\n","protected":false},"author":2,"featured_media":17937,"comment_status":"open","ping_status":"open","sticky":false,"template":"","format":"standard","meta":{"_uf_show_specific_survey":0,"_uf_disable_surveys":false,"_jetpack_memberships_contains_paid_content":false,"footnotes":"","jetpack_publicize_message":"","jetpack_publicize_feature_enabled":true,"jetpack_social_post_already_shared":true,"jetpack_social_options":{"image_generator_settings":{"template":"highway","enabled":false},"version":2}},"categories":[13],"tags":[],"class_list":["entry","author-diegoaguirre","post-17936","post","type-post","status-publish","format-standard","has-post-thumbnail","category-regional"],"jetpack_publicize_connections":[],"yoast_head":"<!-- This site is optimized with the Yoast SEO plugin v24.3 - https:\/\/yoast.com\/wordpress\/plugins\/seo\/ -->\n<title>Autoridades del Tolima contin\u00faan en alerta por emergencia en t\u00faneles de La L\u00ednea - Ciudad y Region<\/title>\n<meta name=\"robots\" content=\"index, follow, max-snippet:-1, max-image-preview:large, max-video-preview:-1\" \/>\n<link rel=\"canonical\" href=\"https:\/\/ciudadyregion.com.co\/index.php\/autoridades-del-tolima-continuan-en-alerta-por-emergencia-en-tuneles-de-la-linea\/regional\/\" \/>\n<meta property=\"og:locale\" content=\"es_ES\" \/>\n<meta property=\"og:type\" content=\"article\" \/>\n<meta property=\"og:title\" content=\"Autoridades del Tolima contin\u00faan en alerta por emergencia en t\u00faneles de La L\u00ednea - Ciudad y Region\" \/>\n<meta property=\"og:description\" content=\"La Secretar\u00eda de Tr\u00e1nsito del Tolima anuncia medidas preventivas y cierres programados para mejorar la movilidad en este tramo del departamento, tras los eventos del fin de semana. En una reuni\u00f3n celebrada este lunes entre la Secretar\u00eda de Tr\u00e1nsito, el operador vial, la Secretar\u00eda de Gesti\u00f3n del Riesgo y diversasContinuar Leyendo\" \/>\n<meta property=\"og:url\" content=\"https:\/\/ciudadyregion.com.co\/index.php\/autoridades-del-tolima-continuan-en-alerta-por-emergencia-en-tuneles-de-la-linea\/regional\/\" \/>\n<meta property=\"og:site_name\" content=\"Ciudad y Region\" \/>\n<meta property=\"article:published_time\" content=\"2024-07-09T12:34:57+00:00\" \/>\n<meta property=\"og:image\" content=\"https:\/\/ciudadyregion.com.co\/wp-content\/uploads\/2024\/07\/3-5.jpg\" \/>\n\t<meta property=\"og:image:width\" content=\"800\" \/>\n\t<meta property=\"og:image:height\" content=\"445\" \/>\n\t<meta property=\"og:image:type\" content=\"image\/jpeg\" \/>\n<meta name=\"author\" content=\"David Andr\u00e9s Aguirre\" \/>\n<meta name=\"twitter:card\" content=\"summary_large_image\" \/>\n<meta name=\"twitter:label1\" content=\"Escrito por\" \/>\n\t<meta name=\"twitter:data1\" content=\"David Andr\u00e9s Aguirre\" \/>\n\t<meta name=\"twitter:label2\" content=\"Tiempo de lectura\" \/>\n\t<meta name=\"twitter:data2\" content=\"2 minutos\" \/>\n<script type=\"application\/ld+json\" class=\"yoast-schema-graph\">{\"@context\":\"https:\/\/schema.org\",\"@graph\":[{\"@type\":\"WebPage\",\"@id\":\"https:\/\/ciudadyregion.com.co\/index.php\/autoridades-del-tolima-continuan-en-alerta-por-emergencia-en-tuneles-de-la-linea\/regional\/\",\"url\":\"https:\/\/ciudadyregion.com.co\/index.php\/autoridades-del-tolima-continuan-en-alerta-por-emergencia-en-tuneles-de-la-linea\/regional\/\",\"name\":\"Autoridades del Tolima contin\u00faan en alerta por emergencia en t\u00faneles de La L\u00ednea - Ciudad y Region\",\"isPartOf\":{\"@id\":\"https:\/\/ciudadyregion.com.co\/#website\"},\"primaryImageOfPage\":{\"@id\":\"https:\/\/ciudadyregion.com.co\/index.php\/autoridades-del-tolima-continuan-en-alerta-por-emergencia-en-tuneles-de-la-linea\/regional\/#primaryimage\"},\"image\":{\"@id\":\"https:\/\/ciudadyregion.com.co\/index.php\/autoridades-del-tolima-continuan-en-alerta-por-emergencia-en-tuneles-de-la-linea\/regional\/#primaryimage\"},\"thumbnailUrl\":\"https:\/\/i0.wp.com\/ciudadyregion.com.co\/wp-content\/uploads\/2024\/07\/3-5.jpg?fit=800%2C445&ssl=1\",\"datePublished\":\"2024-07-09T12:34:57+00:00\",\"dateModified\":\"2024-07-09T12:34:57+00:00\",\"author\":{\"@id\":\"https:\/\/ciudadyregion.com.co\/#\/schema\/person\/04a4954373ebc4051f46e8c65ff78622\"},\"breadcrumb\":{\"@id\":\"https:\/\/ciudadyregion.com.co\/index.php\/autoridades-del-tolima-continuan-en-alerta-por-emergencia-en-tuneles-de-la-linea\/regional\/#breadcrumb\"},\"inLanguage\":\"es\",\"potentialAction\":[{\"@type\":\"ReadAction\",\"target\":[\"https:\/\/ciudadyregion.com.co\/index.php\/autoridades-del-tolima-continuan-en-alerta-por-emergencia-en-tuneles-de-la-linea\/regional\/\"]}]},{\"@type\":\"ImageObject\",\"inLanguage\":\"es\",\"@id\":\"https:\/\/ciudadyregion.com.co\/index.php\/autoridades-del-tolima-continuan-en-alerta-por-emergencia-en-tuneles-de-la-linea\/regional\/#primaryimage\",\"url\":\"https:\/\/i0.wp.com\/ciudadyregion.com.co\/wp-content\/uploads\/2024\/07\/3-5.jpg?fit=800%2C445&ssl=1\",\"contentUrl\":\"https:\/\/i0.wp.com\/ciudadyregion.com.co\/wp-content\/uploads\/2024\/07\/3-5.jpg?fit=800%2C445&ssl=1\",\"width\":800,\"height\":445},{\"@type\":\"BreadcrumbList\",\"@id\":\"https:\/\/ciudadyregion.com.co\/index.php\/autoridades-del-tolima-continuan-en-alerta-por-emergencia-en-tuneles-de-la-linea\/regional\/#breadcrumb\",\"itemListElement\":[{\"@type\":\"ListItem\",\"position\":1,\"name\":\"Portada\",\"item\":\"https:\/\/ciudadyregion.com.co\/\"},{\"@type\":\"ListItem\",\"position\":2,\"name\":\"Autoridades del Tolima contin\u00faan en alerta por emergencia en t\u00faneles de La L\u00ednea\"}]},{\"@type\":\"WebSite\",\"@id\":\"https:\/\/ciudadyregion.com.co\/#website\",\"url\":\"https:\/\/ciudadyregion.com.co\/\",\"name\":\"Ciudad y Region\",\"description\":\"\",\"potentialAction\":[{\"@type\":\"SearchAction\",\"target\":{\"@type\":\"EntryPoint\",\"urlTemplate\":\"https:\/\/ciudadyregion.com.co\/?s={search_term_string}\"},\"query-input\":{\"@type\":\"PropertyValueSpecification\",\"valueRequired\":true,\"valueName\":\"search_term_string\"}}],\"inLanguage\":\"es\"},{\"@type\":\"Person\",\"@id\":\"https:\/\/ciudadyregion.com.co\/#\/schema\/person\/04a4954373ebc4051f46e8c65ff78622\",\"name\":\"David Andr\u00e9s Aguirre\",\"image\":{\"@type\":\"ImageObject\",\"inLanguage\":\"es\",\"@id\":\"https:\/\/ciudadyregion.com.co\/#\/schema\/person\/image\/\",\"url\":\"https:\/\/secure.gravatar.com\/avatar\/bc3c655860202182ee6d1b5edd042dbe?s=96&d=mm&r=g\",\"contentUrl\":\"https:\/\/secure.gravatar.com\/avatar\/bc3c655860202182ee6d1b5edd042dbe?s=96&d=mm&r=g\",\"caption\":\"David Andr\u00e9s Aguirre\"},\"url\":\"https:\/\/ciudadyregion.com.co\/index.php\/author\/diegoaguirre\/\"}]}<\/script>\n<!-- \/ Yoast SEO plugin. -->","yoast_head_json":{"title":"Autoridades del Tolima contin\u00faan en alerta por emergencia en t\u00faneles de La L\u00ednea - Ciudad y Region","robots":{"index":"index","follow":"follow","max-snippet":"max-snippet:-1","max-image-preview":"max-image-preview:large","max-video-preview":"max-video-preview:-1"},"canonical":"https:\/\/ciudadyregion.com.co\/index.php\/autoridades-del-tolima-continuan-en-alerta-por-emergencia-en-tuneles-de-la-linea\/regional\/","og_locale":"es_ES","og_type":"article","og_title":"Autoridades del Tolima contin\u00faan en alerta por emergencia en t\u00faneles de La L\u00ednea - Ciudad y Region","og_description":"La Secretar\u00eda de Tr\u00e1nsito del Tolima anuncia medidas preventivas y cierres programados para mejorar la movilidad en este tramo del departamento, tras los eventos del fin de semana. En una reuni\u00f3n celebrada este lunes entre la Secretar\u00eda de Tr\u00e1nsito, el operador vial, la Secretar\u00eda de Gesti\u00f3n del Riesgo y diversasContinuar Leyendo","og_url":"https:\/\/ciudadyregion.com.co\/index.php\/autoridades-del-tolima-continuan-en-alerta-por-emergencia-en-tuneles-de-la-linea\/regional\/","og_site_name":"Ciudad y Region","article_published_time":"2024-07-09T12:34:57+00:00","og_image":[{"width":800,"height":445,"url":"https:\/\/ciudadyregion.com.co\/wp-content\/uploads\/2024\/07\/3-5.jpg","type":"image\/jpeg"}],"author":"David Andr\u00e9s Aguirre","twitter_card":"summary_large_image","twitter_misc":{"Escrito por":"David Andr\u00e9s Aguirre","Tiempo de lectura":"2 minutos"},"schema":{"@context":"https:\/\/schema.org","@graph":[{"@type":"WebPage","@id":"https:\/\/ciudadyregion.com.co\/index.php\/autoridades-del-tolima-continuan-en-alerta-por-emergencia-en-tuneles-de-la-linea\/regional\/","url":"https:\/\/ciudadyregion.com.co\/index.php\/autoridades-del-tolima-continuan-en-alerta-por-emergencia-en-tuneles-de-la-linea\/regional\/","name":"Autoridades del Tolima contin\u00faan en alerta por emergencia en t\u00faneles de La L\u00ednea - Ciudad y Region","isPartOf":{"@id":"https:\/\/ciudadyregion.com.co\/#website"},"primaryImageOfPage":{"@id":"https:\/\/ciudadyregion.com.co\/index.php\/autoridades-del-tolima-continuan-en-alerta-por-emergencia-en-tuneles-de-la-linea\/regional\/#primaryimage"},"image":{"@id":"https:\/\/ciudadyregion.com.co\/index.php\/autoridades-del-tolima-continuan-en-alerta-por-emergencia-en-tuneles-de-la-linea\/regional\/#primaryimage"},"thumbnailUrl":"https:\/\/i0.wp.com\/ciudadyregion.com.co\/wp-content\/uploads\/2024\/07\/3-5.jpg?fit=800%2C445&ssl=1","datePublished":"2024-07-09T12:34:57+00:00","dateModified":"2024-07-09T12:34:57+00:00","author":{"@id":"https:\/\/ciudadyregion.com.co\/#\/schema\/person\/04a4954373ebc4051f46e8c65ff78622"},"breadcrumb":{"@id":"https:\/\/ciudadyregion.com.co\/index.php\/autoridades-del-tolima-continuan-en-alerta-por-emergencia-en-tuneles-de-la-linea\/regional\/#breadcrumb"},"inLanguage":"es","potentialAction":[{"@type":"ReadAction","target":["https:\/\/ciudadyregion.com.co\/index.php\/autoridades-del-tolima-continuan-en-alerta-por-emergencia-en-tuneles-de-la-linea\/regional\/"]}]},{"@type":"ImageObject","inLanguage":"es","@id":"https:\/\/ciudadyregion.com.co\/index.php\/autoridades-del-tolima-continuan-en-alerta-por-emergencia-en-tuneles-de-la-linea\/regional\/#primaryimage","url":"https:\/\/i0.wp.com\/ciudadyregion.com.co\/wp-content\/uploads\/2024\/07\/3-5.jpg?fit=800%2C445&ssl=1","contentUrl":"https:\/\/i0.wp.com\/ciudadyregion.com.co\/wp-content\/uploads\/2024\/07\/3-5.jpg?fit=800%2C445&ssl=1","width":800,"height":445},{"@type":"BreadcrumbList","@id":"https:\/\/ciudadyregion.com.co\/index.php\/autoridades-del-tolima-continuan-en-alerta-por-emergencia-en-tuneles-de-la-linea\/regional\/#breadcrumb","itemListElement":[{"@type":"ListItem","position":1,"name":"Portada","item":"https:\/\/ciudadyregion.com.co\/"},{"@type":"ListItem","position":2,"name":"Autoridades del Tolima contin\u00faan en alerta por emergencia en t\u00faneles de La L\u00ednea"}]},{"@type":"WebSite","@id":"https:\/\/ciudadyregion.com.co\/#website","url":"https:\/\/ciudadyregion.com.co\/","name":"Ciudad y Region","description":"","potentialAction":[{"@type":"SearchAction","target":{"@type":"EntryPoint","urlTemplate":"https:\/\/ciudadyregion.com.co\/?s={search_term_string}"},"query-input":{"@type":"PropertyValueSpecification","valueRequired":true,"valueName":"search_term_string"}}],"inLanguage":"es"},{"@type":"Person","@id":"https:\/\/ciudadyregion.com.co\/#\/schema\/person\/04a4954373ebc4051f46e8c65ff78622","name":"David Andr\u00e9s Aguirre","image":{"@type":"ImageObject","inLanguage":"es","@id":"https:\/\/ciudadyregion.com.co\/#\/schema\/person\/image\/","url":"https:\/\/secure.gravatar.com\/avatar\/bc3c655860202182ee6d1b5edd042dbe?s=96&d=mm&r=g","contentUrl":"https:\/\/secure.gravatar.com\/avatar\/bc3c655860202182ee6d1b5edd042dbe?s=96&d=mm&r=g","caption":"David Andr\u00e9s Aguirre"},"url":"https:\/\/ciudadyregion.com.co\/index.php\/author\/diegoaguirre\/"}]}},"jetpack_featured_media_url":"https:\/\/i0.wp.com\/ciudadyregion.com.co\/wp-content\/uploads\/2024\/07\/3-5.jpg?fit=800%2C445&ssl=1","jetpack_sharing_enabled":true,"jetpack_shortlink":"https:\/\/wp.me\/pbS7hh-4Fi","jetpack-related-posts":[],"_links":{"self":[{"href":"https:\/\/ciudadyregion.com.co\/index.php\/wp-json\/wp\/v2\/posts\/17936"}],"collection":[{"href":"https:\/\/ciudadyregion.com.co\/index.php\/wp-json\/wp\/v2\/posts"}],"about":[{"href":"https:\/\/ciudadyregion.com.co\/index.php\/wp-json\/wp\/v2\/types\/post"}],"author":[{"embeddable":true,"href":"https:\/\/ciudadyregion.com.co\/index.php\/wp-json\/wp\/v2\/users\/2"}],"replies":[{"embeddable":true,"href":"https:\/\/ciudadyregion.com.co\/index.php\/wp-json\/wp\/v2\/comments?post=17936"}],"version-history":[{"count":1,"href":"https:\/\/ciudadyregion.com.co\/index.php\/wp-json\/wp\/v2\/posts\/17936\/revisions"}],"predecessor-version":[{"id":17938,"href":"https:\/\/ciudadyregion.com.co\/index.php\/wp-json\/wp\/v2\/posts\/17936\/revisions\/17938"}],"wp:featuredmedia":[{"embeddable":true,"href":"https:\/\/ciudadyregion.com.co\/index.php\/wp-json\/wp\/v2\/media\/17937"}],"wp:attachment":[{"href":"https:\/\/ciudadyregion.com.co\/index.php\/wp-json\/wp\/v2\/media?parent=17936"}],"wp:term":[{"taxonomy":"category","embeddable":true,"href":"https:\/\/ciudadyregion.com.co\/index.php\/wp-json\/wp\/v2\/categories?post=17936"},{"taxonomy":"post_tag","embeddable":true,"href":"https:\/\/ciudadyregion.com.co\/index.php\/wp-json\/wp\/v2\/tags?post=17936"}],"curies":[{"name":"wp","href":"https:\/\/api.w.org\/{rel}","templated":true}]}}