{"id":17933,"date":"2024-07-09T07:32:01","date_gmt":"2024-07-09T12:32:01","guid":{"rendered":"https:\/\/ciudadyregion.com.co\/?p=17933"},"modified":"2024-07-09T07:32:01","modified_gmt":"2024-07-09T12:32:01","slug":"el-departamento-del-tolima-se-ha-convertido-en-un-ejemplo-a-nivel-nacional-en-la-lucha-contra-las-violencias-de-genero","status":"publish","type":"post","link":"https:\/\/ciudadyregion.com.co\/index.php\/el-departamento-del-tolima-se-ha-convertido-en-un-ejemplo-a-nivel-nacional-en-la-lucha-contra-las-violencias-de-genero\/regional\/","title":{"rendered":"El Departamento del Tolima se ha convertido en un ejemplo a nivel nacional en la lucha contra las violencias de g\u00e9nero"},"content":{"rendered":"<ul>\n<li><em><strong>Con diferentes campa\u00f1as, la Gobernaci\u00f3n del Tolima y la Secretar\u00eda de la Mujer del Tolima han avanzado en la atenci\u00f3n y prevenci\u00f3n de las violencias basadas en g\u00e9nero.<\/strong><\/em><\/li>\n<\/ul>\n<p>Desde la Secretar\u00eda de la Mujer del Tolima se han adelantado diferentes campa\u00f1as orientadas en la atenci\u00f3n y prevenci\u00f3n de las violencias basadas en g\u00e9nero, un desaf\u00edo que ha tenido la gobernadora Adriana Magali Matiz para proteger y respaldar a las mujeres tolimenses.<\/p>\n<p>Desde el mes de marzo se inici\u00f3 con la campa\u00f1a Tolima Zona Cero de Violencia, en la cual se realiz\u00f3 el piloto de los dispositivos de seguridad, entregados a m\u00e1s de 50 mujeres.<\/p>\n<p>Este dispositivo tecnol\u00f3gico permite salvar vidas y lanzar una se\u00f1al de alerta a la Polic\u00eda Nacional, a la familia de la mujer en riesgo y a la Secretar\u00eda de la Mujer del Tolima.<\/p>\n<p>Al conocer esta iniciativa, el Ministerio del Interior decidi\u00f3 detallar m\u00e1s a fondo del dispositivo y sostuvo una mesa de trabajo para que le socializaran lo que est\u00e1 adelantando el departamento del Tolima en materia de protecci\u00f3n a las mujeres v\u00edctimas de violencia, por lo cual sostuvieron un encuentro el pasado 4 de julio del 2024, en el Ministerio del Interior en Bogot\u00e1, en el que participaron el saliente ministro Luis Fernando Velasco, la gobernadora del Tolima, Adriana Magali Matiz y la secretaria de la mujer Luz Nelly Arbel\u00e1ez.<\/p>\n<blockquote><p>\u201cDesde esta secretar\u00eda son muchas las acciones implementadas. Una campa\u00f1a relevante es Tolima Zona Cero de Violencia, la cual integra otras estrategias que se han adelantado dentro de los 187 d\u00edas de gobierno para la protecci\u00f3n de las mujeres. El primero fue el plan de innovaci\u00f3n para la protecci\u00f3n de la mujeres con la entrega de 100 dispositivos de seguridad, la tarjeta rosa para el empoderamiento femenino y la calidad de vida de las mujeres accediendo a descuentos en entidades de comercio, as\u00ed mismo durante el mes de junio se realiz\u00f3 el lanzamiento del Puesto de Mando Preventivo de violencia en contra de las mujeres, en donde en articulaci\u00f3n con otras entidades se atendi\u00f3 a las mujeres durante las festividades de San Juan y San Pedro, igualmente se ha brindado asesor\u00eda y acompa\u00f1amiento pisco jur\u00eddico a los 47 municipios y con respecto a los subsidios de cuidado, para las mujeres v\u00edctimas de violencia, generado por el Gobierno Nacional, donde 13 municipios han salido favorecidos con la asignaci\u00f3n de recursos, as\u00ed mismo contar el gran logro que se tiene en estos primeros 6 meses el convenio para la Casa Refugio, donde las mujeres que requieran en caso de violencia pueden hacer uso\u201d, dijo Luz Nelly Arbel\u00e1ez, secretaria de la Mujer.<\/p><\/blockquote>\n","protected":false},"excerpt":{"rendered":"<p>Con diferentes campa\u00f1as, la Gobernaci\u00f3n del Tolima y la Secretar\u00eda de la Mujer del Tolima han avanzado en la atenci\u00f3n y prevenci\u00f3n de las violencias basadas en g\u00e9nero. Desde la Secretar\u00eda de la Mujer del Tolima se han adelantado diferentes campa\u00f1as orientadas en la atenci\u00f3n y prevenci\u00f3n de las violencias<span class=\"more-link\"><a href=\"https:\/\/ciudadyregion.com.co\/index.php\/el-departamento-del-tolima-se-ha-convertido-en-un-ejemplo-a-nivel-nacional-en-la-lucha-contra-las-violencias-de-genero\/regional\/\">Continuar Leyendo<\/a><\/span><\/p>\n","protected":false},"author":2,"featured_media":17934,"comment_status":"open","ping_status":"open","sticky":false,"template":"","format":"standard","meta":{"_uf_show_specific_survey":0,"_uf_disable_surveys":false,"_jetpack_memberships_contains_paid_content":false,"footnotes":"","jetpack_publicize_message":"","jetpack_publicize_feature_enabled":true,"jetpack_social_post_already_shared":true,"jetpack_social_options":{"image_generator_settings":{"template":"highway","enabled":false},"version":2}},"categories":[13],"tags":[],"class_list":["entry","author-diegoaguirre","post-17933","post","type-post","status-publish","format-standard","has-post-thumbnail","category-regional"],"jetpack_publicize_connections":[],"yoast_head":"<!-- This site is optimized with the Yoast SEO plugin v24.3 - https:\/\/yoast.com\/wordpress\/plugins\/seo\/ -->\n<title>El Departamento del Tolima se ha convertido en un ejemplo a nivel nacional en la lucha contra las violencias de g\u00e9nero - Ciudad y Region<\/title>\n<meta name=\"robots\" content=\"index, follow, max-snippet:-1, max-image-preview:large, max-video-preview:-1\" \/>\n<link rel=\"canonical\" href=\"https:\/\/ciudadyregion.com.co\/index.php\/el-departamento-del-tolima-se-ha-convertido-en-un-ejemplo-a-nivel-nacional-en-la-lucha-contra-las-violencias-de-genero\/regional\/\" \/>\n<meta property=\"og:locale\" content=\"es_ES\" \/>\n<meta property=\"og:type\" content=\"article\" \/>\n<meta property=\"og:title\" content=\"El Departamento del Tolima se ha convertido en un ejemplo a nivel nacional en la lucha contra las violencias de g\u00e9nero - Ciudad y Region\" \/>\n<meta property=\"og:description\" content=\"Con diferentes campa\u00f1as, la Gobernaci\u00f3n del Tolima y la Secretar\u00eda de la Mujer del Tolima han avanzado en la atenci\u00f3n y prevenci\u00f3n de las violencias basadas en g\u00e9nero. Desde la Secretar\u00eda de la Mujer del Tolima se han adelantado diferentes campa\u00f1as orientadas en la atenci\u00f3n y prevenci\u00f3n de las violenciasContinuar Leyendo\" \/>\n<meta property=\"og:url\" content=\"https:\/\/ciudadyregion.com.co\/index.php\/el-departamento-del-tolima-se-ha-convertido-en-un-ejemplo-a-nivel-nacional-en-la-lucha-contra-las-violencias-de-genero\/regional\/\" \/>\n<meta property=\"og:site_name\" content=\"Ciudad y Region\" \/>\n<meta property=\"article:published_time\" content=\"2024-07-09T12:32:01+00:00\" \/>\n<meta property=\"og:image\" content=\"https:\/\/ciudadyregion.com.co\/wp-content\/uploads\/2024\/07\/2-6.jpg\" \/>\n\t<meta property=\"og:image:width\" content=\"800\" \/>\n\t<meta property=\"og:image:height\" content=\"445\" \/>\n\t<meta property=\"og:image:type\" content=\"image\/jpeg\" \/>\n<meta name=\"author\" content=\"David Andr\u00e9s Aguirre\" \/>\n<meta name=\"twitter:card\" content=\"summary_large_image\" \/>\n<meta name=\"twitter:label1\" content=\"Escrito por\" \/>\n\t<meta name=\"twitter:data1\" content=\"David Andr\u00e9s Aguirre\" \/>\n\t<meta name=\"twitter:label2\" content=\"Tiempo de lectura\" \/>\n\t<meta name=\"twitter:data2\" content=\"2 minutos\" \/>\n<script type=\"application\/ld+json\" class=\"yoast-schema-graph\">{\"@context\":\"https:\/\/schema.org\",\"@graph\":[{\"@type\":\"WebPage\",\"@id\":\"https:\/\/ciudadyregion.com.co\/index.php\/el-departamento-del-tolima-se-ha-convertido-en-un-ejemplo-a-nivel-nacional-en-la-lucha-contra-las-violencias-de-genero\/regional\/\",\"url\":\"https:\/\/ciudadyregion.com.co\/index.php\/el-departamento-del-tolima-se-ha-convertido-en-un-ejemplo-a-nivel-nacional-en-la-lucha-contra-las-violencias-de-genero\/regional\/\",\"name\":\"El Departamento del Tolima se ha convertido en un ejemplo a nivel nacional en la lucha contra las violencias de g\u00e9nero - Ciudad y Region\",\"isPartOf\":{\"@id\":\"https:\/\/ciudadyregion.com.co\/#website\"},\"primaryImageOfPage\":{\"@id\":\"https:\/\/ciudadyregion.com.co\/index.php\/el-departamento-del-tolima-se-ha-convertido-en-un-ejemplo-a-nivel-nacional-en-la-lucha-contra-las-violencias-de-genero\/regional\/#primaryimage\"},\"image\":{\"@id\":\"https:\/\/ciudadyregion.com.co\/index.php\/el-departamento-del-tolima-se-ha-convertido-en-un-ejemplo-a-nivel-nacional-en-la-lucha-contra-las-violencias-de-genero\/regional\/#primaryimage\"},\"thumbnailUrl\":\"https:\/\/i0.wp.com\/ciudadyregion.com.co\/wp-content\/uploads\/2024\/07\/2-6.jpg?fit=800%2C445&ssl=1\",\"datePublished\":\"2024-07-09T12:32:01+00:00\",\"dateModified\":\"2024-07-09T12:32:01+00:00\",\"author\":{\"@id\":\"https:\/\/ciudadyregion.com.co\/#\/schema\/person\/04a4954373ebc4051f46e8c65ff78622\"},\"breadcrumb\":{\"@id\":\"https:\/\/ciudadyregion.com.co\/index.php\/el-departamento-del-tolima-se-ha-convertido-en-un-ejemplo-a-nivel-nacional-en-la-lucha-contra-las-violencias-de-genero\/regional\/#breadcrumb\"},\"inLanguage\":\"es\",\"potentialAction\":[{\"@type\":\"ReadAction\",\"target\":[\"https:\/\/ciudadyregion.com.co\/index.php\/el-departamento-del-tolima-se-ha-convertido-en-un-ejemplo-a-nivel-nacional-en-la-lucha-contra-las-violencias-de-genero\/regional\/\"]}]},{\"@type\":\"ImageObject\",\"inLanguage\":\"es\",\"@id\":\"https:\/\/ciudadyregion.com.co\/index.php\/el-departamento-del-tolima-se-ha-convertido-en-un-ejemplo-a-nivel-nacional-en-la-lucha-contra-las-violencias-de-genero\/regional\/#primaryimage\",\"url\":\"https:\/\/i0.wp.com\/ciudadyregion.com.co\/wp-content\/uploads\/2024\/07\/2-6.jpg?fit=800%2C445&ssl=1\",\"contentUrl\":\"https:\/\/i0.wp.com\/ciudadyregion.com.co\/wp-content\/uploads\/2024\/07\/2-6.jpg?fit=800%2C445&ssl=1\",\"width\":800,\"height\":445},{\"@type\":\"BreadcrumbList\",\"@id\":\"https:\/\/ciudadyregion.com.co\/index.php\/el-departamento-del-tolima-se-ha-convertido-en-un-ejemplo-a-nivel-nacional-en-la-lucha-contra-las-violencias-de-genero\/regional\/#breadcrumb\",\"itemListElement\":[{\"@type\":\"ListItem\",\"position\":1,\"name\":\"Portada\",\"item\":\"https:\/\/ciudadyregion.com.co\/\"},{\"@type\":\"ListItem\",\"position\":2,\"name\":\"El Departamento del Tolima se ha convertido en un ejemplo a nivel nacional en la lucha contra las violencias de g\u00e9nero\"}]},{\"@type\":\"WebSite\",\"@id\":\"https:\/\/ciudadyregion.com.co\/#website\",\"url\":\"https:\/\/ciudadyregion.com.co\/\",\"name\":\"Ciudad y Region\",\"description\":\"\",\"potentialAction\":[{\"@type\":\"SearchAction\",\"target\":{\"@type\":\"EntryPoint\",\"urlTemplate\":\"https:\/\/ciudadyregion.com.co\/?s={search_term_string}\"},\"query-input\":{\"@type\":\"PropertyValueSpecification\",\"valueRequired\":true,\"valueName\":\"search_term_string\"}}],\"inLanguage\":\"es\"},{\"@type\":\"Person\",\"@id\":\"https:\/\/ciudadyregion.com.co\/#\/schema\/person\/04a4954373ebc4051f46e8c65ff78622\",\"name\":\"David Andr\u00e9s Aguirre\",\"image\":{\"@type\":\"ImageObject\",\"inLanguage\":\"es\",\"@id\":\"https:\/\/ciudadyregion.com.co\/#\/schema\/person\/image\/\",\"url\":\"https:\/\/secure.gravatar.com\/avatar\/bc3c655860202182ee6d1b5edd042dbe?s=96&d=mm&r=g\",\"contentUrl\":\"https:\/\/secure.gravatar.com\/avatar\/bc3c655860202182ee6d1b5edd042dbe?s=96&d=mm&r=g\",\"caption\":\"David Andr\u00e9s Aguirre\"},\"url\":\"https:\/\/ciudadyregion.com.co\/index.php\/author\/diegoaguirre\/\"}]}<\/script>\n<!-- \/ Yoast SEO plugin. -->","yoast_head_json":{"title":"El Departamento del Tolima se ha convertido en un ejemplo a nivel nacional en la lucha contra las violencias de g\u00e9nero - Ciudad y Region","robots":{"index":"index","follow":"follow","max-snippet":"max-snippet:-1","max-image-preview":"max-image-preview:large","max-video-preview":"max-video-preview:-1"},"canonical":"https:\/\/ciudadyregion.com.co\/index.php\/el-departamento-del-tolima-se-ha-convertido-en-un-ejemplo-a-nivel-nacional-en-la-lucha-contra-las-violencias-de-genero\/regional\/","og_locale":"es_ES","og_type":"article","og_title":"El Departamento del Tolima se ha convertido en un ejemplo a nivel nacional en la lucha contra las violencias de g\u00e9nero - Ciudad y Region","og_description":"Con diferentes campa\u00f1as, la Gobernaci\u00f3n del Tolima y la Secretar\u00eda de la Mujer del Tolima han avanzado en la atenci\u00f3n y prevenci\u00f3n de las violencias basadas en g\u00e9nero. Desde la Secretar\u00eda de la Mujer del Tolima se han adelantado diferentes campa\u00f1as orientadas en la atenci\u00f3n y prevenci\u00f3n de las violenciasContinuar Leyendo","og_url":"https:\/\/ciudadyregion.com.co\/index.php\/el-departamento-del-tolima-se-ha-convertido-en-un-ejemplo-a-nivel-nacional-en-la-lucha-contra-las-violencias-de-genero\/regional\/","og_site_name":"Ciudad y Region","article_published_time":"2024-07-09T12:32:01+00:00","og_image":[{"width":800,"height":445,"url":"https:\/\/ciudadyregion.com.co\/wp-content\/uploads\/2024\/07\/2-6.jpg","type":"image\/jpeg"}],"author":"David Andr\u00e9s Aguirre","twitter_card":"summary_large_image","twitter_misc":{"Escrito por":"David Andr\u00e9s Aguirre","Tiempo de lectura":"2 minutos"},"schema":{"@context":"https:\/\/schema.org","@graph":[{"@type":"WebPage","@id":"https:\/\/ciudadyregion.com.co\/index.php\/el-departamento-del-tolima-se-ha-convertido-en-un-ejemplo-a-nivel-nacional-en-la-lucha-contra-las-violencias-de-genero\/regional\/","url":"https:\/\/ciudadyregion.com.co\/index.php\/el-departamento-del-tolima-se-ha-convertido-en-un-ejemplo-a-nivel-nacional-en-la-lucha-contra-las-violencias-de-genero\/regional\/","name":"El Departamento del Tolima se ha convertido en un ejemplo a nivel nacional en la lucha contra las violencias de g\u00e9nero - Ciudad y Region","isPartOf":{"@id":"https:\/\/ciudadyregion.com.co\/#website"},"primaryImageOfPage":{"@id":"https:\/\/ciudadyregion.com.co\/index.php\/el-departamento-del-tolima-se-ha-convertido-en-un-ejemplo-a-nivel-nacional-en-la-lucha-contra-las-violencias-de-genero\/regional\/#primaryimage"},"image":{"@id":"https:\/\/ciudadyregion.com.co\/index.php\/el-departamento-del-tolima-se-ha-convertido-en-un-ejemplo-a-nivel-nacional-en-la-lucha-contra-las-violencias-de-genero\/regional\/#primaryimage"},"thumbnailUrl":"https:\/\/i0.wp.com\/ciudadyregion.com.co\/wp-content\/uploads\/2024\/07\/2-6.jpg?fit=800%2C445&ssl=1","datePublished":"2024-07-09T12:32:01+00:00","dateModified":"2024-07-09T12:32:01+00:00","author":{"@id":"https:\/\/ciudadyregion.com.co\/#\/schema\/person\/04a4954373ebc4051f46e8c65ff78622"},"breadcrumb":{"@id":"https:\/\/ciudadyregion.com.co\/index.php\/el-departamento-del-tolima-se-ha-convertido-en-un-ejemplo-a-nivel-nacional-en-la-lucha-contra-las-violencias-de-genero\/regional\/#breadcrumb"},"inLanguage":"es","potentialAction":[{"@type":"ReadAction","target":["https:\/\/ciudadyregion.com.co\/index.php\/el-departamento-del-tolima-se-ha-convertido-en-un-ejemplo-a-nivel-nacional-en-la-lucha-contra-las-violencias-de-genero\/regional\/"]}]},{"@type":"ImageObject","inLanguage":"es","@id":"https:\/\/ciudadyregion.com.co\/index.php\/el-departamento-del-tolima-se-ha-convertido-en-un-ejemplo-a-nivel-nacional-en-la-lucha-contra-las-violencias-de-genero\/regional\/#primaryimage","url":"https:\/\/i0.wp.com\/ciudadyregion.com.co\/wp-content\/uploads\/2024\/07\/2-6.jpg?fit=800%2C445&ssl=1","contentUrl":"https:\/\/i0.wp.com\/ciudadyregion.com.co\/wp-content\/uploads\/2024\/07\/2-6.jpg?fit=800%2C445&ssl=1","width":800,"height":445},{"@type":"BreadcrumbList","@id":"https:\/\/ciudadyregion.com.co\/index.php\/el-departamento-del-tolima-se-ha-convertido-en-un-ejemplo-a-nivel-nacional-en-la-lucha-contra-las-violencias-de-genero\/regional\/#breadcrumb","itemListElement":[{"@type":"ListItem","position":1,"name":"Portada","item":"https:\/\/ciudadyregion.com.co\/"},{"@type":"ListItem","position":2,"name":"El Departamento del Tolima se ha convertido en un ejemplo a nivel nacional en la lucha contra las violencias de g\u00e9nero"}]},{"@type":"WebSite","@id":"https:\/\/ciudadyregion.com.co\/#website","url":"https:\/\/ciudadyregion.com.co\/","name":"Ciudad y Region","description":"","potentialAction":[{"@type":"SearchAction","target":{"@type":"EntryPoint","urlTemplate":"https:\/\/ciudadyregion.com.co\/?s={search_term_string}"},"query-input":{"@type":"PropertyValueSpecification","valueRequired":true,"valueName":"search_term_string"}}],"inLanguage":"es"},{"@type":"Person","@id":"https:\/\/ciudadyregion.com.co\/#\/schema\/person\/04a4954373ebc4051f46e8c65ff78622","name":"David Andr\u00e9s Aguirre","image":{"@type":"ImageObject","inLanguage":"es","@id":"https:\/\/ciudadyregion.com.co\/#\/schema\/person\/image\/","url":"https:\/\/secure.gravatar.com\/avatar\/bc3c655860202182ee6d1b5edd042dbe?s=96&d=mm&r=g","contentUrl":"https:\/\/secure.gravatar.com\/avatar\/bc3c655860202182ee6d1b5edd042dbe?s=96&d=mm&r=g","caption":"David Andr\u00e9s Aguirre"},"url":"https:\/\/ciudadyregion.com.co\/index.php\/author\/diegoaguirre\/"}]}},"jetpack_featured_media_url":"https:\/\/i0.wp.com\/ciudadyregion.com.co\/wp-content\/uploads\/2024\/07\/2-6.jpg?fit=800%2C445&ssl=1","jetpack_sharing_enabled":true,"jetpack_shortlink":"https:\/\/wp.me\/pbS7hh-4Ff","jetpack-related-posts":[],"_links":{"self":[{"href":"https:\/\/ciudadyregion.com.co\/index.php\/wp-json\/wp\/v2\/posts\/17933"}],"collection":[{"href":"https:\/\/ciudadyregion.com.co\/index.php\/wp-json\/wp\/v2\/posts"}],"about":[{"href":"https:\/\/ciudadyregion.com.co\/index.php\/wp-json\/wp\/v2\/types\/post"}],"author":[{"embeddable":true,"href":"https:\/\/ciudadyregion.com.co\/index.php\/wp-json\/wp\/v2\/users\/2"}],"replies":[{"embeddable":true,"href":"https:\/\/ciudadyregion.com.co\/index.php\/wp-json\/wp\/v2\/comments?post=17933"}],"version-history":[{"count":1,"href":"https:\/\/ciudadyregion.com.co\/index.php\/wp-json\/wp\/v2\/posts\/17933\/revisions"}],"predecessor-version":[{"id":17935,"href":"https:\/\/ciudadyregion.com.co\/index.php\/wp-json\/wp\/v2\/posts\/17933\/revisions\/17935"}],"wp:featuredmedia":[{"embeddable":true,"href":"https:\/\/ciudadyregion.com.co\/index.php\/wp-json\/wp\/v2\/media\/17934"}],"wp:attachment":[{"href":"https:\/\/ciudadyregion.com.co\/index.php\/wp-json\/wp\/v2\/media?parent=17933"}],"wp:term":[{"taxonomy":"category","embeddable":true,"href":"https:\/\/ciudadyregion.com.co\/index.php\/wp-json\/wp\/v2\/categories?post=17933"},{"taxonomy":"post_tag","embeddable":true,"href":"https:\/\/ciudadyregion.com.co\/index.php\/wp-json\/wp\/v2\/tags?post=17933"}],"curies":[{"name":"wp","href":"https:\/\/api.w.org\/{rel}","templated":true}]}}