{"id":17117,"date":"2024-06-26T10:39:33","date_gmt":"2024-06-26T15:39:33","guid":{"rendered":"https:\/\/ciudadyregion.com.co\/?p=17117"},"modified":"2024-06-26T10:39:33","modified_gmt":"2024-06-26T15:39:33","slug":"gustavo-petro-solicito-la-extradicion-de-diego-marin-el-zar-del-contrabando-para-que-cuente-sus-relaciones-con-el-poder-politico","status":"publish","type":"post","link":"https:\/\/ciudadyregion.com.co\/index.php\/gustavo-petro-solicito-la-extradicion-de-diego-marin-el-zar-del-contrabando-para-que-cuente-sus-relaciones-con-el-poder-politico\/nacional\/","title":{"rendered":"Gustavo Petro solicit\u00f3 la extradici\u00f3n de Diego Mar\u00edn, el \u2018zar del contrabando\u2019, para que &#8216;cuente sus relaciones con el poder pol\u00edtico&#8217;"},"content":{"rendered":"<div>\n<div>\n<ul>\n<li><strong><em>\u201cYo quiero, y desde aqu\u00ed se lo digo, que venga a Colombia a someterse a la justicia y nos cuente las relaciones de 39 a\u00f1os con el poder pol\u00edtico en Colombia, con sus nombres propios\u00bb, manifest\u00f3 el jefe de Estado.<\/em><\/strong><\/li>\n<\/ul>\n<\/div>\n<\/div>\n<p>El presidente Gustavo Petro solicit\u00f3 este martes extraditar a Diego Mar\u00edn, conocido como &#8216;zar del contrabando&#8217; en Colombia, para que se someta a la ley colombiana y esclarezca sus v\u00ednc\u200bulos de 38 a\u00f1os con el poder pol\u00edtico del pa\u00eds.<\/p>\n<p>Durante la ceremonia de ascensos de la Polic\u00eda Nacional, el mandatario afirm\u00f3:<\/p>\n<blockquote><p>\u201cHay un gran capo del contrabando controlado en Madrid, Espa\u00f1a. La justicia de Colombia lo quiere. Desde hace 38 a\u00f1os se dedica a esa actividad. Nunca, ni siquiera fue perseguido, nunca hab\u00eda un proceso en Colombia\u00bb.<\/p>\n<p>\u201cTuvo que haber una investigaci\u00f3n de la Polic\u00eda Nacional, de la DEA, de otros organismos de inteligencia, porque el se\u00f1or en 38 a\u00f1os construy\u00f3 una red de v\u00ednculos, al interior del Estado, de los puertos, de la DIAN, de la Aduana, de la Polfa y otros, y solo porque di la orden, me va a costar, porque el m\u00e9todo del se\u00f1or era infiltrarse en todas las campa\u00f1as presidenciales\u00bb, sostuvo.<\/p><\/blockquote>\n<p>Y agreg\u00f3:<\/p>\n<blockquote><p>\u201cComo no era perseguido, sus dineros eran aceptados, pero a cambio ten\u00eda que entregarles los puestos que deber\u00edan controlar el contrabando, hasta que lleg\u00f3 este Presidente. \u00c9l lo intent\u00f3 en mi campa\u00f1a y lo imped\u00ed\u00bb.<\/p><\/blockquote>\n<p>En su discurso, el jefe de Estado asegur\u00f3 que Mar\u00edn \u201cahora est\u00e1 controlado por la justicia de Espa\u00f1a, la Real Audiencia, y he pedido que lo extraditen lo m\u00e1s r\u00e1pidamente posible, porque \u00e9l es ciudadano espa\u00f1ol. \u00c9l quiere vacaciones en Espa\u00f1a y gozar de su fortuna, porque es ciudadano espa\u00f1ol tambi\u00e9n\u00bb.<\/p>\n<blockquote><p>\u201cYo quiero, y desde aqu\u00ed se lo digo, que venga a Colombia a someterse a la justicia y nos cuente las relaciones de 39 a\u00f1os con el poder pol\u00edtico en Colombia, con sus nombres propios\u00bb, dijo.<\/p><\/blockquote>\n<p>El presidente Petro orden\u00f3 a la Polic\u00eda Nacional que, si esta extradici\u00f3n se da, es necesario prestarle toda la protecci\u00f3n y seguridad.<\/p>\n<blockquote><p>\u201cHay que cuidarlo muy bien, general, y ya ser\u00e1 determinaci\u00f3n de la Fiscal\u00eda, recibir los beneficios jur\u00eddicos que por verdad puedan establecer, porque estos son los golpes que se necesitan para acabar el incesto entre la pol\u00edtica y el crimen, que es lo que ha conducido a Colombia no solo a ser el pa\u00eds m\u00e1s desigual del mundo sino uno de los m\u00e1s violentos e inseguros\u00bb, puntualiz\u00f3 el presidente de la Rep\u00fablica.<\/p><\/blockquote>\n","protected":false},"excerpt":{"rendered":"<p>\u201cYo quiero, y desde aqu\u00ed se lo digo, que venga a Colombia a someterse a la justicia y nos cuente las relaciones de 39 a\u00f1os con el poder pol\u00edtico en Colombia, con sus nombres propios\u00bb, manifest\u00f3 el jefe de Estado. El presidente Gustavo Petro solicit\u00f3 este martes extraditar a Diego<span class=\"more-link\"><a href=\"https:\/\/ciudadyregion.com.co\/index.php\/gustavo-petro-solicito-la-extradicion-de-diego-marin-el-zar-del-contrabando-para-que-cuente-sus-relaciones-con-el-poder-politico\/nacional\/\">Continuar Leyendo<\/a><\/span><\/p>\n","protected":false},"author":2,"featured_media":17118,"comment_status":"open","ping_status":"open","sticky":false,"template":"","format":"standard","meta":{"_uf_show_specific_survey":0,"_uf_disable_surveys":false,"_jetpack_memberships_contains_paid_content":false,"footnotes":"","jetpack_publicize_message":"","jetpack_publicize_feature_enabled":true,"jetpack_social_post_already_shared":true,"jetpack_social_options":{"image_generator_settings":{"template":"highway","enabled":false},"version":2}},"categories":[23],"tags":[],"class_list":["entry","author-diegoaguirre","post-17117","post","type-post","status-publish","format-standard","has-post-thumbnail","category-nacional"],"jetpack_publicize_connections":[],"yoast_head":"<!-- This site is optimized with the Yoast SEO plugin v24.3 - https:\/\/yoast.com\/wordpress\/plugins\/seo\/ -->\n<title>Gustavo Petro solicit\u00f3 la extradici\u00f3n de Diego Mar\u00edn, el \u2018zar del contrabando\u2019, para que &#039;cuente sus relaciones con el poder pol\u00edtico&#039; - Ciudad y Region<\/title>\n<meta name=\"robots\" content=\"index, follow, max-snippet:-1, max-image-preview:large, max-video-preview:-1\" \/>\n<link rel=\"canonical\" href=\"https:\/\/ciudadyregion.com.co\/index.php\/gustavo-petro-solicito-la-extradicion-de-diego-marin-el-zar-del-contrabando-para-que-cuente-sus-relaciones-con-el-poder-politico\/nacional\/\" \/>\n<meta property=\"og:locale\" content=\"es_ES\" \/>\n<meta property=\"og:type\" content=\"article\" \/>\n<meta property=\"og:title\" content=\"Gustavo Petro solicit\u00f3 la extradici\u00f3n de Diego Mar\u00edn, el \u2018zar del contrabando\u2019, para que &#039;cuente sus relaciones con el poder pol\u00edtico&#039; - Ciudad y Region\" \/>\n<meta property=\"og:description\" content=\"\u201cYo quiero, y desde aqu\u00ed se lo digo, que venga a Colombia a someterse a la justicia y nos cuente las relaciones de 39 a\u00f1os con el poder pol\u00edtico en Colombia, con sus nombres propios\u00bb, manifest\u00f3 el jefe de Estado. El presidente Gustavo Petro solicit\u00f3 este martes extraditar a DiegoContinuar Leyendo\" \/>\n<meta property=\"og:url\" content=\"https:\/\/ciudadyregion.com.co\/index.php\/gustavo-petro-solicito-la-extradicion-de-diego-marin-el-zar-del-contrabando-para-que-cuente-sus-relaciones-con-el-poder-politico\/nacional\/\" \/>\n<meta property=\"og:site_name\" content=\"Ciudad y Region\" \/>\n<meta property=\"article:published_time\" content=\"2024-06-26T15:39:33+00:00\" \/>\n<meta property=\"og:image\" content=\"https:\/\/ciudadyregion.com.co\/wp-content\/uploads\/2024\/06\/3-51.jpg\" \/>\n\t<meta property=\"og:image:width\" content=\"800\" \/>\n\t<meta property=\"og:image:height\" content=\"445\" \/>\n\t<meta property=\"og:image:type\" content=\"image\/jpeg\" \/>\n<meta name=\"author\" content=\"David Andr\u00e9s Aguirre\" \/>\n<meta name=\"twitter:card\" content=\"summary_large_image\" \/>\n<meta name=\"twitter:label1\" content=\"Escrito por\" \/>\n\t<meta name=\"twitter:data1\" content=\"David Andr\u00e9s Aguirre\" \/>\n\t<meta name=\"twitter:label2\" content=\"Tiempo de lectura\" \/>\n\t<meta name=\"twitter:data2\" content=\"1 minuto\" \/>\n<script type=\"application\/ld+json\" class=\"yoast-schema-graph\">{\"@context\":\"https:\/\/schema.org\",\"@graph\":[{\"@type\":\"WebPage\",\"@id\":\"https:\/\/ciudadyregion.com.co\/index.php\/gustavo-petro-solicito-la-extradicion-de-diego-marin-el-zar-del-contrabando-para-que-cuente-sus-relaciones-con-el-poder-politico\/nacional\/\",\"url\":\"https:\/\/ciudadyregion.com.co\/index.php\/gustavo-petro-solicito-la-extradicion-de-diego-marin-el-zar-del-contrabando-para-que-cuente-sus-relaciones-con-el-poder-politico\/nacional\/\",\"name\":\"Gustavo Petro solicit\u00f3 la extradici\u00f3n de Diego Mar\u00edn, el \u2018zar del contrabando\u2019, para que 'cuente sus relaciones con el poder pol\u00edtico' - Ciudad y Region\",\"isPartOf\":{\"@id\":\"https:\/\/ciudadyregion.com.co\/#website\"},\"primaryImageOfPage\":{\"@id\":\"https:\/\/ciudadyregion.com.co\/index.php\/gustavo-petro-solicito-la-extradicion-de-diego-marin-el-zar-del-contrabando-para-que-cuente-sus-relaciones-con-el-poder-politico\/nacional\/#primaryimage\"},\"image\":{\"@id\":\"https:\/\/ciudadyregion.com.co\/index.php\/gustavo-petro-solicito-la-extradicion-de-diego-marin-el-zar-del-contrabando-para-que-cuente-sus-relaciones-con-el-poder-politico\/nacional\/#primaryimage\"},\"thumbnailUrl\":\"https:\/\/i0.wp.com\/ciudadyregion.com.co\/wp-content\/uploads\/2024\/06\/3-51.jpg?fit=800%2C445&ssl=1\",\"datePublished\":\"2024-06-26T15:39:33+00:00\",\"dateModified\":\"2024-06-26T15:39:33+00:00\",\"author\":{\"@id\":\"https:\/\/ciudadyregion.com.co\/#\/schema\/person\/04a4954373ebc4051f46e8c65ff78622\"},\"breadcrumb\":{\"@id\":\"https:\/\/ciudadyregion.com.co\/index.php\/gustavo-petro-solicito-la-extradicion-de-diego-marin-el-zar-del-contrabando-para-que-cuente-sus-relaciones-con-el-poder-politico\/nacional\/#breadcrumb\"},\"inLanguage\":\"es\",\"potentialAction\":[{\"@type\":\"ReadAction\",\"target\":[\"https:\/\/ciudadyregion.com.co\/index.php\/gustavo-petro-solicito-la-extradicion-de-diego-marin-el-zar-del-contrabando-para-que-cuente-sus-relaciones-con-el-poder-politico\/nacional\/\"]}]},{\"@type\":\"ImageObject\",\"inLanguage\":\"es\",\"@id\":\"https:\/\/ciudadyregion.com.co\/index.php\/gustavo-petro-solicito-la-extradicion-de-diego-marin-el-zar-del-contrabando-para-que-cuente-sus-relaciones-con-el-poder-politico\/nacional\/#primaryimage\",\"url\":\"https:\/\/i0.wp.com\/ciudadyregion.com.co\/wp-content\/uploads\/2024\/06\/3-51.jpg?fit=800%2C445&ssl=1\",\"contentUrl\":\"https:\/\/i0.wp.com\/ciudadyregion.com.co\/wp-content\/uploads\/2024\/06\/3-51.jpg?fit=800%2C445&ssl=1\",\"width\":800,\"height\":445},{\"@type\":\"BreadcrumbList\",\"@id\":\"https:\/\/ciudadyregion.com.co\/index.php\/gustavo-petro-solicito-la-extradicion-de-diego-marin-el-zar-del-contrabando-para-que-cuente-sus-relaciones-con-el-poder-politico\/nacional\/#breadcrumb\",\"itemListElement\":[{\"@type\":\"ListItem\",\"position\":1,\"name\":\"Portada\",\"item\":\"https:\/\/ciudadyregion.com.co\/\"},{\"@type\":\"ListItem\",\"position\":2,\"name\":\"Gustavo Petro solicit\u00f3 la extradici\u00f3n de Diego Mar\u00edn, el \u2018zar del contrabando\u2019, para que &#8216;cuente sus relaciones con el poder pol\u00edtico&#8217;\"}]},{\"@type\":\"WebSite\",\"@id\":\"https:\/\/ciudadyregion.com.co\/#website\",\"url\":\"https:\/\/ciudadyregion.com.co\/\",\"name\":\"Ciudad y Region\",\"description\":\"\",\"potentialAction\":[{\"@type\":\"SearchAction\",\"target\":{\"@type\":\"EntryPoint\",\"urlTemplate\":\"https:\/\/ciudadyregion.com.co\/?s={search_term_string}\"},\"query-input\":{\"@type\":\"PropertyValueSpecification\",\"valueRequired\":true,\"valueName\":\"search_term_string\"}}],\"inLanguage\":\"es\"},{\"@type\":\"Person\",\"@id\":\"https:\/\/ciudadyregion.com.co\/#\/schema\/person\/04a4954373ebc4051f46e8c65ff78622\",\"name\":\"David Andr\u00e9s Aguirre\",\"image\":{\"@type\":\"ImageObject\",\"inLanguage\":\"es\",\"@id\":\"https:\/\/ciudadyregion.com.co\/#\/schema\/person\/image\/\",\"url\":\"https:\/\/secure.gravatar.com\/avatar\/bc3c655860202182ee6d1b5edd042dbe?s=96&d=mm&r=g\",\"contentUrl\":\"https:\/\/secure.gravatar.com\/avatar\/bc3c655860202182ee6d1b5edd042dbe?s=96&d=mm&r=g\",\"caption\":\"David Andr\u00e9s Aguirre\"},\"url\":\"https:\/\/ciudadyregion.com.co\/index.php\/author\/diegoaguirre\/\"}]}<\/script>\n<!-- \/ Yoast SEO plugin. -->","yoast_head_json":{"title":"Gustavo Petro solicit\u00f3 la extradici\u00f3n de Diego Mar\u00edn, el \u2018zar del contrabando\u2019, para que 'cuente sus relaciones con el poder pol\u00edtico' - Ciudad y Region","robots":{"index":"index","follow":"follow","max-snippet":"max-snippet:-1","max-image-preview":"max-image-preview:large","max-video-preview":"max-video-preview:-1"},"canonical":"https:\/\/ciudadyregion.com.co\/index.php\/gustavo-petro-solicito-la-extradicion-de-diego-marin-el-zar-del-contrabando-para-que-cuente-sus-relaciones-con-el-poder-politico\/nacional\/","og_locale":"es_ES","og_type":"article","og_title":"Gustavo Petro solicit\u00f3 la extradici\u00f3n de Diego Mar\u00edn, el \u2018zar del contrabando\u2019, para que 'cuente sus relaciones con el poder pol\u00edtico' - Ciudad y Region","og_description":"\u201cYo quiero, y desde aqu\u00ed se lo digo, que venga a Colombia a someterse a la justicia y nos cuente las relaciones de 39 a\u00f1os con el poder pol\u00edtico en Colombia, con sus nombres propios\u00bb, manifest\u00f3 el jefe de Estado. El presidente Gustavo Petro solicit\u00f3 este martes extraditar a DiegoContinuar Leyendo","og_url":"https:\/\/ciudadyregion.com.co\/index.php\/gustavo-petro-solicito-la-extradicion-de-diego-marin-el-zar-del-contrabando-para-que-cuente-sus-relaciones-con-el-poder-politico\/nacional\/","og_site_name":"Ciudad y Region","article_published_time":"2024-06-26T15:39:33+00:00","og_image":[{"width":800,"height":445,"url":"https:\/\/ciudadyregion.com.co\/wp-content\/uploads\/2024\/06\/3-51.jpg","type":"image\/jpeg"}],"author":"David Andr\u00e9s Aguirre","twitter_card":"summary_large_image","twitter_misc":{"Escrito por":"David Andr\u00e9s Aguirre","Tiempo de lectura":"1 minuto"},"schema":{"@context":"https:\/\/schema.org","@graph":[{"@type":"WebPage","@id":"https:\/\/ciudadyregion.com.co\/index.php\/gustavo-petro-solicito-la-extradicion-de-diego-marin-el-zar-del-contrabando-para-que-cuente-sus-relaciones-con-el-poder-politico\/nacional\/","url":"https:\/\/ciudadyregion.com.co\/index.php\/gustavo-petro-solicito-la-extradicion-de-diego-marin-el-zar-del-contrabando-para-que-cuente-sus-relaciones-con-el-poder-politico\/nacional\/","name":"Gustavo Petro solicit\u00f3 la extradici\u00f3n de Diego Mar\u00edn, el \u2018zar del contrabando\u2019, para que 'cuente sus relaciones con el poder pol\u00edtico' - Ciudad y Region","isPartOf":{"@id":"https:\/\/ciudadyregion.com.co\/#website"},"primaryImageOfPage":{"@id":"https:\/\/ciudadyregion.com.co\/index.php\/gustavo-petro-solicito-la-extradicion-de-diego-marin-el-zar-del-contrabando-para-que-cuente-sus-relaciones-con-el-poder-politico\/nacional\/#primaryimage"},"image":{"@id":"https:\/\/ciudadyregion.com.co\/index.php\/gustavo-petro-solicito-la-extradicion-de-diego-marin-el-zar-del-contrabando-para-que-cuente-sus-relaciones-con-el-poder-politico\/nacional\/#primaryimage"},"thumbnailUrl":"https:\/\/i0.wp.com\/ciudadyregion.com.co\/wp-content\/uploads\/2024\/06\/3-51.jpg?fit=800%2C445&ssl=1","datePublished":"2024-06-26T15:39:33+00:00","dateModified":"2024-06-26T15:39:33+00:00","author":{"@id":"https:\/\/ciudadyregion.com.co\/#\/schema\/person\/04a4954373ebc4051f46e8c65ff78622"},"breadcrumb":{"@id":"https:\/\/ciudadyregion.com.co\/index.php\/gustavo-petro-solicito-la-extradicion-de-diego-marin-el-zar-del-contrabando-para-que-cuente-sus-relaciones-con-el-poder-politico\/nacional\/#breadcrumb"},"inLanguage":"es","potentialAction":[{"@type":"ReadAction","target":["https:\/\/ciudadyregion.com.co\/index.php\/gustavo-petro-solicito-la-extradicion-de-diego-marin-el-zar-del-contrabando-para-que-cuente-sus-relaciones-con-el-poder-politico\/nacional\/"]}]},{"@type":"ImageObject","inLanguage":"es","@id":"https:\/\/ciudadyregion.com.co\/index.php\/gustavo-petro-solicito-la-extradicion-de-diego-marin-el-zar-del-contrabando-para-que-cuente-sus-relaciones-con-el-poder-politico\/nacional\/#primaryimage","url":"https:\/\/i0.wp.com\/ciudadyregion.com.co\/wp-content\/uploads\/2024\/06\/3-51.jpg?fit=800%2C445&ssl=1","contentUrl":"https:\/\/i0.wp.com\/ciudadyregion.com.co\/wp-content\/uploads\/2024\/06\/3-51.jpg?fit=800%2C445&ssl=1","width":800,"height":445},{"@type":"BreadcrumbList","@id":"https:\/\/ciudadyregion.com.co\/index.php\/gustavo-petro-solicito-la-extradicion-de-diego-marin-el-zar-del-contrabando-para-que-cuente-sus-relaciones-con-el-poder-politico\/nacional\/#breadcrumb","itemListElement":[{"@type":"ListItem","position":1,"name":"Portada","item":"https:\/\/ciudadyregion.com.co\/"},{"@type":"ListItem","position":2,"name":"Gustavo Petro solicit\u00f3 la extradici\u00f3n de Diego Mar\u00edn, el \u2018zar del contrabando\u2019, para que &#8216;cuente sus relaciones con el poder pol\u00edtico&#8217;"}]},{"@type":"WebSite","@id":"https:\/\/ciudadyregion.com.co\/#website","url":"https:\/\/ciudadyregion.com.co\/","name":"Ciudad y Region","description":"","potentialAction":[{"@type":"SearchAction","target":{"@type":"EntryPoint","urlTemplate":"https:\/\/ciudadyregion.com.co\/?s={search_term_string}"},"query-input":{"@type":"PropertyValueSpecification","valueRequired":true,"valueName":"search_term_string"}}],"inLanguage":"es"},{"@type":"Person","@id":"https:\/\/ciudadyregion.com.co\/#\/schema\/person\/04a4954373ebc4051f46e8c65ff78622","name":"David Andr\u00e9s Aguirre","image":{"@type":"ImageObject","inLanguage":"es","@id":"https:\/\/ciudadyregion.com.co\/#\/schema\/person\/image\/","url":"https:\/\/secure.gravatar.com\/avatar\/bc3c655860202182ee6d1b5edd042dbe?s=96&d=mm&r=g","contentUrl":"https:\/\/secure.gravatar.com\/avatar\/bc3c655860202182ee6d1b5edd042dbe?s=96&d=mm&r=g","caption":"David Andr\u00e9s Aguirre"},"url":"https:\/\/ciudadyregion.com.co\/index.php\/author\/diegoaguirre\/"}]}},"jetpack_featured_media_url":"https:\/\/i0.wp.com\/ciudadyregion.com.co\/wp-content\/uploads\/2024\/06\/3-51.jpg?fit=800%2C445&ssl=1","jetpack_sharing_enabled":true,"jetpack_shortlink":"https:\/\/wp.me\/pbS7hh-4s5","jetpack-related-posts":[],"_links":{"self":[{"href":"https:\/\/ciudadyregion.com.co\/index.php\/wp-json\/wp\/v2\/posts\/17117"}],"collection":[{"href":"https:\/\/ciudadyregion.com.co\/index.php\/wp-json\/wp\/v2\/posts"}],"about":[{"href":"https:\/\/ciudadyregion.com.co\/index.php\/wp-json\/wp\/v2\/types\/post"}],"author":[{"embeddable":true,"href":"https:\/\/ciudadyregion.com.co\/index.php\/wp-json\/wp\/v2\/users\/2"}],"replies":[{"embeddable":true,"href":"https:\/\/ciudadyregion.com.co\/index.php\/wp-json\/wp\/v2\/comments?post=17117"}],"version-history":[{"count":2,"href":"https:\/\/ciudadyregion.com.co\/index.php\/wp-json\/wp\/v2\/posts\/17117\/revisions"}],"predecessor-version":[{"id":17120,"href":"https:\/\/ciudadyregion.com.co\/index.php\/wp-json\/wp\/v2\/posts\/17117\/revisions\/17120"}],"wp:featuredmedia":[{"embeddable":true,"href":"https:\/\/ciudadyregion.com.co\/index.php\/wp-json\/wp\/v2\/media\/17118"}],"wp:attachment":[{"href":"https:\/\/ciudadyregion.com.co\/index.php\/wp-json\/wp\/v2\/media?parent=17117"}],"wp:term":[{"taxonomy":"category","embeddable":true,"href":"https:\/\/ciudadyregion.com.co\/index.php\/wp-json\/wp\/v2\/categories?post=17117"},{"taxonomy":"post_tag","embeddable":true,"href":"https:\/\/ciudadyregion.com.co\/index.php\/wp-json\/wp\/v2\/tags?post=17117"}],"curies":[{"name":"wp","href":"https:\/\/api.w.org\/{rel}","templated":true}]}}