{"id":16563,"date":"2024-06-19T08:27:28","date_gmt":"2024-06-19T13:27:28","guid":{"rendered":"https:\/\/ciudadyregion.com.co\/?p=16563"},"modified":"2024-06-19T08:27:28","modified_gmt":"2024-06-19T13:27:28","slug":"es-un-hecho-300-jovenes-podran-formarse-como-patrulleros-de-la-policia-nacional","status":"publish","type":"post","link":"https:\/\/ciudadyregion.com.co\/index.php\/es-un-hecho-300-jovenes-podran-formarse-como-patrulleros-de-la-policia-nacional\/regional\/","title":{"rendered":"\u00a1Es un hecho! 300 j\u00f3venes podr\u00e1n formarse como patrulleros de la Polic\u00eda Nacional"},"content":{"rendered":"<ul>\n<li><em><strong>Gobernadora Adriana Matiz cumpli\u00f3 lo prometido y firm\u00f3 convenio para apoyar la carrera de j\u00f3venes que deseen incorporarse a la instituci\u00f3n policial en el Tolima.<\/strong><\/em><\/li>\n<\/ul>\n<p>Con inmensa satisfacci\u00f3n, la gobernadora del Tolima, Adriana Magali Matiz, celebr\u00f3 la firma del convenio con el Departamento de Polic\u00eda del Tolima, para apoyar con parte de los elementos de los equipos requeridos para prestar el servicio de patrulleros en la Polic\u00eda Nacional. Estos recursos asignados por la Gobernaci\u00f3n del Tolima ser\u00e1n una herramienta fundamental para que los j\u00f3venes que deseen incorporarse transformen su vida y a su vez la de sus familias.<\/p>\n<p>En las pr\u00f3ximas horas se dar\u00e1n a conocer los requisitos y los medios de inscripci\u00f3n para los y las interesadas quienes deben ser tolimenses, y desarrollar\u00e1n asimismo su servicio policial en los municipios del Tolima, esto como parte del Plan Regional de Seguridad que se adelanta desde la Gobernaci\u00f3n del Tolima, a trav\u00e9s de la Secretar\u00eda de Convivencia Ciudadana, Seguridad y Orden P\u00fablico.<\/p>\n<blockquote><p>\u201cDe verdad para m\u00ed esto es, muy, muy importante. Yo les agradezco, de manera muy especial, porque ustedes saben que no es solamente que se trate de que en el Gobierno se quiera trabajar en temas de seguridad; sino porque, realmente, soy una convencida que sin seguridad no vamos a tener absolutamente nada en ninguna parte de este pa\u00eds. Creo mucho en la seguridad y s\u00e9 que la seguridad es un pilar fundamental para el desarrollo econ\u00f3mico de una regi\u00f3n; y para m\u00ed esto es muy importante porque no fue solamente una promesa que pudi\u00e9ramos realizar este convenio coronel, sino que adem\u00e1s es una realidad para el Departamento poder contar con mayor pie de fuerza por parte de la Polic\u00eda\u201d, le expres\u00f3 la mandataria al coronel Fabio Ojeda, al momento de protocolizar la firma del convenio.<\/p><\/blockquote>\n<p>La gobernadora Matiz, nuevamente, le expres\u00f3 al coronel Ojeda y a las Fuerzas Militares todo el esfuerzo y la coordinaci\u00f3n para mantener la tranquilidad de los tolimenses:<\/p>\n<blockquote><p>\u201cNo puedo desaprovechar esta oportunidad, como nunca la desaprovecho, para agradecerte a ti, a los coroneles, a la Polic\u00eda Nacional, al Ej\u00e9rcito Nacional, en cabeza del coronel Luque por todo lo que han hecho por este Departamento. Porque cr\u00e9anme que si ustedes no estuvieran hoy aqu\u00ed en el Departamento del Tolima, tal vez tendr\u00edamos otras personas que nos hubieran puesto el alma, vida y coraz\u00f3n para mantener la seguridad. Creo que hoy lo tenemos controlado gracias a esa gesti\u00f3n que ustedes han realizado\u201d.<\/p><\/blockquote>\n","protected":false},"excerpt":{"rendered":"<p>Gobernadora Adriana Matiz cumpli\u00f3 lo prometido y firm\u00f3 convenio para apoyar la carrera de j\u00f3venes que deseen incorporarse a la instituci\u00f3n policial en el Tolima. Con inmensa satisfacci\u00f3n, la gobernadora del Tolima, Adriana Magali Matiz, celebr\u00f3 la firma del convenio con el Departamento de Polic\u00eda del Tolima, para apoyar con<span class=\"more-link\"><a href=\"https:\/\/ciudadyregion.com.co\/index.php\/es-un-hecho-300-jovenes-podran-formarse-como-patrulleros-de-la-policia-nacional\/regional\/\">Continuar Leyendo<\/a><\/span><\/p>\n","protected":false},"author":2,"featured_media":16564,"comment_status":"open","ping_status":"open","sticky":false,"template":"","format":"standard","meta":{"_uf_show_specific_survey":0,"_uf_disable_surveys":false,"_jetpack_memberships_contains_paid_content":false,"footnotes":"","jetpack_publicize_message":"","jetpack_publicize_feature_enabled":true,"jetpack_social_post_already_shared":true,"jetpack_social_options":{"image_generator_settings":{"template":"highway","enabled":false},"version":2}},"categories":[13],"tags":[],"class_list":["entry","author-diegoaguirre","post-16563","post","type-post","status-publish","format-standard","has-post-thumbnail","category-regional"],"jetpack_publicize_connections":[],"yoast_head":"<!-- This site is optimized with the Yoast SEO plugin v24.3 - https:\/\/yoast.com\/wordpress\/plugins\/seo\/ -->\n<title>\u00a1Es un hecho! 300 j\u00f3venes podr\u00e1n formarse como patrulleros de la Polic\u00eda Nacional - Ciudad y Region<\/title>\n<meta name=\"robots\" content=\"index, follow, max-snippet:-1, max-image-preview:large, max-video-preview:-1\" \/>\n<link rel=\"canonical\" href=\"https:\/\/ciudadyregion.com.co\/index.php\/es-un-hecho-300-jovenes-podran-formarse-como-patrulleros-de-la-policia-nacional\/regional\/\" \/>\n<meta property=\"og:locale\" content=\"es_ES\" \/>\n<meta property=\"og:type\" content=\"article\" \/>\n<meta property=\"og:title\" content=\"\u00a1Es un hecho! 300 j\u00f3venes podr\u00e1n formarse como patrulleros de la Polic\u00eda Nacional - Ciudad y Region\" \/>\n<meta property=\"og:description\" content=\"Gobernadora Adriana Matiz cumpli\u00f3 lo prometido y firm\u00f3 convenio para apoyar la carrera de j\u00f3venes que deseen incorporarse a la instituci\u00f3n policial en el Tolima. Con inmensa satisfacci\u00f3n, la gobernadora del Tolima, Adriana Magali Matiz, celebr\u00f3 la firma del convenio con el Departamento de Polic\u00eda del Tolima, para apoyar conContinuar Leyendo\" \/>\n<meta property=\"og:url\" content=\"https:\/\/ciudadyregion.com.co\/index.php\/es-un-hecho-300-jovenes-podran-formarse-como-patrulleros-de-la-policia-nacional\/regional\/\" \/>\n<meta property=\"og:site_name\" content=\"Ciudad y Region\" \/>\n<meta property=\"article:published_time\" content=\"2024-06-19T13:27:28+00:00\" \/>\n<meta property=\"og:image\" content=\"https:\/\/ciudadyregion.com.co\/wp-content\/uploads\/2024\/06\/1-49.jpg\" \/>\n\t<meta property=\"og:image:width\" content=\"800\" \/>\n\t<meta property=\"og:image:height\" content=\"445\" \/>\n\t<meta property=\"og:image:type\" content=\"image\/jpeg\" \/>\n<meta name=\"author\" content=\"David Andr\u00e9s Aguirre\" \/>\n<meta name=\"twitter:card\" content=\"summary_large_image\" \/>\n<meta name=\"twitter:label1\" content=\"Escrito por\" \/>\n\t<meta name=\"twitter:data1\" content=\"David Andr\u00e9s Aguirre\" \/>\n\t<meta name=\"twitter:label2\" content=\"Tiempo de lectura\" \/>\n\t<meta name=\"twitter:data2\" content=\"1 minuto\" \/>\n<script type=\"application\/ld+json\" class=\"yoast-schema-graph\">{\"@context\":\"https:\/\/schema.org\",\"@graph\":[{\"@type\":\"WebPage\",\"@id\":\"https:\/\/ciudadyregion.com.co\/index.php\/es-un-hecho-300-jovenes-podran-formarse-como-patrulleros-de-la-policia-nacional\/regional\/\",\"url\":\"https:\/\/ciudadyregion.com.co\/index.php\/es-un-hecho-300-jovenes-podran-formarse-como-patrulleros-de-la-policia-nacional\/regional\/\",\"name\":\"\u00a1Es un hecho! 300 j\u00f3venes podr\u00e1n formarse como patrulleros de la Polic\u00eda Nacional - Ciudad y Region\",\"isPartOf\":{\"@id\":\"https:\/\/ciudadyregion.com.co\/#website\"},\"primaryImageOfPage\":{\"@id\":\"https:\/\/ciudadyregion.com.co\/index.php\/es-un-hecho-300-jovenes-podran-formarse-como-patrulleros-de-la-policia-nacional\/regional\/#primaryimage\"},\"image\":{\"@id\":\"https:\/\/ciudadyregion.com.co\/index.php\/es-un-hecho-300-jovenes-podran-formarse-como-patrulleros-de-la-policia-nacional\/regional\/#primaryimage\"},\"thumbnailUrl\":\"https:\/\/i0.wp.com\/ciudadyregion.com.co\/wp-content\/uploads\/2024\/06\/1-49.jpg?fit=800%2C445&ssl=1\",\"datePublished\":\"2024-06-19T13:27:28+00:00\",\"dateModified\":\"2024-06-19T13:27:28+00:00\",\"author\":{\"@id\":\"https:\/\/ciudadyregion.com.co\/#\/schema\/person\/04a4954373ebc4051f46e8c65ff78622\"},\"breadcrumb\":{\"@id\":\"https:\/\/ciudadyregion.com.co\/index.php\/es-un-hecho-300-jovenes-podran-formarse-como-patrulleros-de-la-policia-nacional\/regional\/#breadcrumb\"},\"inLanguage\":\"es\",\"potentialAction\":[{\"@type\":\"ReadAction\",\"target\":[\"https:\/\/ciudadyregion.com.co\/index.php\/es-un-hecho-300-jovenes-podran-formarse-como-patrulleros-de-la-policia-nacional\/regional\/\"]}]},{\"@type\":\"ImageObject\",\"inLanguage\":\"es\",\"@id\":\"https:\/\/ciudadyregion.com.co\/index.php\/es-un-hecho-300-jovenes-podran-formarse-como-patrulleros-de-la-policia-nacional\/regional\/#primaryimage\",\"url\":\"https:\/\/i0.wp.com\/ciudadyregion.com.co\/wp-content\/uploads\/2024\/06\/1-49.jpg?fit=800%2C445&ssl=1\",\"contentUrl\":\"https:\/\/i0.wp.com\/ciudadyregion.com.co\/wp-content\/uploads\/2024\/06\/1-49.jpg?fit=800%2C445&ssl=1\",\"width\":800,\"height\":445},{\"@type\":\"BreadcrumbList\",\"@id\":\"https:\/\/ciudadyregion.com.co\/index.php\/es-un-hecho-300-jovenes-podran-formarse-como-patrulleros-de-la-policia-nacional\/regional\/#breadcrumb\",\"itemListElement\":[{\"@type\":\"ListItem\",\"position\":1,\"name\":\"Portada\",\"item\":\"https:\/\/ciudadyregion.com.co\/\"},{\"@type\":\"ListItem\",\"position\":2,\"name\":\"\u00a1Es un hecho! 300 j\u00f3venes podr\u00e1n formarse como patrulleros de la Polic\u00eda Nacional\"}]},{\"@type\":\"WebSite\",\"@id\":\"https:\/\/ciudadyregion.com.co\/#website\",\"url\":\"https:\/\/ciudadyregion.com.co\/\",\"name\":\"Ciudad y Region\",\"description\":\"\",\"potentialAction\":[{\"@type\":\"SearchAction\",\"target\":{\"@type\":\"EntryPoint\",\"urlTemplate\":\"https:\/\/ciudadyregion.com.co\/?s={search_term_string}\"},\"query-input\":{\"@type\":\"PropertyValueSpecification\",\"valueRequired\":true,\"valueName\":\"search_term_string\"}}],\"inLanguage\":\"es\"},{\"@type\":\"Person\",\"@id\":\"https:\/\/ciudadyregion.com.co\/#\/schema\/person\/04a4954373ebc4051f46e8c65ff78622\",\"name\":\"David Andr\u00e9s Aguirre\",\"image\":{\"@type\":\"ImageObject\",\"inLanguage\":\"es\",\"@id\":\"https:\/\/ciudadyregion.com.co\/#\/schema\/person\/image\/\",\"url\":\"https:\/\/secure.gravatar.com\/avatar\/bc3c655860202182ee6d1b5edd042dbe?s=96&d=mm&r=g\",\"contentUrl\":\"https:\/\/secure.gravatar.com\/avatar\/bc3c655860202182ee6d1b5edd042dbe?s=96&d=mm&r=g\",\"caption\":\"David Andr\u00e9s Aguirre\"},\"url\":\"https:\/\/ciudadyregion.com.co\/index.php\/author\/diegoaguirre\/\"}]}<\/script>\n<!-- \/ Yoast SEO plugin. -->","yoast_head_json":{"title":"\u00a1Es un hecho! 300 j\u00f3venes podr\u00e1n formarse como patrulleros de la Polic\u00eda Nacional - Ciudad y Region","robots":{"index":"index","follow":"follow","max-snippet":"max-snippet:-1","max-image-preview":"max-image-preview:large","max-video-preview":"max-video-preview:-1"},"canonical":"https:\/\/ciudadyregion.com.co\/index.php\/es-un-hecho-300-jovenes-podran-formarse-como-patrulleros-de-la-policia-nacional\/regional\/","og_locale":"es_ES","og_type":"article","og_title":"\u00a1Es un hecho! 300 j\u00f3venes podr\u00e1n formarse como patrulleros de la Polic\u00eda Nacional - Ciudad y Region","og_description":"Gobernadora Adriana Matiz cumpli\u00f3 lo prometido y firm\u00f3 convenio para apoyar la carrera de j\u00f3venes que deseen incorporarse a la instituci\u00f3n policial en el Tolima. Con inmensa satisfacci\u00f3n, la gobernadora del Tolima, Adriana Magali Matiz, celebr\u00f3 la firma del convenio con el Departamento de Polic\u00eda del Tolima, para apoyar conContinuar Leyendo","og_url":"https:\/\/ciudadyregion.com.co\/index.php\/es-un-hecho-300-jovenes-podran-formarse-como-patrulleros-de-la-policia-nacional\/regional\/","og_site_name":"Ciudad y Region","article_published_time":"2024-06-19T13:27:28+00:00","og_image":[{"width":800,"height":445,"url":"https:\/\/ciudadyregion.com.co\/wp-content\/uploads\/2024\/06\/1-49.jpg","type":"image\/jpeg"}],"author":"David Andr\u00e9s Aguirre","twitter_card":"summary_large_image","twitter_misc":{"Escrito por":"David Andr\u00e9s Aguirre","Tiempo de lectura":"1 minuto"},"schema":{"@context":"https:\/\/schema.org","@graph":[{"@type":"WebPage","@id":"https:\/\/ciudadyregion.com.co\/index.php\/es-un-hecho-300-jovenes-podran-formarse-como-patrulleros-de-la-policia-nacional\/regional\/","url":"https:\/\/ciudadyregion.com.co\/index.php\/es-un-hecho-300-jovenes-podran-formarse-como-patrulleros-de-la-policia-nacional\/regional\/","name":"\u00a1Es un hecho! 300 j\u00f3venes podr\u00e1n formarse como patrulleros de la Polic\u00eda Nacional - Ciudad y Region","isPartOf":{"@id":"https:\/\/ciudadyregion.com.co\/#website"},"primaryImageOfPage":{"@id":"https:\/\/ciudadyregion.com.co\/index.php\/es-un-hecho-300-jovenes-podran-formarse-como-patrulleros-de-la-policia-nacional\/regional\/#primaryimage"},"image":{"@id":"https:\/\/ciudadyregion.com.co\/index.php\/es-un-hecho-300-jovenes-podran-formarse-como-patrulleros-de-la-policia-nacional\/regional\/#primaryimage"},"thumbnailUrl":"https:\/\/i0.wp.com\/ciudadyregion.com.co\/wp-content\/uploads\/2024\/06\/1-49.jpg?fit=800%2C445&ssl=1","datePublished":"2024-06-19T13:27:28+00:00","dateModified":"2024-06-19T13:27:28+00:00","author":{"@id":"https:\/\/ciudadyregion.com.co\/#\/schema\/person\/04a4954373ebc4051f46e8c65ff78622"},"breadcrumb":{"@id":"https:\/\/ciudadyregion.com.co\/index.php\/es-un-hecho-300-jovenes-podran-formarse-como-patrulleros-de-la-policia-nacional\/regional\/#breadcrumb"},"inLanguage":"es","potentialAction":[{"@type":"ReadAction","target":["https:\/\/ciudadyregion.com.co\/index.php\/es-un-hecho-300-jovenes-podran-formarse-como-patrulleros-de-la-policia-nacional\/regional\/"]}]},{"@type":"ImageObject","inLanguage":"es","@id":"https:\/\/ciudadyregion.com.co\/index.php\/es-un-hecho-300-jovenes-podran-formarse-como-patrulleros-de-la-policia-nacional\/regional\/#primaryimage","url":"https:\/\/i0.wp.com\/ciudadyregion.com.co\/wp-content\/uploads\/2024\/06\/1-49.jpg?fit=800%2C445&ssl=1","contentUrl":"https:\/\/i0.wp.com\/ciudadyregion.com.co\/wp-content\/uploads\/2024\/06\/1-49.jpg?fit=800%2C445&ssl=1","width":800,"height":445},{"@type":"BreadcrumbList","@id":"https:\/\/ciudadyregion.com.co\/index.php\/es-un-hecho-300-jovenes-podran-formarse-como-patrulleros-de-la-policia-nacional\/regional\/#breadcrumb","itemListElement":[{"@type":"ListItem","position":1,"name":"Portada","item":"https:\/\/ciudadyregion.com.co\/"},{"@type":"ListItem","position":2,"name":"\u00a1Es un hecho! 300 j\u00f3venes podr\u00e1n formarse como patrulleros de la Polic\u00eda Nacional"}]},{"@type":"WebSite","@id":"https:\/\/ciudadyregion.com.co\/#website","url":"https:\/\/ciudadyregion.com.co\/","name":"Ciudad y Region","description":"","potentialAction":[{"@type":"SearchAction","target":{"@type":"EntryPoint","urlTemplate":"https:\/\/ciudadyregion.com.co\/?s={search_term_string}"},"query-input":{"@type":"PropertyValueSpecification","valueRequired":true,"valueName":"search_term_string"}}],"inLanguage":"es"},{"@type":"Person","@id":"https:\/\/ciudadyregion.com.co\/#\/schema\/person\/04a4954373ebc4051f46e8c65ff78622","name":"David Andr\u00e9s Aguirre","image":{"@type":"ImageObject","inLanguage":"es","@id":"https:\/\/ciudadyregion.com.co\/#\/schema\/person\/image\/","url":"https:\/\/secure.gravatar.com\/avatar\/bc3c655860202182ee6d1b5edd042dbe?s=96&d=mm&r=g","contentUrl":"https:\/\/secure.gravatar.com\/avatar\/bc3c655860202182ee6d1b5edd042dbe?s=96&d=mm&r=g","caption":"David Andr\u00e9s Aguirre"},"url":"https:\/\/ciudadyregion.com.co\/index.php\/author\/diegoaguirre\/"}]}},"jetpack_featured_media_url":"https:\/\/i0.wp.com\/ciudadyregion.com.co\/wp-content\/uploads\/2024\/06\/1-49.jpg?fit=800%2C445&ssl=1","jetpack_sharing_enabled":true,"jetpack_shortlink":"https:\/\/wp.me\/pbS7hh-4j9","jetpack-related-posts":[],"_links":{"self":[{"href":"https:\/\/ciudadyregion.com.co\/index.php\/wp-json\/wp\/v2\/posts\/16563"}],"collection":[{"href":"https:\/\/ciudadyregion.com.co\/index.php\/wp-json\/wp\/v2\/posts"}],"about":[{"href":"https:\/\/ciudadyregion.com.co\/index.php\/wp-json\/wp\/v2\/types\/post"}],"author":[{"embeddable":true,"href":"https:\/\/ciudadyregion.com.co\/index.php\/wp-json\/wp\/v2\/users\/2"}],"replies":[{"embeddable":true,"href":"https:\/\/ciudadyregion.com.co\/index.php\/wp-json\/wp\/v2\/comments?post=16563"}],"version-history":[{"count":1,"href":"https:\/\/ciudadyregion.com.co\/index.php\/wp-json\/wp\/v2\/posts\/16563\/revisions"}],"predecessor-version":[{"id":16565,"href":"https:\/\/ciudadyregion.com.co\/index.php\/wp-json\/wp\/v2\/posts\/16563\/revisions\/16565"}],"wp:featuredmedia":[{"embeddable":true,"href":"https:\/\/ciudadyregion.com.co\/index.php\/wp-json\/wp\/v2\/media\/16564"}],"wp:attachment":[{"href":"https:\/\/ciudadyregion.com.co\/index.php\/wp-json\/wp\/v2\/media?parent=16563"}],"wp:term":[{"taxonomy":"category","embeddable":true,"href":"https:\/\/ciudadyregion.com.co\/index.php\/wp-json\/wp\/v2\/categories?post=16563"},{"taxonomy":"post_tag","embeddable":true,"href":"https:\/\/ciudadyregion.com.co\/index.php\/wp-json\/wp\/v2\/tags?post=16563"}],"curies":[{"name":"wp","href":"https:\/\/api.w.org\/{rel}","templated":true}]}}