{"id":16560,"date":"2024-06-19T08:11:15","date_gmt":"2024-06-19T13:11:15","guid":{"rendered":"https:\/\/ciudadyregion.com.co\/?p=16560"},"modified":"2024-06-19T08:11:15","modified_gmt":"2024-06-19T13:11:15","slug":"35-anos-de-prision-para-soldado-profesional-que-asesino-a-su-esposa-con-una-punalada-en-el-cuello-en-yopal-casanare","status":"publish","type":"post","link":"https:\/\/ciudadyregion.com.co\/index.php\/35-anos-de-prision-para-soldado-profesional-que-asesino-a-su-esposa-con-una-punalada-en-el-cuello-en-yopal-casanare\/judicial\/","title":{"rendered":"35 A\u00f1os de prisi\u00f3n para soldado profesional que asesin\u00f3 a su esposa con una pu\u00f1alada en el cuello en Yopal, Casanare"},"content":{"rendered":"<p>El material de prueba aportado por la Fiscal\u00eda General de la Naci\u00f3n permiti\u00f3 que un juez de conocimiento condenara a 35 a\u00f1os de prisi\u00f3n a Jes\u00fas Abelardo Riativa Torres, responsable del asesinato de su esposa, de 33 a\u00f1os.<\/p>\n<p>Los hechos ocurrieron el 5 de mayo del 2013 en el centro de Yopal (Casanare) donde el entonces soldado profesional hiri\u00f3 con un arma cortopunzante a la v\u00edctima en el cuello.<\/p>\n<p>Las pruebas presentadas por la Fiscal\u00eda demostraron que el agresor fue el responsable de causar la muerte de su c\u00f3nyuge, por lo que fue imputado con el delito de homicidio agravado.<\/p>\n<p>La pena impuesta deber\u00e1 ser cumplida en un centro carcelario. El juez adem\u00e1s inhabilit\u00f3 al hombre por 20 a\u00f1os, para ejercer funciones p\u00fablicas.<\/p>\n","protected":false},"excerpt":{"rendered":"<p>El material de prueba aportado por la Fiscal\u00eda General de la Naci\u00f3n permiti\u00f3 que un juez de conocimiento condenara a 35 a\u00f1os de prisi\u00f3n a Jes\u00fas Abelardo Riativa Torres, responsable del asesinato de su esposa, de 33 a\u00f1os. Los hechos ocurrieron el 5 de mayo del 2013 en el centro<span class=\"more-link\"><a href=\"https:\/\/ciudadyregion.com.co\/index.php\/35-anos-de-prision-para-soldado-profesional-que-asesino-a-su-esposa-con-una-punalada-en-el-cuello-en-yopal-casanare\/judicial\/\">Continuar Leyendo<\/a><\/span><\/p>\n","protected":false},"author":2,"featured_media":16561,"comment_status":"open","ping_status":"open","sticky":false,"template":"","format":"standard","meta":{"_uf_show_specific_survey":0,"_uf_disable_surveys":false,"_jetpack_memberships_contains_paid_content":false,"footnotes":"","jetpack_publicize_message":"","jetpack_publicize_feature_enabled":true,"jetpack_social_post_already_shared":true,"jetpack_social_options":{"image_generator_settings":{"template":"highway","enabled":false},"version":2}},"categories":[18],"tags":[],"class_list":["entry","author-diegoaguirre","post-16560","post","type-post","status-publish","format-standard","has-post-thumbnail","category-judicial"],"jetpack_publicize_connections":[],"yoast_head":"<!-- This site is optimized with the Yoast SEO plugin v24.3 - https:\/\/yoast.com\/wordpress\/plugins\/seo\/ -->\n<title>35 A\u00f1os de prisi\u00f3n para soldado profesional que asesin\u00f3 a su esposa con una pu\u00f1alada en el cuello en Yopal, Casanare - Ciudad y Region<\/title>\n<meta name=\"robots\" content=\"index, follow, max-snippet:-1, max-image-preview:large, max-video-preview:-1\" \/>\n<link rel=\"canonical\" href=\"https:\/\/ciudadyregion.com.co\/index.php\/35-anos-de-prision-para-soldado-profesional-que-asesino-a-su-esposa-con-una-punalada-en-el-cuello-en-yopal-casanare\/judicial\/\" \/>\n<meta property=\"og:locale\" content=\"es_ES\" \/>\n<meta property=\"og:type\" content=\"article\" \/>\n<meta property=\"og:title\" content=\"35 A\u00f1os de prisi\u00f3n para soldado profesional que asesin\u00f3 a su esposa con una pu\u00f1alada en el cuello en Yopal, Casanare - Ciudad y Region\" \/>\n<meta property=\"og:description\" content=\"El material de prueba aportado por la Fiscal\u00eda General de la Naci\u00f3n permiti\u00f3 que un juez de conocimiento condenara a 35 a\u00f1os de prisi\u00f3n a Jes\u00fas Abelardo Riativa Torres, responsable del asesinato de su esposa, de 33 a\u00f1os. Los hechos ocurrieron el 5 de mayo del 2013 en el centroContinuar Leyendo\" \/>\n<meta property=\"og:url\" content=\"https:\/\/ciudadyregion.com.co\/index.php\/35-anos-de-prision-para-soldado-profesional-que-asesino-a-su-esposa-con-una-punalada-en-el-cuello-en-yopal-casanare\/judicial\/\" \/>\n<meta property=\"og:site_name\" content=\"Ciudad y Region\" \/>\n<meta property=\"article:published_time\" content=\"2024-06-19T13:11:15+00:00\" \/>\n<meta property=\"og:image\" content=\"https:\/\/ciudadyregion.com.co\/wp-content\/uploads\/2024\/06\/soldado-ejercito.jpg\" \/>\n\t<meta property=\"og:image:width\" content=\"800\" \/>\n\t<meta property=\"og:image:height\" content=\"445\" \/>\n\t<meta property=\"og:image:type\" content=\"image\/jpeg\" \/>\n<meta name=\"author\" content=\"David Andr\u00e9s Aguirre\" \/>\n<meta name=\"twitter:card\" content=\"summary_large_image\" \/>\n<meta name=\"twitter:label1\" content=\"Escrito por\" \/>\n\t<meta name=\"twitter:data1\" content=\"David Andr\u00e9s Aguirre\" \/>\n\t<meta name=\"twitter:label2\" content=\"Tiempo de lectura\" \/>\n\t<meta name=\"twitter:data2\" content=\"1 minuto\" \/>\n<script type=\"application\/ld+json\" class=\"yoast-schema-graph\">{\"@context\":\"https:\/\/schema.org\",\"@graph\":[{\"@type\":\"WebPage\",\"@id\":\"https:\/\/ciudadyregion.com.co\/index.php\/35-anos-de-prision-para-soldado-profesional-que-asesino-a-su-esposa-con-una-punalada-en-el-cuello-en-yopal-casanare\/judicial\/\",\"url\":\"https:\/\/ciudadyregion.com.co\/index.php\/35-anos-de-prision-para-soldado-profesional-que-asesino-a-su-esposa-con-una-punalada-en-el-cuello-en-yopal-casanare\/judicial\/\",\"name\":\"35 A\u00f1os de prisi\u00f3n para soldado profesional que asesin\u00f3 a su esposa con una pu\u00f1alada en el cuello en Yopal, Casanare - Ciudad y Region\",\"isPartOf\":{\"@id\":\"https:\/\/ciudadyregion.com.co\/#website\"},\"primaryImageOfPage\":{\"@id\":\"https:\/\/ciudadyregion.com.co\/index.php\/35-anos-de-prision-para-soldado-profesional-que-asesino-a-su-esposa-con-una-punalada-en-el-cuello-en-yopal-casanare\/judicial\/#primaryimage\"},\"image\":{\"@id\":\"https:\/\/ciudadyregion.com.co\/index.php\/35-anos-de-prision-para-soldado-profesional-que-asesino-a-su-esposa-con-una-punalada-en-el-cuello-en-yopal-casanare\/judicial\/#primaryimage\"},\"thumbnailUrl\":\"https:\/\/i0.wp.com\/ciudadyregion.com.co\/wp-content\/uploads\/2024\/06\/soldado-ejercito.jpg?fit=800%2C445&ssl=1\",\"datePublished\":\"2024-06-19T13:11:15+00:00\",\"dateModified\":\"2024-06-19T13:11:15+00:00\",\"author\":{\"@id\":\"https:\/\/ciudadyregion.com.co\/#\/schema\/person\/04a4954373ebc4051f46e8c65ff78622\"},\"breadcrumb\":{\"@id\":\"https:\/\/ciudadyregion.com.co\/index.php\/35-anos-de-prision-para-soldado-profesional-que-asesino-a-su-esposa-con-una-punalada-en-el-cuello-en-yopal-casanare\/judicial\/#breadcrumb\"},\"inLanguage\":\"es\",\"potentialAction\":[{\"@type\":\"ReadAction\",\"target\":[\"https:\/\/ciudadyregion.com.co\/index.php\/35-anos-de-prision-para-soldado-profesional-que-asesino-a-su-esposa-con-una-punalada-en-el-cuello-en-yopal-casanare\/judicial\/\"]}]},{\"@type\":\"ImageObject\",\"inLanguage\":\"es\",\"@id\":\"https:\/\/ciudadyregion.com.co\/index.php\/35-anos-de-prision-para-soldado-profesional-que-asesino-a-su-esposa-con-una-punalada-en-el-cuello-en-yopal-casanare\/judicial\/#primaryimage\",\"url\":\"https:\/\/i0.wp.com\/ciudadyregion.com.co\/wp-content\/uploads\/2024\/06\/soldado-ejercito.jpg?fit=800%2C445&ssl=1\",\"contentUrl\":\"https:\/\/i0.wp.com\/ciudadyregion.com.co\/wp-content\/uploads\/2024\/06\/soldado-ejercito.jpg?fit=800%2C445&ssl=1\",\"width\":800,\"height\":445},{\"@type\":\"BreadcrumbList\",\"@id\":\"https:\/\/ciudadyregion.com.co\/index.php\/35-anos-de-prision-para-soldado-profesional-que-asesino-a-su-esposa-con-una-punalada-en-el-cuello-en-yopal-casanare\/judicial\/#breadcrumb\",\"itemListElement\":[{\"@type\":\"ListItem\",\"position\":1,\"name\":\"Portada\",\"item\":\"https:\/\/ciudadyregion.com.co\/\"},{\"@type\":\"ListItem\",\"position\":2,\"name\":\"35 A\u00f1os de prisi\u00f3n para soldado profesional que asesin\u00f3 a su esposa con una pu\u00f1alada en el cuello en Yopal, Casanare\"}]},{\"@type\":\"WebSite\",\"@id\":\"https:\/\/ciudadyregion.com.co\/#website\",\"url\":\"https:\/\/ciudadyregion.com.co\/\",\"name\":\"Ciudad y Region\",\"description\":\"\",\"potentialAction\":[{\"@type\":\"SearchAction\",\"target\":{\"@type\":\"EntryPoint\",\"urlTemplate\":\"https:\/\/ciudadyregion.com.co\/?s={search_term_string}\"},\"query-input\":{\"@type\":\"PropertyValueSpecification\",\"valueRequired\":true,\"valueName\":\"search_term_string\"}}],\"inLanguage\":\"es\"},{\"@type\":\"Person\",\"@id\":\"https:\/\/ciudadyregion.com.co\/#\/schema\/person\/04a4954373ebc4051f46e8c65ff78622\",\"name\":\"David Andr\u00e9s Aguirre\",\"image\":{\"@type\":\"ImageObject\",\"inLanguage\":\"es\",\"@id\":\"https:\/\/ciudadyregion.com.co\/#\/schema\/person\/image\/\",\"url\":\"https:\/\/secure.gravatar.com\/avatar\/bc3c655860202182ee6d1b5edd042dbe?s=96&d=mm&r=g\",\"contentUrl\":\"https:\/\/secure.gravatar.com\/avatar\/bc3c655860202182ee6d1b5edd042dbe?s=96&d=mm&r=g\",\"caption\":\"David Andr\u00e9s Aguirre\"},\"url\":\"https:\/\/ciudadyregion.com.co\/index.php\/author\/diegoaguirre\/\"}]}<\/script>\n<!-- \/ Yoast SEO plugin. -->","yoast_head_json":{"title":"35 A\u00f1os de prisi\u00f3n para soldado profesional que asesin\u00f3 a su esposa con una pu\u00f1alada en el cuello en Yopal, Casanare - Ciudad y Region","robots":{"index":"index","follow":"follow","max-snippet":"max-snippet:-1","max-image-preview":"max-image-preview:large","max-video-preview":"max-video-preview:-1"},"canonical":"https:\/\/ciudadyregion.com.co\/index.php\/35-anos-de-prision-para-soldado-profesional-que-asesino-a-su-esposa-con-una-punalada-en-el-cuello-en-yopal-casanare\/judicial\/","og_locale":"es_ES","og_type":"article","og_title":"35 A\u00f1os de prisi\u00f3n para soldado profesional que asesin\u00f3 a su esposa con una pu\u00f1alada en el cuello en Yopal, Casanare - Ciudad y Region","og_description":"El material de prueba aportado por la Fiscal\u00eda General de la Naci\u00f3n permiti\u00f3 que un juez de conocimiento condenara a 35 a\u00f1os de prisi\u00f3n a Jes\u00fas Abelardo Riativa Torres, responsable del asesinato de su esposa, de 33 a\u00f1os. Los hechos ocurrieron el 5 de mayo del 2013 en el centroContinuar Leyendo","og_url":"https:\/\/ciudadyregion.com.co\/index.php\/35-anos-de-prision-para-soldado-profesional-que-asesino-a-su-esposa-con-una-punalada-en-el-cuello-en-yopal-casanare\/judicial\/","og_site_name":"Ciudad y Region","article_published_time":"2024-06-19T13:11:15+00:00","og_image":[{"width":800,"height":445,"url":"https:\/\/ciudadyregion.com.co\/wp-content\/uploads\/2024\/06\/soldado-ejercito.jpg","type":"image\/jpeg"}],"author":"David Andr\u00e9s Aguirre","twitter_card":"summary_large_image","twitter_misc":{"Escrito por":"David Andr\u00e9s Aguirre","Tiempo de lectura":"1 minuto"},"schema":{"@context":"https:\/\/schema.org","@graph":[{"@type":"WebPage","@id":"https:\/\/ciudadyregion.com.co\/index.php\/35-anos-de-prision-para-soldado-profesional-que-asesino-a-su-esposa-con-una-punalada-en-el-cuello-en-yopal-casanare\/judicial\/","url":"https:\/\/ciudadyregion.com.co\/index.php\/35-anos-de-prision-para-soldado-profesional-que-asesino-a-su-esposa-con-una-punalada-en-el-cuello-en-yopal-casanare\/judicial\/","name":"35 A\u00f1os de prisi\u00f3n para soldado profesional que asesin\u00f3 a su esposa con una pu\u00f1alada en el cuello en Yopal, Casanare - Ciudad y Region","isPartOf":{"@id":"https:\/\/ciudadyregion.com.co\/#website"},"primaryImageOfPage":{"@id":"https:\/\/ciudadyregion.com.co\/index.php\/35-anos-de-prision-para-soldado-profesional-que-asesino-a-su-esposa-con-una-punalada-en-el-cuello-en-yopal-casanare\/judicial\/#primaryimage"},"image":{"@id":"https:\/\/ciudadyregion.com.co\/index.php\/35-anos-de-prision-para-soldado-profesional-que-asesino-a-su-esposa-con-una-punalada-en-el-cuello-en-yopal-casanare\/judicial\/#primaryimage"},"thumbnailUrl":"https:\/\/i0.wp.com\/ciudadyregion.com.co\/wp-content\/uploads\/2024\/06\/soldado-ejercito.jpg?fit=800%2C445&ssl=1","datePublished":"2024-06-19T13:11:15+00:00","dateModified":"2024-06-19T13:11:15+00:00","author":{"@id":"https:\/\/ciudadyregion.com.co\/#\/schema\/person\/04a4954373ebc4051f46e8c65ff78622"},"breadcrumb":{"@id":"https:\/\/ciudadyregion.com.co\/index.php\/35-anos-de-prision-para-soldado-profesional-que-asesino-a-su-esposa-con-una-punalada-en-el-cuello-en-yopal-casanare\/judicial\/#breadcrumb"},"inLanguage":"es","potentialAction":[{"@type":"ReadAction","target":["https:\/\/ciudadyregion.com.co\/index.php\/35-anos-de-prision-para-soldado-profesional-que-asesino-a-su-esposa-con-una-punalada-en-el-cuello-en-yopal-casanare\/judicial\/"]}]},{"@type":"ImageObject","inLanguage":"es","@id":"https:\/\/ciudadyregion.com.co\/index.php\/35-anos-de-prision-para-soldado-profesional-que-asesino-a-su-esposa-con-una-punalada-en-el-cuello-en-yopal-casanare\/judicial\/#primaryimage","url":"https:\/\/i0.wp.com\/ciudadyregion.com.co\/wp-content\/uploads\/2024\/06\/soldado-ejercito.jpg?fit=800%2C445&ssl=1","contentUrl":"https:\/\/i0.wp.com\/ciudadyregion.com.co\/wp-content\/uploads\/2024\/06\/soldado-ejercito.jpg?fit=800%2C445&ssl=1","width":800,"height":445},{"@type":"BreadcrumbList","@id":"https:\/\/ciudadyregion.com.co\/index.php\/35-anos-de-prision-para-soldado-profesional-que-asesino-a-su-esposa-con-una-punalada-en-el-cuello-en-yopal-casanare\/judicial\/#breadcrumb","itemListElement":[{"@type":"ListItem","position":1,"name":"Portada","item":"https:\/\/ciudadyregion.com.co\/"},{"@type":"ListItem","position":2,"name":"35 A\u00f1os de prisi\u00f3n para soldado profesional que asesin\u00f3 a su esposa con una pu\u00f1alada en el cuello en Yopal, Casanare"}]},{"@type":"WebSite","@id":"https:\/\/ciudadyregion.com.co\/#website","url":"https:\/\/ciudadyregion.com.co\/","name":"Ciudad y Region","description":"","potentialAction":[{"@type":"SearchAction","target":{"@type":"EntryPoint","urlTemplate":"https:\/\/ciudadyregion.com.co\/?s={search_term_string}"},"query-input":{"@type":"PropertyValueSpecification","valueRequired":true,"valueName":"search_term_string"}}],"inLanguage":"es"},{"@type":"Person","@id":"https:\/\/ciudadyregion.com.co\/#\/schema\/person\/04a4954373ebc4051f46e8c65ff78622","name":"David Andr\u00e9s Aguirre","image":{"@type":"ImageObject","inLanguage":"es","@id":"https:\/\/ciudadyregion.com.co\/#\/schema\/person\/image\/","url":"https:\/\/secure.gravatar.com\/avatar\/bc3c655860202182ee6d1b5edd042dbe?s=96&d=mm&r=g","contentUrl":"https:\/\/secure.gravatar.com\/avatar\/bc3c655860202182ee6d1b5edd042dbe?s=96&d=mm&r=g","caption":"David Andr\u00e9s Aguirre"},"url":"https:\/\/ciudadyregion.com.co\/index.php\/author\/diegoaguirre\/"}]}},"jetpack_featured_media_url":"https:\/\/i0.wp.com\/ciudadyregion.com.co\/wp-content\/uploads\/2024\/06\/soldado-ejercito.jpg?fit=800%2C445&ssl=1","jetpack_sharing_enabled":true,"jetpack_shortlink":"https:\/\/wp.me\/pbS7hh-4j6","jetpack-related-posts":[],"_links":{"self":[{"href":"https:\/\/ciudadyregion.com.co\/index.php\/wp-json\/wp\/v2\/posts\/16560"}],"collection":[{"href":"https:\/\/ciudadyregion.com.co\/index.php\/wp-json\/wp\/v2\/posts"}],"about":[{"href":"https:\/\/ciudadyregion.com.co\/index.php\/wp-json\/wp\/v2\/types\/post"}],"author":[{"embeddable":true,"href":"https:\/\/ciudadyregion.com.co\/index.php\/wp-json\/wp\/v2\/users\/2"}],"replies":[{"embeddable":true,"href":"https:\/\/ciudadyregion.com.co\/index.php\/wp-json\/wp\/v2\/comments?post=16560"}],"version-history":[{"count":1,"href":"https:\/\/ciudadyregion.com.co\/index.php\/wp-json\/wp\/v2\/posts\/16560\/revisions"}],"predecessor-version":[{"id":16562,"href":"https:\/\/ciudadyregion.com.co\/index.php\/wp-json\/wp\/v2\/posts\/16560\/revisions\/16562"}],"wp:featuredmedia":[{"embeddable":true,"href":"https:\/\/ciudadyregion.com.co\/index.php\/wp-json\/wp\/v2\/media\/16561"}],"wp:attachment":[{"href":"https:\/\/ciudadyregion.com.co\/index.php\/wp-json\/wp\/v2\/media?parent=16560"}],"wp:term":[{"taxonomy":"category","embeddable":true,"href":"https:\/\/ciudadyregion.com.co\/index.php\/wp-json\/wp\/v2\/categories?post=16560"},{"taxonomy":"post_tag","embeddable":true,"href":"https:\/\/ciudadyregion.com.co\/index.php\/wp-json\/wp\/v2\/tags?post=16560"}],"curies":[{"name":"wp","href":"https:\/\/api.w.org\/{rel}","templated":true}]}}