{"id":16538,"date":"2024-06-19T07:33:28","date_gmt":"2024-06-19T12:33:28","guid":{"rendered":"https:\/\/ciudadyregion.com.co\/?p=16538"},"modified":"2024-06-19T07:33:28","modified_gmt":"2024-06-19T12:33:28","slug":"todo-listo-ya-finalizo-la-instalacion-de-proteccion-en-los-jardines-de-la-quinta-en-ibague","status":"publish","type":"post","link":"https:\/\/ciudadyregion.com.co\/index.php\/todo-listo-ya-finalizo-la-instalacion-de-proteccion-en-los-jardines-de-la-quinta-en-ibague\/ibague\/","title":{"rendered":"Todo listo:\u00a0 Ya finaliz\u00f3 la instalaci\u00f3n de protecci\u00f3n en los jardines de La Quinta, en Ibagu\u00e9"},"content":{"rendered":"<div>La Alcald\u00eda finaliz\u00f3 la instalaci\u00f3n del cerramiento en el separador de la carrera Quinta para proteger los jardines urbanos durante el desarrollo de los desfiles de San Juan y San Pedro que se llevar\u00e1n a cabo este 23 y 30 de junio, respectivamente.<\/div>\n<div><span style=\"font-family: Arial, Verdana;\">\u00a0<\/span><\/div>\n<div><span style=\"font-family: Arial, Verdana;\">Luego de varias semanas de trabajo, la empresa Ibagu\u00e9 Limpia ha concluido con el montaje de la malla protectora que va desde la calle 42 hasta la 15. Son m\u00e1s de 3 kil\u00f3metros de cerramiento colocados para cuidar las plantas de la principal avenida de la capital tolimense.<\/span><\/div>\n<div><span style=\"font-family: Arial, Verdana;\">\u00a0<\/span><\/div>\n<blockquote>\n<div><span style=\"font-family: Arial, Verdana;\"><i>\u00abEn un poco m\u00e1s de un mes, nuestros &#8216;soldados azules&#8217; culminaron estas labores. Es de recordar que volveremos a hacer un recorrido para verificar que la polisombra se encuentre en buen estado para este domingo del desfile de San Juan\u00bb<\/i>, dijo Nakarith Var\u00f3n, directora Operativa.<\/span><\/div>\n<\/blockquote>\n<div><span style=\"font-family: Arial, Verdana;\">\u00a0<\/span><\/div>\n<div><span style=\"font-family: Arial, Verdana;\">A la par, la Empresa ha adelantado diferentes campa\u00f1as de cultura ciudadana entregando un mensaje a comerciantes del sector y vecinos de los barrios aleda\u00f1os a \u2018La Quinta\u2019 sobre la importancia de respetar los espacios p\u00fablicos en estas fiestas del folclor.<\/span><\/div>\n","protected":false},"excerpt":{"rendered":"<p>La Alcald\u00eda finaliz\u00f3 la instalaci\u00f3n del cerramiento en el separador de la carrera Quinta para proteger los jardines urbanos durante el desarrollo de los desfiles de San Juan y San Pedro que se llevar\u00e1n a cabo este 23 y 30 de junio, respectivamente. \u00a0 Luego de varias semanas de trabajo,<span class=\"more-link\"><a href=\"https:\/\/ciudadyregion.com.co\/index.php\/todo-listo-ya-finalizo-la-instalacion-de-proteccion-en-los-jardines-de-la-quinta-en-ibague\/ibague\/\">Continuar Leyendo<\/a><\/span><\/p>\n","protected":false},"author":2,"featured_media":16539,"comment_status":"open","ping_status":"open","sticky":false,"template":"","format":"standard","meta":{"_uf_show_specific_survey":0,"_uf_disable_surveys":false,"_jetpack_memberships_contains_paid_content":false,"footnotes":"","jetpack_publicize_message":"","jetpack_publicize_feature_enabled":true,"jetpack_social_post_already_shared":true,"jetpack_social_options":{"image_generator_settings":{"template":"highway","enabled":false},"version":2}},"categories":[14],"tags":[],"class_list":["entry","author-diegoaguirre","post-16538","post","type-post","status-publish","format-standard","has-post-thumbnail","category-ibague"],"jetpack_publicize_connections":[],"yoast_head":"<!-- This site is optimized with the Yoast SEO plugin v24.3 - https:\/\/yoast.com\/wordpress\/plugins\/seo\/ -->\n<title>Todo listo:\u00a0 Ya finaliz\u00f3 la instalaci\u00f3n de protecci\u00f3n en los jardines de La Quinta, en Ibagu\u00e9 - Ciudad y Region<\/title>\n<meta name=\"robots\" content=\"index, follow, max-snippet:-1, max-image-preview:large, max-video-preview:-1\" \/>\n<link rel=\"canonical\" href=\"https:\/\/ciudadyregion.com.co\/index.php\/todo-listo-ya-finalizo-la-instalacion-de-proteccion-en-los-jardines-de-la-quinta-en-ibague\/ibague\/\" \/>\n<meta property=\"og:locale\" content=\"es_ES\" \/>\n<meta property=\"og:type\" content=\"article\" \/>\n<meta property=\"og:title\" content=\"Todo listo:\u00a0 Ya finaliz\u00f3 la instalaci\u00f3n de protecci\u00f3n en los jardines de La Quinta, en Ibagu\u00e9 - Ciudad y Region\" \/>\n<meta property=\"og:description\" content=\"La Alcald\u00eda finaliz\u00f3 la instalaci\u00f3n del cerramiento en el separador de la carrera Quinta para proteger los jardines urbanos durante el desarrollo de los desfiles de San Juan y San Pedro que se llevar\u00e1n a cabo este 23 y 30 de junio, respectivamente. \u00a0 Luego de varias semanas de trabajo,Continuar Leyendo\" \/>\n<meta property=\"og:url\" content=\"https:\/\/ciudadyregion.com.co\/index.php\/todo-listo-ya-finalizo-la-instalacion-de-proteccion-en-los-jardines-de-la-quinta-en-ibague\/ibague\/\" \/>\n<meta property=\"og:site_name\" content=\"Ciudad y Region\" \/>\n<meta property=\"article:published_time\" content=\"2024-06-19T12:33:28+00:00\" \/>\n<meta property=\"og:image\" content=\"https:\/\/ciudadyregion.com.co\/wp-content\/uploads\/2024\/06\/4-polisombrado.jpg\" \/>\n\t<meta property=\"og:image:width\" content=\"800\" \/>\n\t<meta property=\"og:image:height\" content=\"445\" \/>\n\t<meta property=\"og:image:type\" content=\"image\/jpeg\" \/>\n<meta name=\"author\" content=\"David Andr\u00e9s Aguirre\" \/>\n<meta name=\"twitter:card\" content=\"summary_large_image\" \/>\n<meta name=\"twitter:label1\" content=\"Escrito por\" \/>\n\t<meta name=\"twitter:data1\" content=\"David Andr\u00e9s Aguirre\" \/>\n\t<meta name=\"twitter:label2\" content=\"Tiempo de lectura\" \/>\n\t<meta name=\"twitter:data2\" content=\"1 minuto\" \/>\n<script type=\"application\/ld+json\" class=\"yoast-schema-graph\">{\"@context\":\"https:\/\/schema.org\",\"@graph\":[{\"@type\":\"WebPage\",\"@id\":\"https:\/\/ciudadyregion.com.co\/index.php\/todo-listo-ya-finalizo-la-instalacion-de-proteccion-en-los-jardines-de-la-quinta-en-ibague\/ibague\/\",\"url\":\"https:\/\/ciudadyregion.com.co\/index.php\/todo-listo-ya-finalizo-la-instalacion-de-proteccion-en-los-jardines-de-la-quinta-en-ibague\/ibague\/\",\"name\":\"Todo listo:\u00a0 Ya finaliz\u00f3 la instalaci\u00f3n de protecci\u00f3n en los jardines de La Quinta, en Ibagu\u00e9 - Ciudad y Region\",\"isPartOf\":{\"@id\":\"https:\/\/ciudadyregion.com.co\/#website\"},\"primaryImageOfPage\":{\"@id\":\"https:\/\/ciudadyregion.com.co\/index.php\/todo-listo-ya-finalizo-la-instalacion-de-proteccion-en-los-jardines-de-la-quinta-en-ibague\/ibague\/#primaryimage\"},\"image\":{\"@id\":\"https:\/\/ciudadyregion.com.co\/index.php\/todo-listo-ya-finalizo-la-instalacion-de-proteccion-en-los-jardines-de-la-quinta-en-ibague\/ibague\/#primaryimage\"},\"thumbnailUrl\":\"https:\/\/i0.wp.com\/ciudadyregion.com.co\/wp-content\/uploads\/2024\/06\/4-polisombrado.jpg?fit=800%2C445&ssl=1\",\"datePublished\":\"2024-06-19T12:33:28+00:00\",\"dateModified\":\"2024-06-19T12:33:28+00:00\",\"author\":{\"@id\":\"https:\/\/ciudadyregion.com.co\/#\/schema\/person\/04a4954373ebc4051f46e8c65ff78622\"},\"breadcrumb\":{\"@id\":\"https:\/\/ciudadyregion.com.co\/index.php\/todo-listo-ya-finalizo-la-instalacion-de-proteccion-en-los-jardines-de-la-quinta-en-ibague\/ibague\/#breadcrumb\"},\"inLanguage\":\"es\",\"potentialAction\":[{\"@type\":\"ReadAction\",\"target\":[\"https:\/\/ciudadyregion.com.co\/index.php\/todo-listo-ya-finalizo-la-instalacion-de-proteccion-en-los-jardines-de-la-quinta-en-ibague\/ibague\/\"]}]},{\"@type\":\"ImageObject\",\"inLanguage\":\"es\",\"@id\":\"https:\/\/ciudadyregion.com.co\/index.php\/todo-listo-ya-finalizo-la-instalacion-de-proteccion-en-los-jardines-de-la-quinta-en-ibague\/ibague\/#primaryimage\",\"url\":\"https:\/\/i0.wp.com\/ciudadyregion.com.co\/wp-content\/uploads\/2024\/06\/4-polisombrado.jpg?fit=800%2C445&ssl=1\",\"contentUrl\":\"https:\/\/i0.wp.com\/ciudadyregion.com.co\/wp-content\/uploads\/2024\/06\/4-polisombrado.jpg?fit=800%2C445&ssl=1\",\"width\":800,\"height\":445},{\"@type\":\"BreadcrumbList\",\"@id\":\"https:\/\/ciudadyregion.com.co\/index.php\/todo-listo-ya-finalizo-la-instalacion-de-proteccion-en-los-jardines-de-la-quinta-en-ibague\/ibague\/#breadcrumb\",\"itemListElement\":[{\"@type\":\"ListItem\",\"position\":1,\"name\":\"Portada\",\"item\":\"https:\/\/ciudadyregion.com.co\/\"},{\"@type\":\"ListItem\",\"position\":2,\"name\":\"Todo listo:\u00a0 Ya finaliz\u00f3 la instalaci\u00f3n de protecci\u00f3n en los jardines de La Quinta, en Ibagu\u00e9\"}]},{\"@type\":\"WebSite\",\"@id\":\"https:\/\/ciudadyregion.com.co\/#website\",\"url\":\"https:\/\/ciudadyregion.com.co\/\",\"name\":\"Ciudad y Region\",\"description\":\"\",\"potentialAction\":[{\"@type\":\"SearchAction\",\"target\":{\"@type\":\"EntryPoint\",\"urlTemplate\":\"https:\/\/ciudadyregion.com.co\/?s={search_term_string}\"},\"query-input\":{\"@type\":\"PropertyValueSpecification\",\"valueRequired\":true,\"valueName\":\"search_term_string\"}}],\"inLanguage\":\"es\"},{\"@type\":\"Person\",\"@id\":\"https:\/\/ciudadyregion.com.co\/#\/schema\/person\/04a4954373ebc4051f46e8c65ff78622\",\"name\":\"David Andr\u00e9s Aguirre\",\"image\":{\"@type\":\"ImageObject\",\"inLanguage\":\"es\",\"@id\":\"https:\/\/ciudadyregion.com.co\/#\/schema\/person\/image\/\",\"url\":\"https:\/\/secure.gravatar.com\/avatar\/bc3c655860202182ee6d1b5edd042dbe?s=96&d=mm&r=g\",\"contentUrl\":\"https:\/\/secure.gravatar.com\/avatar\/bc3c655860202182ee6d1b5edd042dbe?s=96&d=mm&r=g\",\"caption\":\"David Andr\u00e9s Aguirre\"},\"url\":\"https:\/\/ciudadyregion.com.co\/index.php\/author\/diegoaguirre\/\"}]}<\/script>\n<!-- \/ Yoast SEO plugin. -->","yoast_head_json":{"title":"Todo listo:\u00a0 Ya finaliz\u00f3 la instalaci\u00f3n de protecci\u00f3n en los jardines de La Quinta, en Ibagu\u00e9 - Ciudad y Region","robots":{"index":"index","follow":"follow","max-snippet":"max-snippet:-1","max-image-preview":"max-image-preview:large","max-video-preview":"max-video-preview:-1"},"canonical":"https:\/\/ciudadyregion.com.co\/index.php\/todo-listo-ya-finalizo-la-instalacion-de-proteccion-en-los-jardines-de-la-quinta-en-ibague\/ibague\/","og_locale":"es_ES","og_type":"article","og_title":"Todo listo:\u00a0 Ya finaliz\u00f3 la instalaci\u00f3n de protecci\u00f3n en los jardines de La Quinta, en Ibagu\u00e9 - Ciudad y Region","og_description":"La Alcald\u00eda finaliz\u00f3 la instalaci\u00f3n del cerramiento en el separador de la carrera Quinta para proteger los jardines urbanos durante el desarrollo de los desfiles de San Juan y San Pedro que se llevar\u00e1n a cabo este 23 y 30 de junio, respectivamente. \u00a0 Luego de varias semanas de trabajo,Continuar Leyendo","og_url":"https:\/\/ciudadyregion.com.co\/index.php\/todo-listo-ya-finalizo-la-instalacion-de-proteccion-en-los-jardines-de-la-quinta-en-ibague\/ibague\/","og_site_name":"Ciudad y Region","article_published_time":"2024-06-19T12:33:28+00:00","og_image":[{"width":800,"height":445,"url":"https:\/\/ciudadyregion.com.co\/wp-content\/uploads\/2024\/06\/4-polisombrado.jpg","type":"image\/jpeg"}],"author":"David Andr\u00e9s Aguirre","twitter_card":"summary_large_image","twitter_misc":{"Escrito por":"David Andr\u00e9s Aguirre","Tiempo de lectura":"1 minuto"},"schema":{"@context":"https:\/\/schema.org","@graph":[{"@type":"WebPage","@id":"https:\/\/ciudadyregion.com.co\/index.php\/todo-listo-ya-finalizo-la-instalacion-de-proteccion-en-los-jardines-de-la-quinta-en-ibague\/ibague\/","url":"https:\/\/ciudadyregion.com.co\/index.php\/todo-listo-ya-finalizo-la-instalacion-de-proteccion-en-los-jardines-de-la-quinta-en-ibague\/ibague\/","name":"Todo listo:\u00a0 Ya finaliz\u00f3 la instalaci\u00f3n de protecci\u00f3n en los jardines de La Quinta, en Ibagu\u00e9 - Ciudad y Region","isPartOf":{"@id":"https:\/\/ciudadyregion.com.co\/#website"},"primaryImageOfPage":{"@id":"https:\/\/ciudadyregion.com.co\/index.php\/todo-listo-ya-finalizo-la-instalacion-de-proteccion-en-los-jardines-de-la-quinta-en-ibague\/ibague\/#primaryimage"},"image":{"@id":"https:\/\/ciudadyregion.com.co\/index.php\/todo-listo-ya-finalizo-la-instalacion-de-proteccion-en-los-jardines-de-la-quinta-en-ibague\/ibague\/#primaryimage"},"thumbnailUrl":"https:\/\/i0.wp.com\/ciudadyregion.com.co\/wp-content\/uploads\/2024\/06\/4-polisombrado.jpg?fit=800%2C445&ssl=1","datePublished":"2024-06-19T12:33:28+00:00","dateModified":"2024-06-19T12:33:28+00:00","author":{"@id":"https:\/\/ciudadyregion.com.co\/#\/schema\/person\/04a4954373ebc4051f46e8c65ff78622"},"breadcrumb":{"@id":"https:\/\/ciudadyregion.com.co\/index.php\/todo-listo-ya-finalizo-la-instalacion-de-proteccion-en-los-jardines-de-la-quinta-en-ibague\/ibague\/#breadcrumb"},"inLanguage":"es","potentialAction":[{"@type":"ReadAction","target":["https:\/\/ciudadyregion.com.co\/index.php\/todo-listo-ya-finalizo-la-instalacion-de-proteccion-en-los-jardines-de-la-quinta-en-ibague\/ibague\/"]}]},{"@type":"ImageObject","inLanguage":"es","@id":"https:\/\/ciudadyregion.com.co\/index.php\/todo-listo-ya-finalizo-la-instalacion-de-proteccion-en-los-jardines-de-la-quinta-en-ibague\/ibague\/#primaryimage","url":"https:\/\/i0.wp.com\/ciudadyregion.com.co\/wp-content\/uploads\/2024\/06\/4-polisombrado.jpg?fit=800%2C445&ssl=1","contentUrl":"https:\/\/i0.wp.com\/ciudadyregion.com.co\/wp-content\/uploads\/2024\/06\/4-polisombrado.jpg?fit=800%2C445&ssl=1","width":800,"height":445},{"@type":"BreadcrumbList","@id":"https:\/\/ciudadyregion.com.co\/index.php\/todo-listo-ya-finalizo-la-instalacion-de-proteccion-en-los-jardines-de-la-quinta-en-ibague\/ibague\/#breadcrumb","itemListElement":[{"@type":"ListItem","position":1,"name":"Portada","item":"https:\/\/ciudadyregion.com.co\/"},{"@type":"ListItem","position":2,"name":"Todo listo:\u00a0 Ya finaliz\u00f3 la instalaci\u00f3n de protecci\u00f3n en los jardines de La Quinta, en Ibagu\u00e9"}]},{"@type":"WebSite","@id":"https:\/\/ciudadyregion.com.co\/#website","url":"https:\/\/ciudadyregion.com.co\/","name":"Ciudad y Region","description":"","potentialAction":[{"@type":"SearchAction","target":{"@type":"EntryPoint","urlTemplate":"https:\/\/ciudadyregion.com.co\/?s={search_term_string}"},"query-input":{"@type":"PropertyValueSpecification","valueRequired":true,"valueName":"search_term_string"}}],"inLanguage":"es"},{"@type":"Person","@id":"https:\/\/ciudadyregion.com.co\/#\/schema\/person\/04a4954373ebc4051f46e8c65ff78622","name":"David Andr\u00e9s Aguirre","image":{"@type":"ImageObject","inLanguage":"es","@id":"https:\/\/ciudadyregion.com.co\/#\/schema\/person\/image\/","url":"https:\/\/secure.gravatar.com\/avatar\/bc3c655860202182ee6d1b5edd042dbe?s=96&d=mm&r=g","contentUrl":"https:\/\/secure.gravatar.com\/avatar\/bc3c655860202182ee6d1b5edd042dbe?s=96&d=mm&r=g","caption":"David Andr\u00e9s Aguirre"},"url":"https:\/\/ciudadyregion.com.co\/index.php\/author\/diegoaguirre\/"}]}},"jetpack_featured_media_url":"https:\/\/i0.wp.com\/ciudadyregion.com.co\/wp-content\/uploads\/2024\/06\/4-polisombrado.jpg?fit=800%2C445&ssl=1","jetpack_sharing_enabled":true,"jetpack_shortlink":"https:\/\/wp.me\/pbS7hh-4iK","jetpack-related-posts":[],"_links":{"self":[{"href":"https:\/\/ciudadyregion.com.co\/index.php\/wp-json\/wp\/v2\/posts\/16538"}],"collection":[{"href":"https:\/\/ciudadyregion.com.co\/index.php\/wp-json\/wp\/v2\/posts"}],"about":[{"href":"https:\/\/ciudadyregion.com.co\/index.php\/wp-json\/wp\/v2\/types\/post"}],"author":[{"embeddable":true,"href":"https:\/\/ciudadyregion.com.co\/index.php\/wp-json\/wp\/v2\/users\/2"}],"replies":[{"embeddable":true,"href":"https:\/\/ciudadyregion.com.co\/index.php\/wp-json\/wp\/v2\/comments?post=16538"}],"version-history":[{"count":1,"href":"https:\/\/ciudadyregion.com.co\/index.php\/wp-json\/wp\/v2\/posts\/16538\/revisions"}],"predecessor-version":[{"id":16540,"href":"https:\/\/ciudadyregion.com.co\/index.php\/wp-json\/wp\/v2\/posts\/16538\/revisions\/16540"}],"wp:featuredmedia":[{"embeddable":true,"href":"https:\/\/ciudadyregion.com.co\/index.php\/wp-json\/wp\/v2\/media\/16539"}],"wp:attachment":[{"href":"https:\/\/ciudadyregion.com.co\/index.php\/wp-json\/wp\/v2\/media?parent=16538"}],"wp:term":[{"taxonomy":"category","embeddable":true,"href":"https:\/\/ciudadyregion.com.co\/index.php\/wp-json\/wp\/v2\/categories?post=16538"},{"taxonomy":"post_tag","embeddable":true,"href":"https:\/\/ciudadyregion.com.co\/index.php\/wp-json\/wp\/v2\/tags?post=16538"}],"curies":[{"name":"wp","href":"https:\/\/api.w.org\/{rel}","templated":true}]}}