{"id":16270,"date":"2024-06-14T07:46:50","date_gmt":"2024-06-14T12:46:50","guid":{"rendered":"https:\/\/ciudadyregion.com.co\/?p=16270"},"modified":"2024-06-14T07:46:50","modified_gmt":"2024-06-14T12:46:50","slug":"3-sujetos-capturados-y-un-menor-aprehendido-en-honda-por-estar-presuntamente-implicados-en-el-hurto-a-una-mujer-con-armas-blancas-y-traumaticas","status":"publish","type":"post","link":"https:\/\/ciudadyregion.com.co\/index.php\/3-sujetos-capturados-y-un-menor-aprehendido-en-honda-por-estar-presuntamente-implicados-en-el-hurto-a-una-mujer-con-armas-blancas-y-traumaticas\/judicial\/","title":{"rendered":"3 Sujetos capturados y un menor aprehendido en Honda por estar presuntamente implicados en el hurto a una mujer con armas blancas y traum\u00e1ticas"},"content":{"rendered":"<ul>\n<li><em><strong>Los hoy capturados y el aprehendidos despu\u00e9s de audiencia virtual, fueron dejados en libertad.<\/strong><\/em><\/li>\n<li><em><strong>A esta hora contin\u00faan los operativos contra el delito en todo el departamento.<\/strong><\/em><\/li>\n<\/ul>\n<p>En el marco de la ofensiva permanente contra el hurto en todas sus modalidades, el departamento de Polic\u00eda Tolima, con su personal de la estaci\u00f3n de Polic\u00eda Honda, logr\u00f3 en las \u00faltimas horas la captura de tres sujetos, la aprehensi\u00f3n de un menor, la incautaci\u00f3n de un arma traum\u00e1tica, pasamonta\u00f1as, armas cortopunzantes, celulares y la recuperaci\u00f3n de un bolso y dem\u00e1s pertenencias de una mujer, al parecer v\u00edctima de hurto.<\/p>\n<p>El hecho se present\u00f3 a las 10:10 de la noche, cuando los uniformados realizaban planes y controles diferenciales y fueron informados mediante llamada telef\u00f3nica sobre un posible caso de hurto, en hechos presentados en la v\u00eda Honda \u2013 Mariquita, cerca al centro vacacional de la Polic\u00eda. Seg\u00fan versiones, la v\u00edctima habr\u00eda sido intimidada por sujetos en motocicleta, aparentemente armados, donde uno de ellos habr\u00eda hecho un disparo con el fin de detener a una mujer, a quien se le habr\u00edan hurtado un equipo m\u00f3vil celular y un bolso, que conten\u00eda un casco para motocicleta y dem\u00e1s elementos personales, como documentos.<\/p>\n<p>De inmediato se activ\u00f3 un plan candado y, a la altura de la V\u00eda Nacional, en inmediaciones del sector La Piragua, se logr\u00f3 la captura en flagrancia de tres sujetos de 18 y 19 a\u00f1os, y la aprehensi\u00f3n de un menor de 17 a\u00f1os, quienes se movilizaban en tres motocicletas de diferentes cilindrajes. Al realizarles el registro e identificaci\u00f3n a personas y elementos que habr\u00edan arrojado a la v\u00eda, se les incautaron cuatro equipos m\u00f3viles, dos pasamonta\u00f1as, dos armas cortopunzantes, un arma traum\u00e1tica tipo pistola calibre 9 mil\u00edmetros con un proveedor y una vainilla percutida, sin permiso para porte o tenencia. Asimismo, se recuperaron los elementos que habr\u00edan sido hurtados momentos antes.<\/p>\n<p>Los capturados, el aprehendido, el arma, el proveedor, las motocicletas, los celulares y los elementos recuperados fueron dejados a disposici\u00f3n de la Fiscal\u00eda N\u00b032 seccional de Honda, por los delitos de hurto y tr\u00e1fico, fabricaci\u00f3n, porte o tenencia de armas de fuego, accesorios, partes o municiones. Despu\u00e9s de una audiencia virtual, fueron dejados en libertad.<\/p>\n","protected":false},"excerpt":{"rendered":"<p>Los hoy capturados y el aprehendidos despu\u00e9s de audiencia virtual, fueron dejados en libertad. A esta hora contin\u00faan los operativos contra el delito en todo el departamento. En el marco de la ofensiva permanente contra el hurto en todas sus modalidades, el departamento de Polic\u00eda Tolima, con su personal de<span class=\"more-link\"><a href=\"https:\/\/ciudadyregion.com.co\/index.php\/3-sujetos-capturados-y-un-menor-aprehendido-en-honda-por-estar-presuntamente-implicados-en-el-hurto-a-una-mujer-con-armas-blancas-y-traumaticas\/judicial\/\">Continuar Leyendo<\/a><\/span><\/p>\n","protected":false},"author":2,"featured_media":16271,"comment_status":"open","ping_status":"open","sticky":false,"template":"","format":"standard","meta":{"_uf_show_specific_survey":0,"_uf_disable_surveys":false,"_jetpack_memberships_contains_paid_content":false,"footnotes":"","jetpack_publicize_message":"","jetpack_publicize_feature_enabled":true,"jetpack_social_post_already_shared":true,"jetpack_social_options":{"image_generator_settings":{"template":"highway","enabled":false},"version":2}},"categories":[18],"tags":[],"class_list":["entry","author-diegoaguirre","post-16270","post","type-post","status-publish","format-standard","has-post-thumbnail","category-judicial"],"jetpack_publicize_connections":[],"yoast_head":"<!-- This site is optimized with the Yoast SEO plugin v24.3 - https:\/\/yoast.com\/wordpress\/plugins\/seo\/ -->\n<title>3 Sujetos capturados y un menor aprehendido en Honda por estar presuntamente implicados en el hurto a una mujer con armas blancas y traum\u00e1ticas - Ciudad y Region<\/title>\n<meta name=\"robots\" content=\"index, follow, max-snippet:-1, max-image-preview:large, max-video-preview:-1\" \/>\n<link rel=\"canonical\" href=\"https:\/\/ciudadyregion.com.co\/index.php\/3-sujetos-capturados-y-un-menor-aprehendido-en-honda-por-estar-presuntamente-implicados-en-el-hurto-a-una-mujer-con-armas-blancas-y-traumaticas\/judicial\/\" \/>\n<meta property=\"og:locale\" content=\"es_ES\" \/>\n<meta property=\"og:type\" content=\"article\" \/>\n<meta property=\"og:title\" content=\"3 Sujetos capturados y un menor aprehendido en Honda por estar presuntamente implicados en el hurto a una mujer con armas blancas y traum\u00e1ticas - Ciudad y Region\" \/>\n<meta property=\"og:description\" content=\"Los hoy capturados y el aprehendidos despu\u00e9s de audiencia virtual, fueron dejados en libertad. A esta hora contin\u00faan los operativos contra el delito en todo el departamento. En el marco de la ofensiva permanente contra el hurto en todas sus modalidades, el departamento de Polic\u00eda Tolima, con su personal deContinuar Leyendo\" \/>\n<meta property=\"og:url\" content=\"https:\/\/ciudadyregion.com.co\/index.php\/3-sujetos-capturados-y-un-menor-aprehendido-en-honda-por-estar-presuntamente-implicados-en-el-hurto-a-una-mujer-con-armas-blancas-y-traumaticas\/judicial\/\" \/>\n<meta property=\"og:site_name\" content=\"Ciudad y Region\" \/>\n<meta property=\"article:published_time\" content=\"2024-06-14T12:46:50+00:00\" \/>\n<meta property=\"og:image\" content=\"https:\/\/ciudadyregion.com.co\/wp-content\/uploads\/2024\/06\/8-17.jpg\" \/>\n\t<meta property=\"og:image:width\" content=\"800\" \/>\n\t<meta property=\"og:image:height\" content=\"445\" \/>\n\t<meta property=\"og:image:type\" content=\"image\/jpeg\" \/>\n<meta name=\"author\" content=\"David Andr\u00e9s Aguirre\" \/>\n<meta name=\"twitter:card\" content=\"summary_large_image\" \/>\n<meta name=\"twitter:label1\" content=\"Escrito por\" \/>\n\t<meta name=\"twitter:data1\" content=\"David Andr\u00e9s Aguirre\" \/>\n\t<meta name=\"twitter:label2\" content=\"Tiempo de lectura\" \/>\n\t<meta name=\"twitter:data2\" content=\"2 minutos\" \/>\n<script type=\"application\/ld+json\" class=\"yoast-schema-graph\">{\"@context\":\"https:\/\/schema.org\",\"@graph\":[{\"@type\":\"WebPage\",\"@id\":\"https:\/\/ciudadyregion.com.co\/index.php\/3-sujetos-capturados-y-un-menor-aprehendido-en-honda-por-estar-presuntamente-implicados-en-el-hurto-a-una-mujer-con-armas-blancas-y-traumaticas\/judicial\/\",\"url\":\"https:\/\/ciudadyregion.com.co\/index.php\/3-sujetos-capturados-y-un-menor-aprehendido-en-honda-por-estar-presuntamente-implicados-en-el-hurto-a-una-mujer-con-armas-blancas-y-traumaticas\/judicial\/\",\"name\":\"3 Sujetos capturados y un menor aprehendido en Honda por estar presuntamente implicados en el hurto a una mujer con armas blancas y traum\u00e1ticas - Ciudad y Region\",\"isPartOf\":{\"@id\":\"https:\/\/ciudadyregion.com.co\/#website\"},\"primaryImageOfPage\":{\"@id\":\"https:\/\/ciudadyregion.com.co\/index.php\/3-sujetos-capturados-y-un-menor-aprehendido-en-honda-por-estar-presuntamente-implicados-en-el-hurto-a-una-mujer-con-armas-blancas-y-traumaticas\/judicial\/#primaryimage\"},\"image\":{\"@id\":\"https:\/\/ciudadyregion.com.co\/index.php\/3-sujetos-capturados-y-un-menor-aprehendido-en-honda-por-estar-presuntamente-implicados-en-el-hurto-a-una-mujer-con-armas-blancas-y-traumaticas\/judicial\/#primaryimage\"},\"thumbnailUrl\":\"https:\/\/i0.wp.com\/ciudadyregion.com.co\/wp-content\/uploads\/2024\/06\/8-17.jpg?fit=800%2C445&ssl=1\",\"datePublished\":\"2024-06-14T12:46:50+00:00\",\"dateModified\":\"2024-06-14T12:46:50+00:00\",\"author\":{\"@id\":\"https:\/\/ciudadyregion.com.co\/#\/schema\/person\/04a4954373ebc4051f46e8c65ff78622\"},\"breadcrumb\":{\"@id\":\"https:\/\/ciudadyregion.com.co\/index.php\/3-sujetos-capturados-y-un-menor-aprehendido-en-honda-por-estar-presuntamente-implicados-en-el-hurto-a-una-mujer-con-armas-blancas-y-traumaticas\/judicial\/#breadcrumb\"},\"inLanguage\":\"es\",\"potentialAction\":[{\"@type\":\"ReadAction\",\"target\":[\"https:\/\/ciudadyregion.com.co\/index.php\/3-sujetos-capturados-y-un-menor-aprehendido-en-honda-por-estar-presuntamente-implicados-en-el-hurto-a-una-mujer-con-armas-blancas-y-traumaticas\/judicial\/\"]}]},{\"@type\":\"ImageObject\",\"inLanguage\":\"es\",\"@id\":\"https:\/\/ciudadyregion.com.co\/index.php\/3-sujetos-capturados-y-un-menor-aprehendido-en-honda-por-estar-presuntamente-implicados-en-el-hurto-a-una-mujer-con-armas-blancas-y-traumaticas\/judicial\/#primaryimage\",\"url\":\"https:\/\/i0.wp.com\/ciudadyregion.com.co\/wp-content\/uploads\/2024\/06\/8-17.jpg?fit=800%2C445&ssl=1\",\"contentUrl\":\"https:\/\/i0.wp.com\/ciudadyregion.com.co\/wp-content\/uploads\/2024\/06\/8-17.jpg?fit=800%2C445&ssl=1\",\"width\":800,\"height\":445},{\"@type\":\"BreadcrumbList\",\"@id\":\"https:\/\/ciudadyregion.com.co\/index.php\/3-sujetos-capturados-y-un-menor-aprehendido-en-honda-por-estar-presuntamente-implicados-en-el-hurto-a-una-mujer-con-armas-blancas-y-traumaticas\/judicial\/#breadcrumb\",\"itemListElement\":[{\"@type\":\"ListItem\",\"position\":1,\"name\":\"Portada\",\"item\":\"https:\/\/ciudadyregion.com.co\/\"},{\"@type\":\"ListItem\",\"position\":2,\"name\":\"3 Sujetos capturados y un menor aprehendido en Honda por estar presuntamente implicados en el hurto a una mujer con armas blancas y traum\u00e1ticas\"}]},{\"@type\":\"WebSite\",\"@id\":\"https:\/\/ciudadyregion.com.co\/#website\",\"url\":\"https:\/\/ciudadyregion.com.co\/\",\"name\":\"Ciudad y Region\",\"description\":\"\",\"potentialAction\":[{\"@type\":\"SearchAction\",\"target\":{\"@type\":\"EntryPoint\",\"urlTemplate\":\"https:\/\/ciudadyregion.com.co\/?s={search_term_string}\"},\"query-input\":{\"@type\":\"PropertyValueSpecification\",\"valueRequired\":true,\"valueName\":\"search_term_string\"}}],\"inLanguage\":\"es\"},{\"@type\":\"Person\",\"@id\":\"https:\/\/ciudadyregion.com.co\/#\/schema\/person\/04a4954373ebc4051f46e8c65ff78622\",\"name\":\"David Andr\u00e9s Aguirre\",\"image\":{\"@type\":\"ImageObject\",\"inLanguage\":\"es\",\"@id\":\"https:\/\/ciudadyregion.com.co\/#\/schema\/person\/image\/\",\"url\":\"https:\/\/secure.gravatar.com\/avatar\/bc3c655860202182ee6d1b5edd042dbe?s=96&d=mm&r=g\",\"contentUrl\":\"https:\/\/secure.gravatar.com\/avatar\/bc3c655860202182ee6d1b5edd042dbe?s=96&d=mm&r=g\",\"caption\":\"David Andr\u00e9s Aguirre\"},\"url\":\"https:\/\/ciudadyregion.com.co\/index.php\/author\/diegoaguirre\/\"}]}<\/script>\n<!-- \/ Yoast SEO plugin. -->","yoast_head_json":{"title":"3 Sujetos capturados y un menor aprehendido en Honda por estar presuntamente implicados en el hurto a una mujer con armas blancas y traum\u00e1ticas - Ciudad y Region","robots":{"index":"index","follow":"follow","max-snippet":"max-snippet:-1","max-image-preview":"max-image-preview:large","max-video-preview":"max-video-preview:-1"},"canonical":"https:\/\/ciudadyregion.com.co\/index.php\/3-sujetos-capturados-y-un-menor-aprehendido-en-honda-por-estar-presuntamente-implicados-en-el-hurto-a-una-mujer-con-armas-blancas-y-traumaticas\/judicial\/","og_locale":"es_ES","og_type":"article","og_title":"3 Sujetos capturados y un menor aprehendido en Honda por estar presuntamente implicados en el hurto a una mujer con armas blancas y traum\u00e1ticas - Ciudad y Region","og_description":"Los hoy capturados y el aprehendidos despu\u00e9s de audiencia virtual, fueron dejados en libertad. A esta hora contin\u00faan los operativos contra el delito en todo el departamento. En el marco de la ofensiva permanente contra el hurto en todas sus modalidades, el departamento de Polic\u00eda Tolima, con su personal deContinuar Leyendo","og_url":"https:\/\/ciudadyregion.com.co\/index.php\/3-sujetos-capturados-y-un-menor-aprehendido-en-honda-por-estar-presuntamente-implicados-en-el-hurto-a-una-mujer-con-armas-blancas-y-traumaticas\/judicial\/","og_site_name":"Ciudad y Region","article_published_time":"2024-06-14T12:46:50+00:00","og_image":[{"width":800,"height":445,"url":"https:\/\/ciudadyregion.com.co\/wp-content\/uploads\/2024\/06\/8-17.jpg","type":"image\/jpeg"}],"author":"David Andr\u00e9s Aguirre","twitter_card":"summary_large_image","twitter_misc":{"Escrito por":"David Andr\u00e9s Aguirre","Tiempo de lectura":"2 minutos"},"schema":{"@context":"https:\/\/schema.org","@graph":[{"@type":"WebPage","@id":"https:\/\/ciudadyregion.com.co\/index.php\/3-sujetos-capturados-y-un-menor-aprehendido-en-honda-por-estar-presuntamente-implicados-en-el-hurto-a-una-mujer-con-armas-blancas-y-traumaticas\/judicial\/","url":"https:\/\/ciudadyregion.com.co\/index.php\/3-sujetos-capturados-y-un-menor-aprehendido-en-honda-por-estar-presuntamente-implicados-en-el-hurto-a-una-mujer-con-armas-blancas-y-traumaticas\/judicial\/","name":"3 Sujetos capturados y un menor aprehendido en Honda por estar presuntamente implicados en el hurto a una mujer con armas blancas y traum\u00e1ticas - Ciudad y Region","isPartOf":{"@id":"https:\/\/ciudadyregion.com.co\/#website"},"primaryImageOfPage":{"@id":"https:\/\/ciudadyregion.com.co\/index.php\/3-sujetos-capturados-y-un-menor-aprehendido-en-honda-por-estar-presuntamente-implicados-en-el-hurto-a-una-mujer-con-armas-blancas-y-traumaticas\/judicial\/#primaryimage"},"image":{"@id":"https:\/\/ciudadyregion.com.co\/index.php\/3-sujetos-capturados-y-un-menor-aprehendido-en-honda-por-estar-presuntamente-implicados-en-el-hurto-a-una-mujer-con-armas-blancas-y-traumaticas\/judicial\/#primaryimage"},"thumbnailUrl":"https:\/\/i0.wp.com\/ciudadyregion.com.co\/wp-content\/uploads\/2024\/06\/8-17.jpg?fit=800%2C445&ssl=1","datePublished":"2024-06-14T12:46:50+00:00","dateModified":"2024-06-14T12:46:50+00:00","author":{"@id":"https:\/\/ciudadyregion.com.co\/#\/schema\/person\/04a4954373ebc4051f46e8c65ff78622"},"breadcrumb":{"@id":"https:\/\/ciudadyregion.com.co\/index.php\/3-sujetos-capturados-y-un-menor-aprehendido-en-honda-por-estar-presuntamente-implicados-en-el-hurto-a-una-mujer-con-armas-blancas-y-traumaticas\/judicial\/#breadcrumb"},"inLanguage":"es","potentialAction":[{"@type":"ReadAction","target":["https:\/\/ciudadyregion.com.co\/index.php\/3-sujetos-capturados-y-un-menor-aprehendido-en-honda-por-estar-presuntamente-implicados-en-el-hurto-a-una-mujer-con-armas-blancas-y-traumaticas\/judicial\/"]}]},{"@type":"ImageObject","inLanguage":"es","@id":"https:\/\/ciudadyregion.com.co\/index.php\/3-sujetos-capturados-y-un-menor-aprehendido-en-honda-por-estar-presuntamente-implicados-en-el-hurto-a-una-mujer-con-armas-blancas-y-traumaticas\/judicial\/#primaryimage","url":"https:\/\/i0.wp.com\/ciudadyregion.com.co\/wp-content\/uploads\/2024\/06\/8-17.jpg?fit=800%2C445&ssl=1","contentUrl":"https:\/\/i0.wp.com\/ciudadyregion.com.co\/wp-content\/uploads\/2024\/06\/8-17.jpg?fit=800%2C445&ssl=1","width":800,"height":445},{"@type":"BreadcrumbList","@id":"https:\/\/ciudadyregion.com.co\/index.php\/3-sujetos-capturados-y-un-menor-aprehendido-en-honda-por-estar-presuntamente-implicados-en-el-hurto-a-una-mujer-con-armas-blancas-y-traumaticas\/judicial\/#breadcrumb","itemListElement":[{"@type":"ListItem","position":1,"name":"Portada","item":"https:\/\/ciudadyregion.com.co\/"},{"@type":"ListItem","position":2,"name":"3 Sujetos capturados y un menor aprehendido en Honda por estar presuntamente implicados en el hurto a una mujer con armas blancas y traum\u00e1ticas"}]},{"@type":"WebSite","@id":"https:\/\/ciudadyregion.com.co\/#website","url":"https:\/\/ciudadyregion.com.co\/","name":"Ciudad y Region","description":"","potentialAction":[{"@type":"SearchAction","target":{"@type":"EntryPoint","urlTemplate":"https:\/\/ciudadyregion.com.co\/?s={search_term_string}"},"query-input":{"@type":"PropertyValueSpecification","valueRequired":true,"valueName":"search_term_string"}}],"inLanguage":"es"},{"@type":"Person","@id":"https:\/\/ciudadyregion.com.co\/#\/schema\/person\/04a4954373ebc4051f46e8c65ff78622","name":"David Andr\u00e9s Aguirre","image":{"@type":"ImageObject","inLanguage":"es","@id":"https:\/\/ciudadyregion.com.co\/#\/schema\/person\/image\/","url":"https:\/\/secure.gravatar.com\/avatar\/bc3c655860202182ee6d1b5edd042dbe?s=96&d=mm&r=g","contentUrl":"https:\/\/secure.gravatar.com\/avatar\/bc3c655860202182ee6d1b5edd042dbe?s=96&d=mm&r=g","caption":"David Andr\u00e9s Aguirre"},"url":"https:\/\/ciudadyregion.com.co\/index.php\/author\/diegoaguirre\/"}]}},"jetpack_featured_media_url":"https:\/\/i0.wp.com\/ciudadyregion.com.co\/wp-content\/uploads\/2024\/06\/8-17.jpg?fit=800%2C445&ssl=1","jetpack_sharing_enabled":true,"jetpack_shortlink":"https:\/\/wp.me\/pbS7hh-4eq","jetpack-related-posts":[],"_links":{"self":[{"href":"https:\/\/ciudadyregion.com.co\/index.php\/wp-json\/wp\/v2\/posts\/16270"}],"collection":[{"href":"https:\/\/ciudadyregion.com.co\/index.php\/wp-json\/wp\/v2\/posts"}],"about":[{"href":"https:\/\/ciudadyregion.com.co\/index.php\/wp-json\/wp\/v2\/types\/post"}],"author":[{"embeddable":true,"href":"https:\/\/ciudadyregion.com.co\/index.php\/wp-json\/wp\/v2\/users\/2"}],"replies":[{"embeddable":true,"href":"https:\/\/ciudadyregion.com.co\/index.php\/wp-json\/wp\/v2\/comments?post=16270"}],"version-history":[{"count":1,"href":"https:\/\/ciudadyregion.com.co\/index.php\/wp-json\/wp\/v2\/posts\/16270\/revisions"}],"predecessor-version":[{"id":16272,"href":"https:\/\/ciudadyregion.com.co\/index.php\/wp-json\/wp\/v2\/posts\/16270\/revisions\/16272"}],"wp:featuredmedia":[{"embeddable":true,"href":"https:\/\/ciudadyregion.com.co\/index.php\/wp-json\/wp\/v2\/media\/16271"}],"wp:attachment":[{"href":"https:\/\/ciudadyregion.com.co\/index.php\/wp-json\/wp\/v2\/media?parent=16270"}],"wp:term":[{"taxonomy":"category","embeddable":true,"href":"https:\/\/ciudadyregion.com.co\/index.php\/wp-json\/wp\/v2\/categories?post=16270"},{"taxonomy":"post_tag","embeddable":true,"href":"https:\/\/ciudadyregion.com.co\/index.php\/wp-json\/wp\/v2\/tags?post=16270"}],"curies":[{"name":"wp","href":"https:\/\/api.w.org\/{rel}","templated":true}]}}