{"id":16267,"date":"2024-06-14T07:41:40","date_gmt":"2024-06-14T12:41:40","guid":{"rendered":"https:\/\/ciudadyregion.com.co\/?p=16267"},"modified":"2024-06-14T07:41:40","modified_gmt":"2024-06-14T12:41:40","slug":"maria-la-no-santa-capturan-en-melgar-a-maria-a-quien-era-requerida-por-multiples-delitos-y-seria-presunta-integrante-de-las-aguilas","status":"publish","type":"post","link":"https:\/\/ciudadyregion.com.co\/index.php\/maria-la-no-santa-capturan-en-melgar-a-maria-a-quien-era-requerida-por-multiples-delitos-y-seria-presunta-integrante-de-las-aguilas\/judicial\/","title":{"rendered":"\u00abMar\u00eda la no santa\u00bb: Capturan en Melgar a &#8216;Mar\u00eda&#8217;, a quien era requerida por m\u00faltiples delitos y ser\u00eda presunta integrante de &#8216;Las \u00c1guilas&#8217;"},"content":{"rendered":"<ul>\n<li><em><strong>La hoy capturada despu\u00e9s de audiencia virtual, fue cobijada con medida de aseguramiento en centro penitenciario y carcelario.<\/strong><\/em><\/li>\n<li><em><strong>A esta hora contin\u00faan los operativos contra el delito en todo el departamento.<\/strong><\/em><\/li>\n<\/ul>\n<p>En desarrollo de la estrategia integral contra el delito, especialmente el hurto y el porte ilegal de armas, la Polic\u00eda de Tolima, con su personal de la estaci\u00f3n de Polic\u00eda de Melgar, logr\u00f3 en las \u00faltimas horas la captura de una mujer requerida mediante orden de captura por diferentes delitos.<\/p>\n<p>El hecho se present\u00f3 a las 04:49 de la tarde, en la v\u00eda p\u00fablica del barrio Centro del municipio mencionado. En este lugar, los uniformados se encontraban realizando planes y controles diferenciales, logrando la captura de una mujer conocida como \u2018Mar\u00eda\u2019, de 22 a\u00f1os. Al solicitarle registro e identificaci\u00f3n, se verific\u00f3 que era requerida mediante orden de captura vigente, emitida por la Fiscal\u00eda N\u00b060 seccional de la ciudad de Ibagu\u00e9, por los delitos de concierto para delinquir, hurto calificado y agravado, y fabricaci\u00f3n, tr\u00e1fico, porte o tenencia de armas de fuego, accesorios, partes o municiones.<\/p>\n<p>La capturada fue puesta a disposici\u00f3n de la autoridad solicitante. Despu\u00e9s de una audiencia virtual, se le impuso medida de aseguramiento en centro penitenciario y carcelario.<\/p>\n<p>Es de resaltar que esta persona presuntamente har\u00eda parte del grupo delincuencial denominado \u2018Las \u00c1guilas\u2019, el cual fue desarticulado en un fuerte operativo realizado el pasado mes de marzo del a\u00f1o en curso, por personal de la Sijin de la Polic\u00eda Tolima.<\/p>\n","protected":false},"excerpt":{"rendered":"<p>La hoy capturada despu\u00e9s de audiencia virtual, fue cobijada con medida de aseguramiento en centro penitenciario y carcelario. A esta hora contin\u00faan los operativos contra el delito en todo el departamento. En desarrollo de la estrategia integral contra el delito, especialmente el hurto y el porte ilegal de armas, la<span class=\"more-link\"><a href=\"https:\/\/ciudadyregion.com.co\/index.php\/maria-la-no-santa-capturan-en-melgar-a-maria-a-quien-era-requerida-por-multiples-delitos-y-seria-presunta-integrante-de-las-aguilas\/judicial\/\">Continuar Leyendo<\/a><\/span><\/p>\n","protected":false},"author":2,"featured_media":16268,"comment_status":"open","ping_status":"open","sticky":false,"template":"","format":"standard","meta":{"_uf_show_specific_survey":0,"_uf_disable_surveys":false,"_jetpack_memberships_contains_paid_content":false,"footnotes":"","jetpack_publicize_message":"","jetpack_publicize_feature_enabled":true,"jetpack_social_post_already_shared":true,"jetpack_social_options":{"image_generator_settings":{"template":"highway","enabled":false},"version":2}},"categories":[18],"tags":[],"class_list":["entry","author-diegoaguirre","post-16267","post","type-post","status-publish","format-standard","has-post-thumbnail","category-judicial"],"jetpack_publicize_connections":[],"yoast_head":"<!-- This site is optimized with the Yoast SEO plugin v24.3 - https:\/\/yoast.com\/wordpress\/plugins\/seo\/ -->\n<title>&quot;Mar\u00eda la no santa&quot;: Capturan en Melgar a &#039;Mar\u00eda&#039;, a quien era requerida por m\u00faltiples delitos y ser\u00eda presunta integrante de &#039;Las \u00c1guilas&#039; - Ciudad y Region<\/title>\n<meta name=\"robots\" content=\"index, follow, max-snippet:-1, max-image-preview:large, max-video-preview:-1\" \/>\n<link rel=\"canonical\" href=\"https:\/\/ciudadyregion.com.co\/index.php\/maria-la-no-santa-capturan-en-melgar-a-maria-a-quien-era-requerida-por-multiples-delitos-y-seria-presunta-integrante-de-las-aguilas\/judicial\/\" \/>\n<meta property=\"og:locale\" content=\"es_ES\" \/>\n<meta property=\"og:type\" content=\"article\" \/>\n<meta property=\"og:title\" content=\"&quot;Mar\u00eda la no santa&quot;: Capturan en Melgar a &#039;Mar\u00eda&#039;, a quien era requerida por m\u00faltiples delitos y ser\u00eda presunta integrante de &#039;Las \u00c1guilas&#039; - Ciudad y Region\" \/>\n<meta property=\"og:description\" content=\"La hoy capturada despu\u00e9s de audiencia virtual, fue cobijada con medida de aseguramiento en centro penitenciario y carcelario. A esta hora contin\u00faan los operativos contra el delito en todo el departamento. En desarrollo de la estrategia integral contra el delito, especialmente el hurto y el porte ilegal de armas, laContinuar Leyendo\" \/>\n<meta property=\"og:url\" content=\"https:\/\/ciudadyregion.com.co\/index.php\/maria-la-no-santa-capturan-en-melgar-a-maria-a-quien-era-requerida-por-multiples-delitos-y-seria-presunta-integrante-de-las-aguilas\/judicial\/\" \/>\n<meta property=\"og:site_name\" content=\"Ciudad y Region\" \/>\n<meta property=\"article:published_time\" content=\"2024-06-14T12:41:40+00:00\" \/>\n<meta property=\"og:image\" content=\"https:\/\/ciudadyregion.com.co\/wp-content\/uploads\/2024\/06\/7-23.jpg\" \/>\n\t<meta property=\"og:image:width\" content=\"800\" \/>\n\t<meta property=\"og:image:height\" content=\"445\" \/>\n\t<meta property=\"og:image:type\" content=\"image\/jpeg\" \/>\n<meta name=\"author\" content=\"David Andr\u00e9s Aguirre\" \/>\n<meta name=\"twitter:card\" content=\"summary_large_image\" \/>\n<meta name=\"twitter:label1\" content=\"Escrito por\" \/>\n\t<meta name=\"twitter:data1\" content=\"David Andr\u00e9s Aguirre\" \/>\n\t<meta name=\"twitter:label2\" content=\"Tiempo de lectura\" \/>\n\t<meta name=\"twitter:data2\" content=\"2 minutos\" \/>\n<script type=\"application\/ld+json\" class=\"yoast-schema-graph\">{\"@context\":\"https:\/\/schema.org\",\"@graph\":[{\"@type\":\"WebPage\",\"@id\":\"https:\/\/ciudadyregion.com.co\/index.php\/maria-la-no-santa-capturan-en-melgar-a-maria-a-quien-era-requerida-por-multiples-delitos-y-seria-presunta-integrante-de-las-aguilas\/judicial\/\",\"url\":\"https:\/\/ciudadyregion.com.co\/index.php\/maria-la-no-santa-capturan-en-melgar-a-maria-a-quien-era-requerida-por-multiples-delitos-y-seria-presunta-integrante-de-las-aguilas\/judicial\/\",\"name\":\"\\\"Mar\u00eda la no santa\\\": Capturan en Melgar a 'Mar\u00eda', a quien era requerida por m\u00faltiples delitos y ser\u00eda presunta integrante de 'Las \u00c1guilas' - Ciudad y Region\",\"isPartOf\":{\"@id\":\"https:\/\/ciudadyregion.com.co\/#website\"},\"primaryImageOfPage\":{\"@id\":\"https:\/\/ciudadyregion.com.co\/index.php\/maria-la-no-santa-capturan-en-melgar-a-maria-a-quien-era-requerida-por-multiples-delitos-y-seria-presunta-integrante-de-las-aguilas\/judicial\/#primaryimage\"},\"image\":{\"@id\":\"https:\/\/ciudadyregion.com.co\/index.php\/maria-la-no-santa-capturan-en-melgar-a-maria-a-quien-era-requerida-por-multiples-delitos-y-seria-presunta-integrante-de-las-aguilas\/judicial\/#primaryimage\"},\"thumbnailUrl\":\"https:\/\/i0.wp.com\/ciudadyregion.com.co\/wp-content\/uploads\/2024\/06\/7-23.jpg?fit=800%2C445&ssl=1\",\"datePublished\":\"2024-06-14T12:41:40+00:00\",\"dateModified\":\"2024-06-14T12:41:40+00:00\",\"author\":{\"@id\":\"https:\/\/ciudadyregion.com.co\/#\/schema\/person\/04a4954373ebc4051f46e8c65ff78622\"},\"breadcrumb\":{\"@id\":\"https:\/\/ciudadyregion.com.co\/index.php\/maria-la-no-santa-capturan-en-melgar-a-maria-a-quien-era-requerida-por-multiples-delitos-y-seria-presunta-integrante-de-las-aguilas\/judicial\/#breadcrumb\"},\"inLanguage\":\"es\",\"potentialAction\":[{\"@type\":\"ReadAction\",\"target\":[\"https:\/\/ciudadyregion.com.co\/index.php\/maria-la-no-santa-capturan-en-melgar-a-maria-a-quien-era-requerida-por-multiples-delitos-y-seria-presunta-integrante-de-las-aguilas\/judicial\/\"]}]},{\"@type\":\"ImageObject\",\"inLanguage\":\"es\",\"@id\":\"https:\/\/ciudadyregion.com.co\/index.php\/maria-la-no-santa-capturan-en-melgar-a-maria-a-quien-era-requerida-por-multiples-delitos-y-seria-presunta-integrante-de-las-aguilas\/judicial\/#primaryimage\",\"url\":\"https:\/\/i0.wp.com\/ciudadyregion.com.co\/wp-content\/uploads\/2024\/06\/7-23.jpg?fit=800%2C445&ssl=1\",\"contentUrl\":\"https:\/\/i0.wp.com\/ciudadyregion.com.co\/wp-content\/uploads\/2024\/06\/7-23.jpg?fit=800%2C445&ssl=1\",\"width\":800,\"height\":445},{\"@type\":\"BreadcrumbList\",\"@id\":\"https:\/\/ciudadyregion.com.co\/index.php\/maria-la-no-santa-capturan-en-melgar-a-maria-a-quien-era-requerida-por-multiples-delitos-y-seria-presunta-integrante-de-las-aguilas\/judicial\/#breadcrumb\",\"itemListElement\":[{\"@type\":\"ListItem\",\"position\":1,\"name\":\"Portada\",\"item\":\"https:\/\/ciudadyregion.com.co\/\"},{\"@type\":\"ListItem\",\"position\":2,\"name\":\"&#8220;Mar\u00eda la no santa&#8221;: Capturan en Melgar a &#8216;Mar\u00eda&#8217;, a quien era requerida por m\u00faltiples delitos y ser\u00eda presunta integrante de &#8216;Las \u00c1guilas&#8217;\"}]},{\"@type\":\"WebSite\",\"@id\":\"https:\/\/ciudadyregion.com.co\/#website\",\"url\":\"https:\/\/ciudadyregion.com.co\/\",\"name\":\"Ciudad y Region\",\"description\":\"\",\"potentialAction\":[{\"@type\":\"SearchAction\",\"target\":{\"@type\":\"EntryPoint\",\"urlTemplate\":\"https:\/\/ciudadyregion.com.co\/?s={search_term_string}\"},\"query-input\":{\"@type\":\"PropertyValueSpecification\",\"valueRequired\":true,\"valueName\":\"search_term_string\"}}],\"inLanguage\":\"es\"},{\"@type\":\"Person\",\"@id\":\"https:\/\/ciudadyregion.com.co\/#\/schema\/person\/04a4954373ebc4051f46e8c65ff78622\",\"name\":\"David Andr\u00e9s Aguirre\",\"image\":{\"@type\":\"ImageObject\",\"inLanguage\":\"es\",\"@id\":\"https:\/\/ciudadyregion.com.co\/#\/schema\/person\/image\/\",\"url\":\"https:\/\/secure.gravatar.com\/avatar\/bc3c655860202182ee6d1b5edd042dbe?s=96&d=mm&r=g\",\"contentUrl\":\"https:\/\/secure.gravatar.com\/avatar\/bc3c655860202182ee6d1b5edd042dbe?s=96&d=mm&r=g\",\"caption\":\"David Andr\u00e9s Aguirre\"},\"url\":\"https:\/\/ciudadyregion.com.co\/index.php\/author\/diegoaguirre\/\"}]}<\/script>\n<!-- \/ Yoast SEO plugin. -->","yoast_head_json":{"title":"\"Mar\u00eda la no santa\": Capturan en Melgar a 'Mar\u00eda', a quien era requerida por m\u00faltiples delitos y ser\u00eda presunta integrante de 'Las \u00c1guilas' - Ciudad y Region","robots":{"index":"index","follow":"follow","max-snippet":"max-snippet:-1","max-image-preview":"max-image-preview:large","max-video-preview":"max-video-preview:-1"},"canonical":"https:\/\/ciudadyregion.com.co\/index.php\/maria-la-no-santa-capturan-en-melgar-a-maria-a-quien-era-requerida-por-multiples-delitos-y-seria-presunta-integrante-de-las-aguilas\/judicial\/","og_locale":"es_ES","og_type":"article","og_title":"\"Mar\u00eda la no santa\": Capturan en Melgar a 'Mar\u00eda', a quien era requerida por m\u00faltiples delitos y ser\u00eda presunta integrante de 'Las \u00c1guilas' - Ciudad y Region","og_description":"La hoy capturada despu\u00e9s de audiencia virtual, fue cobijada con medida de aseguramiento en centro penitenciario y carcelario. A esta hora contin\u00faan los operativos contra el delito en todo el departamento. En desarrollo de la estrategia integral contra el delito, especialmente el hurto y el porte ilegal de armas, laContinuar Leyendo","og_url":"https:\/\/ciudadyregion.com.co\/index.php\/maria-la-no-santa-capturan-en-melgar-a-maria-a-quien-era-requerida-por-multiples-delitos-y-seria-presunta-integrante-de-las-aguilas\/judicial\/","og_site_name":"Ciudad y Region","article_published_time":"2024-06-14T12:41:40+00:00","og_image":[{"width":800,"height":445,"url":"https:\/\/ciudadyregion.com.co\/wp-content\/uploads\/2024\/06\/7-23.jpg","type":"image\/jpeg"}],"author":"David Andr\u00e9s Aguirre","twitter_card":"summary_large_image","twitter_misc":{"Escrito por":"David Andr\u00e9s Aguirre","Tiempo de lectura":"2 minutos"},"schema":{"@context":"https:\/\/schema.org","@graph":[{"@type":"WebPage","@id":"https:\/\/ciudadyregion.com.co\/index.php\/maria-la-no-santa-capturan-en-melgar-a-maria-a-quien-era-requerida-por-multiples-delitos-y-seria-presunta-integrante-de-las-aguilas\/judicial\/","url":"https:\/\/ciudadyregion.com.co\/index.php\/maria-la-no-santa-capturan-en-melgar-a-maria-a-quien-era-requerida-por-multiples-delitos-y-seria-presunta-integrante-de-las-aguilas\/judicial\/","name":"\"Mar\u00eda la no santa\": Capturan en Melgar a 'Mar\u00eda', a quien era requerida por m\u00faltiples delitos y ser\u00eda presunta integrante de 'Las \u00c1guilas' - Ciudad y Region","isPartOf":{"@id":"https:\/\/ciudadyregion.com.co\/#website"},"primaryImageOfPage":{"@id":"https:\/\/ciudadyregion.com.co\/index.php\/maria-la-no-santa-capturan-en-melgar-a-maria-a-quien-era-requerida-por-multiples-delitos-y-seria-presunta-integrante-de-las-aguilas\/judicial\/#primaryimage"},"image":{"@id":"https:\/\/ciudadyregion.com.co\/index.php\/maria-la-no-santa-capturan-en-melgar-a-maria-a-quien-era-requerida-por-multiples-delitos-y-seria-presunta-integrante-de-las-aguilas\/judicial\/#primaryimage"},"thumbnailUrl":"https:\/\/i0.wp.com\/ciudadyregion.com.co\/wp-content\/uploads\/2024\/06\/7-23.jpg?fit=800%2C445&ssl=1","datePublished":"2024-06-14T12:41:40+00:00","dateModified":"2024-06-14T12:41:40+00:00","author":{"@id":"https:\/\/ciudadyregion.com.co\/#\/schema\/person\/04a4954373ebc4051f46e8c65ff78622"},"breadcrumb":{"@id":"https:\/\/ciudadyregion.com.co\/index.php\/maria-la-no-santa-capturan-en-melgar-a-maria-a-quien-era-requerida-por-multiples-delitos-y-seria-presunta-integrante-de-las-aguilas\/judicial\/#breadcrumb"},"inLanguage":"es","potentialAction":[{"@type":"ReadAction","target":["https:\/\/ciudadyregion.com.co\/index.php\/maria-la-no-santa-capturan-en-melgar-a-maria-a-quien-era-requerida-por-multiples-delitos-y-seria-presunta-integrante-de-las-aguilas\/judicial\/"]}]},{"@type":"ImageObject","inLanguage":"es","@id":"https:\/\/ciudadyregion.com.co\/index.php\/maria-la-no-santa-capturan-en-melgar-a-maria-a-quien-era-requerida-por-multiples-delitos-y-seria-presunta-integrante-de-las-aguilas\/judicial\/#primaryimage","url":"https:\/\/i0.wp.com\/ciudadyregion.com.co\/wp-content\/uploads\/2024\/06\/7-23.jpg?fit=800%2C445&ssl=1","contentUrl":"https:\/\/i0.wp.com\/ciudadyregion.com.co\/wp-content\/uploads\/2024\/06\/7-23.jpg?fit=800%2C445&ssl=1","width":800,"height":445},{"@type":"BreadcrumbList","@id":"https:\/\/ciudadyregion.com.co\/index.php\/maria-la-no-santa-capturan-en-melgar-a-maria-a-quien-era-requerida-por-multiples-delitos-y-seria-presunta-integrante-de-las-aguilas\/judicial\/#breadcrumb","itemListElement":[{"@type":"ListItem","position":1,"name":"Portada","item":"https:\/\/ciudadyregion.com.co\/"},{"@type":"ListItem","position":2,"name":"&#8220;Mar\u00eda la no santa&#8221;: Capturan en Melgar a &#8216;Mar\u00eda&#8217;, a quien era requerida por m\u00faltiples delitos y ser\u00eda presunta integrante de &#8216;Las \u00c1guilas&#8217;"}]},{"@type":"WebSite","@id":"https:\/\/ciudadyregion.com.co\/#website","url":"https:\/\/ciudadyregion.com.co\/","name":"Ciudad y Region","description":"","potentialAction":[{"@type":"SearchAction","target":{"@type":"EntryPoint","urlTemplate":"https:\/\/ciudadyregion.com.co\/?s={search_term_string}"},"query-input":{"@type":"PropertyValueSpecification","valueRequired":true,"valueName":"search_term_string"}}],"inLanguage":"es"},{"@type":"Person","@id":"https:\/\/ciudadyregion.com.co\/#\/schema\/person\/04a4954373ebc4051f46e8c65ff78622","name":"David Andr\u00e9s Aguirre","image":{"@type":"ImageObject","inLanguage":"es","@id":"https:\/\/ciudadyregion.com.co\/#\/schema\/person\/image\/","url":"https:\/\/secure.gravatar.com\/avatar\/bc3c655860202182ee6d1b5edd042dbe?s=96&d=mm&r=g","contentUrl":"https:\/\/secure.gravatar.com\/avatar\/bc3c655860202182ee6d1b5edd042dbe?s=96&d=mm&r=g","caption":"David Andr\u00e9s Aguirre"},"url":"https:\/\/ciudadyregion.com.co\/index.php\/author\/diegoaguirre\/"}]}},"jetpack_featured_media_url":"https:\/\/i0.wp.com\/ciudadyregion.com.co\/wp-content\/uploads\/2024\/06\/7-23.jpg?fit=800%2C445&ssl=1","jetpack_sharing_enabled":true,"jetpack_shortlink":"https:\/\/wp.me\/pbS7hh-4en","jetpack-related-posts":[],"_links":{"self":[{"href":"https:\/\/ciudadyregion.com.co\/index.php\/wp-json\/wp\/v2\/posts\/16267"}],"collection":[{"href":"https:\/\/ciudadyregion.com.co\/index.php\/wp-json\/wp\/v2\/posts"}],"about":[{"href":"https:\/\/ciudadyregion.com.co\/index.php\/wp-json\/wp\/v2\/types\/post"}],"author":[{"embeddable":true,"href":"https:\/\/ciudadyregion.com.co\/index.php\/wp-json\/wp\/v2\/users\/2"}],"replies":[{"embeddable":true,"href":"https:\/\/ciudadyregion.com.co\/index.php\/wp-json\/wp\/v2\/comments?post=16267"}],"version-history":[{"count":1,"href":"https:\/\/ciudadyregion.com.co\/index.php\/wp-json\/wp\/v2\/posts\/16267\/revisions"}],"predecessor-version":[{"id":16269,"href":"https:\/\/ciudadyregion.com.co\/index.php\/wp-json\/wp\/v2\/posts\/16267\/revisions\/16269"}],"wp:featuredmedia":[{"embeddable":true,"href":"https:\/\/ciudadyregion.com.co\/index.php\/wp-json\/wp\/v2\/media\/16268"}],"wp:attachment":[{"href":"https:\/\/ciudadyregion.com.co\/index.php\/wp-json\/wp\/v2\/media?parent=16267"}],"wp:term":[{"taxonomy":"category","embeddable":true,"href":"https:\/\/ciudadyregion.com.co\/index.php\/wp-json\/wp\/v2\/categories?post=16267"},{"taxonomy":"post_tag","embeddable":true,"href":"https:\/\/ciudadyregion.com.co\/index.php\/wp-json\/wp\/v2\/tags?post=16267"}],"curies":[{"name":"wp","href":"https:\/\/api.w.org\/{rel}","templated":true}]}}