{"id":1619,"date":"2023-11-10T09:30:58","date_gmt":"2023-11-10T14:30:58","guid":{"rendered":"https:\/\/ciudadyregion.com.co\/?p=1619"},"modified":"2023-11-10T09:30:58","modified_gmt":"2023-11-10T14:30:58","slug":"por-ladron-piso-una-teja-en-mal-estado-y-murio-esto-en-el-barrio-granjas-de-san-pablo-bogota","status":"publish","type":"post","link":"https:\/\/ciudadyregion.com.co\/index.php\/por-ladron-piso-una-teja-en-mal-estado-y-murio-esto-en-el-barrio-granjas-de-san-pablo-bogota\/judicial\/","title":{"rendered":"\u00a1Por ladr\u00f3n! Piso una teja en mal estado y muri\u00f3, esto en el barrio Granjas de San Pablo, Bogot\u00e1"},"content":{"rendered":"<p>En la madrugada del martes 7 de noviembre, otro presunto robo tuvo un desenlace mortal. Situado en el barrio Granjas de San Pablo, el incidente se desarroll\u00f3 bajo un modus operandi similar, con delincuentes accediendo a viviendas a trav\u00e9s de los tejados. Seg\u00fan la investigaci\u00f3n preliminar, el hombre de 36 a\u00f1os sufri\u00f3 un accidente al pisar una teja en mal estado, lo que provoc\u00f3 un trauma severo.<\/p>\n<p>Fue llevado urgentemente al Hospital Santa Clara, donde a pesar de los intentos m\u00e9dicos, perdi\u00f3 la vida debido a las heridas.<\/p>\n<p>Actualmente, las autoridades est\u00e1n profundizando en las indagaciones para confirmar la naturaleza delictiva de los eventos. El an\u00e1lisis de las grabaciones de las c\u00e1maras de seguridad de los barrios afectados es una pieza clave en este proceso.<\/p>\n<p>&nbsp;<\/p>\n<p>&nbsp;<\/p>\n<p>&nbsp;<\/p>\n<p>&nbsp;<\/p>\n<p>&nbsp;<\/p>\n<p>Autora: Danna Londo\u00f1o<\/p>\n","protected":false},"excerpt":{"rendered":"<p>En la madrugada del martes 7 de noviembre, otro presunto robo tuvo un desenlace mortal. Situado en el barrio Granjas de San Pablo, el incidente se desarroll\u00f3 bajo un modus operandi similar, con delincuentes accediendo a viviendas a trav\u00e9s de los tejados. Seg\u00fan la investigaci\u00f3n preliminar, el hombre de 36<span class=\"more-link\"><a href=\"https:\/\/ciudadyregion.com.co\/index.php\/por-ladron-piso-una-teja-en-mal-estado-y-murio-esto-en-el-barrio-granjas-de-san-pablo-bogota\/judicial\/\">Continuar Leyendo<\/a><\/span><\/p>\n","protected":false},"author":2,"featured_media":1620,"comment_status":"open","ping_status":"open","sticky":false,"template":"","format":"standard","meta":{"_uf_show_specific_survey":0,"_uf_disable_surveys":false,"_jetpack_memberships_contains_paid_content":false,"footnotes":"","jetpack_publicize_message":"","jetpack_publicize_feature_enabled":true,"jetpack_social_post_already_shared":false,"jetpack_social_options":{"image_generator_settings":{"template":"highway","enabled":false},"version":2}},"categories":[18],"tags":[],"class_list":["entry","author-diegoaguirre","post-1619","post","type-post","status-publish","format-standard","has-post-thumbnail","category-judicial"],"jetpack_publicize_connections":[],"yoast_head":"<!-- This site is optimized with the Yoast SEO plugin v24.3 - https:\/\/yoast.com\/wordpress\/plugins\/seo\/ -->\n<title>\u00a1Por ladr\u00f3n! Piso una teja en mal estado y muri\u00f3, esto en el barrio Granjas de San Pablo, Bogot\u00e1 - Ciudad y Region<\/title>\n<meta name=\"robots\" content=\"index, follow, max-snippet:-1, max-image-preview:large, max-video-preview:-1\" \/>\n<link rel=\"canonical\" href=\"https:\/\/ciudadyregion.com.co\/index.php\/por-ladron-piso-una-teja-en-mal-estado-y-murio-esto-en-el-barrio-granjas-de-san-pablo-bogota\/judicial\/\" \/>\n<meta property=\"og:locale\" content=\"es_ES\" \/>\n<meta property=\"og:type\" content=\"article\" \/>\n<meta property=\"og:title\" content=\"\u00a1Por ladr\u00f3n! Piso una teja en mal estado y muri\u00f3, esto en el barrio Granjas de San Pablo, Bogot\u00e1 - Ciudad y Region\" \/>\n<meta property=\"og:description\" content=\"En la madrugada del martes 7 de noviembre, otro presunto robo tuvo un desenlace mortal. Situado en el barrio Granjas de San Pablo, el incidente se desarroll\u00f3 bajo un modus operandi similar, con delincuentes accediendo a viviendas a trav\u00e9s de los tejados. Seg\u00fan la investigaci\u00f3n preliminar, el hombre de 36Continuar Leyendo\" \/>\n<meta property=\"og:url\" content=\"https:\/\/ciudadyregion.com.co\/index.php\/por-ladron-piso-una-teja-en-mal-estado-y-murio-esto-en-el-barrio-granjas-de-san-pablo-bogota\/judicial\/\" \/>\n<meta property=\"og:site_name\" content=\"Ciudad y Region\" \/>\n<meta property=\"article:published_time\" content=\"2023-11-10T14:30:58+00:00\" \/>\n<meta property=\"og:image\" content=\"https:\/\/ciudadyregion.com.co\/wp-content\/uploads\/2023\/11\/7-6.jpg\" \/>\n\t<meta property=\"og:image:width\" content=\"800\" \/>\n\t<meta property=\"og:image:height\" content=\"445\" \/>\n\t<meta property=\"og:image:type\" content=\"image\/jpeg\" \/>\n<meta name=\"author\" content=\"David Andr\u00e9s Aguirre\" \/>\n<meta name=\"twitter:card\" content=\"summary_large_image\" \/>\n<meta name=\"twitter:label1\" content=\"Escrito por\" \/>\n\t<meta name=\"twitter:data1\" content=\"David Andr\u00e9s Aguirre\" \/>\n\t<meta name=\"twitter:label2\" content=\"Tiempo de lectura\" \/>\n\t<meta name=\"twitter:data2\" content=\"1 minuto\" \/>\n<script type=\"application\/ld+json\" class=\"yoast-schema-graph\">{\"@context\":\"https:\/\/schema.org\",\"@graph\":[{\"@type\":\"WebPage\",\"@id\":\"https:\/\/ciudadyregion.com.co\/index.php\/por-ladron-piso-una-teja-en-mal-estado-y-murio-esto-en-el-barrio-granjas-de-san-pablo-bogota\/judicial\/\",\"url\":\"https:\/\/ciudadyregion.com.co\/index.php\/por-ladron-piso-una-teja-en-mal-estado-y-murio-esto-en-el-barrio-granjas-de-san-pablo-bogota\/judicial\/\",\"name\":\"\u00a1Por ladr\u00f3n! Piso una teja en mal estado y muri\u00f3, esto en el barrio Granjas de San Pablo, Bogot\u00e1 - Ciudad y Region\",\"isPartOf\":{\"@id\":\"https:\/\/ciudadyregion.com.co\/#website\"},\"primaryImageOfPage\":{\"@id\":\"https:\/\/ciudadyregion.com.co\/index.php\/por-ladron-piso-una-teja-en-mal-estado-y-murio-esto-en-el-barrio-granjas-de-san-pablo-bogota\/judicial\/#primaryimage\"},\"image\":{\"@id\":\"https:\/\/ciudadyregion.com.co\/index.php\/por-ladron-piso-una-teja-en-mal-estado-y-murio-esto-en-el-barrio-granjas-de-san-pablo-bogota\/judicial\/#primaryimage\"},\"thumbnailUrl\":\"https:\/\/i0.wp.com\/ciudadyregion.com.co\/wp-content\/uploads\/2023\/11\/7-6.jpg?fit=800%2C445&ssl=1\",\"datePublished\":\"2023-11-10T14:30:58+00:00\",\"dateModified\":\"2023-11-10T14:30:58+00:00\",\"author\":{\"@id\":\"https:\/\/ciudadyregion.com.co\/#\/schema\/person\/04a4954373ebc4051f46e8c65ff78622\"},\"breadcrumb\":{\"@id\":\"https:\/\/ciudadyregion.com.co\/index.php\/por-ladron-piso-una-teja-en-mal-estado-y-murio-esto-en-el-barrio-granjas-de-san-pablo-bogota\/judicial\/#breadcrumb\"},\"inLanguage\":\"es\",\"potentialAction\":[{\"@type\":\"ReadAction\",\"target\":[\"https:\/\/ciudadyregion.com.co\/index.php\/por-ladron-piso-una-teja-en-mal-estado-y-murio-esto-en-el-barrio-granjas-de-san-pablo-bogota\/judicial\/\"]}]},{\"@type\":\"ImageObject\",\"inLanguage\":\"es\",\"@id\":\"https:\/\/ciudadyregion.com.co\/index.php\/por-ladron-piso-una-teja-en-mal-estado-y-murio-esto-en-el-barrio-granjas-de-san-pablo-bogota\/judicial\/#primaryimage\",\"url\":\"https:\/\/i0.wp.com\/ciudadyregion.com.co\/wp-content\/uploads\/2023\/11\/7-6.jpg?fit=800%2C445&ssl=1\",\"contentUrl\":\"https:\/\/i0.wp.com\/ciudadyregion.com.co\/wp-content\/uploads\/2023\/11\/7-6.jpg?fit=800%2C445&ssl=1\",\"width\":800,\"height\":445},{\"@type\":\"BreadcrumbList\",\"@id\":\"https:\/\/ciudadyregion.com.co\/index.php\/por-ladron-piso-una-teja-en-mal-estado-y-murio-esto-en-el-barrio-granjas-de-san-pablo-bogota\/judicial\/#breadcrumb\",\"itemListElement\":[{\"@type\":\"ListItem\",\"position\":1,\"name\":\"Portada\",\"item\":\"https:\/\/ciudadyregion.com.co\/\"},{\"@type\":\"ListItem\",\"position\":2,\"name\":\"\u00a1Por ladr\u00f3n! Piso una teja en mal estado y muri\u00f3, esto en el barrio Granjas de San Pablo, Bogot\u00e1\"}]},{\"@type\":\"WebSite\",\"@id\":\"https:\/\/ciudadyregion.com.co\/#website\",\"url\":\"https:\/\/ciudadyregion.com.co\/\",\"name\":\"Ciudad y Region\",\"description\":\"\",\"potentialAction\":[{\"@type\":\"SearchAction\",\"target\":{\"@type\":\"EntryPoint\",\"urlTemplate\":\"https:\/\/ciudadyregion.com.co\/?s={search_term_string}\"},\"query-input\":{\"@type\":\"PropertyValueSpecification\",\"valueRequired\":true,\"valueName\":\"search_term_string\"}}],\"inLanguage\":\"es\"},{\"@type\":\"Person\",\"@id\":\"https:\/\/ciudadyregion.com.co\/#\/schema\/person\/04a4954373ebc4051f46e8c65ff78622\",\"name\":\"David Andr\u00e9s Aguirre\",\"image\":{\"@type\":\"ImageObject\",\"inLanguage\":\"es\",\"@id\":\"https:\/\/ciudadyregion.com.co\/#\/schema\/person\/image\/\",\"url\":\"https:\/\/secure.gravatar.com\/avatar\/bc3c655860202182ee6d1b5edd042dbe?s=96&d=mm&r=g\",\"contentUrl\":\"https:\/\/secure.gravatar.com\/avatar\/bc3c655860202182ee6d1b5edd042dbe?s=96&d=mm&r=g\",\"caption\":\"David Andr\u00e9s Aguirre\"},\"url\":\"https:\/\/ciudadyregion.com.co\/index.php\/author\/diegoaguirre\/\"}]}<\/script>\n<!-- \/ Yoast SEO plugin. -->","yoast_head_json":{"title":"\u00a1Por ladr\u00f3n! Piso una teja en mal estado y muri\u00f3, esto en el barrio Granjas de San Pablo, Bogot\u00e1 - Ciudad y Region","robots":{"index":"index","follow":"follow","max-snippet":"max-snippet:-1","max-image-preview":"max-image-preview:large","max-video-preview":"max-video-preview:-1"},"canonical":"https:\/\/ciudadyregion.com.co\/index.php\/por-ladron-piso-una-teja-en-mal-estado-y-murio-esto-en-el-barrio-granjas-de-san-pablo-bogota\/judicial\/","og_locale":"es_ES","og_type":"article","og_title":"\u00a1Por ladr\u00f3n! Piso una teja en mal estado y muri\u00f3, esto en el barrio Granjas de San Pablo, Bogot\u00e1 - Ciudad y Region","og_description":"En la madrugada del martes 7 de noviembre, otro presunto robo tuvo un desenlace mortal. Situado en el barrio Granjas de San Pablo, el incidente se desarroll\u00f3 bajo un modus operandi similar, con delincuentes accediendo a viviendas a trav\u00e9s de los tejados. Seg\u00fan la investigaci\u00f3n preliminar, el hombre de 36Continuar Leyendo","og_url":"https:\/\/ciudadyregion.com.co\/index.php\/por-ladron-piso-una-teja-en-mal-estado-y-murio-esto-en-el-barrio-granjas-de-san-pablo-bogota\/judicial\/","og_site_name":"Ciudad y Region","article_published_time":"2023-11-10T14:30:58+00:00","og_image":[{"width":800,"height":445,"url":"https:\/\/ciudadyregion.com.co\/wp-content\/uploads\/2023\/11\/7-6.jpg","type":"image\/jpeg"}],"author":"David Andr\u00e9s Aguirre","twitter_card":"summary_large_image","twitter_misc":{"Escrito por":"David Andr\u00e9s Aguirre","Tiempo de lectura":"1 minuto"},"schema":{"@context":"https:\/\/schema.org","@graph":[{"@type":"WebPage","@id":"https:\/\/ciudadyregion.com.co\/index.php\/por-ladron-piso-una-teja-en-mal-estado-y-murio-esto-en-el-barrio-granjas-de-san-pablo-bogota\/judicial\/","url":"https:\/\/ciudadyregion.com.co\/index.php\/por-ladron-piso-una-teja-en-mal-estado-y-murio-esto-en-el-barrio-granjas-de-san-pablo-bogota\/judicial\/","name":"\u00a1Por ladr\u00f3n! Piso una teja en mal estado y muri\u00f3, esto en el barrio Granjas de San Pablo, Bogot\u00e1 - Ciudad y Region","isPartOf":{"@id":"https:\/\/ciudadyregion.com.co\/#website"},"primaryImageOfPage":{"@id":"https:\/\/ciudadyregion.com.co\/index.php\/por-ladron-piso-una-teja-en-mal-estado-y-murio-esto-en-el-barrio-granjas-de-san-pablo-bogota\/judicial\/#primaryimage"},"image":{"@id":"https:\/\/ciudadyregion.com.co\/index.php\/por-ladron-piso-una-teja-en-mal-estado-y-murio-esto-en-el-barrio-granjas-de-san-pablo-bogota\/judicial\/#primaryimage"},"thumbnailUrl":"https:\/\/i0.wp.com\/ciudadyregion.com.co\/wp-content\/uploads\/2023\/11\/7-6.jpg?fit=800%2C445&ssl=1","datePublished":"2023-11-10T14:30:58+00:00","dateModified":"2023-11-10T14:30:58+00:00","author":{"@id":"https:\/\/ciudadyregion.com.co\/#\/schema\/person\/04a4954373ebc4051f46e8c65ff78622"},"breadcrumb":{"@id":"https:\/\/ciudadyregion.com.co\/index.php\/por-ladron-piso-una-teja-en-mal-estado-y-murio-esto-en-el-barrio-granjas-de-san-pablo-bogota\/judicial\/#breadcrumb"},"inLanguage":"es","potentialAction":[{"@type":"ReadAction","target":["https:\/\/ciudadyregion.com.co\/index.php\/por-ladron-piso-una-teja-en-mal-estado-y-murio-esto-en-el-barrio-granjas-de-san-pablo-bogota\/judicial\/"]}]},{"@type":"ImageObject","inLanguage":"es","@id":"https:\/\/ciudadyregion.com.co\/index.php\/por-ladron-piso-una-teja-en-mal-estado-y-murio-esto-en-el-barrio-granjas-de-san-pablo-bogota\/judicial\/#primaryimage","url":"https:\/\/i0.wp.com\/ciudadyregion.com.co\/wp-content\/uploads\/2023\/11\/7-6.jpg?fit=800%2C445&ssl=1","contentUrl":"https:\/\/i0.wp.com\/ciudadyregion.com.co\/wp-content\/uploads\/2023\/11\/7-6.jpg?fit=800%2C445&ssl=1","width":800,"height":445},{"@type":"BreadcrumbList","@id":"https:\/\/ciudadyregion.com.co\/index.php\/por-ladron-piso-una-teja-en-mal-estado-y-murio-esto-en-el-barrio-granjas-de-san-pablo-bogota\/judicial\/#breadcrumb","itemListElement":[{"@type":"ListItem","position":1,"name":"Portada","item":"https:\/\/ciudadyregion.com.co\/"},{"@type":"ListItem","position":2,"name":"\u00a1Por ladr\u00f3n! Piso una teja en mal estado y muri\u00f3, esto en el barrio Granjas de San Pablo, Bogot\u00e1"}]},{"@type":"WebSite","@id":"https:\/\/ciudadyregion.com.co\/#website","url":"https:\/\/ciudadyregion.com.co\/","name":"Ciudad y Region","description":"","potentialAction":[{"@type":"SearchAction","target":{"@type":"EntryPoint","urlTemplate":"https:\/\/ciudadyregion.com.co\/?s={search_term_string}"},"query-input":{"@type":"PropertyValueSpecification","valueRequired":true,"valueName":"search_term_string"}}],"inLanguage":"es"},{"@type":"Person","@id":"https:\/\/ciudadyregion.com.co\/#\/schema\/person\/04a4954373ebc4051f46e8c65ff78622","name":"David Andr\u00e9s Aguirre","image":{"@type":"ImageObject","inLanguage":"es","@id":"https:\/\/ciudadyregion.com.co\/#\/schema\/person\/image\/","url":"https:\/\/secure.gravatar.com\/avatar\/bc3c655860202182ee6d1b5edd042dbe?s=96&d=mm&r=g","contentUrl":"https:\/\/secure.gravatar.com\/avatar\/bc3c655860202182ee6d1b5edd042dbe?s=96&d=mm&r=g","caption":"David Andr\u00e9s Aguirre"},"url":"https:\/\/ciudadyregion.com.co\/index.php\/author\/diegoaguirre\/"}]}},"jetpack_featured_media_url":"https:\/\/i0.wp.com\/ciudadyregion.com.co\/wp-content\/uploads\/2023\/11\/7-6.jpg?fit=800%2C445&ssl=1","jetpack_sharing_enabled":true,"jetpack_shortlink":"https:\/\/wp.me\/pbS7hh-q7","jetpack-related-posts":[],"_links":{"self":[{"href":"https:\/\/ciudadyregion.com.co\/index.php\/wp-json\/wp\/v2\/posts\/1619"}],"collection":[{"href":"https:\/\/ciudadyregion.com.co\/index.php\/wp-json\/wp\/v2\/posts"}],"about":[{"href":"https:\/\/ciudadyregion.com.co\/index.php\/wp-json\/wp\/v2\/types\/post"}],"author":[{"embeddable":true,"href":"https:\/\/ciudadyregion.com.co\/index.php\/wp-json\/wp\/v2\/users\/2"}],"replies":[{"embeddable":true,"href":"https:\/\/ciudadyregion.com.co\/index.php\/wp-json\/wp\/v2\/comments?post=1619"}],"version-history":[{"count":1,"href":"https:\/\/ciudadyregion.com.co\/index.php\/wp-json\/wp\/v2\/posts\/1619\/revisions"}],"predecessor-version":[{"id":1621,"href":"https:\/\/ciudadyregion.com.co\/index.php\/wp-json\/wp\/v2\/posts\/1619\/revisions\/1621"}],"wp:featuredmedia":[{"embeddable":true,"href":"https:\/\/ciudadyregion.com.co\/index.php\/wp-json\/wp\/v2\/media\/1620"}],"wp:attachment":[{"href":"https:\/\/ciudadyregion.com.co\/index.php\/wp-json\/wp\/v2\/media?parent=1619"}],"wp:term":[{"taxonomy":"category","embeddable":true,"href":"https:\/\/ciudadyregion.com.co\/index.php\/wp-json\/wp\/v2\/categories?post=1619"},{"taxonomy":"post_tag","embeddable":true,"href":"https:\/\/ciudadyregion.com.co\/index.php\/wp-json\/wp\/v2\/tags?post=1619"}],"curies":[{"name":"wp","href":"https:\/\/api.w.org\/{rel}","templated":true}]}}