{"id":16068,"date":"2024-06-11T23:39:07","date_gmt":"2024-06-12T04:39:07","guid":{"rendered":"https:\/\/ciudadyregion.com.co\/?p=16068"},"modified":"2024-06-11T23:39:58","modified_gmt":"2024-06-12T04:39:58","slug":"un-hombre-asesino-a-su-companera-sentimental-con-arma-blanca-en-putumayo-y-despues-le-prendio-fuego-a-la-vivienda","status":"publish","type":"post","link":"https:\/\/ciudadyregion.com.co\/index.php\/un-hombre-asesino-a-su-companera-sentimental-con-arma-blanca-en-putumayo-y-despues-le-prendio-fuego-a-la-vivienda\/judicial\/","title":{"rendered":"Un hombre asesin\u00f3 a su compa\u00f1era sentimental con arma blanca en Putumayo y despu\u00e9s le prendi\u00f3 fuego a la vivienda"},"content":{"rendered":"<ul>\n<li><strong><i>Al parecer el agresor le prendi\u00f3 fuego a la vivienda despu\u00e9s de que atac\u00f3 a la v\u00edctima.\u00a0<\/i><\/strong><\/li>\n<\/ul>\n<div><\/div>\n<div>La contundencia del material probatorio aportado por la Fiscal\u00eda General de la Naci\u00f3n fue determinante para que un juez de control de garant\u00edas impusiera medida de aseguramiento en centro carcelario a Wilson Libio Lagos Yampuezano, de 54 a\u00f1os, quien le habr\u00eda causado la muerte a su esposa el pasado 3 de junio, en Villagarz\u00f3n (Putumayo).<\/div>\n<div><\/div>\n<div>Los hechos investigados ocurrieron en un inmueble del barrio Villa Amaz\u00f3nica de Villagarz\u00f3n. El se\u00f1alado agresor, en un acto de intolerancia, presuntamente atac\u00f3 a la v\u00edctima en m\u00faltiples oportunidades con un arma cortopunzante y posteriormente prendi\u00f3 fuego a la vivienda.<\/div>\n<div><\/div>\n<div>Lagos Yampuezano, al parecer, tambi\u00e9n intent\u00f3 quitarse la vida con un cuchillo hiri\u00e9ndose a la altura de su cuello.<\/div>\n<div><\/div>\n<div>Asimismo, se logr\u00f3 evidenciar que durante la relaci\u00f3n la mujer ven\u00eda siendo v\u00edctima de maltratos f\u00edsicos y verbales por parte del hoy procesado.<\/div>\n<div><\/div>\n<div>La r\u00e1pida acci\u00f3n investigativa de la Fiscal\u00eda, en articulaci\u00f3n con la Polic\u00eda Nacional, permiti\u00f3 establecer que Lagos Yampuezano ser\u00eda el responsable del crimen y fue capturado por la Polic\u00eda Nacional en v\u00eda p\u00fablica de Villagarz\u00f3n.<\/div>\n<div><\/div>\n<div>Una fiscal de la Seccional Putumayo le imput\u00f3 el delito de feminicidio agravado, que no se allan\u00f3.<\/div>\n","protected":false},"excerpt":{"rendered":"<p>Al parecer el agresor le prendi\u00f3 fuego a la vivienda despu\u00e9s de que atac\u00f3 a la v\u00edctima.\u00a0 La contundencia del material probatorio aportado por la Fiscal\u00eda General de la Naci\u00f3n fue determinante para que un juez de control de garant\u00edas impusiera medida de aseguramiento en centro carcelario a Wilson Libio<span class=\"more-link\"><a href=\"https:\/\/ciudadyregion.com.co\/index.php\/un-hombre-asesino-a-su-companera-sentimental-con-arma-blanca-en-putumayo-y-despues-le-prendio-fuego-a-la-vivienda\/judicial\/\">Continuar Leyendo<\/a><\/span><\/p>\n","protected":false},"author":2,"featured_media":16069,"comment_status":"open","ping_status":"open","sticky":false,"template":"","format":"standard","meta":{"_uf_show_specific_survey":0,"_uf_disable_surveys":false,"_jetpack_memberships_contains_paid_content":false,"footnotes":"","jetpack_publicize_message":"","jetpack_publicize_feature_enabled":true,"jetpack_social_post_already_shared":true,"jetpack_social_options":{"image_generator_settings":{"template":"highway","enabled":false},"version":2}},"categories":[18],"tags":[],"class_list":["entry","author-diegoaguirre","post-16068","post","type-post","status-publish","format-standard","has-post-thumbnail","category-judicial"],"jetpack_publicize_connections":[],"yoast_head":"<!-- This site is optimized with the Yoast SEO plugin v24.3 - https:\/\/yoast.com\/wordpress\/plugins\/seo\/ -->\n<title>Un hombre asesin\u00f3 a su compa\u00f1era sentimental con arma blanca en Putumayo y despu\u00e9s le prendi\u00f3 fuego a la vivienda - Ciudad y Region<\/title>\n<meta name=\"robots\" content=\"index, follow, max-snippet:-1, max-image-preview:large, max-video-preview:-1\" \/>\n<link rel=\"canonical\" href=\"https:\/\/ciudadyregion.com.co\/index.php\/un-hombre-asesino-a-su-companera-sentimental-con-arma-blanca-en-putumayo-y-despues-le-prendio-fuego-a-la-vivienda\/judicial\/\" \/>\n<meta property=\"og:locale\" content=\"es_ES\" \/>\n<meta property=\"og:type\" content=\"article\" \/>\n<meta property=\"og:title\" content=\"Un hombre asesin\u00f3 a su compa\u00f1era sentimental con arma blanca en Putumayo y despu\u00e9s le prendi\u00f3 fuego a la vivienda - Ciudad y Region\" \/>\n<meta property=\"og:description\" content=\"Al parecer el agresor le prendi\u00f3 fuego a la vivienda despu\u00e9s de que atac\u00f3 a la v\u00edctima.\u00a0 La contundencia del material probatorio aportado por la Fiscal\u00eda General de la Naci\u00f3n fue determinante para que un juez de control de garant\u00edas impusiera medida de aseguramiento en centro carcelario a Wilson LibioContinuar Leyendo\" \/>\n<meta property=\"og:url\" content=\"https:\/\/ciudadyregion.com.co\/index.php\/un-hombre-asesino-a-su-companera-sentimental-con-arma-blanca-en-putumayo-y-despues-le-prendio-fuego-a-la-vivienda\/judicial\/\" \/>\n<meta property=\"og:site_name\" content=\"Ciudad y Region\" \/>\n<meta property=\"article:published_time\" content=\"2024-06-12T04:39:07+00:00\" \/>\n<meta property=\"article:modified_time\" content=\"2024-06-12T04:39:58+00:00\" \/>\n<meta property=\"og:image\" content=\"https:\/\/ciudadyregion.com.co\/wp-content\/uploads\/2024\/06\/homicido-asesinato-punal-cuchillo.jpg\" \/>\n\t<meta property=\"og:image:width\" content=\"800\" \/>\n\t<meta property=\"og:image:height\" content=\"445\" \/>\n\t<meta property=\"og:image:type\" content=\"image\/jpeg\" \/>\n<meta name=\"author\" content=\"David Andr\u00e9s Aguirre\" \/>\n<meta name=\"twitter:card\" content=\"summary_large_image\" \/>\n<meta name=\"twitter:label1\" content=\"Escrito por\" \/>\n\t<meta name=\"twitter:data1\" content=\"David Andr\u00e9s Aguirre\" \/>\n\t<meta name=\"twitter:label2\" content=\"Tiempo de lectura\" \/>\n\t<meta name=\"twitter:data2\" content=\"1 minuto\" \/>\n<script type=\"application\/ld+json\" class=\"yoast-schema-graph\">{\"@context\":\"https:\/\/schema.org\",\"@graph\":[{\"@type\":\"WebPage\",\"@id\":\"https:\/\/ciudadyregion.com.co\/index.php\/un-hombre-asesino-a-su-companera-sentimental-con-arma-blanca-en-putumayo-y-despues-le-prendio-fuego-a-la-vivienda\/judicial\/\",\"url\":\"https:\/\/ciudadyregion.com.co\/index.php\/un-hombre-asesino-a-su-companera-sentimental-con-arma-blanca-en-putumayo-y-despues-le-prendio-fuego-a-la-vivienda\/judicial\/\",\"name\":\"Un hombre asesin\u00f3 a su compa\u00f1era sentimental con arma blanca en Putumayo y despu\u00e9s le prendi\u00f3 fuego a la vivienda - Ciudad y Region\",\"isPartOf\":{\"@id\":\"https:\/\/ciudadyregion.com.co\/#website\"},\"primaryImageOfPage\":{\"@id\":\"https:\/\/ciudadyregion.com.co\/index.php\/un-hombre-asesino-a-su-companera-sentimental-con-arma-blanca-en-putumayo-y-despues-le-prendio-fuego-a-la-vivienda\/judicial\/#primaryimage\"},\"image\":{\"@id\":\"https:\/\/ciudadyregion.com.co\/index.php\/un-hombre-asesino-a-su-companera-sentimental-con-arma-blanca-en-putumayo-y-despues-le-prendio-fuego-a-la-vivienda\/judicial\/#primaryimage\"},\"thumbnailUrl\":\"https:\/\/i0.wp.com\/ciudadyregion.com.co\/wp-content\/uploads\/2024\/06\/homicido-asesinato-punal-cuchillo.jpg?fit=800%2C445&ssl=1\",\"datePublished\":\"2024-06-12T04:39:07+00:00\",\"dateModified\":\"2024-06-12T04:39:58+00:00\",\"author\":{\"@id\":\"https:\/\/ciudadyregion.com.co\/#\/schema\/person\/04a4954373ebc4051f46e8c65ff78622\"},\"breadcrumb\":{\"@id\":\"https:\/\/ciudadyregion.com.co\/index.php\/un-hombre-asesino-a-su-companera-sentimental-con-arma-blanca-en-putumayo-y-despues-le-prendio-fuego-a-la-vivienda\/judicial\/#breadcrumb\"},\"inLanguage\":\"es\",\"potentialAction\":[{\"@type\":\"ReadAction\",\"target\":[\"https:\/\/ciudadyregion.com.co\/index.php\/un-hombre-asesino-a-su-companera-sentimental-con-arma-blanca-en-putumayo-y-despues-le-prendio-fuego-a-la-vivienda\/judicial\/\"]}]},{\"@type\":\"ImageObject\",\"inLanguage\":\"es\",\"@id\":\"https:\/\/ciudadyregion.com.co\/index.php\/un-hombre-asesino-a-su-companera-sentimental-con-arma-blanca-en-putumayo-y-despues-le-prendio-fuego-a-la-vivienda\/judicial\/#primaryimage\",\"url\":\"https:\/\/i0.wp.com\/ciudadyregion.com.co\/wp-content\/uploads\/2024\/06\/homicido-asesinato-punal-cuchillo.jpg?fit=800%2C445&ssl=1\",\"contentUrl\":\"https:\/\/i0.wp.com\/ciudadyregion.com.co\/wp-content\/uploads\/2024\/06\/homicido-asesinato-punal-cuchillo.jpg?fit=800%2C445&ssl=1\",\"width\":800,\"height\":445},{\"@type\":\"BreadcrumbList\",\"@id\":\"https:\/\/ciudadyregion.com.co\/index.php\/un-hombre-asesino-a-su-companera-sentimental-con-arma-blanca-en-putumayo-y-despues-le-prendio-fuego-a-la-vivienda\/judicial\/#breadcrumb\",\"itemListElement\":[{\"@type\":\"ListItem\",\"position\":1,\"name\":\"Portada\",\"item\":\"https:\/\/ciudadyregion.com.co\/\"},{\"@type\":\"ListItem\",\"position\":2,\"name\":\"Un hombre asesin\u00f3 a su compa\u00f1era sentimental con arma blanca en Putumayo y despu\u00e9s le prendi\u00f3 fuego a la vivienda\"}]},{\"@type\":\"WebSite\",\"@id\":\"https:\/\/ciudadyregion.com.co\/#website\",\"url\":\"https:\/\/ciudadyregion.com.co\/\",\"name\":\"Ciudad y Region\",\"description\":\"\",\"potentialAction\":[{\"@type\":\"SearchAction\",\"target\":{\"@type\":\"EntryPoint\",\"urlTemplate\":\"https:\/\/ciudadyregion.com.co\/?s={search_term_string}\"},\"query-input\":{\"@type\":\"PropertyValueSpecification\",\"valueRequired\":true,\"valueName\":\"search_term_string\"}}],\"inLanguage\":\"es\"},{\"@type\":\"Person\",\"@id\":\"https:\/\/ciudadyregion.com.co\/#\/schema\/person\/04a4954373ebc4051f46e8c65ff78622\",\"name\":\"David Andr\u00e9s Aguirre\",\"image\":{\"@type\":\"ImageObject\",\"inLanguage\":\"es\",\"@id\":\"https:\/\/ciudadyregion.com.co\/#\/schema\/person\/image\/\",\"url\":\"https:\/\/secure.gravatar.com\/avatar\/bc3c655860202182ee6d1b5edd042dbe?s=96&d=mm&r=g\",\"contentUrl\":\"https:\/\/secure.gravatar.com\/avatar\/bc3c655860202182ee6d1b5edd042dbe?s=96&d=mm&r=g\",\"caption\":\"David Andr\u00e9s Aguirre\"},\"url\":\"https:\/\/ciudadyregion.com.co\/index.php\/author\/diegoaguirre\/\"}]}<\/script>\n<!-- \/ Yoast SEO plugin. -->","yoast_head_json":{"title":"Un hombre asesin\u00f3 a su compa\u00f1era sentimental con arma blanca en Putumayo y despu\u00e9s le prendi\u00f3 fuego a la vivienda - Ciudad y Region","robots":{"index":"index","follow":"follow","max-snippet":"max-snippet:-1","max-image-preview":"max-image-preview:large","max-video-preview":"max-video-preview:-1"},"canonical":"https:\/\/ciudadyregion.com.co\/index.php\/un-hombre-asesino-a-su-companera-sentimental-con-arma-blanca-en-putumayo-y-despues-le-prendio-fuego-a-la-vivienda\/judicial\/","og_locale":"es_ES","og_type":"article","og_title":"Un hombre asesin\u00f3 a su compa\u00f1era sentimental con arma blanca en Putumayo y despu\u00e9s le prendi\u00f3 fuego a la vivienda - Ciudad y Region","og_description":"Al parecer el agresor le prendi\u00f3 fuego a la vivienda despu\u00e9s de que atac\u00f3 a la v\u00edctima.\u00a0 La contundencia del material probatorio aportado por la Fiscal\u00eda General de la Naci\u00f3n fue determinante para que un juez de control de garant\u00edas impusiera medida de aseguramiento en centro carcelario a Wilson LibioContinuar Leyendo","og_url":"https:\/\/ciudadyregion.com.co\/index.php\/un-hombre-asesino-a-su-companera-sentimental-con-arma-blanca-en-putumayo-y-despues-le-prendio-fuego-a-la-vivienda\/judicial\/","og_site_name":"Ciudad y Region","article_published_time":"2024-06-12T04:39:07+00:00","article_modified_time":"2024-06-12T04:39:58+00:00","og_image":[{"width":800,"height":445,"url":"https:\/\/ciudadyregion.com.co\/wp-content\/uploads\/2024\/06\/homicido-asesinato-punal-cuchillo.jpg","type":"image\/jpeg"}],"author":"David Andr\u00e9s Aguirre","twitter_card":"summary_large_image","twitter_misc":{"Escrito por":"David Andr\u00e9s Aguirre","Tiempo de lectura":"1 minuto"},"schema":{"@context":"https:\/\/schema.org","@graph":[{"@type":"WebPage","@id":"https:\/\/ciudadyregion.com.co\/index.php\/un-hombre-asesino-a-su-companera-sentimental-con-arma-blanca-en-putumayo-y-despues-le-prendio-fuego-a-la-vivienda\/judicial\/","url":"https:\/\/ciudadyregion.com.co\/index.php\/un-hombre-asesino-a-su-companera-sentimental-con-arma-blanca-en-putumayo-y-despues-le-prendio-fuego-a-la-vivienda\/judicial\/","name":"Un hombre asesin\u00f3 a su compa\u00f1era sentimental con arma blanca en Putumayo y despu\u00e9s le prendi\u00f3 fuego a la vivienda - Ciudad y Region","isPartOf":{"@id":"https:\/\/ciudadyregion.com.co\/#website"},"primaryImageOfPage":{"@id":"https:\/\/ciudadyregion.com.co\/index.php\/un-hombre-asesino-a-su-companera-sentimental-con-arma-blanca-en-putumayo-y-despues-le-prendio-fuego-a-la-vivienda\/judicial\/#primaryimage"},"image":{"@id":"https:\/\/ciudadyregion.com.co\/index.php\/un-hombre-asesino-a-su-companera-sentimental-con-arma-blanca-en-putumayo-y-despues-le-prendio-fuego-a-la-vivienda\/judicial\/#primaryimage"},"thumbnailUrl":"https:\/\/i0.wp.com\/ciudadyregion.com.co\/wp-content\/uploads\/2024\/06\/homicido-asesinato-punal-cuchillo.jpg?fit=800%2C445&ssl=1","datePublished":"2024-06-12T04:39:07+00:00","dateModified":"2024-06-12T04:39:58+00:00","author":{"@id":"https:\/\/ciudadyregion.com.co\/#\/schema\/person\/04a4954373ebc4051f46e8c65ff78622"},"breadcrumb":{"@id":"https:\/\/ciudadyregion.com.co\/index.php\/un-hombre-asesino-a-su-companera-sentimental-con-arma-blanca-en-putumayo-y-despues-le-prendio-fuego-a-la-vivienda\/judicial\/#breadcrumb"},"inLanguage":"es","potentialAction":[{"@type":"ReadAction","target":["https:\/\/ciudadyregion.com.co\/index.php\/un-hombre-asesino-a-su-companera-sentimental-con-arma-blanca-en-putumayo-y-despues-le-prendio-fuego-a-la-vivienda\/judicial\/"]}]},{"@type":"ImageObject","inLanguage":"es","@id":"https:\/\/ciudadyregion.com.co\/index.php\/un-hombre-asesino-a-su-companera-sentimental-con-arma-blanca-en-putumayo-y-despues-le-prendio-fuego-a-la-vivienda\/judicial\/#primaryimage","url":"https:\/\/i0.wp.com\/ciudadyregion.com.co\/wp-content\/uploads\/2024\/06\/homicido-asesinato-punal-cuchillo.jpg?fit=800%2C445&ssl=1","contentUrl":"https:\/\/i0.wp.com\/ciudadyregion.com.co\/wp-content\/uploads\/2024\/06\/homicido-asesinato-punal-cuchillo.jpg?fit=800%2C445&ssl=1","width":800,"height":445},{"@type":"BreadcrumbList","@id":"https:\/\/ciudadyregion.com.co\/index.php\/un-hombre-asesino-a-su-companera-sentimental-con-arma-blanca-en-putumayo-y-despues-le-prendio-fuego-a-la-vivienda\/judicial\/#breadcrumb","itemListElement":[{"@type":"ListItem","position":1,"name":"Portada","item":"https:\/\/ciudadyregion.com.co\/"},{"@type":"ListItem","position":2,"name":"Un hombre asesin\u00f3 a su compa\u00f1era sentimental con arma blanca en Putumayo y despu\u00e9s le prendi\u00f3 fuego a la vivienda"}]},{"@type":"WebSite","@id":"https:\/\/ciudadyregion.com.co\/#website","url":"https:\/\/ciudadyregion.com.co\/","name":"Ciudad y Region","description":"","potentialAction":[{"@type":"SearchAction","target":{"@type":"EntryPoint","urlTemplate":"https:\/\/ciudadyregion.com.co\/?s={search_term_string}"},"query-input":{"@type":"PropertyValueSpecification","valueRequired":true,"valueName":"search_term_string"}}],"inLanguage":"es"},{"@type":"Person","@id":"https:\/\/ciudadyregion.com.co\/#\/schema\/person\/04a4954373ebc4051f46e8c65ff78622","name":"David Andr\u00e9s Aguirre","image":{"@type":"ImageObject","inLanguage":"es","@id":"https:\/\/ciudadyregion.com.co\/#\/schema\/person\/image\/","url":"https:\/\/secure.gravatar.com\/avatar\/bc3c655860202182ee6d1b5edd042dbe?s=96&d=mm&r=g","contentUrl":"https:\/\/secure.gravatar.com\/avatar\/bc3c655860202182ee6d1b5edd042dbe?s=96&d=mm&r=g","caption":"David Andr\u00e9s Aguirre"},"url":"https:\/\/ciudadyregion.com.co\/index.php\/author\/diegoaguirre\/"}]}},"jetpack_featured_media_url":"https:\/\/i0.wp.com\/ciudadyregion.com.co\/wp-content\/uploads\/2024\/06\/homicido-asesinato-punal-cuchillo.jpg?fit=800%2C445&ssl=1","jetpack_sharing_enabled":true,"jetpack_shortlink":"https:\/\/wp.me\/pbS7hh-4ba","jetpack-related-posts":[],"_links":{"self":[{"href":"https:\/\/ciudadyregion.com.co\/index.php\/wp-json\/wp\/v2\/posts\/16068"}],"collection":[{"href":"https:\/\/ciudadyregion.com.co\/index.php\/wp-json\/wp\/v2\/posts"}],"about":[{"href":"https:\/\/ciudadyregion.com.co\/index.php\/wp-json\/wp\/v2\/types\/post"}],"author":[{"embeddable":true,"href":"https:\/\/ciudadyregion.com.co\/index.php\/wp-json\/wp\/v2\/users\/2"}],"replies":[{"embeddable":true,"href":"https:\/\/ciudadyregion.com.co\/index.php\/wp-json\/wp\/v2\/comments?post=16068"}],"version-history":[{"count":1,"href":"https:\/\/ciudadyregion.com.co\/index.php\/wp-json\/wp\/v2\/posts\/16068\/revisions"}],"predecessor-version":[{"id":16070,"href":"https:\/\/ciudadyregion.com.co\/index.php\/wp-json\/wp\/v2\/posts\/16068\/revisions\/16070"}],"wp:featuredmedia":[{"embeddable":true,"href":"https:\/\/ciudadyregion.com.co\/index.php\/wp-json\/wp\/v2\/media\/16069"}],"wp:attachment":[{"href":"https:\/\/ciudadyregion.com.co\/index.php\/wp-json\/wp\/v2\/media?parent=16068"}],"wp:term":[{"taxonomy":"category","embeddable":true,"href":"https:\/\/ciudadyregion.com.co\/index.php\/wp-json\/wp\/v2\/categories?post=16068"},{"taxonomy":"post_tag","embeddable":true,"href":"https:\/\/ciudadyregion.com.co\/index.php\/wp-json\/wp\/v2\/tags?post=16068"}],"curies":[{"name":"wp","href":"https:\/\/api.w.org\/{rel}","templated":true}]}}