{"id":16044,"date":"2024-06-12T04:04:19","date_gmt":"2024-06-12T09:04:19","guid":{"rendered":"https:\/\/ciudadyregion.com.co\/?p=16044"},"modified":"2024-06-11T23:05:36","modified_gmt":"2024-06-12T04:05:36","slug":"detenido-hombre-que-estaria-instrumentalizando-a-dos-menores-para-que-cometieran-un-homicidio-en-anserma-caldas","status":"publish","type":"post","link":"https:\/\/ciudadyregion.com.co\/index.php\/detenido-hombre-que-estaria-instrumentalizando-a-dos-menores-para-que-cometieran-un-homicidio-en-anserma-caldas\/judicial\/","title":{"rendered":"Detenido hombre que estar\u00eda instrumentalizando a dos menores para que cometieran un homicidio en Anserma, Caldas"},"content":{"rendered":"<p>La contundencia de las pruebas aportadas por una fiscal de la Seccional Caldas fueron determinantes para que un juez de control de garant\u00edas impusiera medida de aseguramiento en establecimiento carcelario en contra de Jhojan David Morales Osorio, alias Primo, como presunto determinador del homicidio de un hombre, el 15 de marzo de 2023 en Anserma (Caldas).<\/p>\n<p>Ese d\u00eda, de acuerdo con la investigaci\u00f3n, dos menores de 14 y 15 a\u00f1os llegaron hasta el sector de Los Tubos, en\u00a0 el barrio Occidente, y al parecer dispararon en contra de un hombre al que se\u00f1alaban como presunto campanero de un grupo delincuencial dedicado a la venta local de estupefacientes en ese sector.<\/p>\n<p>Seg\u00fan la evidencia recaudada durante la investigaci\u00f3n,\u00a0 alias\u00a0 \u2018Primo\u2019, quien ser\u00eda cabecilla de otra organizaci\u00f3n criminal de la zona, ser\u00eda quien les entreg\u00f3 las armas de fuego y envi\u00f3 a los j\u00f3venes a cometer el crimen.<\/p>\n<p>Su captura estuvo a cargo de servidores del CTI con apoyo de la Polic\u00eda Nacional\u00a0 en el municipio de La Virginia (Risaralda).<\/p>\n<p>La Fiscal\u00eda le imput\u00f3 los delitos de homicidio agravado, porte ilegal de armas de fuego y uso de menores de edad en la comisi\u00f3n de delitos. Cargos que no fueron aceptados.<\/p>\n","protected":false},"excerpt":{"rendered":"<p>La contundencia de las pruebas aportadas por una fiscal de la Seccional Caldas fueron determinantes para que un juez de control de garant\u00edas impusiera medida de aseguramiento en establecimiento carcelario en contra de Jhojan David Morales Osorio, alias Primo, como presunto determinador del homicidio de un hombre, el 15 de<span class=\"more-link\"><a href=\"https:\/\/ciudadyregion.com.co\/index.php\/detenido-hombre-que-estaria-instrumentalizando-a-dos-menores-para-que-cometieran-un-homicidio-en-anserma-caldas\/judicial\/\">Continuar Leyendo<\/a><\/span><\/p>\n","protected":false},"author":2,"featured_media":16045,"comment_status":"open","ping_status":"open","sticky":false,"template":"","format":"standard","meta":{"_uf_show_specific_survey":0,"_uf_disable_surveys":false,"_jetpack_memberships_contains_paid_content":false,"footnotes":"","jetpack_publicize_message":"","jetpack_publicize_feature_enabled":true,"jetpack_social_post_already_shared":true,"jetpack_social_options":{"image_generator_settings":{"template":"highway","enabled":false},"version":2}},"categories":[18],"tags":[],"class_list":["entry","author-diegoaguirre","post-16044","post","type-post","status-publish","format-standard","has-post-thumbnail","category-judicial"],"jetpack_publicize_connections":[],"yoast_head":"<!-- This site is optimized with the Yoast SEO plugin v24.3 - https:\/\/yoast.com\/wordpress\/plugins\/seo\/ -->\n<title>Detenido hombre que estar\u00eda instrumentalizando a dos menores para que cometieran un homicidio en Anserma, Caldas - Ciudad y Region<\/title>\n<meta name=\"robots\" content=\"index, follow, max-snippet:-1, max-image-preview:large, max-video-preview:-1\" \/>\n<link rel=\"canonical\" href=\"https:\/\/ciudadyregion.com.co\/index.php\/detenido-hombre-que-estaria-instrumentalizando-a-dos-menores-para-que-cometieran-un-homicidio-en-anserma-caldas\/judicial\/\" \/>\n<meta property=\"og:locale\" content=\"es_ES\" \/>\n<meta property=\"og:type\" content=\"article\" \/>\n<meta property=\"og:title\" content=\"Detenido hombre que estar\u00eda instrumentalizando a dos menores para que cometieran un homicidio en Anserma, Caldas - Ciudad y Region\" \/>\n<meta property=\"og:description\" content=\"La contundencia de las pruebas aportadas por una fiscal de la Seccional Caldas fueron determinantes para que un juez de control de garant\u00edas impusiera medida de aseguramiento en establecimiento carcelario en contra de Jhojan David Morales Osorio, alias Primo, como presunto determinador del homicidio de un hombre, el 15 deContinuar Leyendo\" \/>\n<meta property=\"og:url\" content=\"https:\/\/ciudadyregion.com.co\/index.php\/detenido-hombre-que-estaria-instrumentalizando-a-dos-menores-para-que-cometieran-un-homicidio-en-anserma-caldas\/judicial\/\" \/>\n<meta property=\"og:site_name\" content=\"Ciudad y Region\" \/>\n<meta property=\"article:published_time\" content=\"2024-06-12T09:04:19+00:00\" \/>\n<meta property=\"article:modified_time\" content=\"2024-06-12T04:05:36+00:00\" \/>\n<meta property=\"og:image\" content=\"https:\/\/i0.wp.com\/ciudadyregion.com.co\/wp-content\/uploads\/2024\/06\/3-6.jpg?fit=800%2C445&ssl=1\" \/>\n\t<meta property=\"og:image:width\" content=\"800\" \/>\n\t<meta property=\"og:image:height\" content=\"445\" \/>\n\t<meta property=\"og:image:type\" content=\"image\/jpeg\" \/>\n<meta name=\"author\" content=\"David Andr\u00e9s Aguirre\" \/>\n<meta name=\"twitter:card\" content=\"summary_large_image\" \/>\n<meta name=\"twitter:label1\" content=\"Escrito por\" \/>\n\t<meta name=\"twitter:data1\" content=\"David Andr\u00e9s Aguirre\" \/>\n\t<meta name=\"twitter:label2\" content=\"Tiempo de lectura\" \/>\n\t<meta name=\"twitter:data2\" content=\"1 minuto\" \/>\n<script type=\"application\/ld+json\" class=\"yoast-schema-graph\">{\"@context\":\"https:\/\/schema.org\",\"@graph\":[{\"@type\":\"WebPage\",\"@id\":\"https:\/\/ciudadyregion.com.co\/index.php\/detenido-hombre-que-estaria-instrumentalizando-a-dos-menores-para-que-cometieran-un-homicidio-en-anserma-caldas\/judicial\/\",\"url\":\"https:\/\/ciudadyregion.com.co\/index.php\/detenido-hombre-que-estaria-instrumentalizando-a-dos-menores-para-que-cometieran-un-homicidio-en-anserma-caldas\/judicial\/\",\"name\":\"Detenido hombre que estar\u00eda instrumentalizando a dos menores para que cometieran un homicidio en Anserma, Caldas - Ciudad y Region\",\"isPartOf\":{\"@id\":\"https:\/\/ciudadyregion.com.co\/#website\"},\"primaryImageOfPage\":{\"@id\":\"https:\/\/ciudadyregion.com.co\/index.php\/detenido-hombre-que-estaria-instrumentalizando-a-dos-menores-para-que-cometieran-un-homicidio-en-anserma-caldas\/judicial\/#primaryimage\"},\"image\":{\"@id\":\"https:\/\/ciudadyregion.com.co\/index.php\/detenido-hombre-que-estaria-instrumentalizando-a-dos-menores-para-que-cometieran-un-homicidio-en-anserma-caldas\/judicial\/#primaryimage\"},\"thumbnailUrl\":\"https:\/\/i0.wp.com\/ciudadyregion.com.co\/wp-content\/uploads\/2024\/06\/3-6.jpg?fit=800%2C445&ssl=1\",\"datePublished\":\"2024-06-12T09:04:19+00:00\",\"dateModified\":\"2024-06-12T04:05:36+00:00\",\"author\":{\"@id\":\"https:\/\/ciudadyregion.com.co\/#\/schema\/person\/04a4954373ebc4051f46e8c65ff78622\"},\"breadcrumb\":{\"@id\":\"https:\/\/ciudadyregion.com.co\/index.php\/detenido-hombre-que-estaria-instrumentalizando-a-dos-menores-para-que-cometieran-un-homicidio-en-anserma-caldas\/judicial\/#breadcrumb\"},\"inLanguage\":\"es\",\"potentialAction\":[{\"@type\":\"ReadAction\",\"target\":[\"https:\/\/ciudadyregion.com.co\/index.php\/detenido-hombre-que-estaria-instrumentalizando-a-dos-menores-para-que-cometieran-un-homicidio-en-anserma-caldas\/judicial\/\"]}]},{\"@type\":\"ImageObject\",\"inLanguage\":\"es\",\"@id\":\"https:\/\/ciudadyregion.com.co\/index.php\/detenido-hombre-que-estaria-instrumentalizando-a-dos-menores-para-que-cometieran-un-homicidio-en-anserma-caldas\/judicial\/#primaryimage\",\"url\":\"https:\/\/i0.wp.com\/ciudadyregion.com.co\/wp-content\/uploads\/2024\/06\/3-6.jpg?fit=800%2C445&ssl=1\",\"contentUrl\":\"https:\/\/i0.wp.com\/ciudadyregion.com.co\/wp-content\/uploads\/2024\/06\/3-6.jpg?fit=800%2C445&ssl=1\",\"width\":800,\"height\":445},{\"@type\":\"BreadcrumbList\",\"@id\":\"https:\/\/ciudadyregion.com.co\/index.php\/detenido-hombre-que-estaria-instrumentalizando-a-dos-menores-para-que-cometieran-un-homicidio-en-anserma-caldas\/judicial\/#breadcrumb\",\"itemListElement\":[{\"@type\":\"ListItem\",\"position\":1,\"name\":\"Portada\",\"item\":\"https:\/\/ciudadyregion.com.co\/\"},{\"@type\":\"ListItem\",\"position\":2,\"name\":\"Detenido hombre que estar\u00eda instrumentalizando a dos menores para que cometieran un homicidio en Anserma, Caldas\"}]},{\"@type\":\"WebSite\",\"@id\":\"https:\/\/ciudadyregion.com.co\/#website\",\"url\":\"https:\/\/ciudadyregion.com.co\/\",\"name\":\"Ciudad y Region\",\"description\":\"\",\"potentialAction\":[{\"@type\":\"SearchAction\",\"target\":{\"@type\":\"EntryPoint\",\"urlTemplate\":\"https:\/\/ciudadyregion.com.co\/?s={search_term_string}\"},\"query-input\":{\"@type\":\"PropertyValueSpecification\",\"valueRequired\":true,\"valueName\":\"search_term_string\"}}],\"inLanguage\":\"es\"},{\"@type\":\"Person\",\"@id\":\"https:\/\/ciudadyregion.com.co\/#\/schema\/person\/04a4954373ebc4051f46e8c65ff78622\",\"name\":\"David Andr\u00e9s Aguirre\",\"image\":{\"@type\":\"ImageObject\",\"inLanguage\":\"es\",\"@id\":\"https:\/\/ciudadyregion.com.co\/#\/schema\/person\/image\/\",\"url\":\"https:\/\/secure.gravatar.com\/avatar\/bc3c655860202182ee6d1b5edd042dbe?s=96&d=mm&r=g\",\"contentUrl\":\"https:\/\/secure.gravatar.com\/avatar\/bc3c655860202182ee6d1b5edd042dbe?s=96&d=mm&r=g\",\"caption\":\"David Andr\u00e9s Aguirre\"},\"url\":\"https:\/\/ciudadyregion.com.co\/index.php\/author\/diegoaguirre\/\"}]}<\/script>\n<!-- \/ Yoast SEO plugin. -->","yoast_head_json":{"title":"Detenido hombre que estar\u00eda instrumentalizando a dos menores para que cometieran un homicidio en Anserma, Caldas - Ciudad y Region","robots":{"index":"index","follow":"follow","max-snippet":"max-snippet:-1","max-image-preview":"max-image-preview:large","max-video-preview":"max-video-preview:-1"},"canonical":"https:\/\/ciudadyregion.com.co\/index.php\/detenido-hombre-que-estaria-instrumentalizando-a-dos-menores-para-que-cometieran-un-homicidio-en-anserma-caldas\/judicial\/","og_locale":"es_ES","og_type":"article","og_title":"Detenido hombre que estar\u00eda instrumentalizando a dos menores para que cometieran un homicidio en Anserma, Caldas - Ciudad y Region","og_description":"La contundencia de las pruebas aportadas por una fiscal de la Seccional Caldas fueron determinantes para que un juez de control de garant\u00edas impusiera medida de aseguramiento en establecimiento carcelario en contra de Jhojan David Morales Osorio, alias Primo, como presunto determinador del homicidio de un hombre, el 15 deContinuar Leyendo","og_url":"https:\/\/ciudadyregion.com.co\/index.php\/detenido-hombre-que-estaria-instrumentalizando-a-dos-menores-para-que-cometieran-un-homicidio-en-anserma-caldas\/judicial\/","og_site_name":"Ciudad y Region","article_published_time":"2024-06-12T09:04:19+00:00","article_modified_time":"2024-06-12T04:05:36+00:00","og_image":[{"width":800,"height":445,"url":"https:\/\/i0.wp.com\/ciudadyregion.com.co\/wp-content\/uploads\/2024\/06\/3-6.jpg?fit=800%2C445&ssl=1","type":"image\/jpeg"}],"author":"David Andr\u00e9s Aguirre","twitter_card":"summary_large_image","twitter_misc":{"Escrito por":"David Andr\u00e9s Aguirre","Tiempo de lectura":"1 minuto"},"schema":{"@context":"https:\/\/schema.org","@graph":[{"@type":"WebPage","@id":"https:\/\/ciudadyregion.com.co\/index.php\/detenido-hombre-que-estaria-instrumentalizando-a-dos-menores-para-que-cometieran-un-homicidio-en-anserma-caldas\/judicial\/","url":"https:\/\/ciudadyregion.com.co\/index.php\/detenido-hombre-que-estaria-instrumentalizando-a-dos-menores-para-que-cometieran-un-homicidio-en-anserma-caldas\/judicial\/","name":"Detenido hombre que estar\u00eda instrumentalizando a dos menores para que cometieran un homicidio en Anserma, Caldas - Ciudad y Region","isPartOf":{"@id":"https:\/\/ciudadyregion.com.co\/#website"},"primaryImageOfPage":{"@id":"https:\/\/ciudadyregion.com.co\/index.php\/detenido-hombre-que-estaria-instrumentalizando-a-dos-menores-para-que-cometieran-un-homicidio-en-anserma-caldas\/judicial\/#primaryimage"},"image":{"@id":"https:\/\/ciudadyregion.com.co\/index.php\/detenido-hombre-que-estaria-instrumentalizando-a-dos-menores-para-que-cometieran-un-homicidio-en-anserma-caldas\/judicial\/#primaryimage"},"thumbnailUrl":"https:\/\/i0.wp.com\/ciudadyregion.com.co\/wp-content\/uploads\/2024\/06\/3-6.jpg?fit=800%2C445&ssl=1","datePublished":"2024-06-12T09:04:19+00:00","dateModified":"2024-06-12T04:05:36+00:00","author":{"@id":"https:\/\/ciudadyregion.com.co\/#\/schema\/person\/04a4954373ebc4051f46e8c65ff78622"},"breadcrumb":{"@id":"https:\/\/ciudadyregion.com.co\/index.php\/detenido-hombre-que-estaria-instrumentalizando-a-dos-menores-para-que-cometieran-un-homicidio-en-anserma-caldas\/judicial\/#breadcrumb"},"inLanguage":"es","potentialAction":[{"@type":"ReadAction","target":["https:\/\/ciudadyregion.com.co\/index.php\/detenido-hombre-que-estaria-instrumentalizando-a-dos-menores-para-que-cometieran-un-homicidio-en-anserma-caldas\/judicial\/"]}]},{"@type":"ImageObject","inLanguage":"es","@id":"https:\/\/ciudadyregion.com.co\/index.php\/detenido-hombre-que-estaria-instrumentalizando-a-dos-menores-para-que-cometieran-un-homicidio-en-anserma-caldas\/judicial\/#primaryimage","url":"https:\/\/i0.wp.com\/ciudadyregion.com.co\/wp-content\/uploads\/2024\/06\/3-6.jpg?fit=800%2C445&ssl=1","contentUrl":"https:\/\/i0.wp.com\/ciudadyregion.com.co\/wp-content\/uploads\/2024\/06\/3-6.jpg?fit=800%2C445&ssl=1","width":800,"height":445},{"@type":"BreadcrumbList","@id":"https:\/\/ciudadyregion.com.co\/index.php\/detenido-hombre-que-estaria-instrumentalizando-a-dos-menores-para-que-cometieran-un-homicidio-en-anserma-caldas\/judicial\/#breadcrumb","itemListElement":[{"@type":"ListItem","position":1,"name":"Portada","item":"https:\/\/ciudadyregion.com.co\/"},{"@type":"ListItem","position":2,"name":"Detenido hombre que estar\u00eda instrumentalizando a dos menores para que cometieran un homicidio en Anserma, Caldas"}]},{"@type":"WebSite","@id":"https:\/\/ciudadyregion.com.co\/#website","url":"https:\/\/ciudadyregion.com.co\/","name":"Ciudad y Region","description":"","potentialAction":[{"@type":"SearchAction","target":{"@type":"EntryPoint","urlTemplate":"https:\/\/ciudadyregion.com.co\/?s={search_term_string}"},"query-input":{"@type":"PropertyValueSpecification","valueRequired":true,"valueName":"search_term_string"}}],"inLanguage":"es"},{"@type":"Person","@id":"https:\/\/ciudadyregion.com.co\/#\/schema\/person\/04a4954373ebc4051f46e8c65ff78622","name":"David Andr\u00e9s Aguirre","image":{"@type":"ImageObject","inLanguage":"es","@id":"https:\/\/ciudadyregion.com.co\/#\/schema\/person\/image\/","url":"https:\/\/secure.gravatar.com\/avatar\/bc3c655860202182ee6d1b5edd042dbe?s=96&d=mm&r=g","contentUrl":"https:\/\/secure.gravatar.com\/avatar\/bc3c655860202182ee6d1b5edd042dbe?s=96&d=mm&r=g","caption":"David Andr\u00e9s Aguirre"},"url":"https:\/\/ciudadyregion.com.co\/index.php\/author\/diegoaguirre\/"}]}},"jetpack_featured_media_url":"https:\/\/i0.wp.com\/ciudadyregion.com.co\/wp-content\/uploads\/2024\/06\/3-6.jpg?fit=800%2C445&ssl=1","jetpack_sharing_enabled":true,"jetpack_shortlink":"https:\/\/wp.me\/pbS7hh-4aM","jetpack-related-posts":[],"_links":{"self":[{"href":"https:\/\/ciudadyregion.com.co\/index.php\/wp-json\/wp\/v2\/posts\/16044"}],"collection":[{"href":"https:\/\/ciudadyregion.com.co\/index.php\/wp-json\/wp\/v2\/posts"}],"about":[{"href":"https:\/\/ciudadyregion.com.co\/index.php\/wp-json\/wp\/v2\/types\/post"}],"author":[{"embeddable":true,"href":"https:\/\/ciudadyregion.com.co\/index.php\/wp-json\/wp\/v2\/users\/2"}],"replies":[{"embeddable":true,"href":"https:\/\/ciudadyregion.com.co\/index.php\/wp-json\/wp\/v2\/comments?post=16044"}],"version-history":[{"count":1,"href":"https:\/\/ciudadyregion.com.co\/index.php\/wp-json\/wp\/v2\/posts\/16044\/revisions"}],"predecessor-version":[{"id":16046,"href":"https:\/\/ciudadyregion.com.co\/index.php\/wp-json\/wp\/v2\/posts\/16044\/revisions\/16046"}],"wp:featuredmedia":[{"embeddable":true,"href":"https:\/\/ciudadyregion.com.co\/index.php\/wp-json\/wp\/v2\/media\/16045"}],"wp:attachment":[{"href":"https:\/\/ciudadyregion.com.co\/index.php\/wp-json\/wp\/v2\/media?parent=16044"}],"wp:term":[{"taxonomy":"category","embeddable":true,"href":"https:\/\/ciudadyregion.com.co\/index.php\/wp-json\/wp\/v2\/categories?post=16044"},{"taxonomy":"post_tag","embeddable":true,"href":"https:\/\/ciudadyregion.com.co\/index.php\/wp-json\/wp\/v2\/tags?post=16044"}],"curies":[{"name":"wp","href":"https:\/\/api.w.org\/{rel}","templated":true}]}}