{"id":15950,"date":"2024-06-11T08:05:34","date_gmt":"2024-06-11T13:05:34","guid":{"rendered":"https:\/\/ciudadyregion.com.co\/?p=15950"},"modified":"2024-06-11T08:05:34","modified_gmt":"2024-06-11T13:05:34","slug":"espaldarazo-gobernadora-del-tolima-acompana-y-respalda-la-firma-del-plan-de-desarrollo-de-beatriz-valencia-en-el-libano","status":"publish","type":"post","link":"https:\/\/ciudadyregion.com.co\/index.php\/espaldarazo-gobernadora-del-tolima-acompana-y-respalda-la-firma-del-plan-de-desarrollo-de-beatriz-valencia-en-el-libano\/regional\/","title":{"rendered":"Espaldarazo: Gobernadora del Tolima acompa\u00f1a y respalda la firma del Plan de Desarrollo de Beatriz Valencia en El L\u00edbano"},"content":{"rendered":"<ul>\n<li><em><strong>En un encuentro en el Hotel Pant\u00e1gora, entre la gobernadora Matiz y la alcaldesa Valencia y sus equipos de trabajo, para revisar estrategias de desarrollo conjuntas, la mandataria local firm\u00f3 por decreto el Plan de Desarrollo Municipal con la acciones que ejecutar\u00e1 durante su mandato.<\/strong><\/em><\/li>\n<\/ul>\n<p>En su visita a El L\u00edbano, la gobernadora Adriana Magali Matiz acompa\u00f1\u00f3 la firma del Plan de Desarrollo de la alcaldesa municipal Beatriz Valencia G\u00f3mez, expres\u00e1ndole su pleno apoyo a esta iniciativa y resaltando que el periodo de la mandataria local est\u00e1 pensado tambi\u00e9n en la regi\u00f3n, en vincular el norte del Tolima.<\/p>\n<blockquote><p>\u201cReconozco todo el compromiso y la disciplina que has tenido como alcaldesa del municipio del L\u00edbano, y reconocer tambi\u00e9n que tienes un excelente equipo de trabajo, claramente, puede se ver que saben para d\u00f3nde van, y eso es muy importante, que no solamente t\u00fa, sino que tus secretarios, que tu equipo, sepa hacia d\u00f3nde es que quieres llevar este municipio, porque lo que veo es que no est\u00e1s pensando tampoco solo en el L\u00edbano, est\u00e1s pensando en un tema regional y ojal\u00e1 todos pensaran igual, en un tema regional, porque es as\u00ed como se puede llevar el desarrollo y se puede llevar el progreso\u201d, resalt\u00f3 la gobernadora Matiz, a trav\u00e9s de unas sentidas palabras.<\/p><\/blockquote>\n<p>Durante el evento, la gobernadora Matiz destac\u00f3 la importancia de alinear los esfuerzos entre el departamento y el municipio para lograr un desarrollo integral y sostenible.<\/p>\n<p>El Gobierno Municipal libanense destac\u00f3 que el plan sancionado por decreto es fundamental para el crecimiento de las comunidades. La colaboraci\u00f3n entre los distintos niveles de gobierno es clave para implementar proyectos que mejoren la calidad de vida de los ciudadanos libanenses.<\/p>\n<blockquote><p>\u201cEl Plan de Desarrollo de Beatriz Valencia, \u201cFirmes con el L\u00edbano\u201d, es una hoja de ruta para llevar a cabo proyectos en \u00e1reas cruciales como la educaci\u00f3n, salud, infraestructura, turismo y desarrollo econ\u00f3mico, con un enfoque especial en garantizar la seguridad y el bienestar de la poblaci\u00f3n, especialmente las mujeres\u201d, destac\u00f3 la mandataria local.<\/p><\/blockquote>\n<p>La firma del Plan de Desarrollo marca el inicio de una serie de acciones conjuntas que buscan optimizar los recursos y maximizar el impacto positivo en la regi\u00f3n.<\/p>\n<p>Los asistentes al evento coincidieron en que esta colaboraci\u00f3n y este respaldo, es un paso significativo hacia el progreso y bienestar del L\u00edbano.<\/p>\n<p>Con esta iniciativa, se espera, no solo cumplir con los objetivos planteados, sino tambi\u00e9n fortalecer la relaci\u00f3n entre el Gobierno del Tolima y el municipio, promoviendo un trabajo conjunto que beneficie a todos los ciudadanos.<\/p>\n","protected":false},"excerpt":{"rendered":"<p>En un encuentro en el Hotel Pant\u00e1gora, entre la gobernadora Matiz y la alcaldesa Valencia y sus equipos de trabajo, para revisar estrategias de desarrollo conjuntas, la mandataria local firm\u00f3 por decreto el Plan de Desarrollo Municipal con la acciones que ejecutar\u00e1 durante su mandato. En su visita a El<span class=\"more-link\"><a href=\"https:\/\/ciudadyregion.com.co\/index.php\/espaldarazo-gobernadora-del-tolima-acompana-y-respalda-la-firma-del-plan-de-desarrollo-de-beatriz-valencia-en-el-libano\/regional\/\">Continuar Leyendo<\/a><\/span><\/p>\n","protected":false},"author":2,"featured_media":15951,"comment_status":"open","ping_status":"open","sticky":false,"template":"","format":"standard","meta":{"_uf_show_specific_survey":0,"_uf_disable_surveys":false,"_jetpack_memberships_contains_paid_content":false,"footnotes":"","jetpack_publicize_message":"","jetpack_publicize_feature_enabled":true,"jetpack_social_post_already_shared":true,"jetpack_social_options":{"image_generator_settings":{"template":"highway","enabled":false},"version":2}},"categories":[13],"tags":[],"class_list":["entry","author-diegoaguirre","post-15950","post","type-post","status-publish","format-standard","has-post-thumbnail","category-regional"],"jetpack_publicize_connections":[],"yoast_head":"<!-- This site is optimized with the Yoast SEO plugin v24.3 - https:\/\/yoast.com\/wordpress\/plugins\/seo\/ -->\n<title>Espaldarazo: Gobernadora del Tolima acompa\u00f1a y respalda la firma del Plan de Desarrollo de Beatriz Valencia en El L\u00edbano - Ciudad y Region<\/title>\n<meta name=\"robots\" content=\"index, follow, max-snippet:-1, max-image-preview:large, max-video-preview:-1\" \/>\n<link rel=\"canonical\" href=\"https:\/\/ciudadyregion.com.co\/index.php\/espaldarazo-gobernadora-del-tolima-acompana-y-respalda-la-firma-del-plan-de-desarrollo-de-beatriz-valencia-en-el-libano\/regional\/\" \/>\n<meta property=\"og:locale\" content=\"es_ES\" \/>\n<meta property=\"og:type\" content=\"article\" \/>\n<meta property=\"og:title\" content=\"Espaldarazo: Gobernadora del Tolima acompa\u00f1a y respalda la firma del Plan de Desarrollo de Beatriz Valencia en El L\u00edbano - Ciudad y Region\" \/>\n<meta property=\"og:description\" content=\"En un encuentro en el Hotel Pant\u00e1gora, entre la gobernadora Matiz y la alcaldesa Valencia y sus equipos de trabajo, para revisar estrategias de desarrollo conjuntas, la mandataria local firm\u00f3 por decreto el Plan de Desarrollo Municipal con la acciones que ejecutar\u00e1 durante su mandato. En su visita a ElContinuar Leyendo\" \/>\n<meta property=\"og:url\" content=\"https:\/\/ciudadyregion.com.co\/index.php\/espaldarazo-gobernadora-del-tolima-acompana-y-respalda-la-firma-del-plan-de-desarrollo-de-beatriz-valencia-en-el-libano\/regional\/\" \/>\n<meta property=\"og:site_name\" content=\"Ciudad y Region\" \/>\n<meta property=\"article:published_time\" content=\"2024-06-11T13:05:34+00:00\" \/>\n<meta property=\"og:image\" content=\"https:\/\/ciudadyregion.com.co\/wp-content\/uploads\/2024\/06\/9-9.jpg\" \/>\n\t<meta property=\"og:image:width\" content=\"800\" \/>\n\t<meta property=\"og:image:height\" content=\"445\" \/>\n\t<meta property=\"og:image:type\" content=\"image\/jpeg\" \/>\n<meta name=\"author\" content=\"David Andr\u00e9s Aguirre\" \/>\n<meta name=\"twitter:card\" content=\"summary_large_image\" \/>\n<meta name=\"twitter:label1\" content=\"Escrito por\" \/>\n\t<meta name=\"twitter:data1\" content=\"David Andr\u00e9s Aguirre\" \/>\n\t<meta name=\"twitter:label2\" content=\"Tiempo de lectura\" \/>\n\t<meta name=\"twitter:data2\" content=\"2 minutos\" \/>\n<script type=\"application\/ld+json\" class=\"yoast-schema-graph\">{\"@context\":\"https:\/\/schema.org\",\"@graph\":[{\"@type\":\"WebPage\",\"@id\":\"https:\/\/ciudadyregion.com.co\/index.php\/espaldarazo-gobernadora-del-tolima-acompana-y-respalda-la-firma-del-plan-de-desarrollo-de-beatriz-valencia-en-el-libano\/regional\/\",\"url\":\"https:\/\/ciudadyregion.com.co\/index.php\/espaldarazo-gobernadora-del-tolima-acompana-y-respalda-la-firma-del-plan-de-desarrollo-de-beatriz-valencia-en-el-libano\/regional\/\",\"name\":\"Espaldarazo: Gobernadora del Tolima acompa\u00f1a y respalda la firma del Plan de Desarrollo de Beatriz Valencia en El L\u00edbano - Ciudad y Region\",\"isPartOf\":{\"@id\":\"https:\/\/ciudadyregion.com.co\/#website\"},\"primaryImageOfPage\":{\"@id\":\"https:\/\/ciudadyregion.com.co\/index.php\/espaldarazo-gobernadora-del-tolima-acompana-y-respalda-la-firma-del-plan-de-desarrollo-de-beatriz-valencia-en-el-libano\/regional\/#primaryimage\"},\"image\":{\"@id\":\"https:\/\/ciudadyregion.com.co\/index.php\/espaldarazo-gobernadora-del-tolima-acompana-y-respalda-la-firma-del-plan-de-desarrollo-de-beatriz-valencia-en-el-libano\/regional\/#primaryimage\"},\"thumbnailUrl\":\"https:\/\/i0.wp.com\/ciudadyregion.com.co\/wp-content\/uploads\/2024\/06\/9-9.jpg?fit=800%2C445&ssl=1\",\"datePublished\":\"2024-06-11T13:05:34+00:00\",\"dateModified\":\"2024-06-11T13:05:34+00:00\",\"author\":{\"@id\":\"https:\/\/ciudadyregion.com.co\/#\/schema\/person\/04a4954373ebc4051f46e8c65ff78622\"},\"breadcrumb\":{\"@id\":\"https:\/\/ciudadyregion.com.co\/index.php\/espaldarazo-gobernadora-del-tolima-acompana-y-respalda-la-firma-del-plan-de-desarrollo-de-beatriz-valencia-en-el-libano\/regional\/#breadcrumb\"},\"inLanguage\":\"es\",\"potentialAction\":[{\"@type\":\"ReadAction\",\"target\":[\"https:\/\/ciudadyregion.com.co\/index.php\/espaldarazo-gobernadora-del-tolima-acompana-y-respalda-la-firma-del-plan-de-desarrollo-de-beatriz-valencia-en-el-libano\/regional\/\"]}]},{\"@type\":\"ImageObject\",\"inLanguage\":\"es\",\"@id\":\"https:\/\/ciudadyregion.com.co\/index.php\/espaldarazo-gobernadora-del-tolima-acompana-y-respalda-la-firma-del-plan-de-desarrollo-de-beatriz-valencia-en-el-libano\/regional\/#primaryimage\",\"url\":\"https:\/\/i0.wp.com\/ciudadyregion.com.co\/wp-content\/uploads\/2024\/06\/9-9.jpg?fit=800%2C445&ssl=1\",\"contentUrl\":\"https:\/\/i0.wp.com\/ciudadyregion.com.co\/wp-content\/uploads\/2024\/06\/9-9.jpg?fit=800%2C445&ssl=1\",\"width\":800,\"height\":445},{\"@type\":\"BreadcrumbList\",\"@id\":\"https:\/\/ciudadyregion.com.co\/index.php\/espaldarazo-gobernadora-del-tolima-acompana-y-respalda-la-firma-del-plan-de-desarrollo-de-beatriz-valencia-en-el-libano\/regional\/#breadcrumb\",\"itemListElement\":[{\"@type\":\"ListItem\",\"position\":1,\"name\":\"Portada\",\"item\":\"https:\/\/ciudadyregion.com.co\/\"},{\"@type\":\"ListItem\",\"position\":2,\"name\":\"Espaldarazo: Gobernadora del Tolima acompa\u00f1a y respalda la firma del Plan de Desarrollo de Beatriz Valencia en El L\u00edbano\"}]},{\"@type\":\"WebSite\",\"@id\":\"https:\/\/ciudadyregion.com.co\/#website\",\"url\":\"https:\/\/ciudadyregion.com.co\/\",\"name\":\"Ciudad y Region\",\"description\":\"\",\"potentialAction\":[{\"@type\":\"SearchAction\",\"target\":{\"@type\":\"EntryPoint\",\"urlTemplate\":\"https:\/\/ciudadyregion.com.co\/?s={search_term_string}\"},\"query-input\":{\"@type\":\"PropertyValueSpecification\",\"valueRequired\":true,\"valueName\":\"search_term_string\"}}],\"inLanguage\":\"es\"},{\"@type\":\"Person\",\"@id\":\"https:\/\/ciudadyregion.com.co\/#\/schema\/person\/04a4954373ebc4051f46e8c65ff78622\",\"name\":\"David Andr\u00e9s Aguirre\",\"image\":{\"@type\":\"ImageObject\",\"inLanguage\":\"es\",\"@id\":\"https:\/\/ciudadyregion.com.co\/#\/schema\/person\/image\/\",\"url\":\"https:\/\/secure.gravatar.com\/avatar\/bc3c655860202182ee6d1b5edd042dbe?s=96&d=mm&r=g\",\"contentUrl\":\"https:\/\/secure.gravatar.com\/avatar\/bc3c655860202182ee6d1b5edd042dbe?s=96&d=mm&r=g\",\"caption\":\"David Andr\u00e9s Aguirre\"},\"url\":\"https:\/\/ciudadyregion.com.co\/index.php\/author\/diegoaguirre\/\"}]}<\/script>\n<!-- \/ Yoast SEO plugin. -->","yoast_head_json":{"title":"Espaldarazo: Gobernadora del Tolima acompa\u00f1a y respalda la firma del Plan de Desarrollo de Beatriz Valencia en El L\u00edbano - Ciudad y Region","robots":{"index":"index","follow":"follow","max-snippet":"max-snippet:-1","max-image-preview":"max-image-preview:large","max-video-preview":"max-video-preview:-1"},"canonical":"https:\/\/ciudadyregion.com.co\/index.php\/espaldarazo-gobernadora-del-tolima-acompana-y-respalda-la-firma-del-plan-de-desarrollo-de-beatriz-valencia-en-el-libano\/regional\/","og_locale":"es_ES","og_type":"article","og_title":"Espaldarazo: Gobernadora del Tolima acompa\u00f1a y respalda la firma del Plan de Desarrollo de Beatriz Valencia en El L\u00edbano - Ciudad y Region","og_description":"En un encuentro en el Hotel Pant\u00e1gora, entre la gobernadora Matiz y la alcaldesa Valencia y sus equipos de trabajo, para revisar estrategias de desarrollo conjuntas, la mandataria local firm\u00f3 por decreto el Plan de Desarrollo Municipal con la acciones que ejecutar\u00e1 durante su mandato. En su visita a ElContinuar Leyendo","og_url":"https:\/\/ciudadyregion.com.co\/index.php\/espaldarazo-gobernadora-del-tolima-acompana-y-respalda-la-firma-del-plan-de-desarrollo-de-beatriz-valencia-en-el-libano\/regional\/","og_site_name":"Ciudad y Region","article_published_time":"2024-06-11T13:05:34+00:00","og_image":[{"width":800,"height":445,"url":"https:\/\/ciudadyregion.com.co\/wp-content\/uploads\/2024\/06\/9-9.jpg","type":"image\/jpeg"}],"author":"David Andr\u00e9s Aguirre","twitter_card":"summary_large_image","twitter_misc":{"Escrito por":"David Andr\u00e9s Aguirre","Tiempo de lectura":"2 minutos"},"schema":{"@context":"https:\/\/schema.org","@graph":[{"@type":"WebPage","@id":"https:\/\/ciudadyregion.com.co\/index.php\/espaldarazo-gobernadora-del-tolima-acompana-y-respalda-la-firma-del-plan-de-desarrollo-de-beatriz-valencia-en-el-libano\/regional\/","url":"https:\/\/ciudadyregion.com.co\/index.php\/espaldarazo-gobernadora-del-tolima-acompana-y-respalda-la-firma-del-plan-de-desarrollo-de-beatriz-valencia-en-el-libano\/regional\/","name":"Espaldarazo: Gobernadora del Tolima acompa\u00f1a y respalda la firma del Plan de Desarrollo de Beatriz Valencia en El L\u00edbano - Ciudad y Region","isPartOf":{"@id":"https:\/\/ciudadyregion.com.co\/#website"},"primaryImageOfPage":{"@id":"https:\/\/ciudadyregion.com.co\/index.php\/espaldarazo-gobernadora-del-tolima-acompana-y-respalda-la-firma-del-plan-de-desarrollo-de-beatriz-valencia-en-el-libano\/regional\/#primaryimage"},"image":{"@id":"https:\/\/ciudadyregion.com.co\/index.php\/espaldarazo-gobernadora-del-tolima-acompana-y-respalda-la-firma-del-plan-de-desarrollo-de-beatriz-valencia-en-el-libano\/regional\/#primaryimage"},"thumbnailUrl":"https:\/\/i0.wp.com\/ciudadyregion.com.co\/wp-content\/uploads\/2024\/06\/9-9.jpg?fit=800%2C445&ssl=1","datePublished":"2024-06-11T13:05:34+00:00","dateModified":"2024-06-11T13:05:34+00:00","author":{"@id":"https:\/\/ciudadyregion.com.co\/#\/schema\/person\/04a4954373ebc4051f46e8c65ff78622"},"breadcrumb":{"@id":"https:\/\/ciudadyregion.com.co\/index.php\/espaldarazo-gobernadora-del-tolima-acompana-y-respalda-la-firma-del-plan-de-desarrollo-de-beatriz-valencia-en-el-libano\/regional\/#breadcrumb"},"inLanguage":"es","potentialAction":[{"@type":"ReadAction","target":["https:\/\/ciudadyregion.com.co\/index.php\/espaldarazo-gobernadora-del-tolima-acompana-y-respalda-la-firma-del-plan-de-desarrollo-de-beatriz-valencia-en-el-libano\/regional\/"]}]},{"@type":"ImageObject","inLanguage":"es","@id":"https:\/\/ciudadyregion.com.co\/index.php\/espaldarazo-gobernadora-del-tolima-acompana-y-respalda-la-firma-del-plan-de-desarrollo-de-beatriz-valencia-en-el-libano\/regional\/#primaryimage","url":"https:\/\/i0.wp.com\/ciudadyregion.com.co\/wp-content\/uploads\/2024\/06\/9-9.jpg?fit=800%2C445&ssl=1","contentUrl":"https:\/\/i0.wp.com\/ciudadyregion.com.co\/wp-content\/uploads\/2024\/06\/9-9.jpg?fit=800%2C445&ssl=1","width":800,"height":445},{"@type":"BreadcrumbList","@id":"https:\/\/ciudadyregion.com.co\/index.php\/espaldarazo-gobernadora-del-tolima-acompana-y-respalda-la-firma-del-plan-de-desarrollo-de-beatriz-valencia-en-el-libano\/regional\/#breadcrumb","itemListElement":[{"@type":"ListItem","position":1,"name":"Portada","item":"https:\/\/ciudadyregion.com.co\/"},{"@type":"ListItem","position":2,"name":"Espaldarazo: Gobernadora del Tolima acompa\u00f1a y respalda la firma del Plan de Desarrollo de Beatriz Valencia en El L\u00edbano"}]},{"@type":"WebSite","@id":"https:\/\/ciudadyregion.com.co\/#website","url":"https:\/\/ciudadyregion.com.co\/","name":"Ciudad y Region","description":"","potentialAction":[{"@type":"SearchAction","target":{"@type":"EntryPoint","urlTemplate":"https:\/\/ciudadyregion.com.co\/?s={search_term_string}"},"query-input":{"@type":"PropertyValueSpecification","valueRequired":true,"valueName":"search_term_string"}}],"inLanguage":"es"},{"@type":"Person","@id":"https:\/\/ciudadyregion.com.co\/#\/schema\/person\/04a4954373ebc4051f46e8c65ff78622","name":"David Andr\u00e9s Aguirre","image":{"@type":"ImageObject","inLanguage":"es","@id":"https:\/\/ciudadyregion.com.co\/#\/schema\/person\/image\/","url":"https:\/\/secure.gravatar.com\/avatar\/bc3c655860202182ee6d1b5edd042dbe?s=96&d=mm&r=g","contentUrl":"https:\/\/secure.gravatar.com\/avatar\/bc3c655860202182ee6d1b5edd042dbe?s=96&d=mm&r=g","caption":"David Andr\u00e9s Aguirre"},"url":"https:\/\/ciudadyregion.com.co\/index.php\/author\/diegoaguirre\/"}]}},"jetpack_featured_media_url":"https:\/\/i0.wp.com\/ciudadyregion.com.co\/wp-content\/uploads\/2024\/06\/9-9.jpg?fit=800%2C445&ssl=1","jetpack_sharing_enabled":true,"jetpack_shortlink":"https:\/\/wp.me\/pbS7hh-49g","jetpack-related-posts":[],"_links":{"self":[{"href":"https:\/\/ciudadyregion.com.co\/index.php\/wp-json\/wp\/v2\/posts\/15950"}],"collection":[{"href":"https:\/\/ciudadyregion.com.co\/index.php\/wp-json\/wp\/v2\/posts"}],"about":[{"href":"https:\/\/ciudadyregion.com.co\/index.php\/wp-json\/wp\/v2\/types\/post"}],"author":[{"embeddable":true,"href":"https:\/\/ciudadyregion.com.co\/index.php\/wp-json\/wp\/v2\/users\/2"}],"replies":[{"embeddable":true,"href":"https:\/\/ciudadyregion.com.co\/index.php\/wp-json\/wp\/v2\/comments?post=15950"}],"version-history":[{"count":1,"href":"https:\/\/ciudadyregion.com.co\/index.php\/wp-json\/wp\/v2\/posts\/15950\/revisions"}],"predecessor-version":[{"id":15952,"href":"https:\/\/ciudadyregion.com.co\/index.php\/wp-json\/wp\/v2\/posts\/15950\/revisions\/15952"}],"wp:featuredmedia":[{"embeddable":true,"href":"https:\/\/ciudadyregion.com.co\/index.php\/wp-json\/wp\/v2\/media\/15951"}],"wp:attachment":[{"href":"https:\/\/ciudadyregion.com.co\/index.php\/wp-json\/wp\/v2\/media?parent=15950"}],"wp:term":[{"taxonomy":"category","embeddable":true,"href":"https:\/\/ciudadyregion.com.co\/index.php\/wp-json\/wp\/v2\/categories?post=15950"},{"taxonomy":"post_tag","embeddable":true,"href":"https:\/\/ciudadyregion.com.co\/index.php\/wp-json\/wp\/v2\/tags?post=15950"}],"curies":[{"name":"wp","href":"https:\/\/api.w.org\/{rel}","templated":true}]}}