{"id":15947,"date":"2024-06-11T08:02:55","date_gmt":"2024-06-11T13:02:55","guid":{"rendered":"https:\/\/ciudadyregion.com.co\/?p=15947"},"modified":"2024-06-11T08:02:55","modified_gmt":"2024-06-11T13:02:55","slug":"desalmado-este-hombre-asesino-a-su-propia-madre-con-arma-blanca-por-una-discusion-y-oculto-el-cuerpo-debajo-de-una-cama","status":"publish","type":"post","link":"https:\/\/ciudadyregion.com.co\/index.php\/desalmado-este-hombre-asesino-a-su-propia-madre-con-arma-blanca-por-una-discusion-y-oculto-el-cuerpo-debajo-de-una-cama\/judicial\/","title":{"rendered":"Desalmado: Este hombre asesin\u00f3 a su propia madre con arma blanca por una discusi\u00f3n y ocult\u00f3 el cuerpo debajo de una cama"},"content":{"rendered":"<ul>\n<li><strong><em>El cuerpo de la v\u00edctima fue encontrado envuelto en una s\u00e1bana, con m\u00faltiples heridas ocasionadas con arma blanca y escondido debajo de una cama.<\/em><\/strong><\/li>\n<\/ul>\n<p>La contundencia del material probatorio aportado por la Fiscal\u00eda General de la Naci\u00f3n fue determinante para que un juez de control de garant\u00edas impusiera medida de aseguramiento en centro carcelario a Jes\u00fas David Alb\u00e1n Tenorio, quien le habr\u00eda causado la muerte a su mam\u00e1 el pasado 6 de junio, en Palermo (Huila).<\/p>\n<p>Los hechos investigados ocurrieron en un inmueble del barrio El \u00c1tico. El se\u00f1alado agresor, en un acto de intolerancia, presuntamente atac\u00f3 a la v\u00edctima en m\u00faltiples oportunidades con un arma blanca; y, posteriormente, envolvi\u00f3 el cuerpo en una s\u00e1bana y lo ocult\u00f3 debajo de una cama.<\/p>\n<p>La r\u00e1pida acci\u00f3n investigativa de la Fiscal\u00eda, en articulaci\u00f3n con la Polic\u00eda Nacional, permiti\u00f3 establecer que Alb\u00e1n Tenorio ser\u00eda el responsable del crimen. En ese sentido, fue capturado en diligencia realizada en v\u00eda p\u00fablica de Palermo.<\/p>\n<p>Un fiscal local de la Seccional Huila le imput\u00f3 el delito de homicidio agravado. El cargo no fue aceptado.<\/p>\n<p>En las verificaciones realizadas se constat\u00f3 que la v\u00edctima, de 46 a\u00f1os, se desempe\u00f1aba como auxiliar de enfermer\u00eda; mientras que su hijo, de 25 a\u00f1os, era conocido como \u2018Grillo Negro\u2019, y tendr\u00eda diferentes anotaciones judiciales por lesiones personales, violencia intrafamiliar, tr\u00e1fico de estupefacientes, receptaci\u00f3n, falsedad en documento privado y da\u00f1o en bien ajeno.<\/p>\n","protected":false},"excerpt":{"rendered":"<p>El cuerpo de la v\u00edctima fue encontrado envuelto en una s\u00e1bana, con m\u00faltiples heridas ocasionadas con arma blanca y escondido debajo de una cama. La contundencia del material probatorio aportado por la Fiscal\u00eda General de la Naci\u00f3n fue determinante para que un juez de control de garant\u00edas impusiera medida de<span class=\"more-link\"><a href=\"https:\/\/ciudadyregion.com.co\/index.php\/desalmado-este-hombre-asesino-a-su-propia-madre-con-arma-blanca-por-una-discusion-y-oculto-el-cuerpo-debajo-de-una-cama\/judicial\/\">Continuar Leyendo<\/a><\/span><\/p>\n","protected":false},"author":2,"featured_media":15948,"comment_status":"open","ping_status":"open","sticky":false,"template":"","format":"standard","meta":{"_uf_show_specific_survey":0,"_uf_disable_surveys":false,"_jetpack_memberships_contains_paid_content":false,"footnotes":"","jetpack_publicize_message":"","jetpack_publicize_feature_enabled":true,"jetpack_social_post_already_shared":true,"jetpack_social_options":{"image_generator_settings":{"template":"highway","enabled":false},"version":2}},"categories":[18],"tags":[],"class_list":["entry","author-diegoaguirre","post-15947","post","type-post","status-publish","format-standard","has-post-thumbnail","category-judicial"],"jetpack_publicize_connections":[],"yoast_head":"<!-- This site is optimized with the Yoast SEO plugin v24.3 - https:\/\/yoast.com\/wordpress\/plugins\/seo\/ -->\n<title>Desalmado: Este hombre asesin\u00f3 a su propia madre con arma blanca por una discusi\u00f3n y ocult\u00f3 el cuerpo debajo de una cama - Ciudad y Region<\/title>\n<meta name=\"robots\" content=\"index, follow, max-snippet:-1, max-image-preview:large, max-video-preview:-1\" \/>\n<link rel=\"canonical\" href=\"https:\/\/ciudadyregion.com.co\/index.php\/desalmado-este-hombre-asesino-a-su-propia-madre-con-arma-blanca-por-una-discusion-y-oculto-el-cuerpo-debajo-de-una-cama\/judicial\/\" \/>\n<meta property=\"og:locale\" content=\"es_ES\" \/>\n<meta property=\"og:type\" content=\"article\" \/>\n<meta property=\"og:title\" content=\"Desalmado: Este hombre asesin\u00f3 a su propia madre con arma blanca por una discusi\u00f3n y ocult\u00f3 el cuerpo debajo de una cama - Ciudad y Region\" \/>\n<meta property=\"og:description\" content=\"El cuerpo de la v\u00edctima fue encontrado envuelto en una s\u00e1bana, con m\u00faltiples heridas ocasionadas con arma blanca y escondido debajo de una cama. La contundencia del material probatorio aportado por la Fiscal\u00eda General de la Naci\u00f3n fue determinante para que un juez de control de garant\u00edas impusiera medida deContinuar Leyendo\" \/>\n<meta property=\"og:url\" content=\"https:\/\/ciudadyregion.com.co\/index.php\/desalmado-este-hombre-asesino-a-su-propia-madre-con-arma-blanca-por-una-discusion-y-oculto-el-cuerpo-debajo-de-una-cama\/judicial\/\" \/>\n<meta property=\"og:site_name\" content=\"Ciudad y Region\" \/>\n<meta property=\"article:published_time\" content=\"2024-06-11T13:02:55+00:00\" \/>\n<meta property=\"og:image\" content=\"https:\/\/ciudadyregion.com.co\/wp-content\/uploads\/2024\/06\/8-16.jpg\" \/>\n\t<meta property=\"og:image:width\" content=\"800\" \/>\n\t<meta property=\"og:image:height\" content=\"445\" \/>\n\t<meta property=\"og:image:type\" content=\"image\/jpeg\" \/>\n<meta name=\"author\" content=\"David Andr\u00e9s Aguirre\" \/>\n<meta name=\"twitter:card\" content=\"summary_large_image\" \/>\n<meta name=\"twitter:label1\" content=\"Escrito por\" \/>\n\t<meta name=\"twitter:data1\" content=\"David Andr\u00e9s Aguirre\" \/>\n\t<meta name=\"twitter:label2\" content=\"Tiempo de lectura\" \/>\n\t<meta name=\"twitter:data2\" content=\"2 minutos\" \/>\n<script type=\"application\/ld+json\" class=\"yoast-schema-graph\">{\"@context\":\"https:\/\/schema.org\",\"@graph\":[{\"@type\":\"WebPage\",\"@id\":\"https:\/\/ciudadyregion.com.co\/index.php\/desalmado-este-hombre-asesino-a-su-propia-madre-con-arma-blanca-por-una-discusion-y-oculto-el-cuerpo-debajo-de-una-cama\/judicial\/\",\"url\":\"https:\/\/ciudadyregion.com.co\/index.php\/desalmado-este-hombre-asesino-a-su-propia-madre-con-arma-blanca-por-una-discusion-y-oculto-el-cuerpo-debajo-de-una-cama\/judicial\/\",\"name\":\"Desalmado: Este hombre asesin\u00f3 a su propia madre con arma blanca por una discusi\u00f3n y ocult\u00f3 el cuerpo debajo de una cama - Ciudad y Region\",\"isPartOf\":{\"@id\":\"https:\/\/ciudadyregion.com.co\/#website\"},\"primaryImageOfPage\":{\"@id\":\"https:\/\/ciudadyregion.com.co\/index.php\/desalmado-este-hombre-asesino-a-su-propia-madre-con-arma-blanca-por-una-discusion-y-oculto-el-cuerpo-debajo-de-una-cama\/judicial\/#primaryimage\"},\"image\":{\"@id\":\"https:\/\/ciudadyregion.com.co\/index.php\/desalmado-este-hombre-asesino-a-su-propia-madre-con-arma-blanca-por-una-discusion-y-oculto-el-cuerpo-debajo-de-una-cama\/judicial\/#primaryimage\"},\"thumbnailUrl\":\"https:\/\/i0.wp.com\/ciudadyregion.com.co\/wp-content\/uploads\/2024\/06\/8-16.jpg?fit=800%2C445&ssl=1\",\"datePublished\":\"2024-06-11T13:02:55+00:00\",\"dateModified\":\"2024-06-11T13:02:55+00:00\",\"author\":{\"@id\":\"https:\/\/ciudadyregion.com.co\/#\/schema\/person\/04a4954373ebc4051f46e8c65ff78622\"},\"breadcrumb\":{\"@id\":\"https:\/\/ciudadyregion.com.co\/index.php\/desalmado-este-hombre-asesino-a-su-propia-madre-con-arma-blanca-por-una-discusion-y-oculto-el-cuerpo-debajo-de-una-cama\/judicial\/#breadcrumb\"},\"inLanguage\":\"es\",\"potentialAction\":[{\"@type\":\"ReadAction\",\"target\":[\"https:\/\/ciudadyregion.com.co\/index.php\/desalmado-este-hombre-asesino-a-su-propia-madre-con-arma-blanca-por-una-discusion-y-oculto-el-cuerpo-debajo-de-una-cama\/judicial\/\"]}]},{\"@type\":\"ImageObject\",\"inLanguage\":\"es\",\"@id\":\"https:\/\/ciudadyregion.com.co\/index.php\/desalmado-este-hombre-asesino-a-su-propia-madre-con-arma-blanca-por-una-discusion-y-oculto-el-cuerpo-debajo-de-una-cama\/judicial\/#primaryimage\",\"url\":\"https:\/\/i0.wp.com\/ciudadyregion.com.co\/wp-content\/uploads\/2024\/06\/8-16.jpg?fit=800%2C445&ssl=1\",\"contentUrl\":\"https:\/\/i0.wp.com\/ciudadyregion.com.co\/wp-content\/uploads\/2024\/06\/8-16.jpg?fit=800%2C445&ssl=1\",\"width\":800,\"height\":445},{\"@type\":\"BreadcrumbList\",\"@id\":\"https:\/\/ciudadyregion.com.co\/index.php\/desalmado-este-hombre-asesino-a-su-propia-madre-con-arma-blanca-por-una-discusion-y-oculto-el-cuerpo-debajo-de-una-cama\/judicial\/#breadcrumb\",\"itemListElement\":[{\"@type\":\"ListItem\",\"position\":1,\"name\":\"Portada\",\"item\":\"https:\/\/ciudadyregion.com.co\/\"},{\"@type\":\"ListItem\",\"position\":2,\"name\":\"Desalmado: Este hombre asesin\u00f3 a su propia madre con arma blanca por una discusi\u00f3n y ocult\u00f3 el cuerpo debajo de una cama\"}]},{\"@type\":\"WebSite\",\"@id\":\"https:\/\/ciudadyregion.com.co\/#website\",\"url\":\"https:\/\/ciudadyregion.com.co\/\",\"name\":\"Ciudad y Region\",\"description\":\"\",\"potentialAction\":[{\"@type\":\"SearchAction\",\"target\":{\"@type\":\"EntryPoint\",\"urlTemplate\":\"https:\/\/ciudadyregion.com.co\/?s={search_term_string}\"},\"query-input\":{\"@type\":\"PropertyValueSpecification\",\"valueRequired\":true,\"valueName\":\"search_term_string\"}}],\"inLanguage\":\"es\"},{\"@type\":\"Person\",\"@id\":\"https:\/\/ciudadyregion.com.co\/#\/schema\/person\/04a4954373ebc4051f46e8c65ff78622\",\"name\":\"David Andr\u00e9s Aguirre\",\"image\":{\"@type\":\"ImageObject\",\"inLanguage\":\"es\",\"@id\":\"https:\/\/ciudadyregion.com.co\/#\/schema\/person\/image\/\",\"url\":\"https:\/\/secure.gravatar.com\/avatar\/bc3c655860202182ee6d1b5edd042dbe?s=96&d=mm&r=g\",\"contentUrl\":\"https:\/\/secure.gravatar.com\/avatar\/bc3c655860202182ee6d1b5edd042dbe?s=96&d=mm&r=g\",\"caption\":\"David Andr\u00e9s Aguirre\"},\"url\":\"https:\/\/ciudadyregion.com.co\/index.php\/author\/diegoaguirre\/\"}]}<\/script>\n<!-- \/ Yoast SEO plugin. -->","yoast_head_json":{"title":"Desalmado: Este hombre asesin\u00f3 a su propia madre con arma blanca por una discusi\u00f3n y ocult\u00f3 el cuerpo debajo de una cama - Ciudad y Region","robots":{"index":"index","follow":"follow","max-snippet":"max-snippet:-1","max-image-preview":"max-image-preview:large","max-video-preview":"max-video-preview:-1"},"canonical":"https:\/\/ciudadyregion.com.co\/index.php\/desalmado-este-hombre-asesino-a-su-propia-madre-con-arma-blanca-por-una-discusion-y-oculto-el-cuerpo-debajo-de-una-cama\/judicial\/","og_locale":"es_ES","og_type":"article","og_title":"Desalmado: Este hombre asesin\u00f3 a su propia madre con arma blanca por una discusi\u00f3n y ocult\u00f3 el cuerpo debajo de una cama - Ciudad y Region","og_description":"El cuerpo de la v\u00edctima fue encontrado envuelto en una s\u00e1bana, con m\u00faltiples heridas ocasionadas con arma blanca y escondido debajo de una cama. La contundencia del material probatorio aportado por la Fiscal\u00eda General de la Naci\u00f3n fue determinante para que un juez de control de garant\u00edas impusiera medida deContinuar Leyendo","og_url":"https:\/\/ciudadyregion.com.co\/index.php\/desalmado-este-hombre-asesino-a-su-propia-madre-con-arma-blanca-por-una-discusion-y-oculto-el-cuerpo-debajo-de-una-cama\/judicial\/","og_site_name":"Ciudad y Region","article_published_time":"2024-06-11T13:02:55+00:00","og_image":[{"width":800,"height":445,"url":"https:\/\/ciudadyregion.com.co\/wp-content\/uploads\/2024\/06\/8-16.jpg","type":"image\/jpeg"}],"author":"David Andr\u00e9s Aguirre","twitter_card":"summary_large_image","twitter_misc":{"Escrito por":"David Andr\u00e9s Aguirre","Tiempo de lectura":"2 minutos"},"schema":{"@context":"https:\/\/schema.org","@graph":[{"@type":"WebPage","@id":"https:\/\/ciudadyregion.com.co\/index.php\/desalmado-este-hombre-asesino-a-su-propia-madre-con-arma-blanca-por-una-discusion-y-oculto-el-cuerpo-debajo-de-una-cama\/judicial\/","url":"https:\/\/ciudadyregion.com.co\/index.php\/desalmado-este-hombre-asesino-a-su-propia-madre-con-arma-blanca-por-una-discusion-y-oculto-el-cuerpo-debajo-de-una-cama\/judicial\/","name":"Desalmado: Este hombre asesin\u00f3 a su propia madre con arma blanca por una discusi\u00f3n y ocult\u00f3 el cuerpo debajo de una cama - Ciudad y Region","isPartOf":{"@id":"https:\/\/ciudadyregion.com.co\/#website"},"primaryImageOfPage":{"@id":"https:\/\/ciudadyregion.com.co\/index.php\/desalmado-este-hombre-asesino-a-su-propia-madre-con-arma-blanca-por-una-discusion-y-oculto-el-cuerpo-debajo-de-una-cama\/judicial\/#primaryimage"},"image":{"@id":"https:\/\/ciudadyregion.com.co\/index.php\/desalmado-este-hombre-asesino-a-su-propia-madre-con-arma-blanca-por-una-discusion-y-oculto-el-cuerpo-debajo-de-una-cama\/judicial\/#primaryimage"},"thumbnailUrl":"https:\/\/i0.wp.com\/ciudadyregion.com.co\/wp-content\/uploads\/2024\/06\/8-16.jpg?fit=800%2C445&ssl=1","datePublished":"2024-06-11T13:02:55+00:00","dateModified":"2024-06-11T13:02:55+00:00","author":{"@id":"https:\/\/ciudadyregion.com.co\/#\/schema\/person\/04a4954373ebc4051f46e8c65ff78622"},"breadcrumb":{"@id":"https:\/\/ciudadyregion.com.co\/index.php\/desalmado-este-hombre-asesino-a-su-propia-madre-con-arma-blanca-por-una-discusion-y-oculto-el-cuerpo-debajo-de-una-cama\/judicial\/#breadcrumb"},"inLanguage":"es","potentialAction":[{"@type":"ReadAction","target":["https:\/\/ciudadyregion.com.co\/index.php\/desalmado-este-hombre-asesino-a-su-propia-madre-con-arma-blanca-por-una-discusion-y-oculto-el-cuerpo-debajo-de-una-cama\/judicial\/"]}]},{"@type":"ImageObject","inLanguage":"es","@id":"https:\/\/ciudadyregion.com.co\/index.php\/desalmado-este-hombre-asesino-a-su-propia-madre-con-arma-blanca-por-una-discusion-y-oculto-el-cuerpo-debajo-de-una-cama\/judicial\/#primaryimage","url":"https:\/\/i0.wp.com\/ciudadyregion.com.co\/wp-content\/uploads\/2024\/06\/8-16.jpg?fit=800%2C445&ssl=1","contentUrl":"https:\/\/i0.wp.com\/ciudadyregion.com.co\/wp-content\/uploads\/2024\/06\/8-16.jpg?fit=800%2C445&ssl=1","width":800,"height":445},{"@type":"BreadcrumbList","@id":"https:\/\/ciudadyregion.com.co\/index.php\/desalmado-este-hombre-asesino-a-su-propia-madre-con-arma-blanca-por-una-discusion-y-oculto-el-cuerpo-debajo-de-una-cama\/judicial\/#breadcrumb","itemListElement":[{"@type":"ListItem","position":1,"name":"Portada","item":"https:\/\/ciudadyregion.com.co\/"},{"@type":"ListItem","position":2,"name":"Desalmado: Este hombre asesin\u00f3 a su propia madre con arma blanca por una discusi\u00f3n y ocult\u00f3 el cuerpo debajo de una cama"}]},{"@type":"WebSite","@id":"https:\/\/ciudadyregion.com.co\/#website","url":"https:\/\/ciudadyregion.com.co\/","name":"Ciudad y Region","description":"","potentialAction":[{"@type":"SearchAction","target":{"@type":"EntryPoint","urlTemplate":"https:\/\/ciudadyregion.com.co\/?s={search_term_string}"},"query-input":{"@type":"PropertyValueSpecification","valueRequired":true,"valueName":"search_term_string"}}],"inLanguage":"es"},{"@type":"Person","@id":"https:\/\/ciudadyregion.com.co\/#\/schema\/person\/04a4954373ebc4051f46e8c65ff78622","name":"David Andr\u00e9s Aguirre","image":{"@type":"ImageObject","inLanguage":"es","@id":"https:\/\/ciudadyregion.com.co\/#\/schema\/person\/image\/","url":"https:\/\/secure.gravatar.com\/avatar\/bc3c655860202182ee6d1b5edd042dbe?s=96&d=mm&r=g","contentUrl":"https:\/\/secure.gravatar.com\/avatar\/bc3c655860202182ee6d1b5edd042dbe?s=96&d=mm&r=g","caption":"David Andr\u00e9s Aguirre"},"url":"https:\/\/ciudadyregion.com.co\/index.php\/author\/diegoaguirre\/"}]}},"jetpack_featured_media_url":"https:\/\/i0.wp.com\/ciudadyregion.com.co\/wp-content\/uploads\/2024\/06\/8-16.jpg?fit=800%2C445&ssl=1","jetpack_sharing_enabled":true,"jetpack_shortlink":"https:\/\/wp.me\/pbS7hh-49d","jetpack-related-posts":[],"_links":{"self":[{"href":"https:\/\/ciudadyregion.com.co\/index.php\/wp-json\/wp\/v2\/posts\/15947"}],"collection":[{"href":"https:\/\/ciudadyregion.com.co\/index.php\/wp-json\/wp\/v2\/posts"}],"about":[{"href":"https:\/\/ciudadyregion.com.co\/index.php\/wp-json\/wp\/v2\/types\/post"}],"author":[{"embeddable":true,"href":"https:\/\/ciudadyregion.com.co\/index.php\/wp-json\/wp\/v2\/users\/2"}],"replies":[{"embeddable":true,"href":"https:\/\/ciudadyregion.com.co\/index.php\/wp-json\/wp\/v2\/comments?post=15947"}],"version-history":[{"count":1,"href":"https:\/\/ciudadyregion.com.co\/index.php\/wp-json\/wp\/v2\/posts\/15947\/revisions"}],"predecessor-version":[{"id":15949,"href":"https:\/\/ciudadyregion.com.co\/index.php\/wp-json\/wp\/v2\/posts\/15947\/revisions\/15949"}],"wp:featuredmedia":[{"embeddable":true,"href":"https:\/\/ciudadyregion.com.co\/index.php\/wp-json\/wp\/v2\/media\/15948"}],"wp:attachment":[{"href":"https:\/\/ciudadyregion.com.co\/index.php\/wp-json\/wp\/v2\/media?parent=15947"}],"wp:term":[{"taxonomy":"category","embeddable":true,"href":"https:\/\/ciudadyregion.com.co\/index.php\/wp-json\/wp\/v2\/categories?post=15947"},{"taxonomy":"post_tag","embeddable":true,"href":"https:\/\/ciudadyregion.com.co\/index.php\/wp-json\/wp\/v2\/tags?post=15947"}],"curies":[{"name":"wp","href":"https:\/\/api.w.org\/{rel}","templated":true}]}}