{"id":15932,"date":"2024-06-11T07:36:48","date_gmt":"2024-06-11T12:36:48","guid":{"rendered":"https:\/\/ciudadyregion.com.co\/?p=15932"},"modified":"2024-06-11T07:36:48","modified_gmt":"2024-06-11T12:36:48","slug":"estos-fueron-los-temas-concertados-por-la-gobernadora-del-tolima-con-la-comunidad-del-libano","status":"publish","type":"post","link":"https:\/\/ciudadyregion.com.co\/index.php\/estos-fueron-los-temas-concertados-por-la-gobernadora-del-tolima-con-la-comunidad-del-libano\/regional\/","title":{"rendered":"Estos fueron los temas concertados por la Gobernadora del Tolima con la comunidad del L\u00edbano"},"content":{"rendered":"<ul>\n<li><em><strong>Gasificaci\u00f3n rural, mejoramiento de v\u00edas secundarias y terciarias, apoyo al emprendimiento en el sector productivo y generaci\u00f3n de oportunidades para las nuevas generaciones, temas concertados por la mandataria de los tolimenses con comunidad campesina de El L\u00edbano.<\/strong><\/em><\/li>\n<\/ul>\n<p>La gira de la gobernadora Adriana Magali Matiz por los municipios del Tolima lleg\u00f3 a El L\u00edbano; all\u00ed, en una regi\u00f3n de gran potencial agrotur\u00edstico como la vereda la Trina, la mandataria escuch\u00f3 a los concejales, l\u00edderes y comunidad campesina de este municipio del norte tolimense.<\/p>\n<p>La \u00abCiudad de Torres Blancas\u00bb se convirti\u00f3 en el municipio 24 que visit\u00f3 la gobernadora Adriana Magali Matiz, junto al equipo del gobierno \u201cCon Seguridad en el Territorio \u201c<\/p>\n<p>Temas estructurales para el desarrollo de los sectores productivos y el mejoramiento de la calidad de vida de los ciudadanos se priorizaron en este conversatorio donde la mandataria reiter\u00f3 que al inicio del a\u00f1o se apoy\u00f3 a L\u00edbano con $2.500 millones para alimentaci\u00f3n escolar y PAE.<\/p>\n<p>En este escenario Matiz pidi\u00f3 un minuto de silencio y expres\u00f3 su mensaje de condolencias a los padres e hijos de \u00c1ngela Mart\u00ednez, una joven nacida en El L\u00edbano quien esta semana fue v\u00edctima de feminicidio en los Estados Unidos.<\/p>\n<p>En cuanto al sector agropecuario se confirm\u00f3 que para este a\u00f1o en el Tolima se invertir\u00e1n $9.000 millones para la renovaci\u00f3n y nuevas siembras de Caf\u00e9 y L\u00edbano, por ser un municipio productor, est\u00e1 priorizado en el proyecto, adem\u00e1s, que para aprovechar la infraestructura que tiene este territorio ser\u00e1 la sede de la Escuela de Caf\u00e9, con la cual se buscar\u00e1 consolidar la Universidad Cafetera de Colombia donde se formaran 1.000 j\u00f3venes cada a\u00f1o para apostar a la generaci\u00f3n de oportunidades para las nuevas generaciones.<\/p>\n<p>Se anunci\u00f3 que en 2024 se llevar\u00e1 a cabo la Feria Internacional de Caf\u00e9 en Planadas del 1 al 3 de noviembre y en 2025 se realizar\u00e1 en el norte del departamento.<\/p>\n<p>La gobernadora Matiz indic\u00f3 que se trabajar\u00e1 para aprovechar el corredor productivo del cacao en El L\u00edbano, apoyando el fortalecimiento de la asociatividad y mejorando el trabajo de siembra, fertilizaci\u00f3n, y fermentaci\u00f3n, adem\u00e1s se dar\u00e1 apoyo a proyectos productivos para las mujeres con la cr\u00eda de cerdos y gallinas.<\/p>\n<p>Con las JAC se articular\u00e1 la intervenci\u00f3n de infraestructura educativa, formaci\u00f3n y capacitaci\u00f3n para las juntas de acci\u00f3n comunal, con quienes se trabajar\u00e1 en el mejoramiento de v\u00edas terciarias.<\/p>\n<p><strong>Inversi\u00f3n social<\/strong><\/p>\n<p>Se brindar\u00e1 atenci\u00f3n a personas con discapacidad, creando el comedor comunitario para adultos mayores, El L\u00edbano es uno de los 10 municipios seleccionados en el Tolima para esta iniciativa, adem\u00e1s se brindar\u00e1n refrigerios a los ni\u00f1os, y sa incluira a L\u00edbano en los programas J\u00f3venes In y Manos al Agua.<\/p>\n<p><strong>Infraestructura<\/strong><\/p>\n<blockquote><p>\u00abEste equipo ha hecho un trabajo grande para apoyar la gasificaci\u00f3n rural en el Tolima, donde se han beneficiado m\u00e1s de 50.000 ciudadanos; en El L\u00edbano, en dos meses, terminaremos la instalaci\u00f3n de redes en 12 veredas y nosotros no nos podemos quedar atr\u00e1s en este proyecto que es de gran beneficio para las mujeres campesinas, y vamos a iniciar la estructuraci\u00f3n del proyecto para ampliar cobertura a partir de 2025\u00bb, indic\u00f3 la gobernadora del Tolima.<\/p><\/blockquote>\n<p>Se dar\u00e1 continuidad con la presencia de maquinaria en la v\u00eda L\u00edbano-Villahermosa y se distribuir\u00e1n equipos que llegar\u00e1n por parte de la UNGRD para intervenir corredores de la red terciaria.<\/p>\n<p>En cuanto a la v\u00eda El L\u00edbano-Santa Teresa, donde se invierten $33.000 millones para intervenir puntos cr\u00edticos y pavimentar cinco kil\u00f3metros, se garantiza la ejecuci\u00f3n y seguimiento a la obra donde se construye adem\u00e1s una estructura de puente vehicular.<\/p>\n<p>Se actualizar\u00e1n los dise\u00f1os para intervenir el corredor la Trina a San Jorge, as\u00ed como el de pavimentaci\u00f3n de v\u00edas urbanas de El L\u00edbano para realizarlo en 2026.<\/p>\n<p>Otra positiva noticia tiene que ver con la estructuraci\u00f3n del proyecto para construir la estaci\u00f3n de Polic\u00eda en Santa Teresa.<\/p>\n<p>La gobernadora Adriana Magali Matiz confirm\u00f3 que, pr\u00f3ximamente, volver\u00e1 a El L\u00edbano y el 27 de julio visitar\u00e1 San Fernando y har\u00e1 un recorrido por las obras de El L\u00edbano-Santa Teresa.<\/p>\n","protected":false},"excerpt":{"rendered":"<p>Gasificaci\u00f3n rural, mejoramiento de v\u00edas secundarias y terciarias, apoyo al emprendimiento en el sector productivo y generaci\u00f3n de oportunidades para las nuevas generaciones, temas concertados por la mandataria de los tolimenses con comunidad campesina de El L\u00edbano. La gira de la gobernadora Adriana Magali Matiz por los municipios del Tolima<span class=\"more-link\"><a href=\"https:\/\/ciudadyregion.com.co\/index.php\/estos-fueron-los-temas-concertados-por-la-gobernadora-del-tolima-con-la-comunidad-del-libano\/regional\/\">Continuar Leyendo<\/a><\/span><\/p>\n","protected":false},"author":2,"featured_media":15933,"comment_status":"open","ping_status":"open","sticky":false,"template":"","format":"standard","meta":{"_uf_show_specific_survey":0,"_uf_disable_surveys":false,"_jetpack_memberships_contains_paid_content":false,"footnotes":"","jetpack_publicize_message":"","jetpack_publicize_feature_enabled":true,"jetpack_social_post_already_shared":true,"jetpack_social_options":{"image_generator_settings":{"template":"highway","enabled":false},"version":2}},"categories":[13],"tags":[],"class_list":["entry","author-diegoaguirre","post-15932","post","type-post","status-publish","format-standard","has-post-thumbnail","category-regional"],"jetpack_publicize_connections":[],"yoast_head":"<!-- This site is optimized with the Yoast SEO plugin v24.3 - https:\/\/yoast.com\/wordpress\/plugins\/seo\/ -->\n<title>Estos fueron los temas concertados por la Gobernadora del Tolima con la comunidad del L\u00edbano - Ciudad y Region<\/title>\n<meta name=\"robots\" content=\"index, follow, max-snippet:-1, max-image-preview:large, max-video-preview:-1\" \/>\n<link rel=\"canonical\" href=\"https:\/\/ciudadyregion.com.co\/index.php\/estos-fueron-los-temas-concertados-por-la-gobernadora-del-tolima-con-la-comunidad-del-libano\/regional\/\" \/>\n<meta property=\"og:locale\" content=\"es_ES\" \/>\n<meta property=\"og:type\" content=\"article\" \/>\n<meta property=\"og:title\" content=\"Estos fueron los temas concertados por la Gobernadora del Tolima con la comunidad del L\u00edbano - Ciudad y Region\" \/>\n<meta property=\"og:description\" content=\"Gasificaci\u00f3n rural, mejoramiento de v\u00edas secundarias y terciarias, apoyo al emprendimiento en el sector productivo y generaci\u00f3n de oportunidades para las nuevas generaciones, temas concertados por la mandataria de los tolimenses con comunidad campesina de El L\u00edbano. La gira de la gobernadora Adriana Magali Matiz por los municipios del TolimaContinuar Leyendo\" \/>\n<meta property=\"og:url\" content=\"https:\/\/ciudadyregion.com.co\/index.php\/estos-fueron-los-temas-concertados-por-la-gobernadora-del-tolima-con-la-comunidad-del-libano\/regional\/\" \/>\n<meta property=\"og:site_name\" content=\"Ciudad y Region\" \/>\n<meta property=\"article:published_time\" content=\"2024-06-11T12:36:48+00:00\" \/>\n<meta property=\"og:image\" content=\"https:\/\/ciudadyregion.com.co\/wp-content\/uploads\/2024\/06\/3-25.jpg\" \/>\n\t<meta property=\"og:image:width\" content=\"800\" \/>\n\t<meta property=\"og:image:height\" content=\"445\" \/>\n\t<meta property=\"og:image:type\" content=\"image\/jpeg\" \/>\n<meta name=\"author\" content=\"David Andr\u00e9s Aguirre\" \/>\n<meta name=\"twitter:card\" content=\"summary_large_image\" \/>\n<meta name=\"twitter:label1\" content=\"Escrito por\" \/>\n\t<meta name=\"twitter:data1\" content=\"David Andr\u00e9s Aguirre\" \/>\n\t<meta name=\"twitter:label2\" content=\"Tiempo de lectura\" \/>\n\t<meta name=\"twitter:data2\" content=\"3 minutos\" \/>\n<script type=\"application\/ld+json\" class=\"yoast-schema-graph\">{\"@context\":\"https:\/\/schema.org\",\"@graph\":[{\"@type\":\"WebPage\",\"@id\":\"https:\/\/ciudadyregion.com.co\/index.php\/estos-fueron-los-temas-concertados-por-la-gobernadora-del-tolima-con-la-comunidad-del-libano\/regional\/\",\"url\":\"https:\/\/ciudadyregion.com.co\/index.php\/estos-fueron-los-temas-concertados-por-la-gobernadora-del-tolima-con-la-comunidad-del-libano\/regional\/\",\"name\":\"Estos fueron los temas concertados por la Gobernadora del Tolima con la comunidad del L\u00edbano - Ciudad y Region\",\"isPartOf\":{\"@id\":\"https:\/\/ciudadyregion.com.co\/#website\"},\"primaryImageOfPage\":{\"@id\":\"https:\/\/ciudadyregion.com.co\/index.php\/estos-fueron-los-temas-concertados-por-la-gobernadora-del-tolima-con-la-comunidad-del-libano\/regional\/#primaryimage\"},\"image\":{\"@id\":\"https:\/\/ciudadyregion.com.co\/index.php\/estos-fueron-los-temas-concertados-por-la-gobernadora-del-tolima-con-la-comunidad-del-libano\/regional\/#primaryimage\"},\"thumbnailUrl\":\"https:\/\/i0.wp.com\/ciudadyregion.com.co\/wp-content\/uploads\/2024\/06\/3-25.jpg?fit=800%2C445&ssl=1\",\"datePublished\":\"2024-06-11T12:36:48+00:00\",\"dateModified\":\"2024-06-11T12:36:48+00:00\",\"author\":{\"@id\":\"https:\/\/ciudadyregion.com.co\/#\/schema\/person\/04a4954373ebc4051f46e8c65ff78622\"},\"breadcrumb\":{\"@id\":\"https:\/\/ciudadyregion.com.co\/index.php\/estos-fueron-los-temas-concertados-por-la-gobernadora-del-tolima-con-la-comunidad-del-libano\/regional\/#breadcrumb\"},\"inLanguage\":\"es\",\"potentialAction\":[{\"@type\":\"ReadAction\",\"target\":[\"https:\/\/ciudadyregion.com.co\/index.php\/estos-fueron-los-temas-concertados-por-la-gobernadora-del-tolima-con-la-comunidad-del-libano\/regional\/\"]}]},{\"@type\":\"ImageObject\",\"inLanguage\":\"es\",\"@id\":\"https:\/\/ciudadyregion.com.co\/index.php\/estos-fueron-los-temas-concertados-por-la-gobernadora-del-tolima-con-la-comunidad-del-libano\/regional\/#primaryimage\",\"url\":\"https:\/\/i0.wp.com\/ciudadyregion.com.co\/wp-content\/uploads\/2024\/06\/3-25.jpg?fit=800%2C445&ssl=1\",\"contentUrl\":\"https:\/\/i0.wp.com\/ciudadyregion.com.co\/wp-content\/uploads\/2024\/06\/3-25.jpg?fit=800%2C445&ssl=1\",\"width\":800,\"height\":445},{\"@type\":\"BreadcrumbList\",\"@id\":\"https:\/\/ciudadyregion.com.co\/index.php\/estos-fueron-los-temas-concertados-por-la-gobernadora-del-tolima-con-la-comunidad-del-libano\/regional\/#breadcrumb\",\"itemListElement\":[{\"@type\":\"ListItem\",\"position\":1,\"name\":\"Portada\",\"item\":\"https:\/\/ciudadyregion.com.co\/\"},{\"@type\":\"ListItem\",\"position\":2,\"name\":\"Estos fueron los temas concertados por la Gobernadora del Tolima con la comunidad del L\u00edbano\"}]},{\"@type\":\"WebSite\",\"@id\":\"https:\/\/ciudadyregion.com.co\/#website\",\"url\":\"https:\/\/ciudadyregion.com.co\/\",\"name\":\"Ciudad y Region\",\"description\":\"\",\"potentialAction\":[{\"@type\":\"SearchAction\",\"target\":{\"@type\":\"EntryPoint\",\"urlTemplate\":\"https:\/\/ciudadyregion.com.co\/?s={search_term_string}\"},\"query-input\":{\"@type\":\"PropertyValueSpecification\",\"valueRequired\":true,\"valueName\":\"search_term_string\"}}],\"inLanguage\":\"es\"},{\"@type\":\"Person\",\"@id\":\"https:\/\/ciudadyregion.com.co\/#\/schema\/person\/04a4954373ebc4051f46e8c65ff78622\",\"name\":\"David Andr\u00e9s Aguirre\",\"image\":{\"@type\":\"ImageObject\",\"inLanguage\":\"es\",\"@id\":\"https:\/\/ciudadyregion.com.co\/#\/schema\/person\/image\/\",\"url\":\"https:\/\/secure.gravatar.com\/avatar\/bc3c655860202182ee6d1b5edd042dbe?s=96&d=mm&r=g\",\"contentUrl\":\"https:\/\/secure.gravatar.com\/avatar\/bc3c655860202182ee6d1b5edd042dbe?s=96&d=mm&r=g\",\"caption\":\"David Andr\u00e9s Aguirre\"},\"url\":\"https:\/\/ciudadyregion.com.co\/index.php\/author\/diegoaguirre\/\"}]}<\/script>\n<!-- \/ Yoast SEO plugin. -->","yoast_head_json":{"title":"Estos fueron los temas concertados por la Gobernadora del Tolima con la comunidad del L\u00edbano - Ciudad y Region","robots":{"index":"index","follow":"follow","max-snippet":"max-snippet:-1","max-image-preview":"max-image-preview:large","max-video-preview":"max-video-preview:-1"},"canonical":"https:\/\/ciudadyregion.com.co\/index.php\/estos-fueron-los-temas-concertados-por-la-gobernadora-del-tolima-con-la-comunidad-del-libano\/regional\/","og_locale":"es_ES","og_type":"article","og_title":"Estos fueron los temas concertados por la Gobernadora del Tolima con la comunidad del L\u00edbano - Ciudad y Region","og_description":"Gasificaci\u00f3n rural, mejoramiento de v\u00edas secundarias y terciarias, apoyo al emprendimiento en el sector productivo y generaci\u00f3n de oportunidades para las nuevas generaciones, temas concertados por la mandataria de los tolimenses con comunidad campesina de El L\u00edbano. La gira de la gobernadora Adriana Magali Matiz por los municipios del TolimaContinuar Leyendo","og_url":"https:\/\/ciudadyregion.com.co\/index.php\/estos-fueron-los-temas-concertados-por-la-gobernadora-del-tolima-con-la-comunidad-del-libano\/regional\/","og_site_name":"Ciudad y Region","article_published_time":"2024-06-11T12:36:48+00:00","og_image":[{"width":800,"height":445,"url":"https:\/\/ciudadyregion.com.co\/wp-content\/uploads\/2024\/06\/3-25.jpg","type":"image\/jpeg"}],"author":"David Andr\u00e9s Aguirre","twitter_card":"summary_large_image","twitter_misc":{"Escrito por":"David Andr\u00e9s Aguirre","Tiempo de lectura":"3 minutos"},"schema":{"@context":"https:\/\/schema.org","@graph":[{"@type":"WebPage","@id":"https:\/\/ciudadyregion.com.co\/index.php\/estos-fueron-los-temas-concertados-por-la-gobernadora-del-tolima-con-la-comunidad-del-libano\/regional\/","url":"https:\/\/ciudadyregion.com.co\/index.php\/estos-fueron-los-temas-concertados-por-la-gobernadora-del-tolima-con-la-comunidad-del-libano\/regional\/","name":"Estos fueron los temas concertados por la Gobernadora del Tolima con la comunidad del L\u00edbano - Ciudad y Region","isPartOf":{"@id":"https:\/\/ciudadyregion.com.co\/#website"},"primaryImageOfPage":{"@id":"https:\/\/ciudadyregion.com.co\/index.php\/estos-fueron-los-temas-concertados-por-la-gobernadora-del-tolima-con-la-comunidad-del-libano\/regional\/#primaryimage"},"image":{"@id":"https:\/\/ciudadyregion.com.co\/index.php\/estos-fueron-los-temas-concertados-por-la-gobernadora-del-tolima-con-la-comunidad-del-libano\/regional\/#primaryimage"},"thumbnailUrl":"https:\/\/i0.wp.com\/ciudadyregion.com.co\/wp-content\/uploads\/2024\/06\/3-25.jpg?fit=800%2C445&ssl=1","datePublished":"2024-06-11T12:36:48+00:00","dateModified":"2024-06-11T12:36:48+00:00","author":{"@id":"https:\/\/ciudadyregion.com.co\/#\/schema\/person\/04a4954373ebc4051f46e8c65ff78622"},"breadcrumb":{"@id":"https:\/\/ciudadyregion.com.co\/index.php\/estos-fueron-los-temas-concertados-por-la-gobernadora-del-tolima-con-la-comunidad-del-libano\/regional\/#breadcrumb"},"inLanguage":"es","potentialAction":[{"@type":"ReadAction","target":["https:\/\/ciudadyregion.com.co\/index.php\/estos-fueron-los-temas-concertados-por-la-gobernadora-del-tolima-con-la-comunidad-del-libano\/regional\/"]}]},{"@type":"ImageObject","inLanguage":"es","@id":"https:\/\/ciudadyregion.com.co\/index.php\/estos-fueron-los-temas-concertados-por-la-gobernadora-del-tolima-con-la-comunidad-del-libano\/regional\/#primaryimage","url":"https:\/\/i0.wp.com\/ciudadyregion.com.co\/wp-content\/uploads\/2024\/06\/3-25.jpg?fit=800%2C445&ssl=1","contentUrl":"https:\/\/i0.wp.com\/ciudadyregion.com.co\/wp-content\/uploads\/2024\/06\/3-25.jpg?fit=800%2C445&ssl=1","width":800,"height":445},{"@type":"BreadcrumbList","@id":"https:\/\/ciudadyregion.com.co\/index.php\/estos-fueron-los-temas-concertados-por-la-gobernadora-del-tolima-con-la-comunidad-del-libano\/regional\/#breadcrumb","itemListElement":[{"@type":"ListItem","position":1,"name":"Portada","item":"https:\/\/ciudadyregion.com.co\/"},{"@type":"ListItem","position":2,"name":"Estos fueron los temas concertados por la Gobernadora del Tolima con la comunidad del L\u00edbano"}]},{"@type":"WebSite","@id":"https:\/\/ciudadyregion.com.co\/#website","url":"https:\/\/ciudadyregion.com.co\/","name":"Ciudad y Region","description":"","potentialAction":[{"@type":"SearchAction","target":{"@type":"EntryPoint","urlTemplate":"https:\/\/ciudadyregion.com.co\/?s={search_term_string}"},"query-input":{"@type":"PropertyValueSpecification","valueRequired":true,"valueName":"search_term_string"}}],"inLanguage":"es"},{"@type":"Person","@id":"https:\/\/ciudadyregion.com.co\/#\/schema\/person\/04a4954373ebc4051f46e8c65ff78622","name":"David Andr\u00e9s Aguirre","image":{"@type":"ImageObject","inLanguage":"es","@id":"https:\/\/ciudadyregion.com.co\/#\/schema\/person\/image\/","url":"https:\/\/secure.gravatar.com\/avatar\/bc3c655860202182ee6d1b5edd042dbe?s=96&d=mm&r=g","contentUrl":"https:\/\/secure.gravatar.com\/avatar\/bc3c655860202182ee6d1b5edd042dbe?s=96&d=mm&r=g","caption":"David Andr\u00e9s Aguirre"},"url":"https:\/\/ciudadyregion.com.co\/index.php\/author\/diegoaguirre\/"}]}},"jetpack_featured_media_url":"https:\/\/i0.wp.com\/ciudadyregion.com.co\/wp-content\/uploads\/2024\/06\/3-25.jpg?fit=800%2C445&ssl=1","jetpack_sharing_enabled":true,"jetpack_shortlink":"https:\/\/wp.me\/pbS7hh-48Y","jetpack-related-posts":[],"_links":{"self":[{"href":"https:\/\/ciudadyregion.com.co\/index.php\/wp-json\/wp\/v2\/posts\/15932"}],"collection":[{"href":"https:\/\/ciudadyregion.com.co\/index.php\/wp-json\/wp\/v2\/posts"}],"about":[{"href":"https:\/\/ciudadyregion.com.co\/index.php\/wp-json\/wp\/v2\/types\/post"}],"author":[{"embeddable":true,"href":"https:\/\/ciudadyregion.com.co\/index.php\/wp-json\/wp\/v2\/users\/2"}],"replies":[{"embeddable":true,"href":"https:\/\/ciudadyregion.com.co\/index.php\/wp-json\/wp\/v2\/comments?post=15932"}],"version-history":[{"count":1,"href":"https:\/\/ciudadyregion.com.co\/index.php\/wp-json\/wp\/v2\/posts\/15932\/revisions"}],"predecessor-version":[{"id":15934,"href":"https:\/\/ciudadyregion.com.co\/index.php\/wp-json\/wp\/v2\/posts\/15932\/revisions\/15934"}],"wp:featuredmedia":[{"embeddable":true,"href":"https:\/\/ciudadyregion.com.co\/index.php\/wp-json\/wp\/v2\/media\/15933"}],"wp:attachment":[{"href":"https:\/\/ciudadyregion.com.co\/index.php\/wp-json\/wp\/v2\/media?parent=15932"}],"wp:term":[{"taxonomy":"category","embeddable":true,"href":"https:\/\/ciudadyregion.com.co\/index.php\/wp-json\/wp\/v2\/categories?post=15932"},{"taxonomy":"post_tag","embeddable":true,"href":"https:\/\/ciudadyregion.com.co\/index.php\/wp-json\/wp\/v2\/tags?post=15932"}],"curies":[{"name":"wp","href":"https:\/\/api.w.org\/{rel}","templated":true}]}}